{"id":96171,"date":"2017-06-08T13:39:28","date_gmt":"2017-06-08T11:39:28","guid":{"rendered":"http:\/\/batijournal.com\/?p=96171"},"modified":"2019-07-15T11:27:18","modified_gmt":"2019-07-15T09:27:18","slug":"refuges-parc-national-de-vanoise-peau-neuve","status":"publish","type":"post","link":"https:\/\/batijournal.com\/index.php\/refuges-parc-national-de-vanoise-peau-neuve\/96171\/","title":{"rendered":"Les refuges du Parc national de la Vanoise font peau neuve"},"content":{"rendered":"<p>En 2017, le Parc national de la Vanoise a d\u00e9cid\u00e9 de mener une campagne ambitieuse de travaux de r\u00e9novation de ses refuges. L\u2019enveloppe ext\u00e9rieure et les toitures en tavaillons des refuges du Fond des Fours, du Col du Palet et de la Valette seront restaur\u00e9es. Les menuiseries des refuges du Fonds des Fours et de Plan du Lac vont \u00eatre remplac\u00e9es par des huisseries performantes en m\u00e9l\u00e8ze. A plus long terme, le Parc entame l\u2019\u00e9tude pour la reprise compl\u00e8te de l\u2019enveloppe et des espaces int\u00e9rieurs du refuge de Prariond. Les phases \u00e9tudes et travaux devraient s\u2019\u00e9taler sur les 3 ans \u00e0 venir. Cette restructuration-extension raisonn\u00e9e permettra d\u2019am\u00e9liorer tr\u00e8s significativement les performances \u00e9nerg\u00e9tiques du b\u00e2timent et de ses \u00e9quipements pour satisfaire l\u2019ensemble de ses utilisateurs.<\/p>\n","protected":false},"excerpt":{"rendered":"<p>En 2017, le Parc national de la Vanoise a d\u00e9cid\u00e9 de mener une campagne ambitieuse de travaux de r\u00e9novation de ses refuges. L\u2019enveloppe ext\u00e9rieure et les toitures en tavaillons des refuges du Fond des Fours, du Col du Palet et de la Valette seront restaur\u00e9es. Les menuiseries des refuges du Fonds des Fours et de [&hellip;]<\/p>\n","protected":false},"author":17,"featured_media":96172,"comment_status":"closed","ping_status":"closed","sticky":false,"template":"","format":"standard","meta":{"_et_pb_use_builder":"","_et_pb_old_content":"","_et_gb_content_width":"","footnotes":""},"categories":[10530,6340],"tags":[2377,89],"class_list":["post-96171","post","type-post","status-publish","format-standard","has-post-thumbnail","hentry","category-actualites","category-architecture-conception","tag-refuge","tag-rehabilitation"],"yoast_head":"<!-- This site is optimized with the Yoast SEO plugin v27.4 - https:\/\/yoast.com\/product\/yoast-seo-wordpress\/ -->\n<title>Les refuges du Parc national de la Vanoise font peau neuve<\/title>\n<meta name=\"robots\" content=\"index, follow, max-snippet:-1, max-image-preview:large, max-video-preview:-1\" \/>\n<link rel=\"canonical\" href=\"https:\/\/batijournal.com\/index.php\/refuges-parc-national-de-vanoise-peau-neuve\/96171\/\" \/>\n<meta property=\"og:locale\" content=\"fr_FR\" \/>\n<meta property=\"og:type\" content=\"article\" \/>\n<meta property=\"og:title\" content=\"Les refuges du Parc national de la Vanoise font peau neuve\" \/>\n<meta property=\"og:description\" content=\"En 2017, le Parc national de la Vanoise a d\u00e9cid\u00e9 de mener une campagne ambitieuse de travaux de r\u00e9novation de ses refuges. L\u2019enveloppe ext\u00e9rieure et les toitures en tavaillons des refuges du Fond des Fours, du Col du Palet et de la Valette seront restaur\u00e9es. Les menuiseries des refuges du Fonds des Fours et de [&hellip;]\" \/>\n<meta property=\"og:url\" content=\"https:\/\/batijournal.com\/index.php\/refuges-parc-national-de-vanoise-peau-neuve\/96171\/\" \/>\n<meta property=\"og:site_name\" content=\"Batijournal\" \/>\n<meta property=\"article:published_time\" content=\"2017-06-08T11:39:28+00:00\" \/>\n<meta property=\"article:modified_time\" content=\"2019-07-15T09:27:18+00:00\" \/>\n<meta property=\"og:image\" content=\"https:\/\/batijournal.com\/wp-content\/uploads\/2017\/06\/Refection-de-la-toiture-du-refuge-de-la-Leisse-Vanoise.png\" \/>\n\t<meta property=\"og:image:width\" content=\"886\" \/>\n\t<meta property=\"og:image:height\" content=\"590\" \/>\n\t<meta property=\"og:image:type\" content=\"image\/png\" \/>\n<meta name=\"author\" content=\"St\u00e9phane Miget\" \/>\n<meta name=\"twitter:card\" content=\"summary_large_image\" \/>\n<meta name=\"twitter:creator\" content=\"@bati_journal\" \/>\n<meta name=\"twitter:site\" content=\"@bati_journal\" \/>\n<meta name=\"twitter:label1\" content=\"\u00c9crit par\" \/>\n\t<meta name=\"twitter:data1\" content=\"St\u00e9phane Miget\" \/>\n\t<meta name=\"twitter:label2\" content=\"Dur\u00e9e de lecture estim\u00e9e\" \/>\n\t<meta name=\"twitter:data2\" content=\"1 minute\" \/>\n<script type=\"application\/ld+json\" class=\"yoast-schema-graph\">{\"@context\":\"https:\\\/\\\/schema.org\",\"@graph\":[{\"@type\":\"Article\",\"@id\":\"https:\\\/\\\/batijournal.com\\\/index.php\\\/refuges-parc-national-de-vanoise-peau-neuve\\\/96171\\\/#article\",\"isPartOf\":{\"@id\":\"https:\\\/\\\/batijournal.com\\\/index.php\\\/refuges-parc-national-de-vanoise-peau-neuve\\\/96171\\\/\"},\"author\":{\"name\":\"St\u00e9phane Miget\",\"@id\":\"https:\\\/\\\/batijournal.com\\\/#\\\/schema\\\/person\\\/1dc96ec6957aa1ccb25ebe78bb19f100\"},\"headline\":\"Les refuges du Parc national de la Vanoise font peau neuve\",\"datePublished\":\"2017-06-08T11:39:28+00:00\",\"dateModified\":\"2019-07-15T09:27:18+00:00\",\"mainEntityOfPage\":{\"@id\":\"https:\\\/\\\/batijournal.com\\\/index.php\\\/refuges-parc-national-de-vanoise-peau-neuve\\\/96171\\\/\"},\"wordCount\":152,\"image\":{\"@id\":\"https:\\\/\\\/batijournal.com\\\/index.php\\\/refuges-parc-national-de-vanoise-peau-neuve\\\/96171\\\/#primaryimage\"},\"thumbnailUrl\":\"https:\\\/\\\/batijournal.com\\\/wp-content\\\/uploads\\\/2017\\\/06\\\/Refection-de-la-toiture-du-refuge-de-la-Leisse-Vanoise.png\",\"keywords\":[\"refuge\",\"r\u00e9habilitation\"],\"articleSection\":[\"Actualit\u00e9s\",\"Architecture &amp; Conception\"],\"inLanguage\":\"fr-FR\"},{\"@type\":\"WebPage\",\"@id\":\"https:\\\/\\\/batijournal.com\\\/index.php\\\/refuges-parc-national-de-vanoise-peau-neuve\\\/96171\\\/\",\"url\":\"https:\\\/\\\/batijournal.com\\\/index.php\\\/refuges-parc-national-de-vanoise-peau-neuve\\\/96171\\\/\",\"name\":\"Les refuges du Parc national de la Vanoise font peau neuve\",\"isPartOf\":{\"@id\":\"https:\\\/\\\/batijournal.com\\\/#website\"},\"primaryImageOfPage\":{\"@id\":\"https:\\\/\\\/batijournal.com\\\/index.php\\\/refuges-parc-national-de-vanoise-peau-neuve\\\/96171\\\/#primaryimage\"},\"image\":{\"@id\":\"https:\\\/\\\/batijournal.com\\\/index.php\\\/refuges-parc-national-de-vanoise-peau-neuve\\\/96171\\\/#primaryimage\"},\"thumbnailUrl\":\"https:\\\/\\\/batijournal.com\\\/wp-content\\\/uploads\\\/2017\\\/06\\\/Refection-de-la-toiture-du-refuge-de-la-Leisse-Vanoise.png\",\"datePublished\":\"2017-06-08T11:39:28+00:00\",\"dateModified\":\"2019-07-15T09:27:18+00:00\",\"author\":{\"@id\":\"https:\\\/\\\/batijournal.com\\\/#\\\/schema\\\/person\\\/1dc96ec6957aa1ccb25ebe78bb19f100\"},\"breadcrumb\":{\"@id\":\"https:\\\/\\\/batijournal.com\\\/index.php\\\/refuges-parc-national-de-vanoise-peau-neuve\\\/96171\\\/#breadcrumb\"},\"inLanguage\":\"fr-FR\",\"potentialAction\":[{\"@type\":\"ReadAction\",\"target\":[\"https:\\\/\\\/batijournal.com\\\/index.php\\\/refuges-parc-national-de-vanoise-peau-neuve\\\/96171\\\/\"]}]},{\"@type\":\"ImageObject\",\"inLanguage\":\"fr-FR\",\"@id\":\"https:\\\/\\\/batijournal.com\\\/index.php\\\/refuges-parc-national-de-vanoise-peau-neuve\\\/96171\\\/#primaryimage\",\"url\":\"https:\\\/\\\/batijournal.com\\\/wp-content\\\/uploads\\\/2017\\\/06\\\/Refection-de-la-toiture-du-refuge-de-la-Leisse-Vanoise.png\",\"contentUrl\":\"https:\\\/\\\/batijournal.com\\\/wp-content\\\/uploads\\\/2017\\\/06\\\/Refection-de-la-toiture-du-refuge-de-la-Leisse-Vanoise.png\",\"width\":886,\"height\":590},{\"@type\":\"BreadcrumbList\",\"@id\":\"https:\\\/\\\/batijournal.com\\\/index.php\\\/refuges-parc-national-de-vanoise-peau-neuve\\\/96171\\\/#breadcrumb\",\"itemListElement\":[{\"@type\":\"ListItem\",\"position\":1,\"name\":\"Accueil\",\"item\":\"https:\\\/\\\/batijournal.com\\\/\"},{\"@type\":\"ListItem\",\"position\":2,\"name\":\"Actualit\u00e9s\",\"item\":\"https:\\\/\\\/batijournal.com\\\/index.php\\\/category\\\/actualites\\\/\"},{\"@type\":\"ListItem\",\"position\":3,\"name\":\"Les refuges du Parc national de la Vanoise font peau neuve\"}]},{\"@type\":\"WebSite\",\"@id\":\"https:\\\/\\\/batijournal.com\\\/#website\",\"url\":\"https:\\\/\\\/batijournal.com\\\/\",\"name\":\"Batijournal\",\"description\":\"L&#039;actualit\u00e9 du b\u00e2timent\",\"potentialAction\":[{\"@type\":\"SearchAction\",\"target\":{\"@type\":\"EntryPoint\",\"urlTemplate\":\"https:\\\/\\\/batijournal.com\\\/?s={search_term_string}\"},\"query-input\":{\"@type\":\"PropertyValueSpecification\",\"valueRequired\":true,\"valueName\":\"search_term_string\"}}],\"inLanguage\":\"fr-FR\"},{\"@type\":\"Person\",\"@id\":\"https:\\\/\\\/batijournal.com\\\/#\\\/schema\\\/person\\\/1dc96ec6957aa1ccb25ebe78bb19f100\",\"name\":\"St\u00e9phane Miget\",\"image\":{\"@type\":\"ImageObject\",\"inLanguage\":\"fr-FR\",\"@id\":\"https:\\\/\\\/secure.gravatar.com\\\/avatar\\\/89915563d925342126b8ef0281b93d9d7fc337043e8df017f780908eb9644451?s=96&d=mm&r=g\",\"url\":\"https:\\\/\\\/secure.gravatar.com\\\/avatar\\\/89915563d925342126b8ef0281b93d9d7fc337043e8df017f780908eb9644451?s=96&d=mm&r=g\",\"contentUrl\":\"https:\\\/\\\/secure.gravatar.com\\\/avatar\\\/89915563d925342126b8ef0281b93d9d7fc337043e8df017f780908eb9644451?s=96&d=mm&r=g\",\"caption\":\"St\u00e9phane Miget\"},\"url\":\"https:\\\/\\\/batijournal.com\\\/index.php\\\/author\\\/stephane\\\/\"}]}<\/script>\n<!-- \/ Yoast SEO plugin. -->","yoast_head_json":{"title":"Les refuges du Parc national de la Vanoise font peau neuve","robots":{"index":"index","follow":"follow","max-snippet":"max-snippet:-1","max-image-preview":"max-image-preview:large","max-video-preview":"max-video-preview:-1"},"canonical":"https:\/\/batijournal.com\/index.php\/refuges-parc-national-de-vanoise-peau-neuve\/96171\/","og_locale":"fr_FR","og_type":"article","og_title":"Les refuges du Parc national de la Vanoise font peau neuve","og_description":"En 2017, le Parc national de la Vanoise a d\u00e9cid\u00e9 de mener une campagne ambitieuse de travaux de r\u00e9novation de ses refuges. L\u2019enveloppe ext\u00e9rieure et les toitures en tavaillons des refuges du Fond des Fours, du Col du Palet et de la Valette seront restaur\u00e9es. Les menuiseries des refuges du Fonds des Fours et de [&hellip;]","og_url":"https:\/\/batijournal.com\/index.php\/refuges-parc-national-de-vanoise-peau-neuve\/96171\/","og_site_name":"Batijournal","article_published_time":"2017-06-08T11:39:28+00:00","article_modified_time":"2019-07-15T09:27:18+00:00","og_image":[{"width":886,"height":590,"url":"https:\/\/batijournal.com\/wp-content\/uploads\/2017\/06\/Refection-de-la-toiture-du-refuge-de-la-Leisse-Vanoise.png","type":"image\/png"}],"author":"St\u00e9phane Miget","twitter_card":"summary_large_image","twitter_creator":"@bati_journal","twitter_site":"@bati_journal","twitter_misc":{"\u00c9crit par":"St\u00e9phane Miget","Dur\u00e9e de lecture estim\u00e9e":"1 minute"},"schema":{"@context":"https:\/\/schema.org","@graph":[{"@type":"Article","@id":"https:\/\/batijournal.com\/index.php\/refuges-parc-national-de-vanoise-peau-neuve\/96171\/#article","isPartOf":{"@id":"https:\/\/batijournal.com\/index.php\/refuges-parc-national-de-vanoise-peau-neuve\/96171\/"},"author":{"name":"St\u00e9phane Miget","@id":"https:\/\/batijournal.com\/#\/schema\/person\/1dc96ec6957aa1ccb25ebe78bb19f100"},"headline":"Les refuges du Parc national de la Vanoise font peau neuve","datePublished":"2017-06-08T11:39:28+00:00","dateModified":"2019-07-15T09:27:18+00:00","mainEntityOfPage":{"@id":"https:\/\/batijournal.com\/index.php\/refuges-parc-national-de-vanoise-peau-neuve\/96171\/"},"wordCount":152,"image":{"@id":"https:\/\/batijournal.com\/index.php\/refuges-parc-national-de-vanoise-peau-neuve\/96171\/#primaryimage"},"thumbnailUrl":"https:\/\/batijournal.com\/wp-content\/uploads\/2017\/06\/Refection-de-la-toiture-du-refuge-de-la-Leisse-Vanoise.png","keywords":["refuge","r\u00e9habilitation"],"articleSection":["Actualit\u00e9s","Architecture &amp; Conception"],"inLanguage":"fr-FR"},{"@type":"WebPage","@id":"https:\/\/batijournal.com\/index.php\/refuges-parc-national-de-vanoise-peau-neuve\/96171\/","url":"https:\/\/batijournal.com\/index.php\/refuges-parc-national-de-vanoise-peau-neuve\/96171\/","name":"Les refuges du Parc national de la Vanoise font peau neuve","isPartOf":{"@id":"https:\/\/batijournal.com\/#website"},"primaryImageOfPage":{"@id":"https:\/\/batijournal.com\/index.php\/refuges-parc-national-de-vanoise-peau-neuve\/96171\/#primaryimage"},"image":{"@id":"https:\/\/batijournal.com\/index.php\/refuges-parc-national-de-vanoise-peau-neuve\/96171\/#primaryimage"},"thumbnailUrl":"https:\/\/batijournal.com\/wp-content\/uploads\/2017\/06\/Refection-de-la-toiture-du-refuge-de-la-Leisse-Vanoise.png","datePublished":"2017-06-08T11:39:28+00:00","dateModified":"2019-07-15T09:27:18+00:00","author":{"@id":"https:\/\/batijournal.com\/#\/schema\/person\/1dc96ec6957aa1ccb25ebe78bb19f100"},"breadcrumb":{"@id":"https:\/\/batijournal.com\/index.php\/refuges-parc-national-de-vanoise-peau-neuve\/96171\/#breadcrumb"},"inLanguage":"fr-FR","potentialAction":[{"@type":"ReadAction","target":["https:\/\/batijournal.com\/index.php\/refuges-parc-national-de-vanoise-peau-neuve\/96171\/"]}]},{"@type":"ImageObject","inLanguage":"fr-FR","@id":"https:\/\/batijournal.com\/index.php\/refuges-parc-national-de-vanoise-peau-neuve\/96171\/#primaryimage","url":"https:\/\/batijournal.com\/wp-content\/uploads\/2017\/06\/Refection-de-la-toiture-du-refuge-de-la-Leisse-Vanoise.png","contentUrl":"https:\/\/batijournal.com\/wp-content\/uploads\/2017\/06\/Refection-de-la-toiture-du-refuge-de-la-Leisse-Vanoise.png","width":886,"height":590},{"@type":"BreadcrumbList","@id":"https:\/\/batijournal.com\/index.php\/refuges-parc-national-de-vanoise-peau-neuve\/96171\/#breadcrumb","itemListElement":[{"@type":"ListItem","position":1,"name":"Accueil","item":"https:\/\/batijournal.com\/"},{"@type":"ListItem","position":2,"name":"Actualit\u00e9s","item":"https:\/\/batijournal.com\/index.php\/category\/actualites\/"},{"@type":"ListItem","position":3,"name":"Les refuges du Parc national de la Vanoise font peau neuve"}]},{"@type":"WebSite","@id":"https:\/\/batijournal.com\/#website","url":"https:\/\/batijournal.com\/","name":"Batijournal","description":"L&#039;actualit\u00e9 du b\u00e2timent","potentialAction":[{"@type":"SearchAction","target":{"@type":"EntryPoint","urlTemplate":"https:\/\/batijournal.com\/?s={search_term_string}"},"query-input":{"@type":"PropertyValueSpecification","valueRequired":true,"valueName":"search_term_string"}}],"inLanguage":"fr-FR"},{"@type":"Person","@id":"https:\/\/batijournal.com\/#\/schema\/person\/1dc96ec6957aa1ccb25ebe78bb19f100","name":"St\u00e9phane Miget","image":{"@type":"ImageObject","inLanguage":"fr-FR","@id":"https:\/\/secure.gravatar.com\/avatar\/89915563d925342126b8ef0281b93d9d7fc337043e8df017f780908eb9644451?s=96&d=mm&r=g","url":"https:\/\/secure.gravatar.com\/avatar\/89915563d925342126b8ef0281b93d9d7fc337043e8df017f780908eb9644451?s=96&d=mm&r=g","contentUrl":"https:\/\/secure.gravatar.com\/avatar\/89915563d925342126b8ef0281b93d9d7fc337043e8df017f780908eb9644451?s=96&d=mm&r=g","caption":"St\u00e9phane Miget"},"url":"https:\/\/batijournal.com\/index.php\/author\/stephane\/"}]}},"_links":{"self":[{"href":"https:\/\/batijournal.com\/index.php\/wp-json\/wp\/v2\/posts\/96171","targetHints":{"allow":["GET"]}}],"collection":[{"href":"https:\/\/batijournal.com\/index.php\/wp-json\/wp\/v2\/posts"}],"about":[{"href":"https:\/\/batijournal.com\/index.php\/wp-json\/wp\/v2\/types\/post"}],"author":[{"embeddable":true,"href":"https:\/\/batijournal.com\/index.php\/wp-json\/wp\/v2\/users\/17"}],"replies":[{"embeddable":true,"href":"https:\/\/batijournal.com\/index.php\/wp-json\/wp\/v2\/comments?post=96171"}],"version-history":[{"count":0,"href":"https:\/\/batijournal.com\/index.php\/wp-json\/wp\/v2\/posts\/96171\/revisions"}],"wp:featuredmedia":[{"embeddable":true,"href":"https:\/\/batijournal.com\/index.php\/wp-json\/wp\/v2\/media\/96172"}],"wp:attachment":[{"href":"https:\/\/batijournal.com\/index.php\/wp-json\/wp\/v2\/media?parent=96171"}],"wp:term":[{"taxonomy":"category","embeddable":true,"href":"https:\/\/batijournal.com\/index.php\/wp-json\/wp\/v2\/categories?post=96171"},{"taxonomy":"post_tag","embeddable":true,"href":"https:\/\/batijournal.com\/index.php\/wp-json\/wp\/v2\/tags?post=96171"}],"curies":[{"name":"wp","href":"https:\/\/api.w.org\/{rel}","templated":true}]}}