{"id":96176,"date":"2017-06-09T09:57:44","date_gmt":"2017-06-09T07:57:44","guid":{"rendered":"http:\/\/batijournal.com\/?p=96176"},"modified":"2019-07-15T12:03:52","modified_gmt":"2019-07-15T10:03:52","slug":"fortes-variations-marche-de-maison-bois-selon-regions","status":"publish","type":"post","link":"https:\/\/batijournal.com\/index.php\/fortes-variations-marche-de-maison-bois-selon-regions\/96176\/","title":{"rendered":"Fortes variations du march\u00e9 de la maison bois selon les r\u00e9gions"},"content":{"rendered":"<p><strong>La 4\u00e8me Enqu\u00eate nationale Construction Bois men\u00e9e par le CODIFAB et France Bois For\u00eat vient d&rsquo;\u00eatre publi\u00e9e. Elle r\u00e9v\u00e8le les tendances positives du d\u00e9veloppement du march\u00e9 dans le secteur des logements collectifs et des extensions-sur\u00e9l\u00e9vations mais aussi des difficult\u00e9s dans le secteur de la maison individuelle, apr\u00e8s six ann\u00e9es de croissance. Un secteur qui repr\u00e9sente 9,1% de parts de march\u00e9 des maisons individuelles (secteur diffus) construites en bois en France mais qui \u00e9volue diff\u00e9remment selon les r\u00e9gions.<\/strong><\/p>\n<p>Depuis 2014, pr\u00e8s d\u2019un quart des maisons bois construites en France (2 280) sont en r\u00e9gion Auvergne-Rh\u00f4ne Alpes, la Nouvelle Aquitaine est dot\u00e9e de 1 310 r\u00e9alisations, l\u2019Occitanie de 995. Les r\u00e9gions du Nord et de l\u2019Est enregistrent des baisses importantes des r\u00e9alisation de maisons bois avec respectivement &#8211; 43 % et &#8211; 31 %, comme la Normandie avec &#8211; 30 % et l\u2019Occitanie avec &#8211; 10 %. Les 6 autres r\u00e9gions sont en hausse, avec de bonnes dynamiques en r\u00e9gion Centre-Val-de-Loire, PACA et \u00cele-de-France.<\/p>\n<p>En ce qui concerne les maisons bois individuelles en secteur group\u00e9 : 2 755 ont \u00e9t\u00e9 construites en 2016 contre 4 150 en 2014, soit une baisse de 34 %, dans un contexte national de stabilisation du nombre total de mises en chantier de maisons individuelles en secteur group\u00e9. La part de march\u00e9 des maisons individuelles en secteur group\u00e9 construites en bois s\u2019inscrit donc en baisse, \u00e0 7,6 % en 2016 contre 11,2 % en 2014.<\/p>\n","protected":false},"excerpt":{"rendered":"<p>La 4\u00e8me Enqu\u00eate nationale Construction Bois men\u00e9e par le CODIFAB et France Bois For\u00eat vient d&rsquo;\u00eatre publi\u00e9e. Elle r\u00e9v\u00e8le les tendances positives du d\u00e9veloppement du march\u00e9 dans le secteur des logements collectifs et des extensions-sur\u00e9l\u00e9vations mais aussi des difficult\u00e9s dans le secteur de la maison individuelle, apr\u00e8s six ann\u00e9es de croissance. Un secteur qui repr\u00e9sente [&hellip;]<\/p>\n","protected":false},"author":17,"featured_media":96177,"comment_status":"closed","ping_status":"closed","sticky":false,"template":"","format":"standard","meta":{"_et_pb_use_builder":"","_et_pb_old_content":"","_et_gb_content_width":"","footnotes":""},"categories":[10530,6345],"tags":[374],"class_list":["post-96176","post","type-post","status-publish","format-standard","has-post-thumbnail","hentry","category-actualites","category-economie-marches","tag-construction-bois-2"],"yoast_head":"<!-- This site is optimized with the Yoast SEO plugin v27.4 - https:\/\/yoast.com\/product\/yoast-seo-wordpress\/ -->\n<title>Fortes variations du march\u00e9 de la maison bois selon les r\u00e9gions<\/title>\n<meta name=\"robots\" content=\"index, follow, max-snippet:-1, max-image-preview:large, max-video-preview:-1\" \/>\n<link rel=\"canonical\" href=\"https:\/\/batijournal.com\/index.php\/fortes-variations-marche-de-maison-bois-selon-regions\/96176\/\" \/>\n<meta property=\"og:locale\" content=\"fr_FR\" \/>\n<meta property=\"og:type\" content=\"article\" \/>\n<meta property=\"og:title\" content=\"Fortes variations du march\u00e9 de la maison bois selon les r\u00e9gions\" \/>\n<meta property=\"og:description\" content=\"La 4\u00e8me Enqu\u00eate nationale Construction Bois men\u00e9e par le CODIFAB et France Bois For\u00eat vient d&rsquo;\u00eatre publi\u00e9e. Elle r\u00e9v\u00e8le les tendances positives du d\u00e9veloppement du march\u00e9 dans le secteur des logements collectifs et des extensions-sur\u00e9l\u00e9vations mais aussi des difficult\u00e9s dans le secteur de la maison individuelle, apr\u00e8s six ann\u00e9es de croissance. Un secteur qui repr\u00e9sente [&hellip;]\" \/>\n<meta property=\"og:url\" content=\"https:\/\/batijournal.com\/index.php\/fortes-variations-marche-de-maison-bois-selon-regions\/96176\/\" \/>\n<meta property=\"og:site_name\" content=\"Batijournal\" \/>\n<meta property=\"article:published_time\" content=\"2017-06-09T07:57:44+00:00\" \/>\n<meta property=\"article:modified_time\" content=\"2019-07-15T10:03:52+00:00\" \/>\n<meta property=\"og:image\" content=\"https:\/\/batijournal.com\/wp-content\/uploads\/2017\/06\/marche-maison-bois-individuelle.png\" \/>\n\t<meta property=\"og:image:width\" content=\"848\" \/>\n\t<meta property=\"og:image:height\" content=\"667\" \/>\n\t<meta property=\"og:image:type\" content=\"image\/png\" \/>\n<meta name=\"author\" content=\"St\u00e9phane Miget\" \/>\n<meta name=\"twitter:card\" content=\"summary_large_image\" \/>\n<meta name=\"twitter:creator\" content=\"@bati_journal\" \/>\n<meta name=\"twitter:site\" content=\"@bati_journal\" \/>\n<meta name=\"twitter:label1\" content=\"\u00c9crit par\" \/>\n\t<meta name=\"twitter:data1\" content=\"St\u00e9phane Miget\" \/>\n\t<meta name=\"twitter:label2\" content=\"Dur\u00e9e de lecture estim\u00e9e\" \/>\n\t<meta name=\"twitter:data2\" content=\"1 minute\" \/>\n<script type=\"application\/ld+json\" class=\"yoast-schema-graph\">{\"@context\":\"https:\\\/\\\/schema.org\",\"@graph\":[{\"@type\":\"Article\",\"@id\":\"https:\\\/\\\/batijournal.com\\\/index.php\\\/fortes-variations-marche-de-maison-bois-selon-regions\\\/96176\\\/#article\",\"isPartOf\":{\"@id\":\"https:\\\/\\\/batijournal.com\\\/index.php\\\/fortes-variations-marche-de-maison-bois-selon-regions\\\/96176\\\/\"},\"author\":{\"name\":\"St\u00e9phane Miget\",\"@id\":\"https:\\\/\\\/batijournal.com\\\/#\\\/schema\\\/person\\\/1dc96ec6957aa1ccb25ebe78bb19f100\"},\"headline\":\"Fortes variations du march\u00e9 de la maison bois selon les r\u00e9gions\",\"datePublished\":\"2017-06-09T07:57:44+00:00\",\"dateModified\":\"2019-07-15T10:03:52+00:00\",\"mainEntityOfPage\":{\"@id\":\"https:\\\/\\\/batijournal.com\\\/index.php\\\/fortes-variations-marche-de-maison-bois-selon-regions\\\/96176\\\/\"},\"wordCount\":248,\"image\":{\"@id\":\"https:\\\/\\\/batijournal.com\\\/index.php\\\/fortes-variations-marche-de-maison-bois-selon-regions\\\/96176\\\/#primaryimage\"},\"thumbnailUrl\":\"https:\\\/\\\/batijournal.com\\\/wp-content\\\/uploads\\\/2017\\\/06\\\/marche-maison-bois-individuelle.png\",\"keywords\":[\"construction bois\"],\"articleSection\":[\"Actualit\u00e9s\",\"\u00c9conomie &amp; March\u00e9s\"],\"inLanguage\":\"fr-FR\"},{\"@type\":\"WebPage\",\"@id\":\"https:\\\/\\\/batijournal.com\\\/index.php\\\/fortes-variations-marche-de-maison-bois-selon-regions\\\/96176\\\/\",\"url\":\"https:\\\/\\\/batijournal.com\\\/index.php\\\/fortes-variations-marche-de-maison-bois-selon-regions\\\/96176\\\/\",\"name\":\"Fortes variations du march\u00e9 de la maison bois selon les r\u00e9gions\",\"isPartOf\":{\"@id\":\"https:\\\/\\\/batijournal.com\\\/#website\"},\"primaryImageOfPage\":{\"@id\":\"https:\\\/\\\/batijournal.com\\\/index.php\\\/fortes-variations-marche-de-maison-bois-selon-regions\\\/96176\\\/#primaryimage\"},\"image\":{\"@id\":\"https:\\\/\\\/batijournal.com\\\/index.php\\\/fortes-variations-marche-de-maison-bois-selon-regions\\\/96176\\\/#primaryimage\"},\"thumbnailUrl\":\"https:\\\/\\\/batijournal.com\\\/wp-content\\\/uploads\\\/2017\\\/06\\\/marche-maison-bois-individuelle.png\",\"datePublished\":\"2017-06-09T07:57:44+00:00\",\"dateModified\":\"2019-07-15T10:03:52+00:00\",\"author\":{\"@id\":\"https:\\\/\\\/batijournal.com\\\/#\\\/schema\\\/person\\\/1dc96ec6957aa1ccb25ebe78bb19f100\"},\"breadcrumb\":{\"@id\":\"https:\\\/\\\/batijournal.com\\\/index.php\\\/fortes-variations-marche-de-maison-bois-selon-regions\\\/96176\\\/#breadcrumb\"},\"inLanguage\":\"fr-FR\",\"potentialAction\":[{\"@type\":\"ReadAction\",\"target\":[\"https:\\\/\\\/batijournal.com\\\/index.php\\\/fortes-variations-marche-de-maison-bois-selon-regions\\\/96176\\\/\"]}]},{\"@type\":\"ImageObject\",\"inLanguage\":\"fr-FR\",\"@id\":\"https:\\\/\\\/batijournal.com\\\/index.php\\\/fortes-variations-marche-de-maison-bois-selon-regions\\\/96176\\\/#primaryimage\",\"url\":\"https:\\\/\\\/batijournal.com\\\/wp-content\\\/uploads\\\/2017\\\/06\\\/marche-maison-bois-individuelle.png\",\"contentUrl\":\"https:\\\/\\\/batijournal.com\\\/wp-content\\\/uploads\\\/2017\\\/06\\\/marche-maison-bois-individuelle.png\",\"width\":848,\"height\":667},{\"@type\":\"BreadcrumbList\",\"@id\":\"https:\\\/\\\/batijournal.com\\\/index.php\\\/fortes-variations-marche-de-maison-bois-selon-regions\\\/96176\\\/#breadcrumb\",\"itemListElement\":[{\"@type\":\"ListItem\",\"position\":1,\"name\":\"Accueil\",\"item\":\"https:\\\/\\\/batijournal.com\\\/\"},{\"@type\":\"ListItem\",\"position\":2,\"name\":\"Actualit\u00e9s\",\"item\":\"https:\\\/\\\/batijournal.com\\\/index.php\\\/category\\\/actualites\\\/\"},{\"@type\":\"ListItem\",\"position\":3,\"name\":\"Fortes variations du march\u00e9 de la maison bois selon les r\u00e9gions\"}]},{\"@type\":\"WebSite\",\"@id\":\"https:\\\/\\\/batijournal.com\\\/#website\",\"url\":\"https:\\\/\\\/batijournal.com\\\/\",\"name\":\"Batijournal\",\"description\":\"L&#039;actualit\u00e9 du b\u00e2timent\",\"potentialAction\":[{\"@type\":\"SearchAction\",\"target\":{\"@type\":\"EntryPoint\",\"urlTemplate\":\"https:\\\/\\\/batijournal.com\\\/?s={search_term_string}\"},\"query-input\":{\"@type\":\"PropertyValueSpecification\",\"valueRequired\":true,\"valueName\":\"search_term_string\"}}],\"inLanguage\":\"fr-FR\"},{\"@type\":\"Person\",\"@id\":\"https:\\\/\\\/batijournal.com\\\/#\\\/schema\\\/person\\\/1dc96ec6957aa1ccb25ebe78bb19f100\",\"name\":\"St\u00e9phane Miget\",\"image\":{\"@type\":\"ImageObject\",\"inLanguage\":\"fr-FR\",\"@id\":\"https:\\\/\\\/secure.gravatar.com\\\/avatar\\\/89915563d925342126b8ef0281b93d9d7fc337043e8df017f780908eb9644451?s=96&d=mm&r=g\",\"url\":\"https:\\\/\\\/secure.gravatar.com\\\/avatar\\\/89915563d925342126b8ef0281b93d9d7fc337043e8df017f780908eb9644451?s=96&d=mm&r=g\",\"contentUrl\":\"https:\\\/\\\/secure.gravatar.com\\\/avatar\\\/89915563d925342126b8ef0281b93d9d7fc337043e8df017f780908eb9644451?s=96&d=mm&r=g\",\"caption\":\"St\u00e9phane Miget\"},\"url\":\"https:\\\/\\\/batijournal.com\\\/index.php\\\/author\\\/stephane\\\/\"}]}<\/script>\n<!-- \/ Yoast SEO plugin. -->","yoast_head_json":{"title":"Fortes variations du march\u00e9 de la maison bois selon les r\u00e9gions","robots":{"index":"index","follow":"follow","max-snippet":"max-snippet:-1","max-image-preview":"max-image-preview:large","max-video-preview":"max-video-preview:-1"},"canonical":"https:\/\/batijournal.com\/index.php\/fortes-variations-marche-de-maison-bois-selon-regions\/96176\/","og_locale":"fr_FR","og_type":"article","og_title":"Fortes variations du march\u00e9 de la maison bois selon les r\u00e9gions","og_description":"La 4\u00e8me Enqu\u00eate nationale Construction Bois men\u00e9e par le CODIFAB et France Bois For\u00eat vient d&rsquo;\u00eatre publi\u00e9e. Elle r\u00e9v\u00e8le les tendances positives du d\u00e9veloppement du march\u00e9 dans le secteur des logements collectifs et des extensions-sur\u00e9l\u00e9vations mais aussi des difficult\u00e9s dans le secteur de la maison individuelle, apr\u00e8s six ann\u00e9es de croissance. Un secteur qui repr\u00e9sente [&hellip;]","og_url":"https:\/\/batijournal.com\/index.php\/fortes-variations-marche-de-maison-bois-selon-regions\/96176\/","og_site_name":"Batijournal","article_published_time":"2017-06-09T07:57:44+00:00","article_modified_time":"2019-07-15T10:03:52+00:00","og_image":[{"width":848,"height":667,"url":"https:\/\/batijournal.com\/wp-content\/uploads\/2017\/06\/marche-maison-bois-individuelle.png","type":"image\/png"}],"author":"St\u00e9phane Miget","twitter_card":"summary_large_image","twitter_creator":"@bati_journal","twitter_site":"@bati_journal","twitter_misc":{"\u00c9crit par":"St\u00e9phane Miget","Dur\u00e9e de lecture estim\u00e9e":"1 minute"},"schema":{"@context":"https:\/\/schema.org","@graph":[{"@type":"Article","@id":"https:\/\/batijournal.com\/index.php\/fortes-variations-marche-de-maison-bois-selon-regions\/96176\/#article","isPartOf":{"@id":"https:\/\/batijournal.com\/index.php\/fortes-variations-marche-de-maison-bois-selon-regions\/96176\/"},"author":{"name":"St\u00e9phane Miget","@id":"https:\/\/batijournal.com\/#\/schema\/person\/1dc96ec6957aa1ccb25ebe78bb19f100"},"headline":"Fortes variations du march\u00e9 de la maison bois selon les r\u00e9gions","datePublished":"2017-06-09T07:57:44+00:00","dateModified":"2019-07-15T10:03:52+00:00","mainEntityOfPage":{"@id":"https:\/\/batijournal.com\/index.php\/fortes-variations-marche-de-maison-bois-selon-regions\/96176\/"},"wordCount":248,"image":{"@id":"https:\/\/batijournal.com\/index.php\/fortes-variations-marche-de-maison-bois-selon-regions\/96176\/#primaryimage"},"thumbnailUrl":"https:\/\/batijournal.com\/wp-content\/uploads\/2017\/06\/marche-maison-bois-individuelle.png","keywords":["construction bois"],"articleSection":["Actualit\u00e9s","\u00c9conomie &amp; March\u00e9s"],"inLanguage":"fr-FR"},{"@type":"WebPage","@id":"https:\/\/batijournal.com\/index.php\/fortes-variations-marche-de-maison-bois-selon-regions\/96176\/","url":"https:\/\/batijournal.com\/index.php\/fortes-variations-marche-de-maison-bois-selon-regions\/96176\/","name":"Fortes variations du march\u00e9 de la maison bois selon les r\u00e9gions","isPartOf":{"@id":"https:\/\/batijournal.com\/#website"},"primaryImageOfPage":{"@id":"https:\/\/batijournal.com\/index.php\/fortes-variations-marche-de-maison-bois-selon-regions\/96176\/#primaryimage"},"image":{"@id":"https:\/\/batijournal.com\/index.php\/fortes-variations-marche-de-maison-bois-selon-regions\/96176\/#primaryimage"},"thumbnailUrl":"https:\/\/batijournal.com\/wp-content\/uploads\/2017\/06\/marche-maison-bois-individuelle.png","datePublished":"2017-06-09T07:57:44+00:00","dateModified":"2019-07-15T10:03:52+00:00","author":{"@id":"https:\/\/batijournal.com\/#\/schema\/person\/1dc96ec6957aa1ccb25ebe78bb19f100"},"breadcrumb":{"@id":"https:\/\/batijournal.com\/index.php\/fortes-variations-marche-de-maison-bois-selon-regions\/96176\/#breadcrumb"},"inLanguage":"fr-FR","potentialAction":[{"@type":"ReadAction","target":["https:\/\/batijournal.com\/index.php\/fortes-variations-marche-de-maison-bois-selon-regions\/96176\/"]}]},{"@type":"ImageObject","inLanguage":"fr-FR","@id":"https:\/\/batijournal.com\/index.php\/fortes-variations-marche-de-maison-bois-selon-regions\/96176\/#primaryimage","url":"https:\/\/batijournal.com\/wp-content\/uploads\/2017\/06\/marche-maison-bois-individuelle.png","contentUrl":"https:\/\/batijournal.com\/wp-content\/uploads\/2017\/06\/marche-maison-bois-individuelle.png","width":848,"height":667},{"@type":"BreadcrumbList","@id":"https:\/\/batijournal.com\/index.php\/fortes-variations-marche-de-maison-bois-selon-regions\/96176\/#breadcrumb","itemListElement":[{"@type":"ListItem","position":1,"name":"Accueil","item":"https:\/\/batijournal.com\/"},{"@type":"ListItem","position":2,"name":"Actualit\u00e9s","item":"https:\/\/batijournal.com\/index.php\/category\/actualites\/"},{"@type":"ListItem","position":3,"name":"Fortes variations du march\u00e9 de la maison bois selon les r\u00e9gions"}]},{"@type":"WebSite","@id":"https:\/\/batijournal.com\/#website","url":"https:\/\/batijournal.com\/","name":"Batijournal","description":"L&#039;actualit\u00e9 du b\u00e2timent","potentialAction":[{"@type":"SearchAction","target":{"@type":"EntryPoint","urlTemplate":"https:\/\/batijournal.com\/?s={search_term_string}"},"query-input":{"@type":"PropertyValueSpecification","valueRequired":true,"valueName":"search_term_string"}}],"inLanguage":"fr-FR"},{"@type":"Person","@id":"https:\/\/batijournal.com\/#\/schema\/person\/1dc96ec6957aa1ccb25ebe78bb19f100","name":"St\u00e9phane Miget","image":{"@type":"ImageObject","inLanguage":"fr-FR","@id":"https:\/\/secure.gravatar.com\/avatar\/89915563d925342126b8ef0281b93d9d7fc337043e8df017f780908eb9644451?s=96&d=mm&r=g","url":"https:\/\/secure.gravatar.com\/avatar\/89915563d925342126b8ef0281b93d9d7fc337043e8df017f780908eb9644451?s=96&d=mm&r=g","contentUrl":"https:\/\/secure.gravatar.com\/avatar\/89915563d925342126b8ef0281b93d9d7fc337043e8df017f780908eb9644451?s=96&d=mm&r=g","caption":"St\u00e9phane Miget"},"url":"https:\/\/batijournal.com\/index.php\/author\/stephane\/"}]}},"_links":{"self":[{"href":"https:\/\/batijournal.com\/index.php\/wp-json\/wp\/v2\/posts\/96176","targetHints":{"allow":["GET"]}}],"collection":[{"href":"https:\/\/batijournal.com\/index.php\/wp-json\/wp\/v2\/posts"}],"about":[{"href":"https:\/\/batijournal.com\/index.php\/wp-json\/wp\/v2\/types\/post"}],"author":[{"embeddable":true,"href":"https:\/\/batijournal.com\/index.php\/wp-json\/wp\/v2\/users\/17"}],"replies":[{"embeddable":true,"href":"https:\/\/batijournal.com\/index.php\/wp-json\/wp\/v2\/comments?post=96176"}],"version-history":[{"count":0,"href":"https:\/\/batijournal.com\/index.php\/wp-json\/wp\/v2\/posts\/96176\/revisions"}],"wp:featuredmedia":[{"embeddable":true,"href":"https:\/\/batijournal.com\/index.php\/wp-json\/wp\/v2\/media\/96177"}],"wp:attachment":[{"href":"https:\/\/batijournal.com\/index.php\/wp-json\/wp\/v2\/media?parent=96176"}],"wp:term":[{"taxonomy":"category","embeddable":true,"href":"https:\/\/batijournal.com\/index.php\/wp-json\/wp\/v2\/categories?post=96176"},{"taxonomy":"post_tag","embeddable":true,"href":"https:\/\/batijournal.com\/index.php\/wp-json\/wp\/v2\/tags?post=96176"}],"curies":[{"name":"wp","href":"https:\/\/api.w.org\/{rel}","templated":true}]}}