{"id":96212,"date":"2017-06-13T13:35:55","date_gmt":"2017-06-13T11:35:55","guid":{"rendered":"http:\/\/batijournal.com\/?p=96212"},"modified":"2019-07-15T12:20:01","modified_gmt":"2019-07-15T10:20:01","slug":"nouvelle-echelle-energetique-de-a-a-g-lelectromenager","status":"publish","type":"post","link":"https:\/\/batijournal.com\/index.php\/nouvelle-echelle-energetique-de-a-a-g-lelectromenager\/96212\/","title":{"rendered":"Une nouvelle \u00e9chelle \u00e9nerg\u00e9tique de A \u00e0 G&#8230; pour l&rsquo;\u00e9lectrom\u00e9nager"},"content":{"rendered":"<p>Le parlement europ\u00e9en vient de donner le feu vert \u00e0 une nouvelle \u00e9chelle, plus stricte allant de A \u00e0 G comme l&rsquo;\u00e9chelle de diagnostic \u00e9nerg\u00e9tique des logements, montrant l\u2019efficacit\u00e9 \u00e9nerg\u00e9tique des appareils \u00e9lectrom\u00e9nagers et suivant l\u2019\u00e9volution des progr\u00e8s technologiques. D\u00e8s la fin 2019, les consommateurs devraient pouvoir voir les premi\u00e8res \u00e9tiquettes avec la nouvelle \u00e9chelle sans les indications \u00ab\u00a0+\u00a0\u00bb (A+\/A++\/etc.) dans les magasins. Afin de suivre le rythme des progr\u00e8s relatifs \u00e0 l\u2019efficacit\u00e9 \u00e9nerg\u00e9tique, tout remaniement ult\u00e9rieur des \u00e9tiquettes devra \u00eatre engag\u00e9 d\u00e8s que 30% des produits vendus sur le march\u00e9 de l&rsquo;UE rel\u00e8vent de la classe d&rsquo;efficacit\u00e9 \u00e9nerg\u00e9tique sup\u00e9rieure A ou que 50% de ces produits rel\u00e8vent des deux classes d&rsquo;efficacit\u00e9 \u00e9nerg\u00e9tique sup\u00e9rieures A et B.La Commission europ\u00e9enne cr\u00e9era une base de donn\u00e9es des produits, avec une partie technique pour aider les autorit\u00e9s nationales \u00e0 surveiller le respect des r\u00e8gles, et un portail en ligne pour fournir aux consommateurs des informations compl\u00e9mentaires sur les produits.<\/p>\n<p>&nbsp;<\/p>\n","protected":false},"excerpt":{"rendered":"<p>Le parlement europ\u00e9en vient de donner le feu vert \u00e0 une nouvelle \u00e9chelle, plus stricte allant de A \u00e0 G comme l&rsquo;\u00e9chelle de diagnostic \u00e9nerg\u00e9tique des logements, montrant l\u2019efficacit\u00e9 \u00e9nerg\u00e9tique des appareils \u00e9lectrom\u00e9nagers et suivant l\u2019\u00e9volution des progr\u00e8s technologiques. D\u00e8s la fin 2019, les consommateurs devraient pouvoir voir les premi\u00e8res \u00e9tiquettes avec la nouvelle \u00e9chelle [&hellip;]<\/p>\n","protected":false},"author":17,"featured_media":96213,"comment_status":"closed","ping_status":"closed","sticky":false,"template":"","format":"standard","meta":{"_et_pb_use_builder":"","_et_pb_old_content":"","_et_gb_content_width":"","footnotes":""},"categories":[10530,6351],"tags":[1614,1629],"class_list":["post-96212","post","type-post","status-publish","format-standard","has-post-thumbnail","hentry","category-actualites","category-energie-environnement","tag-diagnostic-immobilier","tag-economies-denergie"],"yoast_head":"<!-- This site is optimized with the Yoast SEO plugin v27.4 - https:\/\/yoast.com\/product\/yoast-seo-wordpress\/ -->\n<title>Une nouvelle \u00e9chelle \u00e9nerg\u00e9tique de A \u00e0 G... pour l&#039;\u00e9lectrom\u00e9nager<\/title>\n<meta name=\"robots\" content=\"index, follow, max-snippet:-1, max-image-preview:large, max-video-preview:-1\" \/>\n<link rel=\"canonical\" href=\"https:\/\/batijournal.com\/index.php\/nouvelle-echelle-energetique-de-a-a-g-lelectromenager\/96212\/\" \/>\n<meta property=\"og:locale\" content=\"fr_FR\" \/>\n<meta property=\"og:type\" content=\"article\" \/>\n<meta property=\"og:title\" content=\"Une nouvelle \u00e9chelle \u00e9nerg\u00e9tique de A \u00e0 G... pour l&#039;\u00e9lectrom\u00e9nager\" \/>\n<meta property=\"og:description\" content=\"Le parlement europ\u00e9en vient de donner le feu vert \u00e0 une nouvelle \u00e9chelle, plus stricte allant de A \u00e0 G comme l&rsquo;\u00e9chelle de diagnostic \u00e9nerg\u00e9tique des logements, montrant l\u2019efficacit\u00e9 \u00e9nerg\u00e9tique des appareils \u00e9lectrom\u00e9nagers et suivant l\u2019\u00e9volution des progr\u00e8s technologiques. D\u00e8s la fin 2019, les consommateurs devraient pouvoir voir les premi\u00e8res \u00e9tiquettes avec la nouvelle \u00e9chelle [&hellip;]\" \/>\n<meta property=\"og:url\" content=\"https:\/\/batijournal.com\/index.php\/nouvelle-echelle-energetique-de-a-a-g-lelectromenager\/96212\/\" \/>\n<meta property=\"og:site_name\" content=\"Batijournal\" \/>\n<meta property=\"article:published_time\" content=\"2017-06-13T11:35:55+00:00\" \/>\n<meta property=\"article:modified_time\" content=\"2019-07-15T10:20:01+00:00\" \/>\n<meta property=\"og:image\" content=\"https:\/\/batijournal.com\/wp-content\/uploads\/2017\/06\/echelle-energetique.jpg\" \/>\n\t<meta property=\"og:image:width\" content=\"1000\" \/>\n\t<meta property=\"og:image:height\" content=\"273\" \/>\n\t<meta property=\"og:image:type\" content=\"image\/jpeg\" \/>\n<meta name=\"author\" content=\"St\u00e9phane Miget\" \/>\n<meta name=\"twitter:card\" content=\"summary_large_image\" \/>\n<meta name=\"twitter:creator\" content=\"@bati_journal\" \/>\n<meta name=\"twitter:site\" content=\"@bati_journal\" \/>\n<meta name=\"twitter:label1\" content=\"\u00c9crit par\" \/>\n\t<meta name=\"twitter:data1\" content=\"St\u00e9phane Miget\" \/>\n\t<meta name=\"twitter:label2\" content=\"Dur\u00e9e de lecture estim\u00e9e\" \/>\n\t<meta name=\"twitter:data2\" content=\"1 minute\" \/>\n<script type=\"application\/ld+json\" class=\"yoast-schema-graph\">{\"@context\":\"https:\\\/\\\/schema.org\",\"@graph\":[{\"@type\":\"Article\",\"@id\":\"https:\\\/\\\/batijournal.com\\\/index.php\\\/nouvelle-echelle-energetique-de-a-a-g-lelectromenager\\\/96212\\\/#article\",\"isPartOf\":{\"@id\":\"https:\\\/\\\/batijournal.com\\\/index.php\\\/nouvelle-echelle-energetique-de-a-a-g-lelectromenager\\\/96212\\\/\"},\"author\":{\"name\":\"St\u00e9phane Miget\",\"@id\":\"https:\\\/\\\/batijournal.com\\\/#\\\/schema\\\/person\\\/1dc96ec6957aa1ccb25ebe78bb19f100\"},\"headline\":\"Une nouvelle \u00e9chelle \u00e9nerg\u00e9tique de A \u00e0 G&#8230; pour l&rsquo;\u00e9lectrom\u00e9nager\",\"datePublished\":\"2017-06-13T11:35:55+00:00\",\"dateModified\":\"2019-07-15T10:20:01+00:00\",\"mainEntityOfPage\":{\"@id\":\"https:\\\/\\\/batijournal.com\\\/index.php\\\/nouvelle-echelle-energetique-de-a-a-g-lelectromenager\\\/96212\\\/\"},\"wordCount\":194,\"image\":{\"@id\":\"https:\\\/\\\/batijournal.com\\\/index.php\\\/nouvelle-echelle-energetique-de-a-a-g-lelectromenager\\\/96212\\\/#primaryimage\"},\"thumbnailUrl\":\"https:\\\/\\\/batijournal.com\\\/wp-content\\\/uploads\\\/2017\\\/06\\\/echelle-energetique.jpg\",\"keywords\":[\"diagnostic immobilier\",\"\u00e9conomies d'\u00e9nergie\"],\"articleSection\":[\"Actualit\u00e9s\",\"\u00c9nergie &amp; Environnement\"],\"inLanguage\":\"fr-FR\"},{\"@type\":\"WebPage\",\"@id\":\"https:\\\/\\\/batijournal.com\\\/index.php\\\/nouvelle-echelle-energetique-de-a-a-g-lelectromenager\\\/96212\\\/\",\"url\":\"https:\\\/\\\/batijournal.com\\\/index.php\\\/nouvelle-echelle-energetique-de-a-a-g-lelectromenager\\\/96212\\\/\",\"name\":\"Une nouvelle \u00e9chelle \u00e9nerg\u00e9tique de A \u00e0 G... pour l'\u00e9lectrom\u00e9nager\",\"isPartOf\":{\"@id\":\"https:\\\/\\\/batijournal.com\\\/#website\"},\"primaryImageOfPage\":{\"@id\":\"https:\\\/\\\/batijournal.com\\\/index.php\\\/nouvelle-echelle-energetique-de-a-a-g-lelectromenager\\\/96212\\\/#primaryimage\"},\"image\":{\"@id\":\"https:\\\/\\\/batijournal.com\\\/index.php\\\/nouvelle-echelle-energetique-de-a-a-g-lelectromenager\\\/96212\\\/#primaryimage\"},\"thumbnailUrl\":\"https:\\\/\\\/batijournal.com\\\/wp-content\\\/uploads\\\/2017\\\/06\\\/echelle-energetique.jpg\",\"datePublished\":\"2017-06-13T11:35:55+00:00\",\"dateModified\":\"2019-07-15T10:20:01+00:00\",\"author\":{\"@id\":\"https:\\\/\\\/batijournal.com\\\/#\\\/schema\\\/person\\\/1dc96ec6957aa1ccb25ebe78bb19f100\"},\"breadcrumb\":{\"@id\":\"https:\\\/\\\/batijournal.com\\\/index.php\\\/nouvelle-echelle-energetique-de-a-a-g-lelectromenager\\\/96212\\\/#breadcrumb\"},\"inLanguage\":\"fr-FR\",\"potentialAction\":[{\"@type\":\"ReadAction\",\"target\":[\"https:\\\/\\\/batijournal.com\\\/index.php\\\/nouvelle-echelle-energetique-de-a-a-g-lelectromenager\\\/96212\\\/\"]}]},{\"@type\":\"ImageObject\",\"inLanguage\":\"fr-FR\",\"@id\":\"https:\\\/\\\/batijournal.com\\\/index.php\\\/nouvelle-echelle-energetique-de-a-a-g-lelectromenager\\\/96212\\\/#primaryimage\",\"url\":\"https:\\\/\\\/batijournal.com\\\/wp-content\\\/uploads\\\/2017\\\/06\\\/echelle-energetique.jpg\",\"contentUrl\":\"https:\\\/\\\/batijournal.com\\\/wp-content\\\/uploads\\\/2017\\\/06\\\/echelle-energetique.jpg\",\"width\":1000,\"height\":273},{\"@type\":\"BreadcrumbList\",\"@id\":\"https:\\\/\\\/batijournal.com\\\/index.php\\\/nouvelle-echelle-energetique-de-a-a-g-lelectromenager\\\/96212\\\/#breadcrumb\",\"itemListElement\":[{\"@type\":\"ListItem\",\"position\":1,\"name\":\"Accueil\",\"item\":\"https:\\\/\\\/batijournal.com\\\/\"},{\"@type\":\"ListItem\",\"position\":2,\"name\":\"Actualit\u00e9s\",\"item\":\"https:\\\/\\\/batijournal.com\\\/index.php\\\/category\\\/actualites\\\/\"},{\"@type\":\"ListItem\",\"position\":3,\"name\":\"Une nouvelle \u00e9chelle \u00e9nerg\u00e9tique de A \u00e0 G&#8230; pour l&rsquo;\u00e9lectrom\u00e9nager\"}]},{\"@type\":\"WebSite\",\"@id\":\"https:\\\/\\\/batijournal.com\\\/#website\",\"url\":\"https:\\\/\\\/batijournal.com\\\/\",\"name\":\"Batijournal\",\"description\":\"L&#039;actualit\u00e9 du b\u00e2timent\",\"potentialAction\":[{\"@type\":\"SearchAction\",\"target\":{\"@type\":\"EntryPoint\",\"urlTemplate\":\"https:\\\/\\\/batijournal.com\\\/?s={search_term_string}\"},\"query-input\":{\"@type\":\"PropertyValueSpecification\",\"valueRequired\":true,\"valueName\":\"search_term_string\"}}],\"inLanguage\":\"fr-FR\"},{\"@type\":\"Person\",\"@id\":\"https:\\\/\\\/batijournal.com\\\/#\\\/schema\\\/person\\\/1dc96ec6957aa1ccb25ebe78bb19f100\",\"name\":\"St\u00e9phane Miget\",\"image\":{\"@type\":\"ImageObject\",\"inLanguage\":\"fr-FR\",\"@id\":\"https:\\\/\\\/secure.gravatar.com\\\/avatar\\\/89915563d925342126b8ef0281b93d9d7fc337043e8df017f780908eb9644451?s=96&d=mm&r=g\",\"url\":\"https:\\\/\\\/secure.gravatar.com\\\/avatar\\\/89915563d925342126b8ef0281b93d9d7fc337043e8df017f780908eb9644451?s=96&d=mm&r=g\",\"contentUrl\":\"https:\\\/\\\/secure.gravatar.com\\\/avatar\\\/89915563d925342126b8ef0281b93d9d7fc337043e8df017f780908eb9644451?s=96&d=mm&r=g\",\"caption\":\"St\u00e9phane Miget\"},\"url\":\"https:\\\/\\\/batijournal.com\\\/index.php\\\/author\\\/stephane\\\/\"}]}<\/script>\n<!-- \/ Yoast SEO plugin. -->","yoast_head_json":{"title":"Une nouvelle \u00e9chelle \u00e9nerg\u00e9tique de A \u00e0 G... pour l'\u00e9lectrom\u00e9nager","robots":{"index":"index","follow":"follow","max-snippet":"max-snippet:-1","max-image-preview":"max-image-preview:large","max-video-preview":"max-video-preview:-1"},"canonical":"https:\/\/batijournal.com\/index.php\/nouvelle-echelle-energetique-de-a-a-g-lelectromenager\/96212\/","og_locale":"fr_FR","og_type":"article","og_title":"Une nouvelle \u00e9chelle \u00e9nerg\u00e9tique de A \u00e0 G... pour l'\u00e9lectrom\u00e9nager","og_description":"Le parlement europ\u00e9en vient de donner le feu vert \u00e0 une nouvelle \u00e9chelle, plus stricte allant de A \u00e0 G comme l&rsquo;\u00e9chelle de diagnostic \u00e9nerg\u00e9tique des logements, montrant l\u2019efficacit\u00e9 \u00e9nerg\u00e9tique des appareils \u00e9lectrom\u00e9nagers et suivant l\u2019\u00e9volution des progr\u00e8s technologiques. D\u00e8s la fin 2019, les consommateurs devraient pouvoir voir les premi\u00e8res \u00e9tiquettes avec la nouvelle \u00e9chelle [&hellip;]","og_url":"https:\/\/batijournal.com\/index.php\/nouvelle-echelle-energetique-de-a-a-g-lelectromenager\/96212\/","og_site_name":"Batijournal","article_published_time":"2017-06-13T11:35:55+00:00","article_modified_time":"2019-07-15T10:20:01+00:00","og_image":[{"width":1000,"height":273,"url":"https:\/\/batijournal.com\/wp-content\/uploads\/2017\/06\/echelle-energetique.jpg","type":"image\/jpeg"}],"author":"St\u00e9phane Miget","twitter_card":"summary_large_image","twitter_creator":"@bati_journal","twitter_site":"@bati_journal","twitter_misc":{"\u00c9crit par":"St\u00e9phane Miget","Dur\u00e9e de lecture estim\u00e9e":"1 minute"},"schema":{"@context":"https:\/\/schema.org","@graph":[{"@type":"Article","@id":"https:\/\/batijournal.com\/index.php\/nouvelle-echelle-energetique-de-a-a-g-lelectromenager\/96212\/#article","isPartOf":{"@id":"https:\/\/batijournal.com\/index.php\/nouvelle-echelle-energetique-de-a-a-g-lelectromenager\/96212\/"},"author":{"name":"St\u00e9phane Miget","@id":"https:\/\/batijournal.com\/#\/schema\/person\/1dc96ec6957aa1ccb25ebe78bb19f100"},"headline":"Une nouvelle \u00e9chelle \u00e9nerg\u00e9tique de A \u00e0 G&#8230; pour l&rsquo;\u00e9lectrom\u00e9nager","datePublished":"2017-06-13T11:35:55+00:00","dateModified":"2019-07-15T10:20:01+00:00","mainEntityOfPage":{"@id":"https:\/\/batijournal.com\/index.php\/nouvelle-echelle-energetique-de-a-a-g-lelectromenager\/96212\/"},"wordCount":194,"image":{"@id":"https:\/\/batijournal.com\/index.php\/nouvelle-echelle-energetique-de-a-a-g-lelectromenager\/96212\/#primaryimage"},"thumbnailUrl":"https:\/\/batijournal.com\/wp-content\/uploads\/2017\/06\/echelle-energetique.jpg","keywords":["diagnostic immobilier","\u00e9conomies d'\u00e9nergie"],"articleSection":["Actualit\u00e9s","\u00c9nergie &amp; Environnement"],"inLanguage":"fr-FR"},{"@type":"WebPage","@id":"https:\/\/batijournal.com\/index.php\/nouvelle-echelle-energetique-de-a-a-g-lelectromenager\/96212\/","url":"https:\/\/batijournal.com\/index.php\/nouvelle-echelle-energetique-de-a-a-g-lelectromenager\/96212\/","name":"Une nouvelle \u00e9chelle \u00e9nerg\u00e9tique de A \u00e0 G... pour l'\u00e9lectrom\u00e9nager","isPartOf":{"@id":"https:\/\/batijournal.com\/#website"},"primaryImageOfPage":{"@id":"https:\/\/batijournal.com\/index.php\/nouvelle-echelle-energetique-de-a-a-g-lelectromenager\/96212\/#primaryimage"},"image":{"@id":"https:\/\/batijournal.com\/index.php\/nouvelle-echelle-energetique-de-a-a-g-lelectromenager\/96212\/#primaryimage"},"thumbnailUrl":"https:\/\/batijournal.com\/wp-content\/uploads\/2017\/06\/echelle-energetique.jpg","datePublished":"2017-06-13T11:35:55+00:00","dateModified":"2019-07-15T10:20:01+00:00","author":{"@id":"https:\/\/batijournal.com\/#\/schema\/person\/1dc96ec6957aa1ccb25ebe78bb19f100"},"breadcrumb":{"@id":"https:\/\/batijournal.com\/index.php\/nouvelle-echelle-energetique-de-a-a-g-lelectromenager\/96212\/#breadcrumb"},"inLanguage":"fr-FR","potentialAction":[{"@type":"ReadAction","target":["https:\/\/batijournal.com\/index.php\/nouvelle-echelle-energetique-de-a-a-g-lelectromenager\/96212\/"]}]},{"@type":"ImageObject","inLanguage":"fr-FR","@id":"https:\/\/batijournal.com\/index.php\/nouvelle-echelle-energetique-de-a-a-g-lelectromenager\/96212\/#primaryimage","url":"https:\/\/batijournal.com\/wp-content\/uploads\/2017\/06\/echelle-energetique.jpg","contentUrl":"https:\/\/batijournal.com\/wp-content\/uploads\/2017\/06\/echelle-energetique.jpg","width":1000,"height":273},{"@type":"BreadcrumbList","@id":"https:\/\/batijournal.com\/index.php\/nouvelle-echelle-energetique-de-a-a-g-lelectromenager\/96212\/#breadcrumb","itemListElement":[{"@type":"ListItem","position":1,"name":"Accueil","item":"https:\/\/batijournal.com\/"},{"@type":"ListItem","position":2,"name":"Actualit\u00e9s","item":"https:\/\/batijournal.com\/index.php\/category\/actualites\/"},{"@type":"ListItem","position":3,"name":"Une nouvelle \u00e9chelle \u00e9nerg\u00e9tique de A \u00e0 G&#8230; pour l&rsquo;\u00e9lectrom\u00e9nager"}]},{"@type":"WebSite","@id":"https:\/\/batijournal.com\/#website","url":"https:\/\/batijournal.com\/","name":"Batijournal","description":"L&#039;actualit\u00e9 du b\u00e2timent","potentialAction":[{"@type":"SearchAction","target":{"@type":"EntryPoint","urlTemplate":"https:\/\/batijournal.com\/?s={search_term_string}"},"query-input":{"@type":"PropertyValueSpecification","valueRequired":true,"valueName":"search_term_string"}}],"inLanguage":"fr-FR"},{"@type":"Person","@id":"https:\/\/batijournal.com\/#\/schema\/person\/1dc96ec6957aa1ccb25ebe78bb19f100","name":"St\u00e9phane Miget","image":{"@type":"ImageObject","inLanguage":"fr-FR","@id":"https:\/\/secure.gravatar.com\/avatar\/89915563d925342126b8ef0281b93d9d7fc337043e8df017f780908eb9644451?s=96&d=mm&r=g","url":"https:\/\/secure.gravatar.com\/avatar\/89915563d925342126b8ef0281b93d9d7fc337043e8df017f780908eb9644451?s=96&d=mm&r=g","contentUrl":"https:\/\/secure.gravatar.com\/avatar\/89915563d925342126b8ef0281b93d9d7fc337043e8df017f780908eb9644451?s=96&d=mm&r=g","caption":"St\u00e9phane Miget"},"url":"https:\/\/batijournal.com\/index.php\/author\/stephane\/"}]}},"_links":{"self":[{"href":"https:\/\/batijournal.com\/index.php\/wp-json\/wp\/v2\/posts\/96212","targetHints":{"allow":["GET"]}}],"collection":[{"href":"https:\/\/batijournal.com\/index.php\/wp-json\/wp\/v2\/posts"}],"about":[{"href":"https:\/\/batijournal.com\/index.php\/wp-json\/wp\/v2\/types\/post"}],"author":[{"embeddable":true,"href":"https:\/\/batijournal.com\/index.php\/wp-json\/wp\/v2\/users\/17"}],"replies":[{"embeddable":true,"href":"https:\/\/batijournal.com\/index.php\/wp-json\/wp\/v2\/comments?post=96212"}],"version-history":[{"count":0,"href":"https:\/\/batijournal.com\/index.php\/wp-json\/wp\/v2\/posts\/96212\/revisions"}],"wp:featuredmedia":[{"embeddable":true,"href":"https:\/\/batijournal.com\/index.php\/wp-json\/wp\/v2\/media\/96213"}],"wp:attachment":[{"href":"https:\/\/batijournal.com\/index.php\/wp-json\/wp\/v2\/media?parent=96212"}],"wp:term":[{"taxonomy":"category","embeddable":true,"href":"https:\/\/batijournal.com\/index.php\/wp-json\/wp\/v2\/categories?post=96212"},{"taxonomy":"post_tag","embeddable":true,"href":"https:\/\/batijournal.com\/index.php\/wp-json\/wp\/v2\/tags?post=96212"}],"curies":[{"name":"wp","href":"https:\/\/api.w.org\/{rel}","templated":true}]}}