{"id":96228,"date":"2017-06-14T09:05:04","date_gmt":"2017-06-14T07:05:04","guid":{"rendered":"http:\/\/batijournal.com\/?p=96228"},"modified":"2019-07-15T11:15:48","modified_gmt":"2019-07-15T09:15:48","slug":"interdire-eoliennes-perimetre-de-2-km-sites-patrimoniaux-paysagers","status":"publish","type":"post","link":"https:\/\/batijournal.com\/index.php\/interdire-eoliennes-perimetre-de-2-km-sites-patrimoniaux-paysagers\/96228\/","title":{"rendered":"Interdire les \u00e9oliennes dans un p\u00e9rim\u00e8tre de 2 km des sites patrimoniaux ou paysagers"},"content":{"rendered":"<p>Pierre MOREL-A-L\u2019HUISSIER, d\u00e9put\u00e9 LR en ballotage favorable, vient de d\u00e9poser une proposition de loi interdisant l\u2019implantation d\u2019\u00e9oliennes dans un p\u00e9rim\u00e8tre de 2 km autour des sites et paysages prot\u00e9g\u00e9s : les sites inscrits et paysages class\u00e9s au Patrimoine mondial et R\u00e9serves de biosph\u00e8re (Unesco), r\u00e9seau des Grands Sites de France, Paysage de reconqu\u00eate, r\u00e9seau Natura 2000 et Villes et Pays d\u2019art et d\u2019histoire ; les zones de protection du patrimoine architectural, urbain et paysager ; les sites arch\u00e9ologiques ; les monuments historiques inscrits et class\u00e9s ; les parcs et jardins ; les paysages marqu\u00e9s tant par leurs caract\u00e9ristiques naturelles que par l\u2019empreinte de l\u2019homme ou faisant l\u2019objet de toute autre protection particuli\u00e8re au titre de l\u2019environnement ou du patrimoine.<\/p>\n<p>&nbsp;<\/p>\n<p><a href=\"http:\/\/www.assemblee-nationale.fr\/14\/propositions\/pion4653.asp\" target=\"_blank\" rel=\"noopener noreferrer\">http:\/\/www.assemblee-nationale.fr\/14\/propositions\/pion4653.asp<\/a><\/p>\n<p>&nbsp;<\/p>\n<p>&nbsp;<\/p>\n","protected":false},"excerpt":{"rendered":"<p>Pierre MOREL-A-L\u2019HUISSIER, d\u00e9put\u00e9 LR en ballotage favorable, vient de d\u00e9poser une proposition de loi interdisant l\u2019implantation d\u2019\u00e9oliennes dans un p\u00e9rim\u00e8tre de 2 km autour des sites et paysages prot\u00e9g\u00e9s : les sites inscrits et paysages class\u00e9s au Patrimoine mondial et R\u00e9serves de biosph\u00e8re (Unesco), r\u00e9seau des Grands Sites de France, Paysage de reconqu\u00eate, r\u00e9seau Natura [&hellip;]<\/p>\n","protected":false},"author":17,"featured_media":91460,"comment_status":"closed","ping_status":"closed","sticky":false,"template":"","format":"standard","meta":{"_et_pb_use_builder":"","_et_pb_old_content":"","_et_gb_content_width":"","footnotes":""},"categories":[10530,6340,10785],"tags":[494,8579,2327],"class_list":["post-96228","post","type-post","status-publish","format-standard","has-post-thumbnail","hentry","category-actualites","category-architecture-conception","category-atrium","tag-eoliennes","tag-patrimoine-architectural","tag-paysage"],"yoast_head":"<!-- This site is optimized with the Yoast SEO plugin v27.4 - https:\/\/yoast.com\/product\/yoast-seo-wordpress\/ -->\n<title>Interdire les \u00e9oliennes dans un p\u00e9rim\u00e8tre de 2 km des sites patrimoniaux ou paysagers<\/title>\n<meta name=\"robots\" content=\"index, follow, max-snippet:-1, max-image-preview:large, max-video-preview:-1\" \/>\n<link rel=\"canonical\" href=\"https:\/\/batijournal.com\/index.php\/interdire-eoliennes-perimetre-de-2-km-sites-patrimoniaux-paysagers\/96228\/\" \/>\n<meta property=\"og:locale\" content=\"fr_FR\" \/>\n<meta property=\"og:type\" content=\"article\" \/>\n<meta property=\"og:title\" content=\"Interdire les \u00e9oliennes dans un p\u00e9rim\u00e8tre de 2 km des sites patrimoniaux ou paysagers\" \/>\n<meta property=\"og:description\" content=\"Pierre MOREL-A-L\u2019HUISSIER, d\u00e9put\u00e9 LR en ballotage favorable, vient de d\u00e9poser une proposition de loi interdisant l\u2019implantation d\u2019\u00e9oliennes dans un p\u00e9rim\u00e8tre de 2 km autour des sites et paysages prot\u00e9g\u00e9s : les sites inscrits et paysages class\u00e9s au Patrimoine mondial et R\u00e9serves de biosph\u00e8re (Unesco), r\u00e9seau des Grands Sites de France, Paysage de reconqu\u00eate, r\u00e9seau Natura [&hellip;]\" \/>\n<meta property=\"og:url\" content=\"https:\/\/batijournal.com\/index.php\/interdire-eoliennes-perimetre-de-2-km-sites-patrimoniaux-paysagers\/96228\/\" \/>\n<meta property=\"og:site_name\" content=\"Batijournal\" \/>\n<meta property=\"article:published_time\" content=\"2017-06-14T07:05:04+00:00\" \/>\n<meta property=\"article:modified_time\" content=\"2019-07-15T09:15:48+00:00\" \/>\n<meta property=\"og:image\" content=\"https:\/\/batijournal.com\/wp-content\/uploads\/2016\/02\/eolienne.jpg\" \/>\n\t<meta property=\"og:image:width\" content=\"667\" \/>\n\t<meta property=\"og:image:height\" content=\"1000\" \/>\n\t<meta property=\"og:image:type\" content=\"image\/jpeg\" \/>\n<meta name=\"author\" content=\"St\u00e9phane Miget\" \/>\n<meta name=\"twitter:card\" content=\"summary_large_image\" \/>\n<meta name=\"twitter:creator\" content=\"@bati_journal\" \/>\n<meta name=\"twitter:site\" content=\"@bati_journal\" \/>\n<meta name=\"twitter:label1\" content=\"\u00c9crit par\" \/>\n\t<meta name=\"twitter:data1\" content=\"St\u00e9phane Miget\" \/>\n\t<meta name=\"twitter:label2\" content=\"Dur\u00e9e de lecture estim\u00e9e\" \/>\n\t<meta name=\"twitter:data2\" content=\"1 minute\" \/>\n<script type=\"application\/ld+json\" class=\"yoast-schema-graph\">{\"@context\":\"https:\\\/\\\/schema.org\",\"@graph\":[{\"@type\":\"Article\",\"@id\":\"https:\\\/\\\/batijournal.com\\\/index.php\\\/interdire-eoliennes-perimetre-de-2-km-sites-patrimoniaux-paysagers\\\/96228\\\/#article\",\"isPartOf\":{\"@id\":\"https:\\\/\\\/batijournal.com\\\/index.php\\\/interdire-eoliennes-perimetre-de-2-km-sites-patrimoniaux-paysagers\\\/96228\\\/\"},\"author\":{\"name\":\"St\u00e9phane Miget\",\"@id\":\"https:\\\/\\\/batijournal.com\\\/#\\\/schema\\\/person\\\/1dc96ec6957aa1ccb25ebe78bb19f100\"},\"headline\":\"Interdire les \u00e9oliennes dans un p\u00e9rim\u00e8tre de 2 km des sites patrimoniaux ou paysagers\",\"datePublished\":\"2017-06-14T07:05:04+00:00\",\"dateModified\":\"2019-07-15T09:15:48+00:00\",\"mainEntityOfPage\":{\"@id\":\"https:\\\/\\\/batijournal.com\\\/index.php\\\/interdire-eoliennes-perimetre-de-2-km-sites-patrimoniaux-paysagers\\\/96228\\\/\"},\"wordCount\":162,\"image\":{\"@id\":\"https:\\\/\\\/batijournal.com\\\/index.php\\\/interdire-eoliennes-perimetre-de-2-km-sites-patrimoniaux-paysagers\\\/96228\\\/#primaryimage\"},\"thumbnailUrl\":\"https:\\\/\\\/batijournal.com\\\/wp-content\\\/uploads\\\/2016\\\/02\\\/eolienne.jpg\",\"keywords\":[\"\u00e9oliennes\",\"patrimoine architectural\",\"paysage\"],\"articleSection\":[\"Actualit\u00e9s\",\"Architecture &amp; Conception\",\"zz_Atrium Patrimoine\"],\"inLanguage\":\"fr-FR\"},{\"@type\":\"WebPage\",\"@id\":\"https:\\\/\\\/batijournal.com\\\/index.php\\\/interdire-eoliennes-perimetre-de-2-km-sites-patrimoniaux-paysagers\\\/96228\\\/\",\"url\":\"https:\\\/\\\/batijournal.com\\\/index.php\\\/interdire-eoliennes-perimetre-de-2-km-sites-patrimoniaux-paysagers\\\/96228\\\/\",\"name\":\"Interdire les \u00e9oliennes dans un p\u00e9rim\u00e8tre de 2 km des sites patrimoniaux ou paysagers\",\"isPartOf\":{\"@id\":\"https:\\\/\\\/batijournal.com\\\/#website\"},\"primaryImageOfPage\":{\"@id\":\"https:\\\/\\\/batijournal.com\\\/index.php\\\/interdire-eoliennes-perimetre-de-2-km-sites-patrimoniaux-paysagers\\\/96228\\\/#primaryimage\"},\"image\":{\"@id\":\"https:\\\/\\\/batijournal.com\\\/index.php\\\/interdire-eoliennes-perimetre-de-2-km-sites-patrimoniaux-paysagers\\\/96228\\\/#primaryimage\"},\"thumbnailUrl\":\"https:\\\/\\\/batijournal.com\\\/wp-content\\\/uploads\\\/2016\\\/02\\\/eolienne.jpg\",\"datePublished\":\"2017-06-14T07:05:04+00:00\",\"dateModified\":\"2019-07-15T09:15:48+00:00\",\"author\":{\"@id\":\"https:\\\/\\\/batijournal.com\\\/#\\\/schema\\\/person\\\/1dc96ec6957aa1ccb25ebe78bb19f100\"},\"breadcrumb\":{\"@id\":\"https:\\\/\\\/batijournal.com\\\/index.php\\\/interdire-eoliennes-perimetre-de-2-km-sites-patrimoniaux-paysagers\\\/96228\\\/#breadcrumb\"},\"inLanguage\":\"fr-FR\",\"potentialAction\":[{\"@type\":\"ReadAction\",\"target\":[\"https:\\\/\\\/batijournal.com\\\/index.php\\\/interdire-eoliennes-perimetre-de-2-km-sites-patrimoniaux-paysagers\\\/96228\\\/\"]}]},{\"@type\":\"ImageObject\",\"inLanguage\":\"fr-FR\",\"@id\":\"https:\\\/\\\/batijournal.com\\\/index.php\\\/interdire-eoliennes-perimetre-de-2-km-sites-patrimoniaux-paysagers\\\/96228\\\/#primaryimage\",\"url\":\"https:\\\/\\\/batijournal.com\\\/wp-content\\\/uploads\\\/2016\\\/02\\\/eolienne.jpg\",\"contentUrl\":\"https:\\\/\\\/batijournal.com\\\/wp-content\\\/uploads\\\/2016\\\/02\\\/eolienne.jpg\",\"width\":667,\"height\":1000,\"caption\":\"eolienne\"},{\"@type\":\"BreadcrumbList\",\"@id\":\"https:\\\/\\\/batijournal.com\\\/index.php\\\/interdire-eoliennes-perimetre-de-2-km-sites-patrimoniaux-paysagers\\\/96228\\\/#breadcrumb\",\"itemListElement\":[{\"@type\":\"ListItem\",\"position\":1,\"name\":\"Accueil\",\"item\":\"https:\\\/\\\/batijournal.com\\\/\"},{\"@type\":\"ListItem\",\"position\":2,\"name\":\"zz_Atrium Patrimoine\",\"item\":\"https:\\\/\\\/batijournal.com\\\/index.php\\\/category\\\/atrium\\\/\"},{\"@type\":\"ListItem\",\"position\":3,\"name\":\"Interdire les \u00e9oliennes dans un p\u00e9rim\u00e8tre de 2 km des sites patrimoniaux ou paysagers\"}]},{\"@type\":\"WebSite\",\"@id\":\"https:\\\/\\\/batijournal.com\\\/#website\",\"url\":\"https:\\\/\\\/batijournal.com\\\/\",\"name\":\"Batijournal\",\"description\":\"L&#039;actualit\u00e9 du b\u00e2timent\",\"potentialAction\":[{\"@type\":\"SearchAction\",\"target\":{\"@type\":\"EntryPoint\",\"urlTemplate\":\"https:\\\/\\\/batijournal.com\\\/?s={search_term_string}\"},\"query-input\":{\"@type\":\"PropertyValueSpecification\",\"valueRequired\":true,\"valueName\":\"search_term_string\"}}],\"inLanguage\":\"fr-FR\"},{\"@type\":\"Person\",\"@id\":\"https:\\\/\\\/batijournal.com\\\/#\\\/schema\\\/person\\\/1dc96ec6957aa1ccb25ebe78bb19f100\",\"name\":\"St\u00e9phane Miget\",\"image\":{\"@type\":\"ImageObject\",\"inLanguage\":\"fr-FR\",\"@id\":\"https:\\\/\\\/secure.gravatar.com\\\/avatar\\\/89915563d925342126b8ef0281b93d9d7fc337043e8df017f780908eb9644451?s=96&d=mm&r=g\",\"url\":\"https:\\\/\\\/secure.gravatar.com\\\/avatar\\\/89915563d925342126b8ef0281b93d9d7fc337043e8df017f780908eb9644451?s=96&d=mm&r=g\",\"contentUrl\":\"https:\\\/\\\/secure.gravatar.com\\\/avatar\\\/89915563d925342126b8ef0281b93d9d7fc337043e8df017f780908eb9644451?s=96&d=mm&r=g\",\"caption\":\"St\u00e9phane Miget\"},\"url\":\"https:\\\/\\\/batijournal.com\\\/index.php\\\/author\\\/stephane\\\/\"}]}<\/script>\n<!-- \/ Yoast SEO plugin. -->","yoast_head_json":{"title":"Interdire les \u00e9oliennes dans un p\u00e9rim\u00e8tre de 2 km des sites patrimoniaux ou paysagers","robots":{"index":"index","follow":"follow","max-snippet":"max-snippet:-1","max-image-preview":"max-image-preview:large","max-video-preview":"max-video-preview:-1"},"canonical":"https:\/\/batijournal.com\/index.php\/interdire-eoliennes-perimetre-de-2-km-sites-patrimoniaux-paysagers\/96228\/","og_locale":"fr_FR","og_type":"article","og_title":"Interdire les \u00e9oliennes dans un p\u00e9rim\u00e8tre de 2 km des sites patrimoniaux ou paysagers","og_description":"Pierre MOREL-A-L\u2019HUISSIER, d\u00e9put\u00e9 LR en ballotage favorable, vient de d\u00e9poser une proposition de loi interdisant l\u2019implantation d\u2019\u00e9oliennes dans un p\u00e9rim\u00e8tre de 2 km autour des sites et paysages prot\u00e9g\u00e9s : les sites inscrits et paysages class\u00e9s au Patrimoine mondial et R\u00e9serves de biosph\u00e8re (Unesco), r\u00e9seau des Grands Sites de France, Paysage de reconqu\u00eate, r\u00e9seau Natura [&hellip;]","og_url":"https:\/\/batijournal.com\/index.php\/interdire-eoliennes-perimetre-de-2-km-sites-patrimoniaux-paysagers\/96228\/","og_site_name":"Batijournal","article_published_time":"2017-06-14T07:05:04+00:00","article_modified_time":"2019-07-15T09:15:48+00:00","og_image":[{"width":667,"height":1000,"url":"https:\/\/batijournal.com\/wp-content\/uploads\/2016\/02\/eolienne.jpg","type":"image\/jpeg"}],"author":"St\u00e9phane Miget","twitter_card":"summary_large_image","twitter_creator":"@bati_journal","twitter_site":"@bati_journal","twitter_misc":{"\u00c9crit par":"St\u00e9phane Miget","Dur\u00e9e de lecture estim\u00e9e":"1 minute"},"schema":{"@context":"https:\/\/schema.org","@graph":[{"@type":"Article","@id":"https:\/\/batijournal.com\/index.php\/interdire-eoliennes-perimetre-de-2-km-sites-patrimoniaux-paysagers\/96228\/#article","isPartOf":{"@id":"https:\/\/batijournal.com\/index.php\/interdire-eoliennes-perimetre-de-2-km-sites-patrimoniaux-paysagers\/96228\/"},"author":{"name":"St\u00e9phane Miget","@id":"https:\/\/batijournal.com\/#\/schema\/person\/1dc96ec6957aa1ccb25ebe78bb19f100"},"headline":"Interdire les \u00e9oliennes dans un p\u00e9rim\u00e8tre de 2 km des sites patrimoniaux ou paysagers","datePublished":"2017-06-14T07:05:04+00:00","dateModified":"2019-07-15T09:15:48+00:00","mainEntityOfPage":{"@id":"https:\/\/batijournal.com\/index.php\/interdire-eoliennes-perimetre-de-2-km-sites-patrimoniaux-paysagers\/96228\/"},"wordCount":162,"image":{"@id":"https:\/\/batijournal.com\/index.php\/interdire-eoliennes-perimetre-de-2-km-sites-patrimoniaux-paysagers\/96228\/#primaryimage"},"thumbnailUrl":"https:\/\/batijournal.com\/wp-content\/uploads\/2016\/02\/eolienne.jpg","keywords":["\u00e9oliennes","patrimoine architectural","paysage"],"articleSection":["Actualit\u00e9s","Architecture &amp; Conception","zz_Atrium Patrimoine"],"inLanguage":"fr-FR"},{"@type":"WebPage","@id":"https:\/\/batijournal.com\/index.php\/interdire-eoliennes-perimetre-de-2-km-sites-patrimoniaux-paysagers\/96228\/","url":"https:\/\/batijournal.com\/index.php\/interdire-eoliennes-perimetre-de-2-km-sites-patrimoniaux-paysagers\/96228\/","name":"Interdire les \u00e9oliennes dans un p\u00e9rim\u00e8tre de 2 km des sites patrimoniaux ou paysagers","isPartOf":{"@id":"https:\/\/batijournal.com\/#website"},"primaryImageOfPage":{"@id":"https:\/\/batijournal.com\/index.php\/interdire-eoliennes-perimetre-de-2-km-sites-patrimoniaux-paysagers\/96228\/#primaryimage"},"image":{"@id":"https:\/\/batijournal.com\/index.php\/interdire-eoliennes-perimetre-de-2-km-sites-patrimoniaux-paysagers\/96228\/#primaryimage"},"thumbnailUrl":"https:\/\/batijournal.com\/wp-content\/uploads\/2016\/02\/eolienne.jpg","datePublished":"2017-06-14T07:05:04+00:00","dateModified":"2019-07-15T09:15:48+00:00","author":{"@id":"https:\/\/batijournal.com\/#\/schema\/person\/1dc96ec6957aa1ccb25ebe78bb19f100"},"breadcrumb":{"@id":"https:\/\/batijournal.com\/index.php\/interdire-eoliennes-perimetre-de-2-km-sites-patrimoniaux-paysagers\/96228\/#breadcrumb"},"inLanguage":"fr-FR","potentialAction":[{"@type":"ReadAction","target":["https:\/\/batijournal.com\/index.php\/interdire-eoliennes-perimetre-de-2-km-sites-patrimoniaux-paysagers\/96228\/"]}]},{"@type":"ImageObject","inLanguage":"fr-FR","@id":"https:\/\/batijournal.com\/index.php\/interdire-eoliennes-perimetre-de-2-km-sites-patrimoniaux-paysagers\/96228\/#primaryimage","url":"https:\/\/batijournal.com\/wp-content\/uploads\/2016\/02\/eolienne.jpg","contentUrl":"https:\/\/batijournal.com\/wp-content\/uploads\/2016\/02\/eolienne.jpg","width":667,"height":1000,"caption":"eolienne"},{"@type":"BreadcrumbList","@id":"https:\/\/batijournal.com\/index.php\/interdire-eoliennes-perimetre-de-2-km-sites-patrimoniaux-paysagers\/96228\/#breadcrumb","itemListElement":[{"@type":"ListItem","position":1,"name":"Accueil","item":"https:\/\/batijournal.com\/"},{"@type":"ListItem","position":2,"name":"zz_Atrium Patrimoine","item":"https:\/\/batijournal.com\/index.php\/category\/atrium\/"},{"@type":"ListItem","position":3,"name":"Interdire les \u00e9oliennes dans un p\u00e9rim\u00e8tre de 2 km des sites patrimoniaux ou paysagers"}]},{"@type":"WebSite","@id":"https:\/\/batijournal.com\/#website","url":"https:\/\/batijournal.com\/","name":"Batijournal","description":"L&#039;actualit\u00e9 du b\u00e2timent","potentialAction":[{"@type":"SearchAction","target":{"@type":"EntryPoint","urlTemplate":"https:\/\/batijournal.com\/?s={search_term_string}"},"query-input":{"@type":"PropertyValueSpecification","valueRequired":true,"valueName":"search_term_string"}}],"inLanguage":"fr-FR"},{"@type":"Person","@id":"https:\/\/batijournal.com\/#\/schema\/person\/1dc96ec6957aa1ccb25ebe78bb19f100","name":"St\u00e9phane Miget","image":{"@type":"ImageObject","inLanguage":"fr-FR","@id":"https:\/\/secure.gravatar.com\/avatar\/89915563d925342126b8ef0281b93d9d7fc337043e8df017f780908eb9644451?s=96&d=mm&r=g","url":"https:\/\/secure.gravatar.com\/avatar\/89915563d925342126b8ef0281b93d9d7fc337043e8df017f780908eb9644451?s=96&d=mm&r=g","contentUrl":"https:\/\/secure.gravatar.com\/avatar\/89915563d925342126b8ef0281b93d9d7fc337043e8df017f780908eb9644451?s=96&d=mm&r=g","caption":"St\u00e9phane Miget"},"url":"https:\/\/batijournal.com\/index.php\/author\/stephane\/"}]}},"_links":{"self":[{"href":"https:\/\/batijournal.com\/index.php\/wp-json\/wp\/v2\/posts\/96228","targetHints":{"allow":["GET"]}}],"collection":[{"href":"https:\/\/batijournal.com\/index.php\/wp-json\/wp\/v2\/posts"}],"about":[{"href":"https:\/\/batijournal.com\/index.php\/wp-json\/wp\/v2\/types\/post"}],"author":[{"embeddable":true,"href":"https:\/\/batijournal.com\/index.php\/wp-json\/wp\/v2\/users\/17"}],"replies":[{"embeddable":true,"href":"https:\/\/batijournal.com\/index.php\/wp-json\/wp\/v2\/comments?post=96228"}],"version-history":[{"count":0,"href":"https:\/\/batijournal.com\/index.php\/wp-json\/wp\/v2\/posts\/96228\/revisions"}],"wp:featuredmedia":[{"embeddable":true,"href":"https:\/\/batijournal.com\/index.php\/wp-json\/wp\/v2\/media\/91460"}],"wp:attachment":[{"href":"https:\/\/batijournal.com\/index.php\/wp-json\/wp\/v2\/media?parent=96228"}],"wp:term":[{"taxonomy":"category","embeddable":true,"href":"https:\/\/batijournal.com\/index.php\/wp-json\/wp\/v2\/categories?post=96228"},{"taxonomy":"post_tag","embeddable":true,"href":"https:\/\/batijournal.com\/index.php\/wp-json\/wp\/v2\/tags?post=96228"}],"curies":[{"name":"wp","href":"https:\/\/api.w.org\/{rel}","templated":true}]}}