{"id":96229,"date":"2017-06-14T09:18:37","date_gmt":"2017-06-14T07:18:37","guid":{"rendered":"http:\/\/batijournal.com\/?p=96229"},"modified":"2019-07-15T11:15:48","modified_gmt":"2019-07-15T09:15:48","slug":"8e-edition-journees-nationales-de-larcheologie","status":"publish","type":"post","link":"https:\/\/batijournal.com\/index.php\/8e-edition-journees-nationales-de-larcheologie\/96229\/","title":{"rendered":"8e \u00e9dition des Journ\u00e9es nationales de l\u2019arch\u00e9ologie"},"content":{"rendered":"<p>La 8e \u00e9dition des Journ\u00e9es nationales de l\u2019arch\u00e9ologie (JNA) se d\u00e9roulere du 16 au 18 juin 2017. Rendez-vous incontournable pour d\u00e9couvrir les diff\u00e9rentes facettes de l\u2019arch\u00e9ologie. Ces journ\u00e9es sensibilisent le public \u00e0 la diversit\u00e9 du patrimoine arch\u00e9ologique et pr\u00e9sentent les derni\u00e8res avanc\u00e9es de la recherche. Les mus\u00e9es et sites arch\u00e9ologiques, laboratoires, centres d\u2019archives, organismes de recherche, universit\u00e9s, associations, collectivit\u00e9s territoriales, offices de tourisme et biblioth\u00e8ques organisent pendant ces 3 jours des activit\u00e9s qui contribuent au rayonnement de l\u2019arch\u00e9ologie.<\/p>\n<p><a href=\"http:\/\/journees-archeologie.fr\" target=\"_blank\" rel=\"noopener noreferrer\">http:\/\/journees-archeologie.fr<\/a><\/p>\n<p>&nbsp;<\/p>\n","protected":false},"excerpt":{"rendered":"<p>La 8e \u00e9dition des Journ\u00e9es nationales de l\u2019arch\u00e9ologie (JNA) se d\u00e9roulere du 16 au 18 juin 2017. Rendez-vous incontournable pour d\u00e9couvrir les diff\u00e9rentes facettes de l\u2019arch\u00e9ologie. Ces journ\u00e9es sensibilisent le public \u00e0 la diversit\u00e9 du patrimoine arch\u00e9ologique et pr\u00e9sentent les derni\u00e8res avanc\u00e9es de la recherche. Les mus\u00e9es et sites arch\u00e9ologiques, laboratoires, centres d\u2019archives, organismes de [&hellip;]<\/p>\n","protected":false},"author":17,"featured_media":96230,"comment_status":"closed","ping_status":"closed","sticky":false,"template":"","format":"standard","meta":{"_et_pb_use_builder":"","_et_pb_old_content":"","_et_gb_content_width":"","footnotes":""},"categories":[10530,6340],"tags":[9196],"class_list":["post-96229","post","type-post","status-publish","format-standard","has-post-thumbnail","hentry","category-actualites","category-architecture-conception","tag-journees-nationales-de-larcheologie"],"yoast_head":"<!-- This site is optimized with the Yoast SEO plugin v27.4 - https:\/\/yoast.com\/product\/yoast-seo-wordpress\/ -->\n<title>8e \u00e9dition des Journ\u00e9es nationales de l\u2019arch\u00e9ologie<\/title>\n<meta name=\"robots\" content=\"index, follow, max-snippet:-1, max-image-preview:large, max-video-preview:-1\" \/>\n<link rel=\"canonical\" href=\"https:\/\/batijournal.com\/index.php\/8e-edition-journees-nationales-de-larcheologie\/96229\/\" \/>\n<meta property=\"og:locale\" content=\"fr_FR\" \/>\n<meta property=\"og:type\" content=\"article\" \/>\n<meta property=\"og:title\" content=\"8e \u00e9dition des Journ\u00e9es nationales de l\u2019arch\u00e9ologie\" \/>\n<meta property=\"og:description\" content=\"La 8e \u00e9dition des Journ\u00e9es nationales de l\u2019arch\u00e9ologie (JNA) se d\u00e9roulere du 16 au 18 juin 2017. Rendez-vous incontournable pour d\u00e9couvrir les diff\u00e9rentes facettes de l\u2019arch\u00e9ologie. Ces journ\u00e9es sensibilisent le public \u00e0 la diversit\u00e9 du patrimoine arch\u00e9ologique et pr\u00e9sentent les derni\u00e8res avanc\u00e9es de la recherche. Les mus\u00e9es et sites arch\u00e9ologiques, laboratoires, centres d\u2019archives, organismes de [&hellip;]\" \/>\n<meta property=\"og:url\" content=\"https:\/\/batijournal.com\/index.php\/8e-edition-journees-nationales-de-larcheologie\/96229\/\" \/>\n<meta property=\"og:site_name\" content=\"Batijournal\" \/>\n<meta property=\"article:published_time\" content=\"2017-06-14T07:18:37+00:00\" \/>\n<meta property=\"article:modified_time\" content=\"2019-07-15T09:15:48+00:00\" \/>\n<meta property=\"og:image\" content=\"https:\/\/batijournal.com\/wp-content\/uploads\/2017\/06\/journees-nationales-archeologie.jpg\" \/>\n\t<meta property=\"og:image:width\" content=\"1200\" \/>\n\t<meta property=\"og:image:height\" content=\"1000\" \/>\n\t<meta property=\"og:image:type\" content=\"image\/jpeg\" \/>\n<meta name=\"author\" content=\"St\u00e9phane Miget\" \/>\n<meta name=\"twitter:card\" content=\"summary_large_image\" \/>\n<meta name=\"twitter:creator\" content=\"@bati_journal\" \/>\n<meta name=\"twitter:site\" content=\"@bati_journal\" \/>\n<meta name=\"twitter:label1\" content=\"\u00c9crit par\" \/>\n\t<meta name=\"twitter:data1\" content=\"St\u00e9phane Miget\" \/>\n<script type=\"application\/ld+json\" class=\"yoast-schema-graph\">{\"@context\":\"https:\\\/\\\/schema.org\",\"@graph\":[{\"@type\":\"Article\",\"@id\":\"https:\\\/\\\/batijournal.com\\\/index.php\\\/8e-edition-journees-nationales-de-larcheologie\\\/96229\\\/#article\",\"isPartOf\":{\"@id\":\"https:\\\/\\\/batijournal.com\\\/index.php\\\/8e-edition-journees-nationales-de-larcheologie\\\/96229\\\/\"},\"author\":{\"name\":\"St\u00e9phane Miget\",\"@id\":\"https:\\\/\\\/batijournal.com\\\/#\\\/schema\\\/person\\\/1dc96ec6957aa1ccb25ebe78bb19f100\"},\"headline\":\"8e \u00e9dition des Journ\u00e9es nationales de l\u2019arch\u00e9ologie\",\"datePublished\":\"2017-06-14T07:18:37+00:00\",\"dateModified\":\"2019-07-15T09:15:48+00:00\",\"mainEntityOfPage\":{\"@id\":\"https:\\\/\\\/batijournal.com\\\/index.php\\\/8e-edition-journees-nationales-de-larcheologie\\\/96229\\\/\"},\"wordCount\":109,\"image\":{\"@id\":\"https:\\\/\\\/batijournal.com\\\/index.php\\\/8e-edition-journees-nationales-de-larcheologie\\\/96229\\\/#primaryimage\"},\"thumbnailUrl\":\"https:\\\/\\\/batijournal.com\\\/wp-content\\\/uploads\\\/2017\\\/06\\\/journees-nationales-archeologie.jpg\",\"keywords\":[\"journees nationales de larcheologie\"],\"articleSection\":[\"Actualit\u00e9s\",\"Architecture &amp; Conception\"],\"inLanguage\":\"fr-FR\"},{\"@type\":\"WebPage\",\"@id\":\"https:\\\/\\\/batijournal.com\\\/index.php\\\/8e-edition-journees-nationales-de-larcheologie\\\/96229\\\/\",\"url\":\"https:\\\/\\\/batijournal.com\\\/index.php\\\/8e-edition-journees-nationales-de-larcheologie\\\/96229\\\/\",\"name\":\"8e \u00e9dition des Journ\u00e9es nationales de l\u2019arch\u00e9ologie\",\"isPartOf\":{\"@id\":\"https:\\\/\\\/batijournal.com\\\/#website\"},\"primaryImageOfPage\":{\"@id\":\"https:\\\/\\\/batijournal.com\\\/index.php\\\/8e-edition-journees-nationales-de-larcheologie\\\/96229\\\/#primaryimage\"},\"image\":{\"@id\":\"https:\\\/\\\/batijournal.com\\\/index.php\\\/8e-edition-journees-nationales-de-larcheologie\\\/96229\\\/#primaryimage\"},\"thumbnailUrl\":\"https:\\\/\\\/batijournal.com\\\/wp-content\\\/uploads\\\/2017\\\/06\\\/journees-nationales-archeologie.jpg\",\"datePublished\":\"2017-06-14T07:18:37+00:00\",\"dateModified\":\"2019-07-15T09:15:48+00:00\",\"author\":{\"@id\":\"https:\\\/\\\/batijournal.com\\\/#\\\/schema\\\/person\\\/1dc96ec6957aa1ccb25ebe78bb19f100\"},\"breadcrumb\":{\"@id\":\"https:\\\/\\\/batijournal.com\\\/index.php\\\/8e-edition-journees-nationales-de-larcheologie\\\/96229\\\/#breadcrumb\"},\"inLanguage\":\"fr-FR\",\"potentialAction\":[{\"@type\":\"ReadAction\",\"target\":[\"https:\\\/\\\/batijournal.com\\\/index.php\\\/8e-edition-journees-nationales-de-larcheologie\\\/96229\\\/\"]}]},{\"@type\":\"ImageObject\",\"inLanguage\":\"fr-FR\",\"@id\":\"https:\\\/\\\/batijournal.com\\\/index.php\\\/8e-edition-journees-nationales-de-larcheologie\\\/96229\\\/#primaryimage\",\"url\":\"https:\\\/\\\/batijournal.com\\\/wp-content\\\/uploads\\\/2017\\\/06\\\/journees-nationales-archeologie.jpg\",\"contentUrl\":\"https:\\\/\\\/batijournal.com\\\/wp-content\\\/uploads\\\/2017\\\/06\\\/journees-nationales-archeologie.jpg\",\"width\":1200,\"height\":1000},{\"@type\":\"BreadcrumbList\",\"@id\":\"https:\\\/\\\/batijournal.com\\\/index.php\\\/8e-edition-journees-nationales-de-larcheologie\\\/96229\\\/#breadcrumb\",\"itemListElement\":[{\"@type\":\"ListItem\",\"position\":1,\"name\":\"Accueil\",\"item\":\"https:\\\/\\\/batijournal.com\\\/\"},{\"@type\":\"ListItem\",\"position\":2,\"name\":\"Actualit\u00e9s\",\"item\":\"https:\\\/\\\/batijournal.com\\\/index.php\\\/category\\\/actualites\\\/\"},{\"@type\":\"ListItem\",\"position\":3,\"name\":\"8e \u00e9dition des Journ\u00e9es nationales de l\u2019arch\u00e9ologie\"}]},{\"@type\":\"WebSite\",\"@id\":\"https:\\\/\\\/batijournal.com\\\/#website\",\"url\":\"https:\\\/\\\/batijournal.com\\\/\",\"name\":\"Batijournal\",\"description\":\"L&#039;actualit\u00e9 du b\u00e2timent\",\"potentialAction\":[{\"@type\":\"SearchAction\",\"target\":{\"@type\":\"EntryPoint\",\"urlTemplate\":\"https:\\\/\\\/batijournal.com\\\/?s={search_term_string}\"},\"query-input\":{\"@type\":\"PropertyValueSpecification\",\"valueRequired\":true,\"valueName\":\"search_term_string\"}}],\"inLanguage\":\"fr-FR\"},{\"@type\":\"Person\",\"@id\":\"https:\\\/\\\/batijournal.com\\\/#\\\/schema\\\/person\\\/1dc96ec6957aa1ccb25ebe78bb19f100\",\"name\":\"St\u00e9phane Miget\",\"image\":{\"@type\":\"ImageObject\",\"inLanguage\":\"fr-FR\",\"@id\":\"https:\\\/\\\/secure.gravatar.com\\\/avatar\\\/89915563d925342126b8ef0281b93d9d7fc337043e8df017f780908eb9644451?s=96&d=mm&r=g\",\"url\":\"https:\\\/\\\/secure.gravatar.com\\\/avatar\\\/89915563d925342126b8ef0281b93d9d7fc337043e8df017f780908eb9644451?s=96&d=mm&r=g\",\"contentUrl\":\"https:\\\/\\\/secure.gravatar.com\\\/avatar\\\/89915563d925342126b8ef0281b93d9d7fc337043e8df017f780908eb9644451?s=96&d=mm&r=g\",\"caption\":\"St\u00e9phane Miget\"},\"url\":\"https:\\\/\\\/batijournal.com\\\/index.php\\\/author\\\/stephane\\\/\"}]}<\/script>\n<!-- \/ Yoast SEO plugin. -->","yoast_head_json":{"title":"8e \u00e9dition des Journ\u00e9es nationales de l\u2019arch\u00e9ologie","robots":{"index":"index","follow":"follow","max-snippet":"max-snippet:-1","max-image-preview":"max-image-preview:large","max-video-preview":"max-video-preview:-1"},"canonical":"https:\/\/batijournal.com\/index.php\/8e-edition-journees-nationales-de-larcheologie\/96229\/","og_locale":"fr_FR","og_type":"article","og_title":"8e \u00e9dition des Journ\u00e9es nationales de l\u2019arch\u00e9ologie","og_description":"La 8e \u00e9dition des Journ\u00e9es nationales de l\u2019arch\u00e9ologie (JNA) se d\u00e9roulere du 16 au 18 juin 2017. Rendez-vous incontournable pour d\u00e9couvrir les diff\u00e9rentes facettes de l\u2019arch\u00e9ologie. Ces journ\u00e9es sensibilisent le public \u00e0 la diversit\u00e9 du patrimoine arch\u00e9ologique et pr\u00e9sentent les derni\u00e8res avanc\u00e9es de la recherche. Les mus\u00e9es et sites arch\u00e9ologiques, laboratoires, centres d\u2019archives, organismes de [&hellip;]","og_url":"https:\/\/batijournal.com\/index.php\/8e-edition-journees-nationales-de-larcheologie\/96229\/","og_site_name":"Batijournal","article_published_time":"2017-06-14T07:18:37+00:00","article_modified_time":"2019-07-15T09:15:48+00:00","og_image":[{"width":1200,"height":1000,"url":"https:\/\/batijournal.com\/wp-content\/uploads\/2017\/06\/journees-nationales-archeologie.jpg","type":"image\/jpeg"}],"author":"St\u00e9phane Miget","twitter_card":"summary_large_image","twitter_creator":"@bati_journal","twitter_site":"@bati_journal","twitter_misc":{"\u00c9crit par":"St\u00e9phane Miget"},"schema":{"@context":"https:\/\/schema.org","@graph":[{"@type":"Article","@id":"https:\/\/batijournal.com\/index.php\/8e-edition-journees-nationales-de-larcheologie\/96229\/#article","isPartOf":{"@id":"https:\/\/batijournal.com\/index.php\/8e-edition-journees-nationales-de-larcheologie\/96229\/"},"author":{"name":"St\u00e9phane Miget","@id":"https:\/\/batijournal.com\/#\/schema\/person\/1dc96ec6957aa1ccb25ebe78bb19f100"},"headline":"8e \u00e9dition des Journ\u00e9es nationales de l\u2019arch\u00e9ologie","datePublished":"2017-06-14T07:18:37+00:00","dateModified":"2019-07-15T09:15:48+00:00","mainEntityOfPage":{"@id":"https:\/\/batijournal.com\/index.php\/8e-edition-journees-nationales-de-larcheologie\/96229\/"},"wordCount":109,"image":{"@id":"https:\/\/batijournal.com\/index.php\/8e-edition-journees-nationales-de-larcheologie\/96229\/#primaryimage"},"thumbnailUrl":"https:\/\/batijournal.com\/wp-content\/uploads\/2017\/06\/journees-nationales-archeologie.jpg","keywords":["journees nationales de larcheologie"],"articleSection":["Actualit\u00e9s","Architecture &amp; Conception"],"inLanguage":"fr-FR"},{"@type":"WebPage","@id":"https:\/\/batijournal.com\/index.php\/8e-edition-journees-nationales-de-larcheologie\/96229\/","url":"https:\/\/batijournal.com\/index.php\/8e-edition-journees-nationales-de-larcheologie\/96229\/","name":"8e \u00e9dition des Journ\u00e9es nationales de l\u2019arch\u00e9ologie","isPartOf":{"@id":"https:\/\/batijournal.com\/#website"},"primaryImageOfPage":{"@id":"https:\/\/batijournal.com\/index.php\/8e-edition-journees-nationales-de-larcheologie\/96229\/#primaryimage"},"image":{"@id":"https:\/\/batijournal.com\/index.php\/8e-edition-journees-nationales-de-larcheologie\/96229\/#primaryimage"},"thumbnailUrl":"https:\/\/batijournal.com\/wp-content\/uploads\/2017\/06\/journees-nationales-archeologie.jpg","datePublished":"2017-06-14T07:18:37+00:00","dateModified":"2019-07-15T09:15:48+00:00","author":{"@id":"https:\/\/batijournal.com\/#\/schema\/person\/1dc96ec6957aa1ccb25ebe78bb19f100"},"breadcrumb":{"@id":"https:\/\/batijournal.com\/index.php\/8e-edition-journees-nationales-de-larcheologie\/96229\/#breadcrumb"},"inLanguage":"fr-FR","potentialAction":[{"@type":"ReadAction","target":["https:\/\/batijournal.com\/index.php\/8e-edition-journees-nationales-de-larcheologie\/96229\/"]}]},{"@type":"ImageObject","inLanguage":"fr-FR","@id":"https:\/\/batijournal.com\/index.php\/8e-edition-journees-nationales-de-larcheologie\/96229\/#primaryimage","url":"https:\/\/batijournal.com\/wp-content\/uploads\/2017\/06\/journees-nationales-archeologie.jpg","contentUrl":"https:\/\/batijournal.com\/wp-content\/uploads\/2017\/06\/journees-nationales-archeologie.jpg","width":1200,"height":1000},{"@type":"BreadcrumbList","@id":"https:\/\/batijournal.com\/index.php\/8e-edition-journees-nationales-de-larcheologie\/96229\/#breadcrumb","itemListElement":[{"@type":"ListItem","position":1,"name":"Accueil","item":"https:\/\/batijournal.com\/"},{"@type":"ListItem","position":2,"name":"Actualit\u00e9s","item":"https:\/\/batijournal.com\/index.php\/category\/actualites\/"},{"@type":"ListItem","position":3,"name":"8e \u00e9dition des Journ\u00e9es nationales de l\u2019arch\u00e9ologie"}]},{"@type":"WebSite","@id":"https:\/\/batijournal.com\/#website","url":"https:\/\/batijournal.com\/","name":"Batijournal","description":"L&#039;actualit\u00e9 du b\u00e2timent","potentialAction":[{"@type":"SearchAction","target":{"@type":"EntryPoint","urlTemplate":"https:\/\/batijournal.com\/?s={search_term_string}"},"query-input":{"@type":"PropertyValueSpecification","valueRequired":true,"valueName":"search_term_string"}}],"inLanguage":"fr-FR"},{"@type":"Person","@id":"https:\/\/batijournal.com\/#\/schema\/person\/1dc96ec6957aa1ccb25ebe78bb19f100","name":"St\u00e9phane Miget","image":{"@type":"ImageObject","inLanguage":"fr-FR","@id":"https:\/\/secure.gravatar.com\/avatar\/89915563d925342126b8ef0281b93d9d7fc337043e8df017f780908eb9644451?s=96&d=mm&r=g","url":"https:\/\/secure.gravatar.com\/avatar\/89915563d925342126b8ef0281b93d9d7fc337043e8df017f780908eb9644451?s=96&d=mm&r=g","contentUrl":"https:\/\/secure.gravatar.com\/avatar\/89915563d925342126b8ef0281b93d9d7fc337043e8df017f780908eb9644451?s=96&d=mm&r=g","caption":"St\u00e9phane Miget"},"url":"https:\/\/batijournal.com\/index.php\/author\/stephane\/"}]}},"_links":{"self":[{"href":"https:\/\/batijournal.com\/index.php\/wp-json\/wp\/v2\/posts\/96229","targetHints":{"allow":["GET"]}}],"collection":[{"href":"https:\/\/batijournal.com\/index.php\/wp-json\/wp\/v2\/posts"}],"about":[{"href":"https:\/\/batijournal.com\/index.php\/wp-json\/wp\/v2\/types\/post"}],"author":[{"embeddable":true,"href":"https:\/\/batijournal.com\/index.php\/wp-json\/wp\/v2\/users\/17"}],"replies":[{"embeddable":true,"href":"https:\/\/batijournal.com\/index.php\/wp-json\/wp\/v2\/comments?post=96229"}],"version-history":[{"count":0,"href":"https:\/\/batijournal.com\/index.php\/wp-json\/wp\/v2\/posts\/96229\/revisions"}],"wp:featuredmedia":[{"embeddable":true,"href":"https:\/\/batijournal.com\/index.php\/wp-json\/wp\/v2\/media\/96230"}],"wp:attachment":[{"href":"https:\/\/batijournal.com\/index.php\/wp-json\/wp\/v2\/media?parent=96229"}],"wp:term":[{"taxonomy":"category","embeddable":true,"href":"https:\/\/batijournal.com\/index.php\/wp-json\/wp\/v2\/categories?post=96229"},{"taxonomy":"post_tag","embeddable":true,"href":"https:\/\/batijournal.com\/index.php\/wp-json\/wp\/v2\/tags?post=96229"}],"curies":[{"name":"wp","href":"https:\/\/api.w.org\/{rel}","templated":true}]}}