{"id":96254,"date":"2017-06-16T09:01:09","date_gmt":"2017-06-16T07:01:09","guid":{"rendered":"http:\/\/batijournal.com\/?p=96254"},"modified":"2019-07-15T12:10:53","modified_gmt":"2019-07-15T10:10:53","slug":"7-nouveaux-laureats-demonstrateurs-industriels-ville-durable","status":"publish","type":"post","link":"https:\/\/batijournal.com\/index.php\/7-nouveaux-laureats-demonstrateurs-industriels-ville-durable\/96254\/","title":{"rendered":"7 nouveaux laur\u00e9ats \u00ab D\u00e9monstrateurs industriels pour la ville durable \u00bb."},"content":{"rendered":"<p><strong>A l\u2019occasion de la deuxi\u00e8me session de l\u2019appel \u00e0 projets \u00ab D\u00e9monstrateurs industriels pour la ville durable \u00bb, le minist\u00e8re de la Transition \u00e9cologique et solidaire et le minist\u00e8re de la Coh\u00e9sion des territoires annoncent les 7 nouveaux laur\u00e9ats retenus dans le cadre de la deuxi\u00e8me session de l\u2019appel \u00e0 projets \u00ab D\u00e9monstrateurs industriels pour la ville durable \u00bb.\u00a0A travers cet appel \u00e0 projets, le gouvernement encourage l\u2019expression du savoir-faire de haut niveau dans les m\u00e9tiers et les technologies de la ville durable, qui contribue \u00e0 la r\u00e9putation, l\u2019attractivit\u00e9 et la comp\u00e9titivit\u00e9 de nos entreprises et de nos territoires \u00e0 l\u2019international.<\/strong><\/p>\n<p>5 nouveaux laur\u00e9ats rejoignent les 16 d\u00e9monstrateurs laur\u00e9ats de la session 2015-2016 :<\/p>\n<p><strong>SmartMargne port\u00e9 par Omexom et I2R \u00e0 Marmagne (Cher)<\/strong><br \/>\nInnovation et mise en application de la loi concernant l\u2019autoconsommation collective et le service de flexibilit\u00e9 associ\u00e9es \u00e0 une politique d\u2019efficacit\u00e9 \u00e9nerg\u00e9tique qui comprend la r\u00e9novation et l\u2019acculturation des usagers, le d\u00e9ploiement de l\u2019\u00e9lectromobilit\u00e9 et l\u2019implication citoyenne. Les verrous et le besoin d\u2019accompagnement sont identifi\u00e9s.<\/p>\n<p><strong>CORDEES \u2013 Clichy Batignolles port\u00e9 par Pars Batignolles Am\u00e9nagement \u00e0 Paris<\/strong><br \/>\nCr\u00e9ation d\u2019un facilitateur de quartier pour faire le lien entre trois solutions pour la transition \u00e9nerg\u00e9tique (nouvel accord de l\u2019\u00e9nergie, plateforme de gestion des donn\u00e9es \u00e9nerg\u00e9tiques, nouveaux services urbains). Le facilitateur fournira des recommandations techniques, assurera la coop\u00e9ration entre les parties prenantes, guidera les usagers dans l\u2019appropriation des diff\u00e9rents dispositifs et coordonnera la cr\u00e9ation et la mise en \u0153uvre de services. Il s\u2019agira du premier r\u00e9seau intelligent de Paris, avec une gouvernance unique et un mod\u00e8le pr\u00e9curseur d\u2019\u00e9cosyst\u00e8me \u00e9nerg\u00e9tique.<\/p>\n<p><strong>Cycle Terre port\u00e9 par GPA \u00e0 Sevran<\/strong><br \/>\nCycle Terre interroge l\u2019utilisation de la terre comme nouveau mat\u00e9riel de construction de la ville et propose pour ce faire de r\u00e9utiliser les terres excav\u00e9es dans le cadre de la cr\u00e9ation du r\u00e9seau du Grand Paris Express pour des constructions en terre \u00e0 Sevran. Les principaux acteurs de la terre et de la construction sont r\u00e9unis avec pour objectif de constituer une d\u00e9monstration de la possibilit\u00e9 d\u2019une v\u00e9ritable fili\u00e8re industrielle.<\/p>\n<p><strong>Capital Sant\u00e9 port\u00e9 par la SERM SA3M \u00e0 Montpellier<\/strong><br \/>\nProjet de plateforme servicielle intelligente \u00ab My Eur\u00eaka \u00bb int\u00e9grant des offres \u00e9volutives \u00e0 l\u2019attention de tous, compl\u00e9t\u00e9 d\u2019une plateforme physique \u00ab p\u00f4le autonomie sant\u00e9 \u00bb pour l\u2019autonomie et la sant\u00e9 aux 4 \u00e2ges de la vie. Ces deux op\u00e9rations ont pour vocation de constituer la vitrine d\u00e9monstrative du savoir-faire de Montpellier Capital Sant\u00e9 dans son objectif de d\u00e9mocratiser rapidement et durablement les aides \u00e0 l\u2019autonomie.<\/p>\n<p><strong>Maroni Lab port\u00e9 par l\u2019EPFA Guyane \u00e0 St Laurent du Maroni<\/strong><br \/>\nLe projet consiste en la mise en place d\u2019une plateforme d\u2019information et de production de donn\u00e9es interdisciplinaires pour cr\u00e9er un espace de r\u00e9flexion sur Saint Laurent du Maroni et f\u00e9d\u00e9rer des initiatives \u00e0 plusieurs \u00e9chelles, favoriser l\u2019\u00e9change entre les \u00e9lus, les acteurs locaux, la soci\u00e9t\u00e9 civile et les habitants. A terme il s\u2019agira d\u2019accompagner des projets et de g\u00e9n\u00e9rer des exp\u00e9rimentations urbaines et des processus adapt\u00e9s \u00e0 la singularit\u00e9 du territoire, et de mettre au point une fabrique de la ville \u00e0 travers les projets d\u2019auto-construction.<\/p>\n<p>2 candidatures laur\u00e9ates de la premi\u00e8re session de l\u2019appel \u00e0 projets \u00e9largissent leur p\u00e9rim\u00e8tre ou leurs th\u00e9matiques de projets<\/p>\n<p><strong>R\u00eave de Sc\u00e8nes Urbaines<\/strong> port\u00e9 par l\u2019association R\u00e9ve de Sc\u00e8nes Urbaines emmen\u00e9e par Vinci \u00e0 Plaine Commune, Sarcelles et Tours<br \/>\nIl s\u2019agit de faire b\u00e9n\u00e9ficier des territoires partenaires du retour d\u2019exp\u00e9rience de la d\u00e9marche poursuivie sur le territoire de Plaine Commune, et le cas \u00e9ch\u00e9ant, de d\u00e9velopper des projets innovants sur des territoires autres que le territoire de Plaine Commune. La dynamique du d\u00e9monstrateur R\u00eave de Sc\u00e8nes Urbaines pourra \u00eatre renforc\u00e9e gr\u00e2ce \u00e0 l\u2019apport d\u2019entreprises innovantes venant d\u2019autres territoires et qui pourront \u00eatre int\u00e9gr\u00e9es au d\u00e9monstrateur. Le projet pr\u00e9voit aussi d\u2019effectuer un transfert m\u00e9thodologique encadr\u00e9 dans le cadre d\u2019un partenariat inter-cluster.<\/p>\n<p><strong>EMUL &#8211; Eurom\u00e9diterran\u00e9e Metropolitan Urban Lab \u2013<\/strong> de l\u2019EPA Euromediterran\u00e9e avec la M\u00e9tropole Aix Marseille Provence<br \/>\nLe projet pr\u00e9voit d\u2019acc\u00e9l\u00e9rer la structuration d\u2019une d\u00e9marche d\u2019open-innovation, de d\u00e9multiplier l\u2019identification de solutions pertinentes pour la ville durable m\u00e9diterran\u00e9enne, avec un potentiel de maturit\u00e9 et de duplicabilit\u00e9 \u00e9lev\u00e9 pour r\u00e9pondre aux besoins identifi\u00e9s dans l\u2019OIN. Le projet est construit autour de 8 cas d\u2019usages concrets \u00e0 l\u2019appui de projets territorialis\u00e9s pour recentrer les enjeux \u00e9conomiques, environnementaux et sociaux.<\/p>\n<p>Visuel : ECOCITE MARSEILLE-EUROMEDITERRANEE<\/p>\n<p>&nbsp;<\/p>\n","protected":false},"excerpt":{"rendered":"<p>A l\u2019occasion de la deuxi\u00e8me session de l\u2019appel \u00e0 projets \u00ab D\u00e9monstrateurs industriels pour la ville durable \u00bb, le minist\u00e8re de la Transition \u00e9cologique et solidaire et le minist\u00e8re de la Coh\u00e9sion des territoires annoncent les 7 nouveaux laur\u00e9ats retenus dans le cadre de la deuxi\u00e8me session de l\u2019appel \u00e0 projets \u00ab D\u00e9monstrateurs industriels pour [&hellip;]<\/p>\n","protected":false},"author":17,"featured_media":96255,"comment_status":"closed","ping_status":"closed","sticky":false,"template":"","format":"standard","meta":{"_et_pb_use_builder":"","_et_pb_old_content":"","_et_gb_content_width":"","footnotes":""},"categories":[10530,6340],"tags":[1663],"class_list":["post-96254","post","type-post","status-publish","format-standard","has-post-thumbnail","hentry","category-actualites","category-architecture-conception","tag-ville-durable"],"yoast_head":"<!-- This site is optimized with the Yoast SEO plugin v27.4 - https:\/\/yoast.com\/product\/yoast-seo-wordpress\/ -->\n<title>7 nouveaux laur\u00e9ats \u00ab D\u00e9monstrateurs industriels pour la ville durable \u00bb.<\/title>\n<meta name=\"robots\" content=\"index, follow, max-snippet:-1, max-image-preview:large, max-video-preview:-1\" \/>\n<link rel=\"canonical\" href=\"https:\/\/batijournal.com\/index.php\/7-nouveaux-laureats-demonstrateurs-industriels-ville-durable\/96254\/\" \/>\n<meta property=\"og:locale\" content=\"fr_FR\" \/>\n<meta property=\"og:type\" content=\"article\" \/>\n<meta property=\"og:title\" content=\"7 nouveaux laur\u00e9ats \u00ab D\u00e9monstrateurs industriels pour la ville durable \u00bb.\" \/>\n<meta property=\"og:description\" content=\"A l\u2019occasion de la deuxi\u00e8me session de l\u2019appel \u00e0 projets \u00ab D\u00e9monstrateurs industriels pour la ville durable \u00bb, le minist\u00e8re de la Transition \u00e9cologique et solidaire et le minist\u00e8re de la Coh\u00e9sion des territoires annoncent les 7 nouveaux laur\u00e9ats retenus dans le cadre de la deuxi\u00e8me session de l\u2019appel \u00e0 projets \u00ab D\u00e9monstrateurs industriels pour [&hellip;]\" \/>\n<meta property=\"og:url\" content=\"https:\/\/batijournal.com\/index.php\/7-nouveaux-laureats-demonstrateurs-industriels-ville-durable\/96254\/\" \/>\n<meta property=\"og:site_name\" content=\"Batijournal\" \/>\n<meta property=\"article:published_time\" content=\"2017-06-16T07:01:09+00:00\" \/>\n<meta property=\"article:modified_time\" content=\"2019-07-15T10:10:53+00:00\" \/>\n<meta property=\"og:image\" content=\"https:\/\/batijournal.com\/wp-content\/uploads\/2017\/06\/ECOCITE-MARSEILLE-EUROMEDITERRANEE-1024x604.png\" \/>\n\t<meta property=\"og:image:width\" content=\"1024\" \/>\n\t<meta property=\"og:image:height\" content=\"604\" \/>\n\t<meta property=\"og:image:type\" content=\"image\/png\" \/>\n<meta name=\"author\" content=\"St\u00e9phane Miget\" \/>\n<meta name=\"twitter:card\" content=\"summary_large_image\" \/>\n<meta name=\"twitter:creator\" content=\"@bati_journal\" \/>\n<meta name=\"twitter:site\" content=\"@bati_journal\" \/>\n<meta name=\"twitter:label1\" content=\"\u00c9crit par\" \/>\n\t<meta name=\"twitter:data1\" content=\"St\u00e9phane Miget\" \/>\n\t<meta name=\"twitter:label2\" content=\"Dur\u00e9e de lecture estim\u00e9e\" \/>\n\t<meta name=\"twitter:data2\" content=\"4 minutes\" \/>\n<script type=\"application\/ld+json\" class=\"yoast-schema-graph\">{\"@context\":\"https:\\\/\\\/schema.org\",\"@graph\":[{\"@type\":\"Article\",\"@id\":\"https:\\\/\\\/batijournal.com\\\/index.php\\\/7-nouveaux-laureats-demonstrateurs-industriels-ville-durable\\\/96254\\\/#article\",\"isPartOf\":{\"@id\":\"https:\\\/\\\/batijournal.com\\\/index.php\\\/7-nouveaux-laureats-demonstrateurs-industriels-ville-durable\\\/96254\\\/\"},\"author\":{\"name\":\"St\u00e9phane Miget\",\"@id\":\"https:\\\/\\\/batijournal.com\\\/#\\\/schema\\\/person\\\/1dc96ec6957aa1ccb25ebe78bb19f100\"},\"headline\":\"7 nouveaux laur\u00e9ats \u00ab D\u00e9monstrateurs industriels pour la ville durable \u00bb.\",\"datePublished\":\"2017-06-16T07:01:09+00:00\",\"dateModified\":\"2019-07-15T10:10:53+00:00\",\"mainEntityOfPage\":{\"@id\":\"https:\\\/\\\/batijournal.com\\\/index.php\\\/7-nouveaux-laureats-demonstrateurs-industriels-ville-durable\\\/96254\\\/\"},\"wordCount\":826,\"image\":{\"@id\":\"https:\\\/\\\/batijournal.com\\\/index.php\\\/7-nouveaux-laureats-demonstrateurs-industriels-ville-durable\\\/96254\\\/#primaryimage\"},\"thumbnailUrl\":\"https:\\\/\\\/batijournal.com\\\/wp-content\\\/uploads\\\/2017\\\/06\\\/ECOCITE-MARSEILLE-EUROMEDITERRANEE.png\",\"keywords\":[\"ville durable\"],\"articleSection\":[\"Actualit\u00e9s\",\"Architecture &amp; Conception\"],\"inLanguage\":\"fr-FR\"},{\"@type\":\"WebPage\",\"@id\":\"https:\\\/\\\/batijournal.com\\\/index.php\\\/7-nouveaux-laureats-demonstrateurs-industriels-ville-durable\\\/96254\\\/\",\"url\":\"https:\\\/\\\/batijournal.com\\\/index.php\\\/7-nouveaux-laureats-demonstrateurs-industriels-ville-durable\\\/96254\\\/\",\"name\":\"7 nouveaux laur\u00e9ats \u00ab D\u00e9monstrateurs industriels pour la ville durable \u00bb.\",\"isPartOf\":{\"@id\":\"https:\\\/\\\/batijournal.com\\\/#website\"},\"primaryImageOfPage\":{\"@id\":\"https:\\\/\\\/batijournal.com\\\/index.php\\\/7-nouveaux-laureats-demonstrateurs-industriels-ville-durable\\\/96254\\\/#primaryimage\"},\"image\":{\"@id\":\"https:\\\/\\\/batijournal.com\\\/index.php\\\/7-nouveaux-laureats-demonstrateurs-industriels-ville-durable\\\/96254\\\/#primaryimage\"},\"thumbnailUrl\":\"https:\\\/\\\/batijournal.com\\\/wp-content\\\/uploads\\\/2017\\\/06\\\/ECOCITE-MARSEILLE-EUROMEDITERRANEE.png\",\"datePublished\":\"2017-06-16T07:01:09+00:00\",\"dateModified\":\"2019-07-15T10:10:53+00:00\",\"author\":{\"@id\":\"https:\\\/\\\/batijournal.com\\\/#\\\/schema\\\/person\\\/1dc96ec6957aa1ccb25ebe78bb19f100\"},\"breadcrumb\":{\"@id\":\"https:\\\/\\\/batijournal.com\\\/index.php\\\/7-nouveaux-laureats-demonstrateurs-industriels-ville-durable\\\/96254\\\/#breadcrumb\"},\"inLanguage\":\"fr-FR\",\"potentialAction\":[{\"@type\":\"ReadAction\",\"target\":[\"https:\\\/\\\/batijournal.com\\\/index.php\\\/7-nouveaux-laureats-demonstrateurs-industriels-ville-durable\\\/96254\\\/\"]}]},{\"@type\":\"ImageObject\",\"inLanguage\":\"fr-FR\",\"@id\":\"https:\\\/\\\/batijournal.com\\\/index.php\\\/7-nouveaux-laureats-demonstrateurs-industriels-ville-durable\\\/96254\\\/#primaryimage\",\"url\":\"https:\\\/\\\/batijournal.com\\\/wp-content\\\/uploads\\\/2017\\\/06\\\/ECOCITE-MARSEILLE-EUROMEDITERRANEE.png\",\"contentUrl\":\"https:\\\/\\\/batijournal.com\\\/wp-content\\\/uploads\\\/2017\\\/06\\\/ECOCITE-MARSEILLE-EUROMEDITERRANEE.png\",\"width\":1357,\"height\":801},{\"@type\":\"BreadcrumbList\",\"@id\":\"https:\\\/\\\/batijournal.com\\\/index.php\\\/7-nouveaux-laureats-demonstrateurs-industriels-ville-durable\\\/96254\\\/#breadcrumb\",\"itemListElement\":[{\"@type\":\"ListItem\",\"position\":1,\"name\":\"Accueil\",\"item\":\"https:\\\/\\\/batijournal.com\\\/\"},{\"@type\":\"ListItem\",\"position\":2,\"name\":\"Actualit\u00e9s\",\"item\":\"https:\\\/\\\/batijournal.com\\\/index.php\\\/category\\\/actualites\\\/\"},{\"@type\":\"ListItem\",\"position\":3,\"name\":\"7 nouveaux laur\u00e9ats \u00ab D\u00e9monstrateurs industriels pour la ville durable \u00bb.\"}]},{\"@type\":\"WebSite\",\"@id\":\"https:\\\/\\\/batijournal.com\\\/#website\",\"url\":\"https:\\\/\\\/batijournal.com\\\/\",\"name\":\"Batijournal\",\"description\":\"L&#039;actualit\u00e9 du b\u00e2timent\",\"potentialAction\":[{\"@type\":\"SearchAction\",\"target\":{\"@type\":\"EntryPoint\",\"urlTemplate\":\"https:\\\/\\\/batijournal.com\\\/?s={search_term_string}\"},\"query-input\":{\"@type\":\"PropertyValueSpecification\",\"valueRequired\":true,\"valueName\":\"search_term_string\"}}],\"inLanguage\":\"fr-FR\"},{\"@type\":\"Person\",\"@id\":\"https:\\\/\\\/batijournal.com\\\/#\\\/schema\\\/person\\\/1dc96ec6957aa1ccb25ebe78bb19f100\",\"name\":\"St\u00e9phane Miget\",\"image\":{\"@type\":\"ImageObject\",\"inLanguage\":\"fr-FR\",\"@id\":\"https:\\\/\\\/secure.gravatar.com\\\/avatar\\\/89915563d925342126b8ef0281b93d9d7fc337043e8df017f780908eb9644451?s=96&d=mm&r=g\",\"url\":\"https:\\\/\\\/secure.gravatar.com\\\/avatar\\\/89915563d925342126b8ef0281b93d9d7fc337043e8df017f780908eb9644451?s=96&d=mm&r=g\",\"contentUrl\":\"https:\\\/\\\/secure.gravatar.com\\\/avatar\\\/89915563d925342126b8ef0281b93d9d7fc337043e8df017f780908eb9644451?s=96&d=mm&r=g\",\"caption\":\"St\u00e9phane Miget\"},\"url\":\"https:\\\/\\\/batijournal.com\\\/index.php\\\/author\\\/stephane\\\/\"}]}<\/script>\n<!-- \/ Yoast SEO plugin. -->","yoast_head_json":{"title":"7 nouveaux laur\u00e9ats \u00ab D\u00e9monstrateurs industriels pour la ville durable \u00bb.","robots":{"index":"index","follow":"follow","max-snippet":"max-snippet:-1","max-image-preview":"max-image-preview:large","max-video-preview":"max-video-preview:-1"},"canonical":"https:\/\/batijournal.com\/index.php\/7-nouveaux-laureats-demonstrateurs-industriels-ville-durable\/96254\/","og_locale":"fr_FR","og_type":"article","og_title":"7 nouveaux laur\u00e9ats \u00ab D\u00e9monstrateurs industriels pour la ville durable \u00bb.","og_description":"A l\u2019occasion de la deuxi\u00e8me session de l\u2019appel \u00e0 projets \u00ab D\u00e9monstrateurs industriels pour la ville durable \u00bb, le minist\u00e8re de la Transition \u00e9cologique et solidaire et le minist\u00e8re de la Coh\u00e9sion des territoires annoncent les 7 nouveaux laur\u00e9ats retenus dans le cadre de la deuxi\u00e8me session de l\u2019appel \u00e0 projets \u00ab D\u00e9monstrateurs industriels pour [&hellip;]","og_url":"https:\/\/batijournal.com\/index.php\/7-nouveaux-laureats-demonstrateurs-industriels-ville-durable\/96254\/","og_site_name":"Batijournal","article_published_time":"2017-06-16T07:01:09+00:00","article_modified_time":"2019-07-15T10:10:53+00:00","og_image":[{"width":1024,"height":604,"url":"https:\/\/batijournal.com\/wp-content\/uploads\/2017\/06\/ECOCITE-MARSEILLE-EUROMEDITERRANEE-1024x604.png","type":"image\/png"}],"author":"St\u00e9phane Miget","twitter_card":"summary_large_image","twitter_creator":"@bati_journal","twitter_site":"@bati_journal","twitter_misc":{"\u00c9crit par":"St\u00e9phane Miget","Dur\u00e9e de lecture estim\u00e9e":"4 minutes"},"schema":{"@context":"https:\/\/schema.org","@graph":[{"@type":"Article","@id":"https:\/\/batijournal.com\/index.php\/7-nouveaux-laureats-demonstrateurs-industriels-ville-durable\/96254\/#article","isPartOf":{"@id":"https:\/\/batijournal.com\/index.php\/7-nouveaux-laureats-demonstrateurs-industriels-ville-durable\/96254\/"},"author":{"name":"St\u00e9phane Miget","@id":"https:\/\/batijournal.com\/#\/schema\/person\/1dc96ec6957aa1ccb25ebe78bb19f100"},"headline":"7 nouveaux laur\u00e9ats \u00ab D\u00e9monstrateurs industriels pour la ville durable \u00bb.","datePublished":"2017-06-16T07:01:09+00:00","dateModified":"2019-07-15T10:10:53+00:00","mainEntityOfPage":{"@id":"https:\/\/batijournal.com\/index.php\/7-nouveaux-laureats-demonstrateurs-industriels-ville-durable\/96254\/"},"wordCount":826,"image":{"@id":"https:\/\/batijournal.com\/index.php\/7-nouveaux-laureats-demonstrateurs-industriels-ville-durable\/96254\/#primaryimage"},"thumbnailUrl":"https:\/\/batijournal.com\/wp-content\/uploads\/2017\/06\/ECOCITE-MARSEILLE-EUROMEDITERRANEE.png","keywords":["ville durable"],"articleSection":["Actualit\u00e9s","Architecture &amp; Conception"],"inLanguage":"fr-FR"},{"@type":"WebPage","@id":"https:\/\/batijournal.com\/index.php\/7-nouveaux-laureats-demonstrateurs-industriels-ville-durable\/96254\/","url":"https:\/\/batijournal.com\/index.php\/7-nouveaux-laureats-demonstrateurs-industriels-ville-durable\/96254\/","name":"7 nouveaux laur\u00e9ats \u00ab D\u00e9monstrateurs industriels pour la ville durable \u00bb.","isPartOf":{"@id":"https:\/\/batijournal.com\/#website"},"primaryImageOfPage":{"@id":"https:\/\/batijournal.com\/index.php\/7-nouveaux-laureats-demonstrateurs-industriels-ville-durable\/96254\/#primaryimage"},"image":{"@id":"https:\/\/batijournal.com\/index.php\/7-nouveaux-laureats-demonstrateurs-industriels-ville-durable\/96254\/#primaryimage"},"thumbnailUrl":"https:\/\/batijournal.com\/wp-content\/uploads\/2017\/06\/ECOCITE-MARSEILLE-EUROMEDITERRANEE.png","datePublished":"2017-06-16T07:01:09+00:00","dateModified":"2019-07-15T10:10:53+00:00","author":{"@id":"https:\/\/batijournal.com\/#\/schema\/person\/1dc96ec6957aa1ccb25ebe78bb19f100"},"breadcrumb":{"@id":"https:\/\/batijournal.com\/index.php\/7-nouveaux-laureats-demonstrateurs-industriels-ville-durable\/96254\/#breadcrumb"},"inLanguage":"fr-FR","potentialAction":[{"@type":"ReadAction","target":["https:\/\/batijournal.com\/index.php\/7-nouveaux-laureats-demonstrateurs-industriels-ville-durable\/96254\/"]}]},{"@type":"ImageObject","inLanguage":"fr-FR","@id":"https:\/\/batijournal.com\/index.php\/7-nouveaux-laureats-demonstrateurs-industriels-ville-durable\/96254\/#primaryimage","url":"https:\/\/batijournal.com\/wp-content\/uploads\/2017\/06\/ECOCITE-MARSEILLE-EUROMEDITERRANEE.png","contentUrl":"https:\/\/batijournal.com\/wp-content\/uploads\/2017\/06\/ECOCITE-MARSEILLE-EUROMEDITERRANEE.png","width":1357,"height":801},{"@type":"BreadcrumbList","@id":"https:\/\/batijournal.com\/index.php\/7-nouveaux-laureats-demonstrateurs-industriels-ville-durable\/96254\/#breadcrumb","itemListElement":[{"@type":"ListItem","position":1,"name":"Accueil","item":"https:\/\/batijournal.com\/"},{"@type":"ListItem","position":2,"name":"Actualit\u00e9s","item":"https:\/\/batijournal.com\/index.php\/category\/actualites\/"},{"@type":"ListItem","position":3,"name":"7 nouveaux laur\u00e9ats \u00ab D\u00e9monstrateurs industriels pour la ville durable \u00bb."}]},{"@type":"WebSite","@id":"https:\/\/batijournal.com\/#website","url":"https:\/\/batijournal.com\/","name":"Batijournal","description":"L&#039;actualit\u00e9 du b\u00e2timent","potentialAction":[{"@type":"SearchAction","target":{"@type":"EntryPoint","urlTemplate":"https:\/\/batijournal.com\/?s={search_term_string}"},"query-input":{"@type":"PropertyValueSpecification","valueRequired":true,"valueName":"search_term_string"}}],"inLanguage":"fr-FR"},{"@type":"Person","@id":"https:\/\/batijournal.com\/#\/schema\/person\/1dc96ec6957aa1ccb25ebe78bb19f100","name":"St\u00e9phane Miget","image":{"@type":"ImageObject","inLanguage":"fr-FR","@id":"https:\/\/secure.gravatar.com\/avatar\/89915563d925342126b8ef0281b93d9d7fc337043e8df017f780908eb9644451?s=96&d=mm&r=g","url":"https:\/\/secure.gravatar.com\/avatar\/89915563d925342126b8ef0281b93d9d7fc337043e8df017f780908eb9644451?s=96&d=mm&r=g","contentUrl":"https:\/\/secure.gravatar.com\/avatar\/89915563d925342126b8ef0281b93d9d7fc337043e8df017f780908eb9644451?s=96&d=mm&r=g","caption":"St\u00e9phane Miget"},"url":"https:\/\/batijournal.com\/index.php\/author\/stephane\/"}]}},"_links":{"self":[{"href":"https:\/\/batijournal.com\/index.php\/wp-json\/wp\/v2\/posts\/96254","targetHints":{"allow":["GET"]}}],"collection":[{"href":"https:\/\/batijournal.com\/index.php\/wp-json\/wp\/v2\/posts"}],"about":[{"href":"https:\/\/batijournal.com\/index.php\/wp-json\/wp\/v2\/types\/post"}],"author":[{"embeddable":true,"href":"https:\/\/batijournal.com\/index.php\/wp-json\/wp\/v2\/users\/17"}],"replies":[{"embeddable":true,"href":"https:\/\/batijournal.com\/index.php\/wp-json\/wp\/v2\/comments?post=96254"}],"version-history":[{"count":0,"href":"https:\/\/batijournal.com\/index.php\/wp-json\/wp\/v2\/posts\/96254\/revisions"}],"wp:featuredmedia":[{"embeddable":true,"href":"https:\/\/batijournal.com\/index.php\/wp-json\/wp\/v2\/media\/96255"}],"wp:attachment":[{"href":"https:\/\/batijournal.com\/index.php\/wp-json\/wp\/v2\/media?parent=96254"}],"wp:term":[{"taxonomy":"category","embeddable":true,"href":"https:\/\/batijournal.com\/index.php\/wp-json\/wp\/v2\/categories?post=96254"},{"taxonomy":"post_tag","embeddable":true,"href":"https:\/\/batijournal.com\/index.php\/wp-json\/wp\/v2\/tags?post=96254"}],"curies":[{"name":"wp","href":"https:\/\/api.w.org\/{rel}","templated":true}]}}