{"id":96295,"date":"2017-06-21T12:25:48","date_gmt":"2017-06-21T10:25:48","guid":{"rendered":"http:\/\/batijournal.com\/?p=96295"},"modified":"2019-07-15T11:27:17","modified_gmt":"2019-07-15T09:27:17","slug":"groupe-eiffage-retenu-realiser-facade-charpente-nouveau-siege-monde","status":"publish","type":"post","link":"https:\/\/batijournal.com\/index.php\/groupe-eiffage-retenu-realiser-facade-charpente-nouveau-siege-monde\/96295\/","title":{"rendered":"Le groupe Eiffage retenu pour r\u00e9aliser la fa\u00e7ade et la charpente du nouveau si\u00e8ge du Monde"},"content":{"rendered":"<p>Ce projet d&rsquo;un montant de 43M\u20ac regroupera, dans un b\u00e2timent de 23 000m2 dans le 13\u00e8me arrondissement, les titres des groupes Le Monde et Nouvel Observateur.<\/p>\n<p>Le b\u00e2timent-pont R7 sera \u00e9rig\u00e9 sur deux piles et port\u00e9 par une structure m\u00e9tallique construite en partie \u00e0 Lauterbourg en Alsace dans l&rsquo;une des usines Eiffage M\u00e9tal. La fa\u00e7ade sera compos\u00e9e de deux enveloppes superpos\u00e9es dont une \u00e9tanche et l&rsquo;autre \u00e0 vocation d\u00e9corative. Il sera construit sur une dalle renforc\u00e9e par Eiffage G\u00e9nie Civil.<\/p>\n<p>Le b\u00e2timent a \u00e9t\u00e9 imagin\u00e9 par les cabinets d&rsquo;architecture Snohetta et Sra-Architectes.<\/p>\n<p>Photo : Snohetta &#8211; Sra Architectes<\/p>\n","protected":false},"excerpt":{"rendered":"<p>Ce projet d&rsquo;un montant de 43M\u20ac regroupera, dans un b\u00e2timent de 23 000m2 dans le 13\u00e8me arrondissement, les titres des groupes Le Monde et Nouvel Observateur. Le b\u00e2timent-pont R7 sera \u00e9rig\u00e9 sur deux piles et port\u00e9 par une structure m\u00e9tallique construite en partie \u00e0 Lauterbourg en Alsace dans l&rsquo;une des usines Eiffage M\u00e9tal. La fa\u00e7ade [&hellip;]<\/p>\n","protected":false},"author":1,"featured_media":96296,"comment_status":"closed","ping_status":"closed","sticky":false,"template":"","format":"standard","meta":{"_et_pb_use_builder":"","_et_pb_old_content":"","_et_gb_content_width":"","footnotes":""},"categories":[6340,10775],"tags":[12015,12016],"class_list":["post-96295","post","type-post","status-publish","format-standard","has-post-thumbnail","hentry","category-architecture-conception","category-actualites-5facades","tag-eiffage","tag-le-monde"],"yoast_head":"<!-- This site is optimized with the Yoast SEO plugin v27.4 - https:\/\/yoast.com\/product\/yoast-seo-wordpress\/ -->\n<title>Le groupe Eiffage retenu pour r\u00e9aliser la fa\u00e7ade et la charpente du nouveau si\u00e8ge du Monde<\/title>\n<meta name=\"robots\" content=\"index, follow, max-snippet:-1, max-image-preview:large, max-video-preview:-1\" \/>\n<link rel=\"canonical\" href=\"https:\/\/batijournal.com\/index.php\/groupe-eiffage-retenu-realiser-facade-charpente-nouveau-siege-monde\/96295\/\" \/>\n<meta property=\"og:locale\" content=\"fr_FR\" \/>\n<meta property=\"og:type\" content=\"article\" \/>\n<meta property=\"og:title\" content=\"Le groupe Eiffage retenu pour r\u00e9aliser la fa\u00e7ade et la charpente du nouveau si\u00e8ge du Monde\" \/>\n<meta property=\"og:description\" content=\"Ce projet d&rsquo;un montant de 43M\u20ac regroupera, dans un b\u00e2timent de 23 000m2 dans le 13\u00e8me arrondissement, les titres des groupes Le Monde et Nouvel Observateur. Le b\u00e2timent-pont R7 sera \u00e9rig\u00e9 sur deux piles et port\u00e9 par une structure m\u00e9tallique construite en partie \u00e0 Lauterbourg en Alsace dans l&rsquo;une des usines Eiffage M\u00e9tal. La fa\u00e7ade [&hellip;]\" \/>\n<meta property=\"og:url\" content=\"https:\/\/batijournal.com\/index.php\/groupe-eiffage-retenu-realiser-facade-charpente-nouveau-siege-monde\/96295\/\" \/>\n<meta property=\"og:site_name\" content=\"Batijournal\" \/>\n<meta property=\"article:published_time\" content=\"2017-06-21T10:25:48+00:00\" \/>\n<meta property=\"article:modified_time\" content=\"2019-07-15T09:27:17+00:00\" \/>\n<meta property=\"og:image\" content=\"https:\/\/batijournal.com\/wp-content\/uploads\/2017\/06\/Le-Monde-2.jpg\" \/>\n\t<meta property=\"og:image:width\" content=\"1114\" \/>\n\t<meta property=\"og:image:height\" content=\"714\" \/>\n\t<meta property=\"og:image:type\" content=\"image\/jpeg\" \/>\n<meta name=\"author\" content=\"Bati-journal\" \/>\n<meta name=\"twitter:card\" content=\"summary_large_image\" \/>\n<meta name=\"twitter:creator\" content=\"@bati_journal\" \/>\n<meta name=\"twitter:site\" content=\"@bati_journal\" \/>\n<meta name=\"twitter:label1\" content=\"\u00c9crit par\" \/>\n\t<meta name=\"twitter:data1\" content=\"Bati-journal\" \/>\n\t<meta name=\"twitter:label2\" content=\"Dur\u00e9e de lecture estim\u00e9e\" \/>\n\t<meta name=\"twitter:data2\" content=\"1 minute\" \/>\n<script type=\"application\/ld+json\" class=\"yoast-schema-graph\">{\"@context\":\"https:\\\/\\\/schema.org\",\"@graph\":[{\"@type\":\"Article\",\"@id\":\"https:\\\/\\\/batijournal.com\\\/index.php\\\/groupe-eiffage-retenu-realiser-facade-charpente-nouveau-siege-monde\\\/96295\\\/#article\",\"isPartOf\":{\"@id\":\"https:\\\/\\\/batijournal.com\\\/index.php\\\/groupe-eiffage-retenu-realiser-facade-charpente-nouveau-siege-monde\\\/96295\\\/\"},\"author\":{\"name\":\"Bati-journal\",\"@id\":\"https:\\\/\\\/batijournal.com\\\/#\\\/schema\\\/person\\\/6a657e8967569e1b299972574848aa76\"},\"headline\":\"Le groupe Eiffage retenu pour r\u00e9aliser la fa\u00e7ade et la charpente du nouveau si\u00e8ge du Monde\",\"datePublished\":\"2017-06-21T10:25:48+00:00\",\"dateModified\":\"2019-07-15T09:27:17+00:00\",\"mainEntityOfPage\":{\"@id\":\"https:\\\/\\\/batijournal.com\\\/index.php\\\/groupe-eiffage-retenu-realiser-facade-charpente-nouveau-siege-monde\\\/96295\\\/\"},\"wordCount\":128,\"image\":{\"@id\":\"https:\\\/\\\/batijournal.com\\\/index.php\\\/groupe-eiffage-retenu-realiser-facade-charpente-nouveau-siege-monde\\\/96295\\\/#primaryimage\"},\"thumbnailUrl\":\"https:\\\/\\\/batijournal.com\\\/wp-content\\\/uploads\\\/2017\\\/06\\\/Le-Monde-2.jpg\",\"keywords\":[\"Eiffage\",\"Le Monde\"],\"articleSection\":[\"Architecture &amp; Conception\",\"zz_Actualit\u00e9s - 5fa\u00e7ades\"],\"inLanguage\":\"fr-FR\"},{\"@type\":\"WebPage\",\"@id\":\"https:\\\/\\\/batijournal.com\\\/index.php\\\/groupe-eiffage-retenu-realiser-facade-charpente-nouveau-siege-monde\\\/96295\\\/\",\"url\":\"https:\\\/\\\/batijournal.com\\\/index.php\\\/groupe-eiffage-retenu-realiser-facade-charpente-nouveau-siege-monde\\\/96295\\\/\",\"name\":\"Le groupe Eiffage retenu pour r\u00e9aliser la fa\u00e7ade et la charpente du nouveau si\u00e8ge du Monde\",\"isPartOf\":{\"@id\":\"https:\\\/\\\/batijournal.com\\\/#website\"},\"primaryImageOfPage\":{\"@id\":\"https:\\\/\\\/batijournal.com\\\/index.php\\\/groupe-eiffage-retenu-realiser-facade-charpente-nouveau-siege-monde\\\/96295\\\/#primaryimage\"},\"image\":{\"@id\":\"https:\\\/\\\/batijournal.com\\\/index.php\\\/groupe-eiffage-retenu-realiser-facade-charpente-nouveau-siege-monde\\\/96295\\\/#primaryimage\"},\"thumbnailUrl\":\"https:\\\/\\\/batijournal.com\\\/wp-content\\\/uploads\\\/2017\\\/06\\\/Le-Monde-2.jpg\",\"datePublished\":\"2017-06-21T10:25:48+00:00\",\"dateModified\":\"2019-07-15T09:27:17+00:00\",\"author\":{\"@id\":\"https:\\\/\\\/batijournal.com\\\/#\\\/schema\\\/person\\\/6a657e8967569e1b299972574848aa76\"},\"breadcrumb\":{\"@id\":\"https:\\\/\\\/batijournal.com\\\/index.php\\\/groupe-eiffage-retenu-realiser-facade-charpente-nouveau-siege-monde\\\/96295\\\/#breadcrumb\"},\"inLanguage\":\"fr-FR\",\"potentialAction\":[{\"@type\":\"ReadAction\",\"target\":[\"https:\\\/\\\/batijournal.com\\\/index.php\\\/groupe-eiffage-retenu-realiser-facade-charpente-nouveau-siege-monde\\\/96295\\\/\"]}]},{\"@type\":\"ImageObject\",\"inLanguage\":\"fr-FR\",\"@id\":\"https:\\\/\\\/batijournal.com\\\/index.php\\\/groupe-eiffage-retenu-realiser-facade-charpente-nouveau-siege-monde\\\/96295\\\/#primaryimage\",\"url\":\"https:\\\/\\\/batijournal.com\\\/wp-content\\\/uploads\\\/2017\\\/06\\\/Le-Monde-2.jpg\",\"contentUrl\":\"https:\\\/\\\/batijournal.com\\\/wp-content\\\/uploads\\\/2017\\\/06\\\/Le-Monde-2.jpg\",\"width\":1114,\"height\":714},{\"@type\":\"BreadcrumbList\",\"@id\":\"https:\\\/\\\/batijournal.com\\\/index.php\\\/groupe-eiffage-retenu-realiser-facade-charpente-nouveau-siege-monde\\\/96295\\\/#breadcrumb\",\"itemListElement\":[{\"@type\":\"ListItem\",\"position\":1,\"name\":\"Accueil\",\"item\":\"https:\\\/\\\/batijournal.com\\\/\"},{\"@type\":\"ListItem\",\"position\":2,\"name\":\"Actualit\u00e9s\",\"item\":\"https:\\\/\\\/batijournal.com\\\/index.php\\\/category\\\/actualites\\\/\"},{\"@type\":\"ListItem\",\"position\":3,\"name\":\"Architecture &amp; Conception\",\"item\":\"https:\\\/\\\/batijournal.com\\\/index.php\\\/category\\\/actualites\\\/architecture-conception\\\/\"},{\"@type\":\"ListItem\",\"position\":4,\"name\":\"Le groupe Eiffage retenu pour r\u00e9aliser la fa\u00e7ade et la charpente du nouveau si\u00e8ge du Monde\"}]},{\"@type\":\"WebSite\",\"@id\":\"https:\\\/\\\/batijournal.com\\\/#website\",\"url\":\"https:\\\/\\\/batijournal.com\\\/\",\"name\":\"Batijournal\",\"description\":\"L&#039;actualit\u00e9 du b\u00e2timent\",\"potentialAction\":[{\"@type\":\"SearchAction\",\"target\":{\"@type\":\"EntryPoint\",\"urlTemplate\":\"https:\\\/\\\/batijournal.com\\\/?s={search_term_string}\"},\"query-input\":{\"@type\":\"PropertyValueSpecification\",\"valueRequired\":true,\"valueName\":\"search_term_string\"}}],\"inLanguage\":\"fr-FR\"},{\"@type\":\"Person\",\"@id\":\"https:\\\/\\\/batijournal.com\\\/#\\\/schema\\\/person\\\/6a657e8967569e1b299972574848aa76\",\"name\":\"Bati-journal\",\"image\":{\"@type\":\"ImageObject\",\"inLanguage\":\"fr-FR\",\"@id\":\"https:\\\/\\\/secure.gravatar.com\\\/avatar\\\/a64364ea26392f9b4dd47e017ddaec74ff03aefc073b49e492e847201258f777?s=96&d=mm&r=g\",\"url\":\"https:\\\/\\\/secure.gravatar.com\\\/avatar\\\/a64364ea26392f9b4dd47e017ddaec74ff03aefc073b49e492e847201258f777?s=96&d=mm&r=g\",\"contentUrl\":\"https:\\\/\\\/secure.gravatar.com\\\/avatar\\\/a64364ea26392f9b4dd47e017ddaec74ff03aefc073b49e492e847201258f777?s=96&d=mm&r=g\",\"caption\":\"Bati-journal\"},\"url\":\"https:\\\/\\\/batijournal.com\\\/index.php\\\/author\\\/elodie\\\/\"}]}<\/script>\n<!-- \/ Yoast SEO plugin. -->","yoast_head_json":{"title":"Le groupe Eiffage retenu pour r\u00e9aliser la fa\u00e7ade et la charpente du nouveau si\u00e8ge du Monde","robots":{"index":"index","follow":"follow","max-snippet":"max-snippet:-1","max-image-preview":"max-image-preview:large","max-video-preview":"max-video-preview:-1"},"canonical":"https:\/\/batijournal.com\/index.php\/groupe-eiffage-retenu-realiser-facade-charpente-nouveau-siege-monde\/96295\/","og_locale":"fr_FR","og_type":"article","og_title":"Le groupe Eiffage retenu pour r\u00e9aliser la fa\u00e7ade et la charpente du nouveau si\u00e8ge du Monde","og_description":"Ce projet d&rsquo;un montant de 43M\u20ac regroupera, dans un b\u00e2timent de 23 000m2 dans le 13\u00e8me arrondissement, les titres des groupes Le Monde et Nouvel Observateur. Le b\u00e2timent-pont R7 sera \u00e9rig\u00e9 sur deux piles et port\u00e9 par une structure m\u00e9tallique construite en partie \u00e0 Lauterbourg en Alsace dans l&rsquo;une des usines Eiffage M\u00e9tal. La fa\u00e7ade [&hellip;]","og_url":"https:\/\/batijournal.com\/index.php\/groupe-eiffage-retenu-realiser-facade-charpente-nouveau-siege-monde\/96295\/","og_site_name":"Batijournal","article_published_time":"2017-06-21T10:25:48+00:00","article_modified_time":"2019-07-15T09:27:17+00:00","og_image":[{"width":1114,"height":714,"url":"https:\/\/batijournal.com\/wp-content\/uploads\/2017\/06\/Le-Monde-2.jpg","type":"image\/jpeg"}],"author":"Bati-journal","twitter_card":"summary_large_image","twitter_creator":"@bati_journal","twitter_site":"@bati_journal","twitter_misc":{"\u00c9crit par":"Bati-journal","Dur\u00e9e de lecture estim\u00e9e":"1 minute"},"schema":{"@context":"https:\/\/schema.org","@graph":[{"@type":"Article","@id":"https:\/\/batijournal.com\/index.php\/groupe-eiffage-retenu-realiser-facade-charpente-nouveau-siege-monde\/96295\/#article","isPartOf":{"@id":"https:\/\/batijournal.com\/index.php\/groupe-eiffage-retenu-realiser-facade-charpente-nouveau-siege-monde\/96295\/"},"author":{"name":"Bati-journal","@id":"https:\/\/batijournal.com\/#\/schema\/person\/6a657e8967569e1b299972574848aa76"},"headline":"Le groupe Eiffage retenu pour r\u00e9aliser la fa\u00e7ade et la charpente du nouveau si\u00e8ge du Monde","datePublished":"2017-06-21T10:25:48+00:00","dateModified":"2019-07-15T09:27:17+00:00","mainEntityOfPage":{"@id":"https:\/\/batijournal.com\/index.php\/groupe-eiffage-retenu-realiser-facade-charpente-nouveau-siege-monde\/96295\/"},"wordCount":128,"image":{"@id":"https:\/\/batijournal.com\/index.php\/groupe-eiffage-retenu-realiser-facade-charpente-nouveau-siege-monde\/96295\/#primaryimage"},"thumbnailUrl":"https:\/\/batijournal.com\/wp-content\/uploads\/2017\/06\/Le-Monde-2.jpg","keywords":["Eiffage","Le Monde"],"articleSection":["Architecture &amp; Conception","zz_Actualit\u00e9s - 5fa\u00e7ades"],"inLanguage":"fr-FR"},{"@type":"WebPage","@id":"https:\/\/batijournal.com\/index.php\/groupe-eiffage-retenu-realiser-facade-charpente-nouveau-siege-monde\/96295\/","url":"https:\/\/batijournal.com\/index.php\/groupe-eiffage-retenu-realiser-facade-charpente-nouveau-siege-monde\/96295\/","name":"Le groupe Eiffage retenu pour r\u00e9aliser la fa\u00e7ade et la charpente du nouveau si\u00e8ge du Monde","isPartOf":{"@id":"https:\/\/batijournal.com\/#website"},"primaryImageOfPage":{"@id":"https:\/\/batijournal.com\/index.php\/groupe-eiffage-retenu-realiser-facade-charpente-nouveau-siege-monde\/96295\/#primaryimage"},"image":{"@id":"https:\/\/batijournal.com\/index.php\/groupe-eiffage-retenu-realiser-facade-charpente-nouveau-siege-monde\/96295\/#primaryimage"},"thumbnailUrl":"https:\/\/batijournal.com\/wp-content\/uploads\/2017\/06\/Le-Monde-2.jpg","datePublished":"2017-06-21T10:25:48+00:00","dateModified":"2019-07-15T09:27:17+00:00","author":{"@id":"https:\/\/batijournal.com\/#\/schema\/person\/6a657e8967569e1b299972574848aa76"},"breadcrumb":{"@id":"https:\/\/batijournal.com\/index.php\/groupe-eiffage-retenu-realiser-facade-charpente-nouveau-siege-monde\/96295\/#breadcrumb"},"inLanguage":"fr-FR","potentialAction":[{"@type":"ReadAction","target":["https:\/\/batijournal.com\/index.php\/groupe-eiffage-retenu-realiser-facade-charpente-nouveau-siege-monde\/96295\/"]}]},{"@type":"ImageObject","inLanguage":"fr-FR","@id":"https:\/\/batijournal.com\/index.php\/groupe-eiffage-retenu-realiser-facade-charpente-nouveau-siege-monde\/96295\/#primaryimage","url":"https:\/\/batijournal.com\/wp-content\/uploads\/2017\/06\/Le-Monde-2.jpg","contentUrl":"https:\/\/batijournal.com\/wp-content\/uploads\/2017\/06\/Le-Monde-2.jpg","width":1114,"height":714},{"@type":"BreadcrumbList","@id":"https:\/\/batijournal.com\/index.php\/groupe-eiffage-retenu-realiser-facade-charpente-nouveau-siege-monde\/96295\/#breadcrumb","itemListElement":[{"@type":"ListItem","position":1,"name":"Accueil","item":"https:\/\/batijournal.com\/"},{"@type":"ListItem","position":2,"name":"Actualit\u00e9s","item":"https:\/\/batijournal.com\/index.php\/category\/actualites\/"},{"@type":"ListItem","position":3,"name":"Architecture &amp; Conception","item":"https:\/\/batijournal.com\/index.php\/category\/actualites\/architecture-conception\/"},{"@type":"ListItem","position":4,"name":"Le groupe Eiffage retenu pour r\u00e9aliser la fa\u00e7ade et la charpente du nouveau si\u00e8ge du Monde"}]},{"@type":"WebSite","@id":"https:\/\/batijournal.com\/#website","url":"https:\/\/batijournal.com\/","name":"Batijournal","description":"L&#039;actualit\u00e9 du b\u00e2timent","potentialAction":[{"@type":"SearchAction","target":{"@type":"EntryPoint","urlTemplate":"https:\/\/batijournal.com\/?s={search_term_string}"},"query-input":{"@type":"PropertyValueSpecification","valueRequired":true,"valueName":"search_term_string"}}],"inLanguage":"fr-FR"},{"@type":"Person","@id":"https:\/\/batijournal.com\/#\/schema\/person\/6a657e8967569e1b299972574848aa76","name":"Bati-journal","image":{"@type":"ImageObject","inLanguage":"fr-FR","@id":"https:\/\/secure.gravatar.com\/avatar\/a64364ea26392f9b4dd47e017ddaec74ff03aefc073b49e492e847201258f777?s=96&d=mm&r=g","url":"https:\/\/secure.gravatar.com\/avatar\/a64364ea26392f9b4dd47e017ddaec74ff03aefc073b49e492e847201258f777?s=96&d=mm&r=g","contentUrl":"https:\/\/secure.gravatar.com\/avatar\/a64364ea26392f9b4dd47e017ddaec74ff03aefc073b49e492e847201258f777?s=96&d=mm&r=g","caption":"Bati-journal"},"url":"https:\/\/batijournal.com\/index.php\/author\/elodie\/"}]}},"_links":{"self":[{"href":"https:\/\/batijournal.com\/index.php\/wp-json\/wp\/v2\/posts\/96295","targetHints":{"allow":["GET"]}}],"collection":[{"href":"https:\/\/batijournal.com\/index.php\/wp-json\/wp\/v2\/posts"}],"about":[{"href":"https:\/\/batijournal.com\/index.php\/wp-json\/wp\/v2\/types\/post"}],"author":[{"embeddable":true,"href":"https:\/\/batijournal.com\/index.php\/wp-json\/wp\/v2\/users\/1"}],"replies":[{"embeddable":true,"href":"https:\/\/batijournal.com\/index.php\/wp-json\/wp\/v2\/comments?post=96295"}],"version-history":[{"count":0,"href":"https:\/\/batijournal.com\/index.php\/wp-json\/wp\/v2\/posts\/96295\/revisions"}],"wp:featuredmedia":[{"embeddable":true,"href":"https:\/\/batijournal.com\/index.php\/wp-json\/wp\/v2\/media\/96296"}],"wp:attachment":[{"href":"https:\/\/batijournal.com\/index.php\/wp-json\/wp\/v2\/media?parent=96295"}],"wp:term":[{"taxonomy":"category","embeddable":true,"href":"https:\/\/batijournal.com\/index.php\/wp-json\/wp\/v2\/categories?post=96295"},{"taxonomy":"post_tag","embeddable":true,"href":"https:\/\/batijournal.com\/index.php\/wp-json\/wp\/v2\/tags?post=96295"}],"curies":[{"name":"wp","href":"https:\/\/api.w.org\/{rel}","templated":true}]}}