{"id":96303,"date":"2017-06-22T07:59:28","date_gmt":"2017-06-22T05:59:28","guid":{"rendered":"http:\/\/batijournal.com\/?p=96303"},"modified":"2019-07-15T12:08:44","modified_gmt":"2019-07-15T10:08:44","slug":"nouvelle-tarification-avis-techniques-dta-lufme-reagit","status":"publish","type":"post","link":"https:\/\/batijournal.com\/index.php\/nouvelle-tarification-avis-techniques-dta-lufme-reagit\/96303\/","title":{"rendered":"Nouvelle tarification des Avis Techniques et DTA : l&rsquo;UFME r\u00e9agit"},"content":{"rendered":"<p><strong>L&rsquo;UFME, syndicat professionnel des portes et des fen\u00eatres multi-mat\u00e9riaux, a r\u00e9agi face \u00e0 la nouvelle tarification des Avis Techniques et DTA, applicable depuis le 1er janvier 2017. Elle induit des augmentations des co\u00fbts administratifs, avec la mise en place de \u00ab frais de suivi annuel \u00bb. Le syndicat estime que le surco\u00fbt pourrait atteindre de 20 \u00e0 47 % du co\u00fbt administratif total d&rsquo;un DTA sur sa dur\u00e9e de validit\u00e9.<\/strong><\/p>\n<p><em>\u00ab Notre dernier Conseil d&rsquo;Administration a d\u00e9nonc\u00e9 fermement ces nouvelles conditions tarifaires et nous partageons cette position avec de nombreux autres industriels \u00e9galement membres de l&rsquo;AIMCC (Association fran\u00e7aise des industries des produits de la construction). \u00bb<\/em> commente Ludivine Menez, D\u00e9l\u00e9gu\u00e9e Technique de l&rsquo;UFME.<\/p>\n<p><em>\u00ab Nous avons r\u00e9cemment inform\u00e9 le Pr\u00e9sident du CSTB (Centre Scientifique et technique du B\u00e2timent) que nous donnions pour consigne \u00e0 nos adh\u00e9rents de ne pas acquitter les prochaines factures qui leur seront adress\u00e9es au titre de ces frais de gestion, et cela, tant que de nouvelles tarifications acceptables ne seront pas reformul\u00e9es. Nous esp\u00e9rons bien entendu pouvoir lever ces consignes\u00bb<\/em> conclut-elle.<\/p>\n<p>Une commission de suivi du nouveau r\u00e9gime de tarification des Avis Techniques a \u00e9t\u00e9 mise en place \u00e0 la demande de l&rsquo;AIMCC dont l&rsquo;UFME est membre, afin d&rsquo;\u00e9valuer ces \u00e9volutions tarifaires et de proposer des adaptations pertinentes. L&rsquo;UFME informera r\u00e9guli\u00e8rement ses adh\u00e9rents de l&rsquo;\u00e9volution des n\u00e9gociations qui seront men\u00e9es dans les prochaines semaines.<\/p>\n","protected":false},"excerpt":{"rendered":"<p>L&rsquo;UFME, syndicat professionnel des portes et des fen\u00eatres multi-mat\u00e9riaux, a r\u00e9agi face \u00e0 la nouvelle tarification des Avis Techniques et DTA, applicable depuis le 1er janvier 2017. Elle induit des augmentations des co\u00fbts administratifs, avec la mise en place de \u00ab frais de suivi annuel \u00bb. Le syndicat estime que le surco\u00fbt pourrait atteindre de [&hellip;]<\/p>\n","protected":false},"author":17,"featured_media":88630,"comment_status":"closed","ping_status":"closed","sticky":false,"template":"","format":"standard","meta":{"_et_pb_use_builder":"","_et_pb_old_content":"","_et_gb_content_width":"","footnotes":""},"categories":[10530,6345],"tags":[12018,2500],"class_list":["post-96303","post","type-post","status-publish","format-standard","has-post-thumbnail","hentry","category-actualites","category-economie-marches","tag-dta","tag-ufme"],"yoast_head":"<!-- This site is optimized with the Yoast SEO plugin v27.4 - https:\/\/yoast.com\/product\/yoast-seo-wordpress\/ -->\n<title>Nouvelle tarification des Avis Techniques et DTA : l&#039;UFME r\u00e9agit<\/title>\n<meta name=\"robots\" content=\"index, follow, max-snippet:-1, max-image-preview:large, max-video-preview:-1\" \/>\n<link rel=\"canonical\" href=\"https:\/\/batijournal.com\/index.php\/nouvelle-tarification-avis-techniques-dta-lufme-reagit\/96303\/\" \/>\n<meta property=\"og:locale\" content=\"fr_FR\" \/>\n<meta property=\"og:type\" content=\"article\" \/>\n<meta property=\"og:title\" content=\"Nouvelle tarification des Avis Techniques et DTA : l&#039;UFME r\u00e9agit\" \/>\n<meta property=\"og:description\" content=\"L&rsquo;UFME, syndicat professionnel des portes et des fen\u00eatres multi-mat\u00e9riaux, a r\u00e9agi face \u00e0 la nouvelle tarification des Avis Techniques et DTA, applicable depuis le 1er janvier 2017. Elle induit des augmentations des co\u00fbts administratifs, avec la mise en place de \u00ab frais de suivi annuel \u00bb. Le syndicat estime que le surco\u00fbt pourrait atteindre de [&hellip;]\" \/>\n<meta property=\"og:url\" content=\"https:\/\/batijournal.com\/index.php\/nouvelle-tarification-avis-techniques-dta-lufme-reagit\/96303\/\" \/>\n<meta property=\"og:site_name\" content=\"Batijournal\" \/>\n<meta property=\"article:published_time\" content=\"2017-06-22T05:59:28+00:00\" \/>\n<meta property=\"article:modified_time\" content=\"2019-07-15T10:08:44+00:00\" \/>\n<meta property=\"og:image\" content=\"https:\/\/batijournal.com\/wp-content\/uploads\/2015\/07\/ufme.jpg\" \/>\n\t<meta property=\"og:image:width\" content=\"554\" \/>\n\t<meta property=\"og:image:height\" content=\"217\" \/>\n\t<meta property=\"og:image:type\" content=\"image\/jpeg\" \/>\n<meta name=\"author\" content=\"St\u00e9phane Miget\" \/>\n<meta name=\"twitter:card\" content=\"summary_large_image\" \/>\n<meta name=\"twitter:creator\" content=\"@bati_journal\" \/>\n<meta name=\"twitter:site\" content=\"@bati_journal\" \/>\n<meta name=\"twitter:label1\" content=\"\u00c9crit par\" \/>\n\t<meta name=\"twitter:data1\" content=\"St\u00e9phane Miget\" \/>\n\t<meta name=\"twitter:label2\" content=\"Dur\u00e9e de lecture estim\u00e9e\" \/>\n\t<meta name=\"twitter:data2\" content=\"1 minute\" \/>\n<script type=\"application\/ld+json\" class=\"yoast-schema-graph\">{\"@context\":\"https:\\\/\\\/schema.org\",\"@graph\":[{\"@type\":\"Article\",\"@id\":\"https:\\\/\\\/batijournal.com\\\/index.php\\\/nouvelle-tarification-avis-techniques-dta-lufme-reagit\\\/96303\\\/#article\",\"isPartOf\":{\"@id\":\"https:\\\/\\\/batijournal.com\\\/index.php\\\/nouvelle-tarification-avis-techniques-dta-lufme-reagit\\\/96303\\\/\"},\"author\":{\"name\":\"St\u00e9phane Miget\",\"@id\":\"https:\\\/\\\/batijournal.com\\\/#\\\/schema\\\/person\\\/1dc96ec6957aa1ccb25ebe78bb19f100\"},\"headline\":\"Nouvelle tarification des Avis Techniques et DTA : l&rsquo;UFME r\u00e9agit\",\"datePublished\":\"2017-06-22T05:59:28+00:00\",\"dateModified\":\"2019-07-15T10:08:44+00:00\",\"mainEntityOfPage\":{\"@id\":\"https:\\\/\\\/batijournal.com\\\/index.php\\\/nouvelle-tarification-avis-techniques-dta-lufme-reagit\\\/96303\\\/\"},\"wordCount\":261,\"image\":{\"@id\":\"https:\\\/\\\/batijournal.com\\\/index.php\\\/nouvelle-tarification-avis-techniques-dta-lufme-reagit\\\/96303\\\/#primaryimage\"},\"thumbnailUrl\":\"https:\\\/\\\/batijournal.com\\\/wp-content\\\/uploads\\\/2015\\\/07\\\/ufme.jpg\",\"keywords\":[\"dta\",\"UFME\"],\"articleSection\":[\"Actualit\u00e9s\",\"\u00c9conomie &amp; March\u00e9s\"],\"inLanguage\":\"fr-FR\"},{\"@type\":\"WebPage\",\"@id\":\"https:\\\/\\\/batijournal.com\\\/index.php\\\/nouvelle-tarification-avis-techniques-dta-lufme-reagit\\\/96303\\\/\",\"url\":\"https:\\\/\\\/batijournal.com\\\/index.php\\\/nouvelle-tarification-avis-techniques-dta-lufme-reagit\\\/96303\\\/\",\"name\":\"Nouvelle tarification des Avis Techniques et DTA : l'UFME r\u00e9agit\",\"isPartOf\":{\"@id\":\"https:\\\/\\\/batijournal.com\\\/#website\"},\"primaryImageOfPage\":{\"@id\":\"https:\\\/\\\/batijournal.com\\\/index.php\\\/nouvelle-tarification-avis-techniques-dta-lufme-reagit\\\/96303\\\/#primaryimage\"},\"image\":{\"@id\":\"https:\\\/\\\/batijournal.com\\\/index.php\\\/nouvelle-tarification-avis-techniques-dta-lufme-reagit\\\/96303\\\/#primaryimage\"},\"thumbnailUrl\":\"https:\\\/\\\/batijournal.com\\\/wp-content\\\/uploads\\\/2015\\\/07\\\/ufme.jpg\",\"datePublished\":\"2017-06-22T05:59:28+00:00\",\"dateModified\":\"2019-07-15T10:08:44+00:00\",\"author\":{\"@id\":\"https:\\\/\\\/batijournal.com\\\/#\\\/schema\\\/person\\\/1dc96ec6957aa1ccb25ebe78bb19f100\"},\"breadcrumb\":{\"@id\":\"https:\\\/\\\/batijournal.com\\\/index.php\\\/nouvelle-tarification-avis-techniques-dta-lufme-reagit\\\/96303\\\/#breadcrumb\"},\"inLanguage\":\"fr-FR\",\"potentialAction\":[{\"@type\":\"ReadAction\",\"target\":[\"https:\\\/\\\/batijournal.com\\\/index.php\\\/nouvelle-tarification-avis-techniques-dta-lufme-reagit\\\/96303\\\/\"]}]},{\"@type\":\"ImageObject\",\"inLanguage\":\"fr-FR\",\"@id\":\"https:\\\/\\\/batijournal.com\\\/index.php\\\/nouvelle-tarification-avis-techniques-dta-lufme-reagit\\\/96303\\\/#primaryimage\",\"url\":\"https:\\\/\\\/batijournal.com\\\/wp-content\\\/uploads\\\/2015\\\/07\\\/ufme.jpg\",\"contentUrl\":\"https:\\\/\\\/batijournal.com\\\/wp-content\\\/uploads\\\/2015\\\/07\\\/ufme.jpg\",\"width\":554,\"height\":217},{\"@type\":\"BreadcrumbList\",\"@id\":\"https:\\\/\\\/batijournal.com\\\/index.php\\\/nouvelle-tarification-avis-techniques-dta-lufme-reagit\\\/96303\\\/#breadcrumb\",\"itemListElement\":[{\"@type\":\"ListItem\",\"position\":1,\"name\":\"Accueil\",\"item\":\"https:\\\/\\\/batijournal.com\\\/\"},{\"@type\":\"ListItem\",\"position\":2,\"name\":\"Actualit\u00e9s\",\"item\":\"https:\\\/\\\/batijournal.com\\\/index.php\\\/category\\\/actualites\\\/\"},{\"@type\":\"ListItem\",\"position\":3,\"name\":\"Nouvelle tarification des Avis Techniques et DTA : l&rsquo;UFME r\u00e9agit\"}]},{\"@type\":\"WebSite\",\"@id\":\"https:\\\/\\\/batijournal.com\\\/#website\",\"url\":\"https:\\\/\\\/batijournal.com\\\/\",\"name\":\"Batijournal\",\"description\":\"L&#039;actualit\u00e9 du b\u00e2timent\",\"potentialAction\":[{\"@type\":\"SearchAction\",\"target\":{\"@type\":\"EntryPoint\",\"urlTemplate\":\"https:\\\/\\\/batijournal.com\\\/?s={search_term_string}\"},\"query-input\":{\"@type\":\"PropertyValueSpecification\",\"valueRequired\":true,\"valueName\":\"search_term_string\"}}],\"inLanguage\":\"fr-FR\"},{\"@type\":\"Person\",\"@id\":\"https:\\\/\\\/batijournal.com\\\/#\\\/schema\\\/person\\\/1dc96ec6957aa1ccb25ebe78bb19f100\",\"name\":\"St\u00e9phane Miget\",\"image\":{\"@type\":\"ImageObject\",\"inLanguage\":\"fr-FR\",\"@id\":\"https:\\\/\\\/secure.gravatar.com\\\/avatar\\\/89915563d925342126b8ef0281b93d9d7fc337043e8df017f780908eb9644451?s=96&d=mm&r=g\",\"url\":\"https:\\\/\\\/secure.gravatar.com\\\/avatar\\\/89915563d925342126b8ef0281b93d9d7fc337043e8df017f780908eb9644451?s=96&d=mm&r=g\",\"contentUrl\":\"https:\\\/\\\/secure.gravatar.com\\\/avatar\\\/89915563d925342126b8ef0281b93d9d7fc337043e8df017f780908eb9644451?s=96&d=mm&r=g\",\"caption\":\"St\u00e9phane Miget\"},\"url\":\"https:\\\/\\\/batijournal.com\\\/index.php\\\/author\\\/stephane\\\/\"}]}<\/script>\n<!-- \/ Yoast SEO plugin. -->","yoast_head_json":{"title":"Nouvelle tarification des Avis Techniques et DTA : l'UFME r\u00e9agit","robots":{"index":"index","follow":"follow","max-snippet":"max-snippet:-1","max-image-preview":"max-image-preview:large","max-video-preview":"max-video-preview:-1"},"canonical":"https:\/\/batijournal.com\/index.php\/nouvelle-tarification-avis-techniques-dta-lufme-reagit\/96303\/","og_locale":"fr_FR","og_type":"article","og_title":"Nouvelle tarification des Avis Techniques et DTA : l'UFME r\u00e9agit","og_description":"L&rsquo;UFME, syndicat professionnel des portes et des fen\u00eatres multi-mat\u00e9riaux, a r\u00e9agi face \u00e0 la nouvelle tarification des Avis Techniques et DTA, applicable depuis le 1er janvier 2017. Elle induit des augmentations des co\u00fbts administratifs, avec la mise en place de \u00ab frais de suivi annuel \u00bb. Le syndicat estime que le surco\u00fbt pourrait atteindre de [&hellip;]","og_url":"https:\/\/batijournal.com\/index.php\/nouvelle-tarification-avis-techniques-dta-lufme-reagit\/96303\/","og_site_name":"Batijournal","article_published_time":"2017-06-22T05:59:28+00:00","article_modified_time":"2019-07-15T10:08:44+00:00","og_image":[{"width":554,"height":217,"url":"https:\/\/batijournal.com\/wp-content\/uploads\/2015\/07\/ufme.jpg","type":"image\/jpeg"}],"author":"St\u00e9phane Miget","twitter_card":"summary_large_image","twitter_creator":"@bati_journal","twitter_site":"@bati_journal","twitter_misc":{"\u00c9crit par":"St\u00e9phane Miget","Dur\u00e9e de lecture estim\u00e9e":"1 minute"},"schema":{"@context":"https:\/\/schema.org","@graph":[{"@type":"Article","@id":"https:\/\/batijournal.com\/index.php\/nouvelle-tarification-avis-techniques-dta-lufme-reagit\/96303\/#article","isPartOf":{"@id":"https:\/\/batijournal.com\/index.php\/nouvelle-tarification-avis-techniques-dta-lufme-reagit\/96303\/"},"author":{"name":"St\u00e9phane Miget","@id":"https:\/\/batijournal.com\/#\/schema\/person\/1dc96ec6957aa1ccb25ebe78bb19f100"},"headline":"Nouvelle tarification des Avis Techniques et DTA : l&rsquo;UFME r\u00e9agit","datePublished":"2017-06-22T05:59:28+00:00","dateModified":"2019-07-15T10:08:44+00:00","mainEntityOfPage":{"@id":"https:\/\/batijournal.com\/index.php\/nouvelle-tarification-avis-techniques-dta-lufme-reagit\/96303\/"},"wordCount":261,"image":{"@id":"https:\/\/batijournal.com\/index.php\/nouvelle-tarification-avis-techniques-dta-lufme-reagit\/96303\/#primaryimage"},"thumbnailUrl":"https:\/\/batijournal.com\/wp-content\/uploads\/2015\/07\/ufme.jpg","keywords":["dta","UFME"],"articleSection":["Actualit\u00e9s","\u00c9conomie &amp; March\u00e9s"],"inLanguage":"fr-FR"},{"@type":"WebPage","@id":"https:\/\/batijournal.com\/index.php\/nouvelle-tarification-avis-techniques-dta-lufme-reagit\/96303\/","url":"https:\/\/batijournal.com\/index.php\/nouvelle-tarification-avis-techniques-dta-lufme-reagit\/96303\/","name":"Nouvelle tarification des Avis Techniques et DTA : l'UFME r\u00e9agit","isPartOf":{"@id":"https:\/\/batijournal.com\/#website"},"primaryImageOfPage":{"@id":"https:\/\/batijournal.com\/index.php\/nouvelle-tarification-avis-techniques-dta-lufme-reagit\/96303\/#primaryimage"},"image":{"@id":"https:\/\/batijournal.com\/index.php\/nouvelle-tarification-avis-techniques-dta-lufme-reagit\/96303\/#primaryimage"},"thumbnailUrl":"https:\/\/batijournal.com\/wp-content\/uploads\/2015\/07\/ufme.jpg","datePublished":"2017-06-22T05:59:28+00:00","dateModified":"2019-07-15T10:08:44+00:00","author":{"@id":"https:\/\/batijournal.com\/#\/schema\/person\/1dc96ec6957aa1ccb25ebe78bb19f100"},"breadcrumb":{"@id":"https:\/\/batijournal.com\/index.php\/nouvelle-tarification-avis-techniques-dta-lufme-reagit\/96303\/#breadcrumb"},"inLanguage":"fr-FR","potentialAction":[{"@type":"ReadAction","target":["https:\/\/batijournal.com\/index.php\/nouvelle-tarification-avis-techniques-dta-lufme-reagit\/96303\/"]}]},{"@type":"ImageObject","inLanguage":"fr-FR","@id":"https:\/\/batijournal.com\/index.php\/nouvelle-tarification-avis-techniques-dta-lufme-reagit\/96303\/#primaryimage","url":"https:\/\/batijournal.com\/wp-content\/uploads\/2015\/07\/ufme.jpg","contentUrl":"https:\/\/batijournal.com\/wp-content\/uploads\/2015\/07\/ufme.jpg","width":554,"height":217},{"@type":"BreadcrumbList","@id":"https:\/\/batijournal.com\/index.php\/nouvelle-tarification-avis-techniques-dta-lufme-reagit\/96303\/#breadcrumb","itemListElement":[{"@type":"ListItem","position":1,"name":"Accueil","item":"https:\/\/batijournal.com\/"},{"@type":"ListItem","position":2,"name":"Actualit\u00e9s","item":"https:\/\/batijournal.com\/index.php\/category\/actualites\/"},{"@type":"ListItem","position":3,"name":"Nouvelle tarification des Avis Techniques et DTA : l&rsquo;UFME r\u00e9agit"}]},{"@type":"WebSite","@id":"https:\/\/batijournal.com\/#website","url":"https:\/\/batijournal.com\/","name":"Batijournal","description":"L&#039;actualit\u00e9 du b\u00e2timent","potentialAction":[{"@type":"SearchAction","target":{"@type":"EntryPoint","urlTemplate":"https:\/\/batijournal.com\/?s={search_term_string}"},"query-input":{"@type":"PropertyValueSpecification","valueRequired":true,"valueName":"search_term_string"}}],"inLanguage":"fr-FR"},{"@type":"Person","@id":"https:\/\/batijournal.com\/#\/schema\/person\/1dc96ec6957aa1ccb25ebe78bb19f100","name":"St\u00e9phane Miget","image":{"@type":"ImageObject","inLanguage":"fr-FR","@id":"https:\/\/secure.gravatar.com\/avatar\/89915563d925342126b8ef0281b93d9d7fc337043e8df017f780908eb9644451?s=96&d=mm&r=g","url":"https:\/\/secure.gravatar.com\/avatar\/89915563d925342126b8ef0281b93d9d7fc337043e8df017f780908eb9644451?s=96&d=mm&r=g","contentUrl":"https:\/\/secure.gravatar.com\/avatar\/89915563d925342126b8ef0281b93d9d7fc337043e8df017f780908eb9644451?s=96&d=mm&r=g","caption":"St\u00e9phane Miget"},"url":"https:\/\/batijournal.com\/index.php\/author\/stephane\/"}]}},"_links":{"self":[{"href":"https:\/\/batijournal.com\/index.php\/wp-json\/wp\/v2\/posts\/96303","targetHints":{"allow":["GET"]}}],"collection":[{"href":"https:\/\/batijournal.com\/index.php\/wp-json\/wp\/v2\/posts"}],"about":[{"href":"https:\/\/batijournal.com\/index.php\/wp-json\/wp\/v2\/types\/post"}],"author":[{"embeddable":true,"href":"https:\/\/batijournal.com\/index.php\/wp-json\/wp\/v2\/users\/17"}],"replies":[{"embeddable":true,"href":"https:\/\/batijournal.com\/index.php\/wp-json\/wp\/v2\/comments?post=96303"}],"version-history":[{"count":0,"href":"https:\/\/batijournal.com\/index.php\/wp-json\/wp\/v2\/posts\/96303\/revisions"}],"wp:featuredmedia":[{"embeddable":true,"href":"https:\/\/batijournal.com\/index.php\/wp-json\/wp\/v2\/media\/88630"}],"wp:attachment":[{"href":"https:\/\/batijournal.com\/index.php\/wp-json\/wp\/v2\/media?parent=96303"}],"wp:term":[{"taxonomy":"category","embeddable":true,"href":"https:\/\/batijournal.com\/index.php\/wp-json\/wp\/v2\/categories?post=96303"},{"taxonomy":"post_tag","embeddable":true,"href":"https:\/\/batijournal.com\/index.php\/wp-json\/wp\/v2\/tags?post=96303"}],"curies":[{"name":"wp","href":"https:\/\/api.w.org\/{rel}","templated":true}]}}