{"id":96310,"date":"2017-06-23T15:58:21","date_gmt":"2017-06-23T13:58:21","guid":{"rendered":"http:\/\/batijournal.com\/?p=96310"},"modified":"2019-07-15T11:27:16","modified_gmt":"2019-07-15T09:27:16","slug":"cafe-branche-bois-10-ans-machines-de-lile-de-nantes","status":"publish","type":"post","link":"https:\/\/batijournal.com\/index.php\/cafe-branche-bois-10-ans-machines-de-lile-de-nantes\/96310\/","title":{"rendered":"Caf\u00e9 branch\u00e9 en bois pour les 10 ans des Machines de l\u2019\u00eele de Nantes"},"content":{"rendered":"<p>A Nantes, le nouveau \u00ab Caf\u00e9 de la Branche \u00bb en bois fait face au Grand El\u00e9phant. ERP de 5\u00e8me cat\u00e9gorie, \u00e0 simple rez-de-chauss\u00e9e, coce nouveau lieu vient en r\u00e9ponse aux caract\u00e9ristiques du site et au positionnement impos\u00e9 par le Voyage \u00e0 Nantes et les Machines de l\u2019\u00eele, maitres d\u2019ouvrage, et la SAMOA. L\u2019ouvrage prend la forme d\u2019un b\u00e2timent longiligne, visible sur ses cinq faces, avec un aper\u00e7u sur la toiture depuis la \u00ab Branche prototype \u00bb. Ce projet, implant\u00e9 \u00e0 l\u2019aplomb de la conduite principale d\u2019eaux pluviales conservant un acc\u00e8s au regard de visite, s\u2019apparente \u00e0 un impluvium permettant \u00e0 l\u2019ensemble des toitures de renvoyer l\u2019eau en partie centrale, vers le patio technique. Dans la continuit\u00e9 du patio, une verri\u00e8re \u00e9claire le bar en U. Sur ce projet, LCA &#8211; Les Charpentiers de l\u2019Atlantique a assur\u00e9 la mise en oeuvre des \u00e9l\u00e9ments bois, certifi\u00e9s PEFC. Des panneaux de toiture en CLT, de \u00ab qualit\u00e9 visible habitat \u00bb, contrecoll\u00e9s et ignifug\u00e9s, forment le support d\u2019isolant et d\u2019\u00e9tanch\u00e9it\u00e9 sur l\u2019ensemble du b\u00e2timent. Laiss\u00e9s en finition apparente, les panneaux, en \u00e9pic\u00e9a, ont b\u00e9n\u00e9fici\u00e9 d\u2019un soin particulier lors de leur mise en \u0153uvre pour \u00e9viter les salissures ou coups li\u00e9s au chantier. La structure principale, en \u00e9pic\u00e9a de classe 2, se fonde sur des poteaux bois lamell\u00e9-coll\u00e9 de section 160x225mm, et, en p\u00e9riph\u00e9rie du b\u00e2timent sur les fa\u00e7ades ext\u00e9rieures et en p\u00e9riph\u00e9rie du patio et de la verri\u00e8re, de poutres lamell\u00e9-coll\u00e9. Des murs \u00e0 ossature bois, en \u00e9pic\u00e9a classe 2, habillent les fa\u00e7ades principales : espace de stockage et de pr\u00e9paration, patio et restaurant. Un bardage bois est fix\u00e9 en guise de pare-pluie sur les ossatures bois. Un auvent p\u00e9riph\u00e9rique apporte une finition esth\u00e9tique \u00e0 l\u2019ouvrage bois : des poteaux et consoles ext\u00e9rieures, en douglas d\u00e9saubi\u00e9r\u00e9, forment le support de toiture.<\/p>\n<p>Surface : 224 m2<br \/>\nMa\u00eetrise d\u2019ouvrage : Le Voyage \u00e0 Nantes &#8211; Les Machines de l\u2019\u00eele<br \/>\nMa\u00eetrise d\u2019\u0153uvre : Christophe Theilmann Architecte et Fanny Robin Architecte<br \/>\nBureau d\u2019\u00e9tudes techniques : Yves-Marie Ligot (78)<br \/>\nConstructeur bois : LCA \u2013 Les Charpentiers de l\u2019Atlantique<br \/>\nPerspective 3D de l\u2019ouvrage &#8211; Vue plongeante : Christophe Theilmann Architecte<\/p>\n<p>&nbsp;<\/p>\n","protected":false},"excerpt":{"rendered":"<p>A Nantes, le nouveau \u00ab Caf\u00e9 de la Branche \u00bb en bois fait face au Grand El\u00e9phant. ERP de 5\u00e8me cat\u00e9gorie, \u00e0 simple rez-de-chauss\u00e9e, coce nouveau lieu vient en r\u00e9ponse aux caract\u00e9ristiques du site et au positionnement impos\u00e9 par le Voyage \u00e0 Nantes et les Machines de l\u2019\u00eele, maitres d\u2019ouvrage, et la SAMOA. L\u2019ouvrage prend [&hellip;]<\/p>\n","protected":false},"author":17,"featured_media":96311,"comment_status":"closed","ping_status":"closed","sticky":false,"template":"","format":"standard","meta":{"_et_pb_use_builder":"","_et_pb_old_content":"","_et_gb_content_width":"","footnotes":""},"categories":[10530,6340],"tags":[374],"class_list":["post-96310","post","type-post","status-publish","format-standard","has-post-thumbnail","hentry","category-actualites","category-architecture-conception","tag-construction-bois-2"],"yoast_head":"<!-- This site is optimized with the Yoast SEO plugin v27.4 - https:\/\/yoast.com\/product\/yoast-seo-wordpress\/ -->\n<title>Caf\u00e9 branch\u00e9 en bois pour les 10 ans des Machines de l\u2019\u00eele de Nantes<\/title>\n<meta name=\"robots\" content=\"index, follow, max-snippet:-1, max-image-preview:large, max-video-preview:-1\" \/>\n<link rel=\"canonical\" href=\"https:\/\/batijournal.com\/index.php\/cafe-branche-bois-10-ans-machines-de-lile-de-nantes\/96310\/\" \/>\n<meta property=\"og:locale\" content=\"fr_FR\" \/>\n<meta property=\"og:type\" content=\"article\" \/>\n<meta property=\"og:title\" content=\"Caf\u00e9 branch\u00e9 en bois pour les 10 ans des Machines de l\u2019\u00eele de Nantes\" \/>\n<meta property=\"og:description\" content=\"A Nantes, le nouveau \u00ab Caf\u00e9 de la Branche \u00bb en bois fait face au Grand El\u00e9phant. ERP de 5\u00e8me cat\u00e9gorie, \u00e0 simple rez-de-chauss\u00e9e, coce nouveau lieu vient en r\u00e9ponse aux caract\u00e9ristiques du site et au positionnement impos\u00e9 par le Voyage \u00e0 Nantes et les Machines de l\u2019\u00eele, maitres d\u2019ouvrage, et la SAMOA. L\u2019ouvrage prend [&hellip;]\" \/>\n<meta property=\"og:url\" content=\"https:\/\/batijournal.com\/index.php\/cafe-branche-bois-10-ans-machines-de-lile-de-nantes\/96310\/\" \/>\n<meta property=\"og:site_name\" content=\"Batijournal\" \/>\n<meta property=\"article:published_time\" content=\"2017-06-23T13:58:21+00:00\" \/>\n<meta property=\"article:modified_time\" content=\"2019-07-15T09:27:16+00:00\" \/>\n<meta property=\"og:image\" content=\"https:\/\/batijournal.com\/wp-content\/uploads\/2017\/06\/LCA-PerspectiveCaf\u00e9delaBranche-ChristopheTheilmannArchitecte.jpg\" \/>\n\t<meta property=\"og:image:width\" content=\"2760\" \/>\n\t<meta property=\"og:image:height\" content=\"969\" \/>\n\t<meta property=\"og:image:type\" content=\"image\/jpeg\" \/>\n<meta name=\"author\" content=\"St\u00e9phane Miget\" \/>\n<meta name=\"twitter:card\" content=\"summary_large_image\" \/>\n<meta name=\"twitter:creator\" content=\"@bati_journal\" \/>\n<meta name=\"twitter:site\" content=\"@bati_journal\" \/>\n<meta name=\"twitter:label1\" content=\"\u00c9crit par\" \/>\n\t<meta name=\"twitter:data1\" content=\"St\u00e9phane Miget\" \/>\n\t<meta name=\"twitter:label2\" content=\"Dur\u00e9e de lecture estim\u00e9e\" \/>\n\t<meta name=\"twitter:data2\" content=\"2 minutes\" \/>\n<script type=\"application\/ld+json\" class=\"yoast-schema-graph\">{\"@context\":\"https:\\\/\\\/schema.org\",\"@graph\":[{\"@type\":\"Article\",\"@id\":\"https:\\\/\\\/batijournal.com\\\/index.php\\\/cafe-branche-bois-10-ans-machines-de-lile-de-nantes\\\/96310\\\/#article\",\"isPartOf\":{\"@id\":\"https:\\\/\\\/batijournal.com\\\/index.php\\\/cafe-branche-bois-10-ans-machines-de-lile-de-nantes\\\/96310\\\/\"},\"author\":{\"name\":\"St\u00e9phane Miget\",\"@id\":\"https:\\\/\\\/batijournal.com\\\/#\\\/schema\\\/person\\\/1dc96ec6957aa1ccb25ebe78bb19f100\"},\"headline\":\"Caf\u00e9 branch\u00e9 en bois pour les 10 ans des Machines de l\u2019\u00eele de Nantes\",\"datePublished\":\"2017-06-23T13:58:21+00:00\",\"dateModified\":\"2019-07-15T09:27:16+00:00\",\"mainEntityOfPage\":{\"@id\":\"https:\\\/\\\/batijournal.com\\\/index.php\\\/cafe-branche-bois-10-ans-machines-de-lile-de-nantes\\\/96310\\\/\"},\"wordCount\":403,\"image\":{\"@id\":\"https:\\\/\\\/batijournal.com\\\/index.php\\\/cafe-branche-bois-10-ans-machines-de-lile-de-nantes\\\/96310\\\/#primaryimage\"},\"thumbnailUrl\":\"https:\\\/\\\/batijournal.com\\\/wp-content\\\/uploads\\\/2017\\\/06\\\/LCA-PerspectiveCaf\u00e9delaBranche-ChristopheTheilmannArchitecte.jpg\",\"keywords\":[\"construction bois\"],\"articleSection\":[\"Actualit\u00e9s\",\"Architecture &amp; Conception\"],\"inLanguage\":\"fr-FR\"},{\"@type\":\"WebPage\",\"@id\":\"https:\\\/\\\/batijournal.com\\\/index.php\\\/cafe-branche-bois-10-ans-machines-de-lile-de-nantes\\\/96310\\\/\",\"url\":\"https:\\\/\\\/batijournal.com\\\/index.php\\\/cafe-branche-bois-10-ans-machines-de-lile-de-nantes\\\/96310\\\/\",\"name\":\"Caf\u00e9 branch\u00e9 en bois pour les 10 ans des Machines de l\u2019\u00eele de Nantes\",\"isPartOf\":{\"@id\":\"https:\\\/\\\/batijournal.com\\\/#website\"},\"primaryImageOfPage\":{\"@id\":\"https:\\\/\\\/batijournal.com\\\/index.php\\\/cafe-branche-bois-10-ans-machines-de-lile-de-nantes\\\/96310\\\/#primaryimage\"},\"image\":{\"@id\":\"https:\\\/\\\/batijournal.com\\\/index.php\\\/cafe-branche-bois-10-ans-machines-de-lile-de-nantes\\\/96310\\\/#primaryimage\"},\"thumbnailUrl\":\"https:\\\/\\\/batijournal.com\\\/wp-content\\\/uploads\\\/2017\\\/06\\\/LCA-PerspectiveCaf\u00e9delaBranche-ChristopheTheilmannArchitecte.jpg\",\"datePublished\":\"2017-06-23T13:58:21+00:00\",\"dateModified\":\"2019-07-15T09:27:16+00:00\",\"author\":{\"@id\":\"https:\\\/\\\/batijournal.com\\\/#\\\/schema\\\/person\\\/1dc96ec6957aa1ccb25ebe78bb19f100\"},\"breadcrumb\":{\"@id\":\"https:\\\/\\\/batijournal.com\\\/index.php\\\/cafe-branche-bois-10-ans-machines-de-lile-de-nantes\\\/96310\\\/#breadcrumb\"},\"inLanguage\":\"fr-FR\",\"potentialAction\":[{\"@type\":\"ReadAction\",\"target\":[\"https:\\\/\\\/batijournal.com\\\/index.php\\\/cafe-branche-bois-10-ans-machines-de-lile-de-nantes\\\/96310\\\/\"]}]},{\"@type\":\"ImageObject\",\"inLanguage\":\"fr-FR\",\"@id\":\"https:\\\/\\\/batijournal.com\\\/index.php\\\/cafe-branche-bois-10-ans-machines-de-lile-de-nantes\\\/96310\\\/#primaryimage\",\"url\":\"https:\\\/\\\/batijournal.com\\\/wp-content\\\/uploads\\\/2017\\\/06\\\/LCA-PerspectiveCaf\u00e9delaBranche-ChristopheTheilmannArchitecte.jpg\",\"contentUrl\":\"https:\\\/\\\/batijournal.com\\\/wp-content\\\/uploads\\\/2017\\\/06\\\/LCA-PerspectiveCaf\u00e9delaBranche-ChristopheTheilmannArchitecte.jpg\",\"width\":2760,\"height\":969},{\"@type\":\"BreadcrumbList\",\"@id\":\"https:\\\/\\\/batijournal.com\\\/index.php\\\/cafe-branche-bois-10-ans-machines-de-lile-de-nantes\\\/96310\\\/#breadcrumb\",\"itemListElement\":[{\"@type\":\"ListItem\",\"position\":1,\"name\":\"Accueil\",\"item\":\"https:\\\/\\\/batijournal.com\\\/\"},{\"@type\":\"ListItem\",\"position\":2,\"name\":\"Actualit\u00e9s\",\"item\":\"https:\\\/\\\/batijournal.com\\\/index.php\\\/category\\\/actualites\\\/\"},{\"@type\":\"ListItem\",\"position\":3,\"name\":\"Caf\u00e9 branch\u00e9 en bois pour les 10 ans des Machines de l\u2019\u00eele de Nantes\"}]},{\"@type\":\"WebSite\",\"@id\":\"https:\\\/\\\/batijournal.com\\\/#website\",\"url\":\"https:\\\/\\\/batijournal.com\\\/\",\"name\":\"Batijournal\",\"description\":\"L&#039;actualit\u00e9 du b\u00e2timent\",\"potentialAction\":[{\"@type\":\"SearchAction\",\"target\":{\"@type\":\"EntryPoint\",\"urlTemplate\":\"https:\\\/\\\/batijournal.com\\\/?s={search_term_string}\"},\"query-input\":{\"@type\":\"PropertyValueSpecification\",\"valueRequired\":true,\"valueName\":\"search_term_string\"}}],\"inLanguage\":\"fr-FR\"},{\"@type\":\"Person\",\"@id\":\"https:\\\/\\\/batijournal.com\\\/#\\\/schema\\\/person\\\/1dc96ec6957aa1ccb25ebe78bb19f100\",\"name\":\"St\u00e9phane Miget\",\"image\":{\"@type\":\"ImageObject\",\"inLanguage\":\"fr-FR\",\"@id\":\"https:\\\/\\\/secure.gravatar.com\\\/avatar\\\/89915563d925342126b8ef0281b93d9d7fc337043e8df017f780908eb9644451?s=96&d=mm&r=g\",\"url\":\"https:\\\/\\\/secure.gravatar.com\\\/avatar\\\/89915563d925342126b8ef0281b93d9d7fc337043e8df017f780908eb9644451?s=96&d=mm&r=g\",\"contentUrl\":\"https:\\\/\\\/secure.gravatar.com\\\/avatar\\\/89915563d925342126b8ef0281b93d9d7fc337043e8df017f780908eb9644451?s=96&d=mm&r=g\",\"caption\":\"St\u00e9phane Miget\"},\"url\":\"https:\\\/\\\/batijournal.com\\\/index.php\\\/author\\\/stephane\\\/\"}]}<\/script>\n<!-- \/ Yoast SEO plugin. -->","yoast_head_json":{"title":"Caf\u00e9 branch\u00e9 en bois pour les 10 ans des Machines de l\u2019\u00eele de Nantes","robots":{"index":"index","follow":"follow","max-snippet":"max-snippet:-1","max-image-preview":"max-image-preview:large","max-video-preview":"max-video-preview:-1"},"canonical":"https:\/\/batijournal.com\/index.php\/cafe-branche-bois-10-ans-machines-de-lile-de-nantes\/96310\/","og_locale":"fr_FR","og_type":"article","og_title":"Caf\u00e9 branch\u00e9 en bois pour les 10 ans des Machines de l\u2019\u00eele de Nantes","og_description":"A Nantes, le nouveau \u00ab Caf\u00e9 de la Branche \u00bb en bois fait face au Grand El\u00e9phant. ERP de 5\u00e8me cat\u00e9gorie, \u00e0 simple rez-de-chauss\u00e9e, coce nouveau lieu vient en r\u00e9ponse aux caract\u00e9ristiques du site et au positionnement impos\u00e9 par le Voyage \u00e0 Nantes et les Machines de l\u2019\u00eele, maitres d\u2019ouvrage, et la SAMOA. L\u2019ouvrage prend [&hellip;]","og_url":"https:\/\/batijournal.com\/index.php\/cafe-branche-bois-10-ans-machines-de-lile-de-nantes\/96310\/","og_site_name":"Batijournal","article_published_time":"2017-06-23T13:58:21+00:00","article_modified_time":"2019-07-15T09:27:16+00:00","og_image":[{"width":2760,"height":969,"url":"https:\/\/batijournal.com\/wp-content\/uploads\/2017\/06\/LCA-PerspectiveCaf\u00e9delaBranche-ChristopheTheilmannArchitecte.jpg","type":"image\/jpeg"}],"author":"St\u00e9phane Miget","twitter_card":"summary_large_image","twitter_creator":"@bati_journal","twitter_site":"@bati_journal","twitter_misc":{"\u00c9crit par":"St\u00e9phane Miget","Dur\u00e9e de lecture estim\u00e9e":"2 minutes"},"schema":{"@context":"https:\/\/schema.org","@graph":[{"@type":"Article","@id":"https:\/\/batijournal.com\/index.php\/cafe-branche-bois-10-ans-machines-de-lile-de-nantes\/96310\/#article","isPartOf":{"@id":"https:\/\/batijournal.com\/index.php\/cafe-branche-bois-10-ans-machines-de-lile-de-nantes\/96310\/"},"author":{"name":"St\u00e9phane Miget","@id":"https:\/\/batijournal.com\/#\/schema\/person\/1dc96ec6957aa1ccb25ebe78bb19f100"},"headline":"Caf\u00e9 branch\u00e9 en bois pour les 10 ans des Machines de l\u2019\u00eele de Nantes","datePublished":"2017-06-23T13:58:21+00:00","dateModified":"2019-07-15T09:27:16+00:00","mainEntityOfPage":{"@id":"https:\/\/batijournal.com\/index.php\/cafe-branche-bois-10-ans-machines-de-lile-de-nantes\/96310\/"},"wordCount":403,"image":{"@id":"https:\/\/batijournal.com\/index.php\/cafe-branche-bois-10-ans-machines-de-lile-de-nantes\/96310\/#primaryimage"},"thumbnailUrl":"https:\/\/batijournal.com\/wp-content\/uploads\/2017\/06\/LCA-PerspectiveCaf\u00e9delaBranche-ChristopheTheilmannArchitecte.jpg","keywords":["construction bois"],"articleSection":["Actualit\u00e9s","Architecture &amp; Conception"],"inLanguage":"fr-FR"},{"@type":"WebPage","@id":"https:\/\/batijournal.com\/index.php\/cafe-branche-bois-10-ans-machines-de-lile-de-nantes\/96310\/","url":"https:\/\/batijournal.com\/index.php\/cafe-branche-bois-10-ans-machines-de-lile-de-nantes\/96310\/","name":"Caf\u00e9 branch\u00e9 en bois pour les 10 ans des Machines de l\u2019\u00eele de Nantes","isPartOf":{"@id":"https:\/\/batijournal.com\/#website"},"primaryImageOfPage":{"@id":"https:\/\/batijournal.com\/index.php\/cafe-branche-bois-10-ans-machines-de-lile-de-nantes\/96310\/#primaryimage"},"image":{"@id":"https:\/\/batijournal.com\/index.php\/cafe-branche-bois-10-ans-machines-de-lile-de-nantes\/96310\/#primaryimage"},"thumbnailUrl":"https:\/\/batijournal.com\/wp-content\/uploads\/2017\/06\/LCA-PerspectiveCaf\u00e9delaBranche-ChristopheTheilmannArchitecte.jpg","datePublished":"2017-06-23T13:58:21+00:00","dateModified":"2019-07-15T09:27:16+00:00","author":{"@id":"https:\/\/batijournal.com\/#\/schema\/person\/1dc96ec6957aa1ccb25ebe78bb19f100"},"breadcrumb":{"@id":"https:\/\/batijournal.com\/index.php\/cafe-branche-bois-10-ans-machines-de-lile-de-nantes\/96310\/#breadcrumb"},"inLanguage":"fr-FR","potentialAction":[{"@type":"ReadAction","target":["https:\/\/batijournal.com\/index.php\/cafe-branche-bois-10-ans-machines-de-lile-de-nantes\/96310\/"]}]},{"@type":"ImageObject","inLanguage":"fr-FR","@id":"https:\/\/batijournal.com\/index.php\/cafe-branche-bois-10-ans-machines-de-lile-de-nantes\/96310\/#primaryimage","url":"https:\/\/batijournal.com\/wp-content\/uploads\/2017\/06\/LCA-PerspectiveCaf\u00e9delaBranche-ChristopheTheilmannArchitecte.jpg","contentUrl":"https:\/\/batijournal.com\/wp-content\/uploads\/2017\/06\/LCA-PerspectiveCaf\u00e9delaBranche-ChristopheTheilmannArchitecte.jpg","width":2760,"height":969},{"@type":"BreadcrumbList","@id":"https:\/\/batijournal.com\/index.php\/cafe-branche-bois-10-ans-machines-de-lile-de-nantes\/96310\/#breadcrumb","itemListElement":[{"@type":"ListItem","position":1,"name":"Accueil","item":"https:\/\/batijournal.com\/"},{"@type":"ListItem","position":2,"name":"Actualit\u00e9s","item":"https:\/\/batijournal.com\/index.php\/category\/actualites\/"},{"@type":"ListItem","position":3,"name":"Caf\u00e9 branch\u00e9 en bois pour les 10 ans des Machines de l\u2019\u00eele de Nantes"}]},{"@type":"WebSite","@id":"https:\/\/batijournal.com\/#website","url":"https:\/\/batijournal.com\/","name":"Batijournal","description":"L&#039;actualit\u00e9 du b\u00e2timent","potentialAction":[{"@type":"SearchAction","target":{"@type":"EntryPoint","urlTemplate":"https:\/\/batijournal.com\/?s={search_term_string}"},"query-input":{"@type":"PropertyValueSpecification","valueRequired":true,"valueName":"search_term_string"}}],"inLanguage":"fr-FR"},{"@type":"Person","@id":"https:\/\/batijournal.com\/#\/schema\/person\/1dc96ec6957aa1ccb25ebe78bb19f100","name":"St\u00e9phane Miget","image":{"@type":"ImageObject","inLanguage":"fr-FR","@id":"https:\/\/secure.gravatar.com\/avatar\/89915563d925342126b8ef0281b93d9d7fc337043e8df017f780908eb9644451?s=96&d=mm&r=g","url":"https:\/\/secure.gravatar.com\/avatar\/89915563d925342126b8ef0281b93d9d7fc337043e8df017f780908eb9644451?s=96&d=mm&r=g","contentUrl":"https:\/\/secure.gravatar.com\/avatar\/89915563d925342126b8ef0281b93d9d7fc337043e8df017f780908eb9644451?s=96&d=mm&r=g","caption":"St\u00e9phane Miget"},"url":"https:\/\/batijournal.com\/index.php\/author\/stephane\/"}]}},"_links":{"self":[{"href":"https:\/\/batijournal.com\/index.php\/wp-json\/wp\/v2\/posts\/96310","targetHints":{"allow":["GET"]}}],"collection":[{"href":"https:\/\/batijournal.com\/index.php\/wp-json\/wp\/v2\/posts"}],"about":[{"href":"https:\/\/batijournal.com\/index.php\/wp-json\/wp\/v2\/types\/post"}],"author":[{"embeddable":true,"href":"https:\/\/batijournal.com\/index.php\/wp-json\/wp\/v2\/users\/17"}],"replies":[{"embeddable":true,"href":"https:\/\/batijournal.com\/index.php\/wp-json\/wp\/v2\/comments?post=96310"}],"version-history":[{"count":0,"href":"https:\/\/batijournal.com\/index.php\/wp-json\/wp\/v2\/posts\/96310\/revisions"}],"wp:featuredmedia":[{"embeddable":true,"href":"https:\/\/batijournal.com\/index.php\/wp-json\/wp\/v2\/media\/96311"}],"wp:attachment":[{"href":"https:\/\/batijournal.com\/index.php\/wp-json\/wp\/v2\/media?parent=96310"}],"wp:term":[{"taxonomy":"category","embeddable":true,"href":"https:\/\/batijournal.com\/index.php\/wp-json\/wp\/v2\/categories?post=96310"},{"taxonomy":"post_tag","embeddable":true,"href":"https:\/\/batijournal.com\/index.php\/wp-json\/wp\/v2\/tags?post=96310"}],"curies":[{"name":"wp","href":"https:\/\/api.w.org\/{rel}","templated":true}]}}