{"id":96316,"date":"2017-06-26T08:37:04","date_gmt":"2017-06-26T06:37:04","guid":{"rendered":"http:\/\/batijournal.com\/?p=96316"},"modified":"2019-07-15T12:13:12","modified_gmt":"2019-07-15T10:13:12","slug":"nicolas-vuillier-elu-president-de-lunicem","status":"publish","type":"post","link":"https:\/\/batijournal.com\/index.php\/nicolas-vuillier-elu-president-de-lunicem\/96316\/","title":{"rendered":"Nicolas Vuillier \u00e9lu Pr\u00e9sident de l&rsquo;UNICEM"},"content":{"rendered":"<p>Le 22 juin 2017, l\u2019UNICEM, r\u00e9unie en assembl\u00e9e g\u00e9n\u00e9rale, a \u00e9lu Nicolas Vuillier \u00e0 la pr\u00e9sidence de la f\u00e9d\u00e9ration, pour un mandat de 3 ans. Il succ\u00e8de \u00e0 Michel Andr\u00e9 dont le mandat est arriv\u00e9 \u00e0 \u00e9ch\u00e9ance. Directeur du d\u00e9veloppement durable pour l\u2019ensemble des activit\u00e9s en France du groupe HeidelbergCement (Ciments Calcia, GSM, Unib\u00e9ton, Socli et Tratel) depuis 2013, Nicolas Vuillier a men\u00e9 la plus grande partie de sa carri\u00e8re dans le secteur des mat\u00e9riaux de construction o\u00f9 il a exerc\u00e9 successivement diff\u00e9rents postes \u00e0 responsabilit\u00e9s op\u00e9rationnelles notamment dans le granulat. Tr\u00e8s investi dans la vie syndicale, Nicolas Vuillier a \u00e9t\u00e9 pr\u00e9sident de l\u2019Union nationale des producteurs de granulats (UNPG), de 2008 \u00e0 2014. Il est notamment \u00e0 l\u2019origine du Livre Blanc de la profession \u00ab pour un approvisionnement durable des territoires en granulats, \u00e0 l\u2019horizon 2030 \u00bb.<\/p>\n<p>Photo : UNICEM<\/p>\n<p>&nbsp;<\/p>\n","protected":false},"excerpt":{"rendered":"<p>Le 22 juin 2017, l\u2019UNICEM, r\u00e9unie en assembl\u00e9e g\u00e9n\u00e9rale, a \u00e9lu Nicolas Vuillier \u00e0 la pr\u00e9sidence de la f\u00e9d\u00e9ration, pour un mandat de 3 ans. Il succ\u00e8de \u00e0 Michel Andr\u00e9 dont le mandat est arriv\u00e9 \u00e0 \u00e9ch\u00e9ance. Directeur du d\u00e9veloppement durable pour l\u2019ensemble des activit\u00e9s en France du groupe HeidelbergCement (Ciments Calcia, GSM, Unib\u00e9ton, Socli [&hellip;]<\/p>\n","protected":false},"author":17,"featured_media":96317,"comment_status":"closed","ping_status":"closed","sticky":false,"template":"","format":"standard","meta":{"_et_pb_use_builder":"","_et_pb_old_content":"","_et_gb_content_width":"","footnotes":""},"categories":[10530,6345],"tags":[6669],"class_list":["post-96316","post","type-post","status-publish","format-standard","has-post-thumbnail","hentry","category-actualites","category-economie-marches","tag-unicem"],"yoast_head":"<!-- This site is optimized with the Yoast SEO plugin v27.4 - https:\/\/yoast.com\/product\/yoast-seo-wordpress\/ -->\n<title>Nicolas Vuillier \u00e9lu Pr\u00e9sident de l&#039;UNICEM<\/title>\n<meta name=\"robots\" content=\"index, follow, max-snippet:-1, max-image-preview:large, max-video-preview:-1\" \/>\n<link rel=\"canonical\" href=\"https:\/\/batijournal.com\/index.php\/nicolas-vuillier-elu-president-de-lunicem\/96316\/\" \/>\n<meta property=\"og:locale\" content=\"fr_FR\" \/>\n<meta property=\"og:type\" content=\"article\" \/>\n<meta property=\"og:title\" content=\"Nicolas Vuillier \u00e9lu Pr\u00e9sident de l&#039;UNICEM\" \/>\n<meta property=\"og:description\" content=\"Le 22 juin 2017, l\u2019UNICEM, r\u00e9unie en assembl\u00e9e g\u00e9n\u00e9rale, a \u00e9lu Nicolas Vuillier \u00e0 la pr\u00e9sidence de la f\u00e9d\u00e9ration, pour un mandat de 3 ans. Il succ\u00e8de \u00e0 Michel Andr\u00e9 dont le mandat est arriv\u00e9 \u00e0 \u00e9ch\u00e9ance. Directeur du d\u00e9veloppement durable pour l\u2019ensemble des activit\u00e9s en France du groupe HeidelbergCement (Ciments Calcia, GSM, Unib\u00e9ton, Socli [&hellip;]\" \/>\n<meta property=\"og:url\" content=\"https:\/\/batijournal.com\/index.php\/nicolas-vuillier-elu-president-de-lunicem\/96316\/\" \/>\n<meta property=\"og:site_name\" content=\"Batijournal\" \/>\n<meta property=\"article:published_time\" content=\"2017-06-26T06:37:04+00:00\" \/>\n<meta property=\"article:modified_time\" content=\"2019-07-15T10:13:12+00:00\" \/>\n<meta property=\"og:image\" content=\"https:\/\/batijournal.com\/wp-content\/uploads\/2017\/06\/Nicolas-VUILLIER_UNICEM.jpg\" \/>\n\t<meta property=\"og:image:width\" content=\"1200\" \/>\n\t<meta property=\"og:image:height\" content=\"822\" \/>\n\t<meta property=\"og:image:type\" content=\"image\/jpeg\" \/>\n<meta name=\"author\" content=\"St\u00e9phane Miget\" \/>\n<meta name=\"twitter:card\" content=\"summary_large_image\" \/>\n<meta name=\"twitter:creator\" content=\"@bati_journal\" \/>\n<meta name=\"twitter:site\" content=\"@bati_journal\" \/>\n<meta name=\"twitter:label1\" content=\"\u00c9crit par\" \/>\n\t<meta name=\"twitter:data1\" content=\"St\u00e9phane Miget\" \/>\n\t<meta name=\"twitter:label2\" content=\"Dur\u00e9e de lecture estim\u00e9e\" \/>\n\t<meta name=\"twitter:data2\" content=\"1 minute\" \/>\n<script type=\"application\/ld+json\" class=\"yoast-schema-graph\">{\"@context\":\"https:\\\/\\\/schema.org\",\"@graph\":[{\"@type\":\"Article\",\"@id\":\"https:\\\/\\\/batijournal.com\\\/index.php\\\/nicolas-vuillier-elu-president-de-lunicem\\\/96316\\\/#article\",\"isPartOf\":{\"@id\":\"https:\\\/\\\/batijournal.com\\\/index.php\\\/nicolas-vuillier-elu-president-de-lunicem\\\/96316\\\/\"},\"author\":{\"name\":\"St\u00e9phane Miget\",\"@id\":\"https:\\\/\\\/batijournal.com\\\/#\\\/schema\\\/person\\\/1dc96ec6957aa1ccb25ebe78bb19f100\"},\"headline\":\"Nicolas Vuillier \u00e9lu Pr\u00e9sident de l&rsquo;UNICEM\",\"datePublished\":\"2017-06-26T06:37:04+00:00\",\"dateModified\":\"2019-07-15T10:13:12+00:00\",\"mainEntityOfPage\":{\"@id\":\"https:\\\/\\\/batijournal.com\\\/index.php\\\/nicolas-vuillier-elu-president-de-lunicem\\\/96316\\\/\"},\"wordCount\":157,\"image\":{\"@id\":\"https:\\\/\\\/batijournal.com\\\/index.php\\\/nicolas-vuillier-elu-president-de-lunicem\\\/96316\\\/#primaryimage\"},\"thumbnailUrl\":\"https:\\\/\\\/batijournal.com\\\/wp-content\\\/uploads\\\/2017\\\/06\\\/Nicolas-VUILLIER_UNICEM.jpg\",\"keywords\":[\"unicem\"],\"articleSection\":[\"Actualit\u00e9s\",\"\u00c9conomie &amp; March\u00e9s\"],\"inLanguage\":\"fr-FR\"},{\"@type\":\"WebPage\",\"@id\":\"https:\\\/\\\/batijournal.com\\\/index.php\\\/nicolas-vuillier-elu-president-de-lunicem\\\/96316\\\/\",\"url\":\"https:\\\/\\\/batijournal.com\\\/index.php\\\/nicolas-vuillier-elu-president-de-lunicem\\\/96316\\\/\",\"name\":\"Nicolas Vuillier \u00e9lu Pr\u00e9sident de l'UNICEM\",\"isPartOf\":{\"@id\":\"https:\\\/\\\/batijournal.com\\\/#website\"},\"primaryImageOfPage\":{\"@id\":\"https:\\\/\\\/batijournal.com\\\/index.php\\\/nicolas-vuillier-elu-president-de-lunicem\\\/96316\\\/#primaryimage\"},\"image\":{\"@id\":\"https:\\\/\\\/batijournal.com\\\/index.php\\\/nicolas-vuillier-elu-president-de-lunicem\\\/96316\\\/#primaryimage\"},\"thumbnailUrl\":\"https:\\\/\\\/batijournal.com\\\/wp-content\\\/uploads\\\/2017\\\/06\\\/Nicolas-VUILLIER_UNICEM.jpg\",\"datePublished\":\"2017-06-26T06:37:04+00:00\",\"dateModified\":\"2019-07-15T10:13:12+00:00\",\"author\":{\"@id\":\"https:\\\/\\\/batijournal.com\\\/#\\\/schema\\\/person\\\/1dc96ec6957aa1ccb25ebe78bb19f100\"},\"breadcrumb\":{\"@id\":\"https:\\\/\\\/batijournal.com\\\/index.php\\\/nicolas-vuillier-elu-president-de-lunicem\\\/96316\\\/#breadcrumb\"},\"inLanguage\":\"fr-FR\",\"potentialAction\":[{\"@type\":\"ReadAction\",\"target\":[\"https:\\\/\\\/batijournal.com\\\/index.php\\\/nicolas-vuillier-elu-president-de-lunicem\\\/96316\\\/\"]}]},{\"@type\":\"ImageObject\",\"inLanguage\":\"fr-FR\",\"@id\":\"https:\\\/\\\/batijournal.com\\\/index.php\\\/nicolas-vuillier-elu-president-de-lunicem\\\/96316\\\/#primaryimage\",\"url\":\"https:\\\/\\\/batijournal.com\\\/wp-content\\\/uploads\\\/2017\\\/06\\\/Nicolas-VUILLIER_UNICEM.jpg\",\"contentUrl\":\"https:\\\/\\\/batijournal.com\\\/wp-content\\\/uploads\\\/2017\\\/06\\\/Nicolas-VUILLIER_UNICEM.jpg\",\"width\":1200,\"height\":822},{\"@type\":\"BreadcrumbList\",\"@id\":\"https:\\\/\\\/batijournal.com\\\/index.php\\\/nicolas-vuillier-elu-president-de-lunicem\\\/96316\\\/#breadcrumb\",\"itemListElement\":[{\"@type\":\"ListItem\",\"position\":1,\"name\":\"Accueil\",\"item\":\"https:\\\/\\\/batijournal.com\\\/\"},{\"@type\":\"ListItem\",\"position\":2,\"name\":\"Actualit\u00e9s\",\"item\":\"https:\\\/\\\/batijournal.com\\\/index.php\\\/category\\\/actualites\\\/\"},{\"@type\":\"ListItem\",\"position\":3,\"name\":\"Nicolas Vuillier \u00e9lu Pr\u00e9sident de l&rsquo;UNICEM\"}]},{\"@type\":\"WebSite\",\"@id\":\"https:\\\/\\\/batijournal.com\\\/#website\",\"url\":\"https:\\\/\\\/batijournal.com\\\/\",\"name\":\"Batijournal\",\"description\":\"L&#039;actualit\u00e9 du b\u00e2timent\",\"potentialAction\":[{\"@type\":\"SearchAction\",\"target\":{\"@type\":\"EntryPoint\",\"urlTemplate\":\"https:\\\/\\\/batijournal.com\\\/?s={search_term_string}\"},\"query-input\":{\"@type\":\"PropertyValueSpecification\",\"valueRequired\":true,\"valueName\":\"search_term_string\"}}],\"inLanguage\":\"fr-FR\"},{\"@type\":\"Person\",\"@id\":\"https:\\\/\\\/batijournal.com\\\/#\\\/schema\\\/person\\\/1dc96ec6957aa1ccb25ebe78bb19f100\",\"name\":\"St\u00e9phane Miget\",\"image\":{\"@type\":\"ImageObject\",\"inLanguage\":\"fr-FR\",\"@id\":\"https:\\\/\\\/secure.gravatar.com\\\/avatar\\\/89915563d925342126b8ef0281b93d9d7fc337043e8df017f780908eb9644451?s=96&d=mm&r=g\",\"url\":\"https:\\\/\\\/secure.gravatar.com\\\/avatar\\\/89915563d925342126b8ef0281b93d9d7fc337043e8df017f780908eb9644451?s=96&d=mm&r=g\",\"contentUrl\":\"https:\\\/\\\/secure.gravatar.com\\\/avatar\\\/89915563d925342126b8ef0281b93d9d7fc337043e8df017f780908eb9644451?s=96&d=mm&r=g\",\"caption\":\"St\u00e9phane Miget\"},\"url\":\"https:\\\/\\\/batijournal.com\\\/index.php\\\/author\\\/stephane\\\/\"}]}<\/script>\n<!-- \/ Yoast SEO plugin. -->","yoast_head_json":{"title":"Nicolas Vuillier \u00e9lu Pr\u00e9sident de l'UNICEM","robots":{"index":"index","follow":"follow","max-snippet":"max-snippet:-1","max-image-preview":"max-image-preview:large","max-video-preview":"max-video-preview:-1"},"canonical":"https:\/\/batijournal.com\/index.php\/nicolas-vuillier-elu-president-de-lunicem\/96316\/","og_locale":"fr_FR","og_type":"article","og_title":"Nicolas Vuillier \u00e9lu Pr\u00e9sident de l'UNICEM","og_description":"Le 22 juin 2017, l\u2019UNICEM, r\u00e9unie en assembl\u00e9e g\u00e9n\u00e9rale, a \u00e9lu Nicolas Vuillier \u00e0 la pr\u00e9sidence de la f\u00e9d\u00e9ration, pour un mandat de 3 ans. Il succ\u00e8de \u00e0 Michel Andr\u00e9 dont le mandat est arriv\u00e9 \u00e0 \u00e9ch\u00e9ance. Directeur du d\u00e9veloppement durable pour l\u2019ensemble des activit\u00e9s en France du groupe HeidelbergCement (Ciments Calcia, GSM, Unib\u00e9ton, Socli [&hellip;]","og_url":"https:\/\/batijournal.com\/index.php\/nicolas-vuillier-elu-president-de-lunicem\/96316\/","og_site_name":"Batijournal","article_published_time":"2017-06-26T06:37:04+00:00","article_modified_time":"2019-07-15T10:13:12+00:00","og_image":[{"width":1200,"height":822,"url":"https:\/\/batijournal.com\/wp-content\/uploads\/2017\/06\/Nicolas-VUILLIER_UNICEM.jpg","type":"image\/jpeg"}],"author":"St\u00e9phane Miget","twitter_card":"summary_large_image","twitter_creator":"@bati_journal","twitter_site":"@bati_journal","twitter_misc":{"\u00c9crit par":"St\u00e9phane Miget","Dur\u00e9e de lecture estim\u00e9e":"1 minute"},"schema":{"@context":"https:\/\/schema.org","@graph":[{"@type":"Article","@id":"https:\/\/batijournal.com\/index.php\/nicolas-vuillier-elu-president-de-lunicem\/96316\/#article","isPartOf":{"@id":"https:\/\/batijournal.com\/index.php\/nicolas-vuillier-elu-president-de-lunicem\/96316\/"},"author":{"name":"St\u00e9phane Miget","@id":"https:\/\/batijournal.com\/#\/schema\/person\/1dc96ec6957aa1ccb25ebe78bb19f100"},"headline":"Nicolas Vuillier \u00e9lu Pr\u00e9sident de l&rsquo;UNICEM","datePublished":"2017-06-26T06:37:04+00:00","dateModified":"2019-07-15T10:13:12+00:00","mainEntityOfPage":{"@id":"https:\/\/batijournal.com\/index.php\/nicolas-vuillier-elu-president-de-lunicem\/96316\/"},"wordCount":157,"image":{"@id":"https:\/\/batijournal.com\/index.php\/nicolas-vuillier-elu-president-de-lunicem\/96316\/#primaryimage"},"thumbnailUrl":"https:\/\/batijournal.com\/wp-content\/uploads\/2017\/06\/Nicolas-VUILLIER_UNICEM.jpg","keywords":["unicem"],"articleSection":["Actualit\u00e9s","\u00c9conomie &amp; March\u00e9s"],"inLanguage":"fr-FR"},{"@type":"WebPage","@id":"https:\/\/batijournal.com\/index.php\/nicolas-vuillier-elu-president-de-lunicem\/96316\/","url":"https:\/\/batijournal.com\/index.php\/nicolas-vuillier-elu-president-de-lunicem\/96316\/","name":"Nicolas Vuillier \u00e9lu Pr\u00e9sident de l'UNICEM","isPartOf":{"@id":"https:\/\/batijournal.com\/#website"},"primaryImageOfPage":{"@id":"https:\/\/batijournal.com\/index.php\/nicolas-vuillier-elu-president-de-lunicem\/96316\/#primaryimage"},"image":{"@id":"https:\/\/batijournal.com\/index.php\/nicolas-vuillier-elu-president-de-lunicem\/96316\/#primaryimage"},"thumbnailUrl":"https:\/\/batijournal.com\/wp-content\/uploads\/2017\/06\/Nicolas-VUILLIER_UNICEM.jpg","datePublished":"2017-06-26T06:37:04+00:00","dateModified":"2019-07-15T10:13:12+00:00","author":{"@id":"https:\/\/batijournal.com\/#\/schema\/person\/1dc96ec6957aa1ccb25ebe78bb19f100"},"breadcrumb":{"@id":"https:\/\/batijournal.com\/index.php\/nicolas-vuillier-elu-president-de-lunicem\/96316\/#breadcrumb"},"inLanguage":"fr-FR","potentialAction":[{"@type":"ReadAction","target":["https:\/\/batijournal.com\/index.php\/nicolas-vuillier-elu-president-de-lunicem\/96316\/"]}]},{"@type":"ImageObject","inLanguage":"fr-FR","@id":"https:\/\/batijournal.com\/index.php\/nicolas-vuillier-elu-president-de-lunicem\/96316\/#primaryimage","url":"https:\/\/batijournal.com\/wp-content\/uploads\/2017\/06\/Nicolas-VUILLIER_UNICEM.jpg","contentUrl":"https:\/\/batijournal.com\/wp-content\/uploads\/2017\/06\/Nicolas-VUILLIER_UNICEM.jpg","width":1200,"height":822},{"@type":"BreadcrumbList","@id":"https:\/\/batijournal.com\/index.php\/nicolas-vuillier-elu-president-de-lunicem\/96316\/#breadcrumb","itemListElement":[{"@type":"ListItem","position":1,"name":"Accueil","item":"https:\/\/batijournal.com\/"},{"@type":"ListItem","position":2,"name":"Actualit\u00e9s","item":"https:\/\/batijournal.com\/index.php\/category\/actualites\/"},{"@type":"ListItem","position":3,"name":"Nicolas Vuillier \u00e9lu Pr\u00e9sident de l&rsquo;UNICEM"}]},{"@type":"WebSite","@id":"https:\/\/batijournal.com\/#website","url":"https:\/\/batijournal.com\/","name":"Batijournal","description":"L&#039;actualit\u00e9 du b\u00e2timent","potentialAction":[{"@type":"SearchAction","target":{"@type":"EntryPoint","urlTemplate":"https:\/\/batijournal.com\/?s={search_term_string}"},"query-input":{"@type":"PropertyValueSpecification","valueRequired":true,"valueName":"search_term_string"}}],"inLanguage":"fr-FR"},{"@type":"Person","@id":"https:\/\/batijournal.com\/#\/schema\/person\/1dc96ec6957aa1ccb25ebe78bb19f100","name":"St\u00e9phane Miget","image":{"@type":"ImageObject","inLanguage":"fr-FR","@id":"https:\/\/secure.gravatar.com\/avatar\/89915563d925342126b8ef0281b93d9d7fc337043e8df017f780908eb9644451?s=96&d=mm&r=g","url":"https:\/\/secure.gravatar.com\/avatar\/89915563d925342126b8ef0281b93d9d7fc337043e8df017f780908eb9644451?s=96&d=mm&r=g","contentUrl":"https:\/\/secure.gravatar.com\/avatar\/89915563d925342126b8ef0281b93d9d7fc337043e8df017f780908eb9644451?s=96&d=mm&r=g","caption":"St\u00e9phane Miget"},"url":"https:\/\/batijournal.com\/index.php\/author\/stephane\/"}]}},"_links":{"self":[{"href":"https:\/\/batijournal.com\/index.php\/wp-json\/wp\/v2\/posts\/96316","targetHints":{"allow":["GET"]}}],"collection":[{"href":"https:\/\/batijournal.com\/index.php\/wp-json\/wp\/v2\/posts"}],"about":[{"href":"https:\/\/batijournal.com\/index.php\/wp-json\/wp\/v2\/types\/post"}],"author":[{"embeddable":true,"href":"https:\/\/batijournal.com\/index.php\/wp-json\/wp\/v2\/users\/17"}],"replies":[{"embeddable":true,"href":"https:\/\/batijournal.com\/index.php\/wp-json\/wp\/v2\/comments?post=96316"}],"version-history":[{"count":0,"href":"https:\/\/batijournal.com\/index.php\/wp-json\/wp\/v2\/posts\/96316\/revisions"}],"wp:featuredmedia":[{"embeddable":true,"href":"https:\/\/batijournal.com\/index.php\/wp-json\/wp\/v2\/media\/96317"}],"wp:attachment":[{"href":"https:\/\/batijournal.com\/index.php\/wp-json\/wp\/v2\/media?parent=96316"}],"wp:term":[{"taxonomy":"category","embeddable":true,"href":"https:\/\/batijournal.com\/index.php\/wp-json\/wp\/v2\/categories?post=96316"},{"taxonomy":"post_tag","embeddable":true,"href":"https:\/\/batijournal.com\/index.php\/wp-json\/wp\/v2\/tags?post=96316"}],"curies":[{"name":"wp","href":"https:\/\/api.w.org\/{rel}","templated":true}]}}