{"id":96318,"date":"2017-06-26T08:42:03","date_gmt":"2017-06-26T06:42:03","guid":{"rendered":"http:\/\/batijournal.com\/?p=96318"},"modified":"2019-07-15T12:13:12","modified_gmt":"2019-07-15T10:13:12","slug":"alain-plantier-reelu-president-snbpe","status":"publish","type":"post","link":"https:\/\/batijournal.com\/index.php\/alain-plantier-reelu-president-snbpe\/96318\/","title":{"rendered":"Alain Plantier r\u00e9\u00e9lu pr\u00e9sident du SNBPE"},"content":{"rendered":"<p>Le 22 juin 2017, le conseil d\u2019administration du Syndicat National du B\u00e9ton Pr\u00eat \u00e0 l\u2019Emploi (SNBPE) a r\u00e9\u00e9lu Alain Plantier, \u00e0 la pr\u00e9sidence du syndicat, pour un mandat de 3 ans.\u00a0Au cours de ce second mandat, Alain Plantier poursuivra les actions syndicales engag\u00e9es depuis son arriv\u00e9e \u00e0 la pr\u00e9sidence du SNBPE, en juin 2014 : <em>\u00ab Dans la continuit\u00e9 des travaux men\u00e9s, je souhaite que notre syndicat professionnel continue de renforcer ses actions li\u00e9es \u00e0 la s\u00e9curit\u00e9 et \u00e0 l\u2019environnement d\u2019une part, et aux \u00e9volutions normatives et r\u00e9glementaires d\u2019autre part. Il me semble \u00e9galement primordial de d\u00e9cupler les synergies avec nos partenaires pour assurer la promotion du b\u00e9ton \u00bb.<\/em><\/p>\n<p>Photo : SNBPE<\/p>\n<p>&nbsp;<\/p>\n","protected":false},"excerpt":{"rendered":"<p>Le 22 juin 2017, le conseil d\u2019administration du Syndicat National du B\u00e9ton Pr\u00eat \u00e0 l\u2019Emploi (SNBPE) a r\u00e9\u00e9lu Alain Plantier, \u00e0 la pr\u00e9sidence du syndicat, pour un mandat de 3 ans.\u00a0Au cours de ce second mandat, Alain Plantier poursuivra les actions syndicales engag\u00e9es depuis son arriv\u00e9e \u00e0 la pr\u00e9sidence du SNBPE, en juin 2014 : [&hellip;]<\/p>\n","protected":false},"author":17,"featured_media":96319,"comment_status":"closed","ping_status":"closed","sticky":false,"template":"","format":"standard","meta":{"_et_pb_use_builder":"","_et_pb_old_content":"","_et_gb_content_width":"","footnotes":""},"categories":[10530,6345],"tags":[11585],"class_list":["post-96318","post","type-post","status-publish","format-standard","has-post-thumbnail","hentry","category-actualites","category-economie-marches","tag-snbpe"],"yoast_head":"<!-- This site is optimized with the Yoast SEO plugin v27.4 - https:\/\/yoast.com\/product\/yoast-seo-wordpress\/ -->\n<title>Alain Plantier r\u00e9\u00e9lu pr\u00e9sident du SNBPE<\/title>\n<meta name=\"robots\" content=\"index, follow, max-snippet:-1, max-image-preview:large, max-video-preview:-1\" \/>\n<link rel=\"canonical\" href=\"https:\/\/batijournal.com\/index.php\/alain-plantier-reelu-president-snbpe\/96318\/\" \/>\n<meta property=\"og:locale\" content=\"fr_FR\" \/>\n<meta property=\"og:type\" content=\"article\" \/>\n<meta property=\"og:title\" content=\"Alain Plantier r\u00e9\u00e9lu pr\u00e9sident du SNBPE\" \/>\n<meta property=\"og:description\" content=\"Le 22 juin 2017, le conseil d\u2019administration du Syndicat National du B\u00e9ton Pr\u00eat \u00e0 l\u2019Emploi (SNBPE) a r\u00e9\u00e9lu Alain Plantier, \u00e0 la pr\u00e9sidence du syndicat, pour un mandat de 3 ans.\u00a0Au cours de ce second mandat, Alain Plantier poursuivra les actions syndicales engag\u00e9es depuis son arriv\u00e9e \u00e0 la pr\u00e9sidence du SNBPE, en juin 2014 : [&hellip;]\" \/>\n<meta property=\"og:url\" content=\"https:\/\/batijournal.com\/index.php\/alain-plantier-reelu-president-snbpe\/96318\/\" \/>\n<meta property=\"og:site_name\" content=\"Batijournal\" \/>\n<meta property=\"article:published_time\" content=\"2017-06-26T06:42:03+00:00\" \/>\n<meta property=\"article:modified_time\" content=\"2019-07-15T10:13:12+00:00\" \/>\n<meta property=\"og:image\" content=\"https:\/\/batijournal.com\/wp-content\/uploads\/2017\/06\/Alain-Plantier-snbpe.jpg\" \/>\n\t<meta property=\"og:image:width\" content=\"1067\" \/>\n\t<meta property=\"og:image:height\" content=\"1061\" \/>\n\t<meta property=\"og:image:type\" content=\"image\/jpeg\" \/>\n<meta name=\"author\" content=\"St\u00e9phane Miget\" \/>\n<meta name=\"twitter:card\" content=\"summary_large_image\" \/>\n<meta name=\"twitter:creator\" content=\"@bati_journal\" \/>\n<meta name=\"twitter:site\" content=\"@bati_journal\" \/>\n<meta name=\"twitter:label1\" content=\"\u00c9crit par\" \/>\n\t<meta name=\"twitter:data1\" content=\"St\u00e9phane Miget\" \/>\n\t<meta name=\"twitter:label2\" content=\"Dur\u00e9e de lecture estim\u00e9e\" \/>\n\t<meta name=\"twitter:data2\" content=\"1 minute\" \/>\n<script type=\"application\/ld+json\" class=\"yoast-schema-graph\">{\"@context\":\"https:\\\/\\\/schema.org\",\"@graph\":[{\"@type\":\"Article\",\"@id\":\"https:\\\/\\\/batijournal.com\\\/index.php\\\/alain-plantier-reelu-president-snbpe\\\/96318\\\/#article\",\"isPartOf\":{\"@id\":\"https:\\\/\\\/batijournal.com\\\/index.php\\\/alain-plantier-reelu-president-snbpe\\\/96318\\\/\"},\"author\":{\"name\":\"St\u00e9phane Miget\",\"@id\":\"https:\\\/\\\/batijournal.com\\\/#\\\/schema\\\/person\\\/1dc96ec6957aa1ccb25ebe78bb19f100\"},\"headline\":\"Alain Plantier r\u00e9\u00e9lu pr\u00e9sident du SNBPE\",\"datePublished\":\"2017-06-26T06:42:03+00:00\",\"dateModified\":\"2019-07-15T10:13:12+00:00\",\"mainEntityOfPage\":{\"@id\":\"https:\\\/\\\/batijournal.com\\\/index.php\\\/alain-plantier-reelu-president-snbpe\\\/96318\\\/\"},\"wordCount\":127,\"image\":{\"@id\":\"https:\\\/\\\/batijournal.com\\\/index.php\\\/alain-plantier-reelu-president-snbpe\\\/96318\\\/#primaryimage\"},\"thumbnailUrl\":\"https:\\\/\\\/batijournal.com\\\/wp-content\\\/uploads\\\/2017\\\/06\\\/Alain-Plantier-snbpe.jpg\",\"keywords\":[\"snbpe\"],\"articleSection\":[\"Actualit\u00e9s\",\"\u00c9conomie &amp; March\u00e9s\"],\"inLanguage\":\"fr-FR\"},{\"@type\":\"WebPage\",\"@id\":\"https:\\\/\\\/batijournal.com\\\/index.php\\\/alain-plantier-reelu-president-snbpe\\\/96318\\\/\",\"url\":\"https:\\\/\\\/batijournal.com\\\/index.php\\\/alain-plantier-reelu-president-snbpe\\\/96318\\\/\",\"name\":\"Alain Plantier r\u00e9\u00e9lu pr\u00e9sident du SNBPE\",\"isPartOf\":{\"@id\":\"https:\\\/\\\/batijournal.com\\\/#website\"},\"primaryImageOfPage\":{\"@id\":\"https:\\\/\\\/batijournal.com\\\/index.php\\\/alain-plantier-reelu-president-snbpe\\\/96318\\\/#primaryimage\"},\"image\":{\"@id\":\"https:\\\/\\\/batijournal.com\\\/index.php\\\/alain-plantier-reelu-president-snbpe\\\/96318\\\/#primaryimage\"},\"thumbnailUrl\":\"https:\\\/\\\/batijournal.com\\\/wp-content\\\/uploads\\\/2017\\\/06\\\/Alain-Plantier-snbpe.jpg\",\"datePublished\":\"2017-06-26T06:42:03+00:00\",\"dateModified\":\"2019-07-15T10:13:12+00:00\",\"author\":{\"@id\":\"https:\\\/\\\/batijournal.com\\\/#\\\/schema\\\/person\\\/1dc96ec6957aa1ccb25ebe78bb19f100\"},\"breadcrumb\":{\"@id\":\"https:\\\/\\\/batijournal.com\\\/index.php\\\/alain-plantier-reelu-president-snbpe\\\/96318\\\/#breadcrumb\"},\"inLanguage\":\"fr-FR\",\"potentialAction\":[{\"@type\":\"ReadAction\",\"target\":[\"https:\\\/\\\/batijournal.com\\\/index.php\\\/alain-plantier-reelu-president-snbpe\\\/96318\\\/\"]}]},{\"@type\":\"ImageObject\",\"inLanguage\":\"fr-FR\",\"@id\":\"https:\\\/\\\/batijournal.com\\\/index.php\\\/alain-plantier-reelu-president-snbpe\\\/96318\\\/#primaryimage\",\"url\":\"https:\\\/\\\/batijournal.com\\\/wp-content\\\/uploads\\\/2017\\\/06\\\/Alain-Plantier-snbpe.jpg\",\"contentUrl\":\"https:\\\/\\\/batijournal.com\\\/wp-content\\\/uploads\\\/2017\\\/06\\\/Alain-Plantier-snbpe.jpg\",\"width\":1067,\"height\":1061},{\"@type\":\"BreadcrumbList\",\"@id\":\"https:\\\/\\\/batijournal.com\\\/index.php\\\/alain-plantier-reelu-president-snbpe\\\/96318\\\/#breadcrumb\",\"itemListElement\":[{\"@type\":\"ListItem\",\"position\":1,\"name\":\"Accueil\",\"item\":\"https:\\\/\\\/batijournal.com\\\/\"},{\"@type\":\"ListItem\",\"position\":2,\"name\":\"Actualit\u00e9s\",\"item\":\"https:\\\/\\\/batijournal.com\\\/index.php\\\/category\\\/actualites\\\/\"},{\"@type\":\"ListItem\",\"position\":3,\"name\":\"Alain Plantier r\u00e9\u00e9lu pr\u00e9sident du SNBPE\"}]},{\"@type\":\"WebSite\",\"@id\":\"https:\\\/\\\/batijournal.com\\\/#website\",\"url\":\"https:\\\/\\\/batijournal.com\\\/\",\"name\":\"Batijournal\",\"description\":\"L&#039;actualit\u00e9 du b\u00e2timent\",\"potentialAction\":[{\"@type\":\"SearchAction\",\"target\":{\"@type\":\"EntryPoint\",\"urlTemplate\":\"https:\\\/\\\/batijournal.com\\\/?s={search_term_string}\"},\"query-input\":{\"@type\":\"PropertyValueSpecification\",\"valueRequired\":true,\"valueName\":\"search_term_string\"}}],\"inLanguage\":\"fr-FR\"},{\"@type\":\"Person\",\"@id\":\"https:\\\/\\\/batijournal.com\\\/#\\\/schema\\\/person\\\/1dc96ec6957aa1ccb25ebe78bb19f100\",\"name\":\"St\u00e9phane Miget\",\"image\":{\"@type\":\"ImageObject\",\"inLanguage\":\"fr-FR\",\"@id\":\"https:\\\/\\\/secure.gravatar.com\\\/avatar\\\/89915563d925342126b8ef0281b93d9d7fc337043e8df017f780908eb9644451?s=96&d=mm&r=g\",\"url\":\"https:\\\/\\\/secure.gravatar.com\\\/avatar\\\/89915563d925342126b8ef0281b93d9d7fc337043e8df017f780908eb9644451?s=96&d=mm&r=g\",\"contentUrl\":\"https:\\\/\\\/secure.gravatar.com\\\/avatar\\\/89915563d925342126b8ef0281b93d9d7fc337043e8df017f780908eb9644451?s=96&d=mm&r=g\",\"caption\":\"St\u00e9phane Miget\"},\"url\":\"https:\\\/\\\/batijournal.com\\\/index.php\\\/author\\\/stephane\\\/\"}]}<\/script>\n<!-- \/ Yoast SEO plugin. -->","yoast_head_json":{"title":"Alain Plantier r\u00e9\u00e9lu pr\u00e9sident du SNBPE","robots":{"index":"index","follow":"follow","max-snippet":"max-snippet:-1","max-image-preview":"max-image-preview:large","max-video-preview":"max-video-preview:-1"},"canonical":"https:\/\/batijournal.com\/index.php\/alain-plantier-reelu-president-snbpe\/96318\/","og_locale":"fr_FR","og_type":"article","og_title":"Alain Plantier r\u00e9\u00e9lu pr\u00e9sident du SNBPE","og_description":"Le 22 juin 2017, le conseil d\u2019administration du Syndicat National du B\u00e9ton Pr\u00eat \u00e0 l\u2019Emploi (SNBPE) a r\u00e9\u00e9lu Alain Plantier, \u00e0 la pr\u00e9sidence du syndicat, pour un mandat de 3 ans.\u00a0Au cours de ce second mandat, Alain Plantier poursuivra les actions syndicales engag\u00e9es depuis son arriv\u00e9e \u00e0 la pr\u00e9sidence du SNBPE, en juin 2014 : [&hellip;]","og_url":"https:\/\/batijournal.com\/index.php\/alain-plantier-reelu-president-snbpe\/96318\/","og_site_name":"Batijournal","article_published_time":"2017-06-26T06:42:03+00:00","article_modified_time":"2019-07-15T10:13:12+00:00","og_image":[{"width":1067,"height":1061,"url":"https:\/\/batijournal.com\/wp-content\/uploads\/2017\/06\/Alain-Plantier-snbpe.jpg","type":"image\/jpeg"}],"author":"St\u00e9phane Miget","twitter_card":"summary_large_image","twitter_creator":"@bati_journal","twitter_site":"@bati_journal","twitter_misc":{"\u00c9crit par":"St\u00e9phane Miget","Dur\u00e9e de lecture estim\u00e9e":"1 minute"},"schema":{"@context":"https:\/\/schema.org","@graph":[{"@type":"Article","@id":"https:\/\/batijournal.com\/index.php\/alain-plantier-reelu-president-snbpe\/96318\/#article","isPartOf":{"@id":"https:\/\/batijournal.com\/index.php\/alain-plantier-reelu-president-snbpe\/96318\/"},"author":{"name":"St\u00e9phane Miget","@id":"https:\/\/batijournal.com\/#\/schema\/person\/1dc96ec6957aa1ccb25ebe78bb19f100"},"headline":"Alain Plantier r\u00e9\u00e9lu pr\u00e9sident du SNBPE","datePublished":"2017-06-26T06:42:03+00:00","dateModified":"2019-07-15T10:13:12+00:00","mainEntityOfPage":{"@id":"https:\/\/batijournal.com\/index.php\/alain-plantier-reelu-president-snbpe\/96318\/"},"wordCount":127,"image":{"@id":"https:\/\/batijournal.com\/index.php\/alain-plantier-reelu-president-snbpe\/96318\/#primaryimage"},"thumbnailUrl":"https:\/\/batijournal.com\/wp-content\/uploads\/2017\/06\/Alain-Plantier-snbpe.jpg","keywords":["snbpe"],"articleSection":["Actualit\u00e9s","\u00c9conomie &amp; March\u00e9s"],"inLanguage":"fr-FR"},{"@type":"WebPage","@id":"https:\/\/batijournal.com\/index.php\/alain-plantier-reelu-president-snbpe\/96318\/","url":"https:\/\/batijournal.com\/index.php\/alain-plantier-reelu-president-snbpe\/96318\/","name":"Alain Plantier r\u00e9\u00e9lu pr\u00e9sident du SNBPE","isPartOf":{"@id":"https:\/\/batijournal.com\/#website"},"primaryImageOfPage":{"@id":"https:\/\/batijournal.com\/index.php\/alain-plantier-reelu-president-snbpe\/96318\/#primaryimage"},"image":{"@id":"https:\/\/batijournal.com\/index.php\/alain-plantier-reelu-president-snbpe\/96318\/#primaryimage"},"thumbnailUrl":"https:\/\/batijournal.com\/wp-content\/uploads\/2017\/06\/Alain-Plantier-snbpe.jpg","datePublished":"2017-06-26T06:42:03+00:00","dateModified":"2019-07-15T10:13:12+00:00","author":{"@id":"https:\/\/batijournal.com\/#\/schema\/person\/1dc96ec6957aa1ccb25ebe78bb19f100"},"breadcrumb":{"@id":"https:\/\/batijournal.com\/index.php\/alain-plantier-reelu-president-snbpe\/96318\/#breadcrumb"},"inLanguage":"fr-FR","potentialAction":[{"@type":"ReadAction","target":["https:\/\/batijournal.com\/index.php\/alain-plantier-reelu-president-snbpe\/96318\/"]}]},{"@type":"ImageObject","inLanguage":"fr-FR","@id":"https:\/\/batijournal.com\/index.php\/alain-plantier-reelu-president-snbpe\/96318\/#primaryimage","url":"https:\/\/batijournal.com\/wp-content\/uploads\/2017\/06\/Alain-Plantier-snbpe.jpg","contentUrl":"https:\/\/batijournal.com\/wp-content\/uploads\/2017\/06\/Alain-Plantier-snbpe.jpg","width":1067,"height":1061},{"@type":"BreadcrumbList","@id":"https:\/\/batijournal.com\/index.php\/alain-plantier-reelu-president-snbpe\/96318\/#breadcrumb","itemListElement":[{"@type":"ListItem","position":1,"name":"Accueil","item":"https:\/\/batijournal.com\/"},{"@type":"ListItem","position":2,"name":"Actualit\u00e9s","item":"https:\/\/batijournal.com\/index.php\/category\/actualites\/"},{"@type":"ListItem","position":3,"name":"Alain Plantier r\u00e9\u00e9lu pr\u00e9sident du SNBPE"}]},{"@type":"WebSite","@id":"https:\/\/batijournal.com\/#website","url":"https:\/\/batijournal.com\/","name":"Batijournal","description":"L&#039;actualit\u00e9 du b\u00e2timent","potentialAction":[{"@type":"SearchAction","target":{"@type":"EntryPoint","urlTemplate":"https:\/\/batijournal.com\/?s={search_term_string}"},"query-input":{"@type":"PropertyValueSpecification","valueRequired":true,"valueName":"search_term_string"}}],"inLanguage":"fr-FR"},{"@type":"Person","@id":"https:\/\/batijournal.com\/#\/schema\/person\/1dc96ec6957aa1ccb25ebe78bb19f100","name":"St\u00e9phane Miget","image":{"@type":"ImageObject","inLanguage":"fr-FR","@id":"https:\/\/secure.gravatar.com\/avatar\/89915563d925342126b8ef0281b93d9d7fc337043e8df017f780908eb9644451?s=96&d=mm&r=g","url":"https:\/\/secure.gravatar.com\/avatar\/89915563d925342126b8ef0281b93d9d7fc337043e8df017f780908eb9644451?s=96&d=mm&r=g","contentUrl":"https:\/\/secure.gravatar.com\/avatar\/89915563d925342126b8ef0281b93d9d7fc337043e8df017f780908eb9644451?s=96&d=mm&r=g","caption":"St\u00e9phane Miget"},"url":"https:\/\/batijournal.com\/index.php\/author\/stephane\/"}]}},"_links":{"self":[{"href":"https:\/\/batijournal.com\/index.php\/wp-json\/wp\/v2\/posts\/96318","targetHints":{"allow":["GET"]}}],"collection":[{"href":"https:\/\/batijournal.com\/index.php\/wp-json\/wp\/v2\/posts"}],"about":[{"href":"https:\/\/batijournal.com\/index.php\/wp-json\/wp\/v2\/types\/post"}],"author":[{"embeddable":true,"href":"https:\/\/batijournal.com\/index.php\/wp-json\/wp\/v2\/users\/17"}],"replies":[{"embeddable":true,"href":"https:\/\/batijournal.com\/index.php\/wp-json\/wp\/v2\/comments?post=96318"}],"version-history":[{"count":0,"href":"https:\/\/batijournal.com\/index.php\/wp-json\/wp\/v2\/posts\/96318\/revisions"}],"wp:featuredmedia":[{"embeddable":true,"href":"https:\/\/batijournal.com\/index.php\/wp-json\/wp\/v2\/media\/96319"}],"wp:attachment":[{"href":"https:\/\/batijournal.com\/index.php\/wp-json\/wp\/v2\/media?parent=96318"}],"wp:term":[{"taxonomy":"category","embeddable":true,"href":"https:\/\/batijournal.com\/index.php\/wp-json\/wp\/v2\/categories?post=96318"},{"taxonomy":"post_tag","embeddable":true,"href":"https:\/\/batijournal.com\/index.php\/wp-json\/wp\/v2\/tags?post=96318"}],"curies":[{"name":"wp","href":"https:\/\/api.w.org\/{rel}","templated":true}]}}