{"id":96324,"date":"2017-06-26T22:01:15","date_gmt":"2017-06-26T20:01:15","guid":{"rendered":"http:\/\/batijournal.com\/?p=96324"},"modified":"2019-07-15T12:13:12","modified_gmt":"2019-07-15T10:13:12","slug":"revetement-composite-utilise-tour-grenfell-retire-de-vente","status":"publish","type":"post","link":"https:\/\/batijournal.com\/index.php\/revetement-composite-utilise-tour-grenfell-retire-de-vente\/96324\/","title":{"rendered":"Le rev\u00eatement composite utilis\u00e9 dans la tour Grenfell retir\u00e9 de la vente"},"content":{"rendered":"<p>Arconic Architectural Products a d\u00e9cid\u00e9 de stopper ses ventes de Reynobond PE destin\u00e9es aux applications de b\u00e2timents de grandes hauteurs. Le produit est soup\u00e7onn\u00e9 d\u2019avoir particip\u00e9 \u00e0 la propagation de l\u2019incendie tragique de la tour Grenfell, \u00e0 Londres. Ce panneau composite en aluminium est compos\u00e9 de deux t\u00f4les en aluminium laqu\u00e9es en continu et thermo-coll\u00e9es de part et d\u2019autre d\u2019une \u00e2me en poly\u00e9thyl\u00e8ne.<\/p>\n<p>Arconic Architectural Products est une branche d&rsquo;Alcoa, leader mondial de l&rsquo;Aluminium qui emploie 107 000 personnes r\u00e9parties dans 44 pays et fabrique des produits allant des panneaux composites \u00e0 la feuille d&rsquo;aluminium \u00e0 usage domestique. Arconic Architectural Products poss\u00e8de deux usines de fabrication de Reynobond PE : une est situ\u00e9e \u00e0 Eastman, en G\u00e9orgie, aux Etats-Unis, l&rsquo;autre est \u00e0 Merxheim en France.<\/p>\n","protected":false},"excerpt":{"rendered":"<p>Arconic Architectural Products a d\u00e9cid\u00e9 de stopper ses ventes de Reynobond PE destin\u00e9es aux applications de b\u00e2timents de grandes hauteurs. Le produit est soup\u00e7onn\u00e9 d\u2019avoir particip\u00e9 \u00e0 la propagation de l\u2019incendie tragique de la tour Grenfell, \u00e0 Londres. Ce panneau composite en aluminium est compos\u00e9 de deux t\u00f4les en aluminium laqu\u00e9es en continu et thermo-coll\u00e9es [&hellip;]<\/p>\n","protected":false},"author":17,"featured_media":0,"comment_status":"closed","ping_status":"closed","sticky":false,"template":"","format":"standard","meta":{"_et_pb_use_builder":"","_et_pb_old_content":"","_et_gb_content_width":"","footnotes":""},"categories":[10530,6345],"tags":[6238],"class_list":["post-96324","post","type-post","status-publish","format-standard","hentry","category-actualites","category-economie-marches","tag-revetement-exterieur"],"yoast_head":"<!-- This site is optimized with the Yoast SEO plugin v27.4 - https:\/\/yoast.com\/product\/yoast-seo-wordpress\/ -->\n<title>Le rev\u00eatement composite utilis\u00e9 dans la tour Grenfell retir\u00e9 de la vente<\/title>\n<meta name=\"robots\" content=\"index, follow, max-snippet:-1, max-image-preview:large, max-video-preview:-1\" \/>\n<link rel=\"canonical\" href=\"https:\/\/batijournal.com\/index.php\/revetement-composite-utilise-tour-grenfell-retire-de-vente\/96324\/\" \/>\n<meta property=\"og:locale\" content=\"fr_FR\" \/>\n<meta property=\"og:type\" content=\"article\" \/>\n<meta property=\"og:title\" content=\"Le rev\u00eatement composite utilis\u00e9 dans la tour Grenfell retir\u00e9 de la vente\" \/>\n<meta property=\"og:description\" content=\"Arconic Architectural Products a d\u00e9cid\u00e9 de stopper ses ventes de Reynobond PE destin\u00e9es aux applications de b\u00e2timents de grandes hauteurs. Le produit est soup\u00e7onn\u00e9 d\u2019avoir particip\u00e9 \u00e0 la propagation de l\u2019incendie tragique de la tour Grenfell, \u00e0 Londres. Ce panneau composite en aluminium est compos\u00e9 de deux t\u00f4les en aluminium laqu\u00e9es en continu et thermo-coll\u00e9es [&hellip;]\" \/>\n<meta property=\"og:url\" content=\"https:\/\/batijournal.com\/index.php\/revetement-composite-utilise-tour-grenfell-retire-de-vente\/96324\/\" \/>\n<meta property=\"og:site_name\" content=\"Batijournal\" \/>\n<meta property=\"article:published_time\" content=\"2017-06-26T20:01:15+00:00\" \/>\n<meta property=\"article:modified_time\" content=\"2019-07-15T10:13:12+00:00\" \/>\n<meta name=\"author\" content=\"St\u00e9phane Miget\" \/>\n<meta name=\"twitter:card\" content=\"summary_large_image\" \/>\n<meta name=\"twitter:creator\" content=\"@bati_journal\" \/>\n<meta name=\"twitter:site\" content=\"@bati_journal\" \/>\n<meta name=\"twitter:label1\" content=\"\u00c9crit par\" \/>\n\t<meta name=\"twitter:data1\" content=\"St\u00e9phane Miget\" \/>\n\t<meta name=\"twitter:label2\" content=\"Dur\u00e9e de lecture estim\u00e9e\" \/>\n\t<meta name=\"twitter:data2\" content=\"1 minute\" \/>\n<script type=\"application\/ld+json\" class=\"yoast-schema-graph\">{\"@context\":\"https:\\\/\\\/schema.org\",\"@graph\":[{\"@type\":\"Article\",\"@id\":\"https:\\\/\\\/batijournal.com\\\/index.php\\\/revetement-composite-utilise-tour-grenfell-retire-de-vente\\\/96324\\\/#article\",\"isPartOf\":{\"@id\":\"https:\\\/\\\/batijournal.com\\\/index.php\\\/revetement-composite-utilise-tour-grenfell-retire-de-vente\\\/96324\\\/\"},\"author\":{\"name\":\"St\u00e9phane Miget\",\"@id\":\"https:\\\/\\\/batijournal.com\\\/#\\\/schema\\\/person\\\/1dc96ec6957aa1ccb25ebe78bb19f100\"},\"headline\":\"Le rev\u00eatement composite utilis\u00e9 dans la tour Grenfell retir\u00e9 de la vente\",\"datePublished\":\"2017-06-26T20:01:15+00:00\",\"dateModified\":\"2019-07-15T10:13:12+00:00\",\"mainEntityOfPage\":{\"@id\":\"https:\\\/\\\/batijournal.com\\\/index.php\\\/revetement-composite-utilise-tour-grenfell-retire-de-vente\\\/96324\\\/\"},\"wordCount\":149,\"keywords\":[\"revetement exterieur\"],\"articleSection\":[\"Actualit\u00e9s\",\"\u00c9conomie &amp; March\u00e9s\"],\"inLanguage\":\"fr-FR\"},{\"@type\":\"WebPage\",\"@id\":\"https:\\\/\\\/batijournal.com\\\/index.php\\\/revetement-composite-utilise-tour-grenfell-retire-de-vente\\\/96324\\\/\",\"url\":\"https:\\\/\\\/batijournal.com\\\/index.php\\\/revetement-composite-utilise-tour-grenfell-retire-de-vente\\\/96324\\\/\",\"name\":\"Le rev\u00eatement composite utilis\u00e9 dans la tour Grenfell retir\u00e9 de la vente\",\"isPartOf\":{\"@id\":\"https:\\\/\\\/batijournal.com\\\/#website\"},\"datePublished\":\"2017-06-26T20:01:15+00:00\",\"dateModified\":\"2019-07-15T10:13:12+00:00\",\"author\":{\"@id\":\"https:\\\/\\\/batijournal.com\\\/#\\\/schema\\\/person\\\/1dc96ec6957aa1ccb25ebe78bb19f100\"},\"breadcrumb\":{\"@id\":\"https:\\\/\\\/batijournal.com\\\/index.php\\\/revetement-composite-utilise-tour-grenfell-retire-de-vente\\\/96324\\\/#breadcrumb\"},\"inLanguage\":\"fr-FR\",\"potentialAction\":[{\"@type\":\"ReadAction\",\"target\":[\"https:\\\/\\\/batijournal.com\\\/index.php\\\/revetement-composite-utilise-tour-grenfell-retire-de-vente\\\/96324\\\/\"]}]},{\"@type\":\"BreadcrumbList\",\"@id\":\"https:\\\/\\\/batijournal.com\\\/index.php\\\/revetement-composite-utilise-tour-grenfell-retire-de-vente\\\/96324\\\/#breadcrumb\",\"itemListElement\":[{\"@type\":\"ListItem\",\"position\":1,\"name\":\"Accueil\",\"item\":\"https:\\\/\\\/batijournal.com\\\/\"},{\"@type\":\"ListItem\",\"position\":2,\"name\":\"Actualit\u00e9s\",\"item\":\"https:\\\/\\\/batijournal.com\\\/index.php\\\/category\\\/actualites\\\/\"},{\"@type\":\"ListItem\",\"position\":3,\"name\":\"Le rev\u00eatement composite utilis\u00e9 dans la tour Grenfell retir\u00e9 de la vente\"}]},{\"@type\":\"WebSite\",\"@id\":\"https:\\\/\\\/batijournal.com\\\/#website\",\"url\":\"https:\\\/\\\/batijournal.com\\\/\",\"name\":\"Batijournal\",\"description\":\"L&#039;actualit\u00e9 du b\u00e2timent\",\"potentialAction\":[{\"@type\":\"SearchAction\",\"target\":{\"@type\":\"EntryPoint\",\"urlTemplate\":\"https:\\\/\\\/batijournal.com\\\/?s={search_term_string}\"},\"query-input\":{\"@type\":\"PropertyValueSpecification\",\"valueRequired\":true,\"valueName\":\"search_term_string\"}}],\"inLanguage\":\"fr-FR\"},{\"@type\":\"Person\",\"@id\":\"https:\\\/\\\/batijournal.com\\\/#\\\/schema\\\/person\\\/1dc96ec6957aa1ccb25ebe78bb19f100\",\"name\":\"St\u00e9phane Miget\",\"image\":{\"@type\":\"ImageObject\",\"inLanguage\":\"fr-FR\",\"@id\":\"https:\\\/\\\/secure.gravatar.com\\\/avatar\\\/89915563d925342126b8ef0281b93d9d7fc337043e8df017f780908eb9644451?s=96&d=mm&r=g\",\"url\":\"https:\\\/\\\/secure.gravatar.com\\\/avatar\\\/89915563d925342126b8ef0281b93d9d7fc337043e8df017f780908eb9644451?s=96&d=mm&r=g\",\"contentUrl\":\"https:\\\/\\\/secure.gravatar.com\\\/avatar\\\/89915563d925342126b8ef0281b93d9d7fc337043e8df017f780908eb9644451?s=96&d=mm&r=g\",\"caption\":\"St\u00e9phane Miget\"},\"url\":\"https:\\\/\\\/batijournal.com\\\/index.php\\\/author\\\/stephane\\\/\"}]}<\/script>\n<!-- \/ Yoast SEO plugin. -->","yoast_head_json":{"title":"Le rev\u00eatement composite utilis\u00e9 dans la tour Grenfell retir\u00e9 de la vente","robots":{"index":"index","follow":"follow","max-snippet":"max-snippet:-1","max-image-preview":"max-image-preview:large","max-video-preview":"max-video-preview:-1"},"canonical":"https:\/\/batijournal.com\/index.php\/revetement-composite-utilise-tour-grenfell-retire-de-vente\/96324\/","og_locale":"fr_FR","og_type":"article","og_title":"Le rev\u00eatement composite utilis\u00e9 dans la tour Grenfell retir\u00e9 de la vente","og_description":"Arconic Architectural Products a d\u00e9cid\u00e9 de stopper ses ventes de Reynobond PE destin\u00e9es aux applications de b\u00e2timents de grandes hauteurs. Le produit est soup\u00e7onn\u00e9 d\u2019avoir particip\u00e9 \u00e0 la propagation de l\u2019incendie tragique de la tour Grenfell, \u00e0 Londres. Ce panneau composite en aluminium est compos\u00e9 de deux t\u00f4les en aluminium laqu\u00e9es en continu et thermo-coll\u00e9es [&hellip;]","og_url":"https:\/\/batijournal.com\/index.php\/revetement-composite-utilise-tour-grenfell-retire-de-vente\/96324\/","og_site_name":"Batijournal","article_published_time":"2017-06-26T20:01:15+00:00","article_modified_time":"2019-07-15T10:13:12+00:00","author":"St\u00e9phane Miget","twitter_card":"summary_large_image","twitter_creator":"@bati_journal","twitter_site":"@bati_journal","twitter_misc":{"\u00c9crit par":"St\u00e9phane Miget","Dur\u00e9e de lecture estim\u00e9e":"1 minute"},"schema":{"@context":"https:\/\/schema.org","@graph":[{"@type":"Article","@id":"https:\/\/batijournal.com\/index.php\/revetement-composite-utilise-tour-grenfell-retire-de-vente\/96324\/#article","isPartOf":{"@id":"https:\/\/batijournal.com\/index.php\/revetement-composite-utilise-tour-grenfell-retire-de-vente\/96324\/"},"author":{"name":"St\u00e9phane Miget","@id":"https:\/\/batijournal.com\/#\/schema\/person\/1dc96ec6957aa1ccb25ebe78bb19f100"},"headline":"Le rev\u00eatement composite utilis\u00e9 dans la tour Grenfell retir\u00e9 de la vente","datePublished":"2017-06-26T20:01:15+00:00","dateModified":"2019-07-15T10:13:12+00:00","mainEntityOfPage":{"@id":"https:\/\/batijournal.com\/index.php\/revetement-composite-utilise-tour-grenfell-retire-de-vente\/96324\/"},"wordCount":149,"keywords":["revetement exterieur"],"articleSection":["Actualit\u00e9s","\u00c9conomie &amp; March\u00e9s"],"inLanguage":"fr-FR"},{"@type":"WebPage","@id":"https:\/\/batijournal.com\/index.php\/revetement-composite-utilise-tour-grenfell-retire-de-vente\/96324\/","url":"https:\/\/batijournal.com\/index.php\/revetement-composite-utilise-tour-grenfell-retire-de-vente\/96324\/","name":"Le rev\u00eatement composite utilis\u00e9 dans la tour Grenfell retir\u00e9 de la vente","isPartOf":{"@id":"https:\/\/batijournal.com\/#website"},"datePublished":"2017-06-26T20:01:15+00:00","dateModified":"2019-07-15T10:13:12+00:00","author":{"@id":"https:\/\/batijournal.com\/#\/schema\/person\/1dc96ec6957aa1ccb25ebe78bb19f100"},"breadcrumb":{"@id":"https:\/\/batijournal.com\/index.php\/revetement-composite-utilise-tour-grenfell-retire-de-vente\/96324\/#breadcrumb"},"inLanguage":"fr-FR","potentialAction":[{"@type":"ReadAction","target":["https:\/\/batijournal.com\/index.php\/revetement-composite-utilise-tour-grenfell-retire-de-vente\/96324\/"]}]},{"@type":"BreadcrumbList","@id":"https:\/\/batijournal.com\/index.php\/revetement-composite-utilise-tour-grenfell-retire-de-vente\/96324\/#breadcrumb","itemListElement":[{"@type":"ListItem","position":1,"name":"Accueil","item":"https:\/\/batijournal.com\/"},{"@type":"ListItem","position":2,"name":"Actualit\u00e9s","item":"https:\/\/batijournal.com\/index.php\/category\/actualites\/"},{"@type":"ListItem","position":3,"name":"Le rev\u00eatement composite utilis\u00e9 dans la tour Grenfell retir\u00e9 de la vente"}]},{"@type":"WebSite","@id":"https:\/\/batijournal.com\/#website","url":"https:\/\/batijournal.com\/","name":"Batijournal","description":"L&#039;actualit\u00e9 du b\u00e2timent","potentialAction":[{"@type":"SearchAction","target":{"@type":"EntryPoint","urlTemplate":"https:\/\/batijournal.com\/?s={search_term_string}"},"query-input":{"@type":"PropertyValueSpecification","valueRequired":true,"valueName":"search_term_string"}}],"inLanguage":"fr-FR"},{"@type":"Person","@id":"https:\/\/batijournal.com\/#\/schema\/person\/1dc96ec6957aa1ccb25ebe78bb19f100","name":"St\u00e9phane Miget","image":{"@type":"ImageObject","inLanguage":"fr-FR","@id":"https:\/\/secure.gravatar.com\/avatar\/89915563d925342126b8ef0281b93d9d7fc337043e8df017f780908eb9644451?s=96&d=mm&r=g","url":"https:\/\/secure.gravatar.com\/avatar\/89915563d925342126b8ef0281b93d9d7fc337043e8df017f780908eb9644451?s=96&d=mm&r=g","contentUrl":"https:\/\/secure.gravatar.com\/avatar\/89915563d925342126b8ef0281b93d9d7fc337043e8df017f780908eb9644451?s=96&d=mm&r=g","caption":"St\u00e9phane Miget"},"url":"https:\/\/batijournal.com\/index.php\/author\/stephane\/"}]}},"_links":{"self":[{"href":"https:\/\/batijournal.com\/index.php\/wp-json\/wp\/v2\/posts\/96324","targetHints":{"allow":["GET"]}}],"collection":[{"href":"https:\/\/batijournal.com\/index.php\/wp-json\/wp\/v2\/posts"}],"about":[{"href":"https:\/\/batijournal.com\/index.php\/wp-json\/wp\/v2\/types\/post"}],"author":[{"embeddable":true,"href":"https:\/\/batijournal.com\/index.php\/wp-json\/wp\/v2\/users\/17"}],"replies":[{"embeddable":true,"href":"https:\/\/batijournal.com\/index.php\/wp-json\/wp\/v2\/comments?post=96324"}],"version-history":[{"count":0,"href":"https:\/\/batijournal.com\/index.php\/wp-json\/wp\/v2\/posts\/96324\/revisions"}],"wp:attachment":[{"href":"https:\/\/batijournal.com\/index.php\/wp-json\/wp\/v2\/media?parent=96324"}],"wp:term":[{"taxonomy":"category","embeddable":true,"href":"https:\/\/batijournal.com\/index.php\/wp-json\/wp\/v2\/categories?post=96324"},{"taxonomy":"post_tag","embeddable":true,"href":"https:\/\/batijournal.com\/index.php\/wp-json\/wp\/v2\/tags?post=96324"}],"curies":[{"name":"wp","href":"https:\/\/api.w.org\/{rel}","templated":true}]}}