{"id":96327,"date":"2017-06-27T08:35:52","date_gmt":"2017-06-27T06:35:52","guid":{"rendered":"http:\/\/batijournal.com\/?p=96327"},"modified":"2019-07-15T12:22:01","modified_gmt":"2019-07-15T10:22:01","slug":"parkings-solaires-cle-main","status":"publish","type":"post","link":"https:\/\/batijournal.com\/index.php\/parkings-solaires-cle-main\/96327\/","title":{"rendered":"Parkings solaires cl\u00e9 en main"},"content":{"rendered":"<p>Filiale du groupe KP1, KP1 B\u00e2timents con\u00e7oit, fabrique et met en \u0153uvre des charpentes sur-mesure pour tout type d\u2019ouvrage tertiaire ou industriel. Sa nouvelle offre de parking solaire KP SOLAR, lanc\u00e9e lors du salon PARKOPOLIS, illustre cette d\u00e9marche. D\u00e9velopp\u00e9e en partenariat avec URBASOLAR, elle allie structure en b\u00e9ton (poutres, poteaux et dalles alv\u00e9ol\u00e9es) et toiture en panneaux photovolta\u00efques. En multipliant le nombre d\u2019emplacements avec ce parking a\u00e9rien, le ma\u00eetre d\u2019ouvrage accro\u00eet la rentabilit\u00e9 de son b\u00e2timent commercial (cin\u00e9mas, hypermarch\u00e9s&#8230;). Le revenu g\u00e9n\u00e9r\u00e9 par le vente de l\u2019\u00e9lectricit\u00e9 permet \u00e9galement d\u2019amortir l\u2019investissement. La surcharge occasionn\u00e9e par la pr\u00e9sence de l\u2019ombri\u00e8re photovolta\u00efque est reprise sans surco\u00fbt.<\/p>\n<p>Photo : KP1<\/p>\n","protected":false},"excerpt":{"rendered":"<p>Filiale du groupe KP1, KP1 B\u00e2timents con\u00e7oit, fabrique et met en \u0153uvre des charpentes sur-mesure pour tout type d\u2019ouvrage tertiaire ou industriel. Sa nouvelle offre de parking solaire KP SOLAR, lanc\u00e9e lors du salon PARKOPOLIS, illustre cette d\u00e9marche. D\u00e9velopp\u00e9e en partenariat avec URBASOLAR, elle allie structure en b\u00e9ton (poutres, poteaux et dalles alv\u00e9ol\u00e9es) et toiture [&hellip;]<\/p>\n","protected":false},"author":17,"featured_media":96328,"comment_status":"closed","ping_status":"closed","sticky":false,"template":"","format":"standard","meta":{"_et_pb_use_builder":"","_et_pb_old_content":"","_et_gb_content_width":"","footnotes":""},"categories":[10530,6340,6351],"tags":[10733],"class_list":["post-96327","post","type-post","status-publish","format-standard","has-post-thumbnail","hentry","category-actualites","category-architecture-conception","category-energie-environnement","tag-electricite-photovoltaique"],"yoast_head":"<!-- This site is optimized with the Yoast SEO plugin v27.4 - https:\/\/yoast.com\/product\/yoast-seo-wordpress\/ -->\n<title>Parkings solaires cl\u00e9 en main<\/title>\n<meta name=\"robots\" content=\"index, follow, max-snippet:-1, max-image-preview:large, max-video-preview:-1\" \/>\n<link rel=\"canonical\" href=\"https:\/\/batijournal.com\/index.php\/parkings-solaires-cle-main\/96327\/\" \/>\n<meta property=\"og:locale\" content=\"fr_FR\" \/>\n<meta property=\"og:type\" content=\"article\" \/>\n<meta property=\"og:title\" content=\"Parkings solaires cl\u00e9 en main\" \/>\n<meta property=\"og:description\" content=\"Filiale du groupe KP1, KP1 B\u00e2timents con\u00e7oit, fabrique et met en \u0153uvre des charpentes sur-mesure pour tout type d\u2019ouvrage tertiaire ou industriel. Sa nouvelle offre de parking solaire KP SOLAR, lanc\u00e9e lors du salon PARKOPOLIS, illustre cette d\u00e9marche. D\u00e9velopp\u00e9e en partenariat avec URBASOLAR, elle allie structure en b\u00e9ton (poutres, poteaux et dalles alv\u00e9ol\u00e9es) et toiture [&hellip;]\" \/>\n<meta property=\"og:url\" content=\"https:\/\/batijournal.com\/index.php\/parkings-solaires-cle-main\/96327\/\" \/>\n<meta property=\"og:site_name\" content=\"Batijournal\" \/>\n<meta property=\"article:published_time\" content=\"2017-06-27T06:35:52+00:00\" \/>\n<meta property=\"article:modified_time\" content=\"2019-07-15T10:22:01+00:00\" \/>\n<meta property=\"og:image\" content=\"https:\/\/batijournal.com\/wp-content\/uploads\/2017\/06\/parking-solaire-kp1.png\" \/>\n\t<meta property=\"og:image:width\" content=\"713\" \/>\n\t<meta property=\"og:image:height\" content=\"495\" \/>\n\t<meta property=\"og:image:type\" content=\"image\/png\" \/>\n<meta name=\"author\" content=\"St\u00e9phane Miget\" \/>\n<meta name=\"twitter:card\" content=\"summary_large_image\" \/>\n<meta name=\"twitter:creator\" content=\"@bati_journal\" \/>\n<meta name=\"twitter:site\" content=\"@bati_journal\" \/>\n<meta name=\"twitter:label1\" content=\"\u00c9crit par\" \/>\n\t<meta name=\"twitter:data1\" content=\"St\u00e9phane Miget\" \/>\n\t<meta name=\"twitter:label2\" content=\"Dur\u00e9e de lecture estim\u00e9e\" \/>\n\t<meta name=\"twitter:data2\" content=\"1 minute\" \/>\n<script type=\"application\/ld+json\" class=\"yoast-schema-graph\">{\"@context\":\"https:\\\/\\\/schema.org\",\"@graph\":[{\"@type\":\"Article\",\"@id\":\"https:\\\/\\\/batijournal.com\\\/index.php\\\/parkings-solaires-cle-main\\\/96327\\\/#article\",\"isPartOf\":{\"@id\":\"https:\\\/\\\/batijournal.com\\\/index.php\\\/parkings-solaires-cle-main\\\/96327\\\/\"},\"author\":{\"name\":\"St\u00e9phane Miget\",\"@id\":\"https:\\\/\\\/batijournal.com\\\/#\\\/schema\\\/person\\\/1dc96ec6957aa1ccb25ebe78bb19f100\"},\"headline\":\"Parkings solaires cl\u00e9 en main\",\"datePublished\":\"2017-06-27T06:35:52+00:00\",\"dateModified\":\"2019-07-15T10:22:01+00:00\",\"mainEntityOfPage\":{\"@id\":\"https:\\\/\\\/batijournal.com\\\/index.php\\\/parkings-solaires-cle-main\\\/96327\\\/\"},\"wordCount\":141,\"image\":{\"@id\":\"https:\\\/\\\/batijournal.com\\\/index.php\\\/parkings-solaires-cle-main\\\/96327\\\/#primaryimage\"},\"thumbnailUrl\":\"https:\\\/\\\/batijournal.com\\\/wp-content\\\/uploads\\\/2017\\\/06\\\/parking-solaire-kp1.png\",\"keywords\":[\"\u00e9lectricit\u00e9 photovolta\u00efque\"],\"articleSection\":[\"Actualit\u00e9s\",\"Architecture &amp; Conception\",\"\u00c9nergie &amp; Environnement\"],\"inLanguage\":\"fr-FR\"},{\"@type\":\"WebPage\",\"@id\":\"https:\\\/\\\/batijournal.com\\\/index.php\\\/parkings-solaires-cle-main\\\/96327\\\/\",\"url\":\"https:\\\/\\\/batijournal.com\\\/index.php\\\/parkings-solaires-cle-main\\\/96327\\\/\",\"name\":\"Parkings solaires cl\u00e9 en main\",\"isPartOf\":{\"@id\":\"https:\\\/\\\/batijournal.com\\\/#website\"},\"primaryImageOfPage\":{\"@id\":\"https:\\\/\\\/batijournal.com\\\/index.php\\\/parkings-solaires-cle-main\\\/96327\\\/#primaryimage\"},\"image\":{\"@id\":\"https:\\\/\\\/batijournal.com\\\/index.php\\\/parkings-solaires-cle-main\\\/96327\\\/#primaryimage\"},\"thumbnailUrl\":\"https:\\\/\\\/batijournal.com\\\/wp-content\\\/uploads\\\/2017\\\/06\\\/parking-solaire-kp1.png\",\"datePublished\":\"2017-06-27T06:35:52+00:00\",\"dateModified\":\"2019-07-15T10:22:01+00:00\",\"author\":{\"@id\":\"https:\\\/\\\/batijournal.com\\\/#\\\/schema\\\/person\\\/1dc96ec6957aa1ccb25ebe78bb19f100\"},\"breadcrumb\":{\"@id\":\"https:\\\/\\\/batijournal.com\\\/index.php\\\/parkings-solaires-cle-main\\\/96327\\\/#breadcrumb\"},\"inLanguage\":\"fr-FR\",\"potentialAction\":[{\"@type\":\"ReadAction\",\"target\":[\"https:\\\/\\\/batijournal.com\\\/index.php\\\/parkings-solaires-cle-main\\\/96327\\\/\"]}]},{\"@type\":\"ImageObject\",\"inLanguage\":\"fr-FR\",\"@id\":\"https:\\\/\\\/batijournal.com\\\/index.php\\\/parkings-solaires-cle-main\\\/96327\\\/#primaryimage\",\"url\":\"https:\\\/\\\/batijournal.com\\\/wp-content\\\/uploads\\\/2017\\\/06\\\/parking-solaire-kp1.png\",\"contentUrl\":\"https:\\\/\\\/batijournal.com\\\/wp-content\\\/uploads\\\/2017\\\/06\\\/parking-solaire-kp1.png\",\"width\":713,\"height\":495},{\"@type\":\"BreadcrumbList\",\"@id\":\"https:\\\/\\\/batijournal.com\\\/index.php\\\/parkings-solaires-cle-main\\\/96327\\\/#breadcrumb\",\"itemListElement\":[{\"@type\":\"ListItem\",\"position\":1,\"name\":\"Accueil\",\"item\":\"https:\\\/\\\/batijournal.com\\\/\"},{\"@type\":\"ListItem\",\"position\":2,\"name\":\"Actualit\u00e9s\",\"item\":\"https:\\\/\\\/batijournal.com\\\/index.php\\\/category\\\/actualites\\\/\"},{\"@type\":\"ListItem\",\"position\":3,\"name\":\"Parkings solaires cl\u00e9 en main\"}]},{\"@type\":\"WebSite\",\"@id\":\"https:\\\/\\\/batijournal.com\\\/#website\",\"url\":\"https:\\\/\\\/batijournal.com\\\/\",\"name\":\"Batijournal\",\"description\":\"L&#039;actualit\u00e9 du b\u00e2timent\",\"potentialAction\":[{\"@type\":\"SearchAction\",\"target\":{\"@type\":\"EntryPoint\",\"urlTemplate\":\"https:\\\/\\\/batijournal.com\\\/?s={search_term_string}\"},\"query-input\":{\"@type\":\"PropertyValueSpecification\",\"valueRequired\":true,\"valueName\":\"search_term_string\"}}],\"inLanguage\":\"fr-FR\"},{\"@type\":\"Person\",\"@id\":\"https:\\\/\\\/batijournal.com\\\/#\\\/schema\\\/person\\\/1dc96ec6957aa1ccb25ebe78bb19f100\",\"name\":\"St\u00e9phane Miget\",\"image\":{\"@type\":\"ImageObject\",\"inLanguage\":\"fr-FR\",\"@id\":\"https:\\\/\\\/secure.gravatar.com\\\/avatar\\\/89915563d925342126b8ef0281b93d9d7fc337043e8df017f780908eb9644451?s=96&d=mm&r=g\",\"url\":\"https:\\\/\\\/secure.gravatar.com\\\/avatar\\\/89915563d925342126b8ef0281b93d9d7fc337043e8df017f780908eb9644451?s=96&d=mm&r=g\",\"contentUrl\":\"https:\\\/\\\/secure.gravatar.com\\\/avatar\\\/89915563d925342126b8ef0281b93d9d7fc337043e8df017f780908eb9644451?s=96&d=mm&r=g\",\"caption\":\"St\u00e9phane Miget\"},\"url\":\"https:\\\/\\\/batijournal.com\\\/index.php\\\/author\\\/stephane\\\/\"}]}<\/script>\n<!-- \/ Yoast SEO plugin. -->","yoast_head_json":{"title":"Parkings solaires cl\u00e9 en main","robots":{"index":"index","follow":"follow","max-snippet":"max-snippet:-1","max-image-preview":"max-image-preview:large","max-video-preview":"max-video-preview:-1"},"canonical":"https:\/\/batijournal.com\/index.php\/parkings-solaires-cle-main\/96327\/","og_locale":"fr_FR","og_type":"article","og_title":"Parkings solaires cl\u00e9 en main","og_description":"Filiale du groupe KP1, KP1 B\u00e2timents con\u00e7oit, fabrique et met en \u0153uvre des charpentes sur-mesure pour tout type d\u2019ouvrage tertiaire ou industriel. Sa nouvelle offre de parking solaire KP SOLAR, lanc\u00e9e lors du salon PARKOPOLIS, illustre cette d\u00e9marche. D\u00e9velopp\u00e9e en partenariat avec URBASOLAR, elle allie structure en b\u00e9ton (poutres, poteaux et dalles alv\u00e9ol\u00e9es) et toiture [&hellip;]","og_url":"https:\/\/batijournal.com\/index.php\/parkings-solaires-cle-main\/96327\/","og_site_name":"Batijournal","article_published_time":"2017-06-27T06:35:52+00:00","article_modified_time":"2019-07-15T10:22:01+00:00","og_image":[{"width":713,"height":495,"url":"https:\/\/batijournal.com\/wp-content\/uploads\/2017\/06\/parking-solaire-kp1.png","type":"image\/png"}],"author":"St\u00e9phane Miget","twitter_card":"summary_large_image","twitter_creator":"@bati_journal","twitter_site":"@bati_journal","twitter_misc":{"\u00c9crit par":"St\u00e9phane Miget","Dur\u00e9e de lecture estim\u00e9e":"1 minute"},"schema":{"@context":"https:\/\/schema.org","@graph":[{"@type":"Article","@id":"https:\/\/batijournal.com\/index.php\/parkings-solaires-cle-main\/96327\/#article","isPartOf":{"@id":"https:\/\/batijournal.com\/index.php\/parkings-solaires-cle-main\/96327\/"},"author":{"name":"St\u00e9phane Miget","@id":"https:\/\/batijournal.com\/#\/schema\/person\/1dc96ec6957aa1ccb25ebe78bb19f100"},"headline":"Parkings solaires cl\u00e9 en main","datePublished":"2017-06-27T06:35:52+00:00","dateModified":"2019-07-15T10:22:01+00:00","mainEntityOfPage":{"@id":"https:\/\/batijournal.com\/index.php\/parkings-solaires-cle-main\/96327\/"},"wordCount":141,"image":{"@id":"https:\/\/batijournal.com\/index.php\/parkings-solaires-cle-main\/96327\/#primaryimage"},"thumbnailUrl":"https:\/\/batijournal.com\/wp-content\/uploads\/2017\/06\/parking-solaire-kp1.png","keywords":["\u00e9lectricit\u00e9 photovolta\u00efque"],"articleSection":["Actualit\u00e9s","Architecture &amp; Conception","\u00c9nergie &amp; Environnement"],"inLanguage":"fr-FR"},{"@type":"WebPage","@id":"https:\/\/batijournal.com\/index.php\/parkings-solaires-cle-main\/96327\/","url":"https:\/\/batijournal.com\/index.php\/parkings-solaires-cle-main\/96327\/","name":"Parkings solaires cl\u00e9 en main","isPartOf":{"@id":"https:\/\/batijournal.com\/#website"},"primaryImageOfPage":{"@id":"https:\/\/batijournal.com\/index.php\/parkings-solaires-cle-main\/96327\/#primaryimage"},"image":{"@id":"https:\/\/batijournal.com\/index.php\/parkings-solaires-cle-main\/96327\/#primaryimage"},"thumbnailUrl":"https:\/\/batijournal.com\/wp-content\/uploads\/2017\/06\/parking-solaire-kp1.png","datePublished":"2017-06-27T06:35:52+00:00","dateModified":"2019-07-15T10:22:01+00:00","author":{"@id":"https:\/\/batijournal.com\/#\/schema\/person\/1dc96ec6957aa1ccb25ebe78bb19f100"},"breadcrumb":{"@id":"https:\/\/batijournal.com\/index.php\/parkings-solaires-cle-main\/96327\/#breadcrumb"},"inLanguage":"fr-FR","potentialAction":[{"@type":"ReadAction","target":["https:\/\/batijournal.com\/index.php\/parkings-solaires-cle-main\/96327\/"]}]},{"@type":"ImageObject","inLanguage":"fr-FR","@id":"https:\/\/batijournal.com\/index.php\/parkings-solaires-cle-main\/96327\/#primaryimage","url":"https:\/\/batijournal.com\/wp-content\/uploads\/2017\/06\/parking-solaire-kp1.png","contentUrl":"https:\/\/batijournal.com\/wp-content\/uploads\/2017\/06\/parking-solaire-kp1.png","width":713,"height":495},{"@type":"BreadcrumbList","@id":"https:\/\/batijournal.com\/index.php\/parkings-solaires-cle-main\/96327\/#breadcrumb","itemListElement":[{"@type":"ListItem","position":1,"name":"Accueil","item":"https:\/\/batijournal.com\/"},{"@type":"ListItem","position":2,"name":"Actualit\u00e9s","item":"https:\/\/batijournal.com\/index.php\/category\/actualites\/"},{"@type":"ListItem","position":3,"name":"Parkings solaires cl\u00e9 en main"}]},{"@type":"WebSite","@id":"https:\/\/batijournal.com\/#website","url":"https:\/\/batijournal.com\/","name":"Batijournal","description":"L&#039;actualit\u00e9 du b\u00e2timent","potentialAction":[{"@type":"SearchAction","target":{"@type":"EntryPoint","urlTemplate":"https:\/\/batijournal.com\/?s={search_term_string}"},"query-input":{"@type":"PropertyValueSpecification","valueRequired":true,"valueName":"search_term_string"}}],"inLanguage":"fr-FR"},{"@type":"Person","@id":"https:\/\/batijournal.com\/#\/schema\/person\/1dc96ec6957aa1ccb25ebe78bb19f100","name":"St\u00e9phane Miget","image":{"@type":"ImageObject","inLanguage":"fr-FR","@id":"https:\/\/secure.gravatar.com\/avatar\/89915563d925342126b8ef0281b93d9d7fc337043e8df017f780908eb9644451?s=96&d=mm&r=g","url":"https:\/\/secure.gravatar.com\/avatar\/89915563d925342126b8ef0281b93d9d7fc337043e8df017f780908eb9644451?s=96&d=mm&r=g","contentUrl":"https:\/\/secure.gravatar.com\/avatar\/89915563d925342126b8ef0281b93d9d7fc337043e8df017f780908eb9644451?s=96&d=mm&r=g","caption":"St\u00e9phane Miget"},"url":"https:\/\/batijournal.com\/index.php\/author\/stephane\/"}]}},"_links":{"self":[{"href":"https:\/\/batijournal.com\/index.php\/wp-json\/wp\/v2\/posts\/96327","targetHints":{"allow":["GET"]}}],"collection":[{"href":"https:\/\/batijournal.com\/index.php\/wp-json\/wp\/v2\/posts"}],"about":[{"href":"https:\/\/batijournal.com\/index.php\/wp-json\/wp\/v2\/types\/post"}],"author":[{"embeddable":true,"href":"https:\/\/batijournal.com\/index.php\/wp-json\/wp\/v2\/users\/17"}],"replies":[{"embeddable":true,"href":"https:\/\/batijournal.com\/index.php\/wp-json\/wp\/v2\/comments?post=96327"}],"version-history":[{"count":0,"href":"https:\/\/batijournal.com\/index.php\/wp-json\/wp\/v2\/posts\/96327\/revisions"}],"wp:featuredmedia":[{"embeddable":true,"href":"https:\/\/batijournal.com\/index.php\/wp-json\/wp\/v2\/media\/96328"}],"wp:attachment":[{"href":"https:\/\/batijournal.com\/index.php\/wp-json\/wp\/v2\/media?parent=96327"}],"wp:term":[{"taxonomy":"category","embeddable":true,"href":"https:\/\/batijournal.com\/index.php\/wp-json\/wp\/v2\/categories?post=96327"},{"taxonomy":"post_tag","embeddable":true,"href":"https:\/\/batijournal.com\/index.php\/wp-json\/wp\/v2\/tags?post=96327"}],"curies":[{"name":"wp","href":"https:\/\/api.w.org\/{rel}","templated":true}]}}