{"id":96365,"date":"2017-06-29T08:48:14","date_gmt":"2017-06-29T06:48:14","guid":{"rendered":"http:\/\/batijournal.com\/?p=96365"},"modified":"2019-07-15T12:13:12","modified_gmt":"2019-07-15T10:13:12","slug":"societe-grand-paris-signe-troisieme-convention-developper-lemploi-local","status":"publish","type":"post","link":"https:\/\/batijournal.com\/index.php\/societe-grand-paris-signe-troisieme-convention-developper-lemploi-local\/96365\/","title":{"rendered":"La Soci\u00e9t\u00e9 du Grand Paris signe une troisi\u00e8me convention pour d\u00e9velopper l\u2019emploi local"},"content":{"rendered":"<p><strong>Philippe Yvin, pr\u00e9sident du directoire de la Soci\u00e9t\u00e9 du Grand Paris, Michel Lepr\u00eatre, pr\u00e9sident de l\u2019\u00e9tablissement public territorial Grand Orly Seine Bi\u00e8vre (EPT Grand-Orly Seine Bi\u00e8vre) et Pierre Bell- Lloch, vice-pr\u00e9sident du conseil d\u00e9partemental du Val-de-Marne, ont sign\u00e9 le 27 juin, une convention de partenariat pour le d\u00e9veloppement de l\u2019emploi dans les territoires de l\u2019 EPT Grand-Orly Seine Bi\u00e8vre travers\u00e9s par le Grand Paris Express.<\/strong><\/p>\n<p>La Soci\u00e9t\u00e9 du Grand Paris financera les actions conduites par la EPT Grand-Orly Seine Bi\u00e8vre, \u00e0 hauteur de 60 000 euros par an, pendant au moins cinq ans. Cette subvention vient soutenir les initiatives des collectivit\u00e9s pour, entre autres, mettre en relation les entreprises et personnes en recherche d\u2019emploi et faciliter les contacts entre les entreprises et les PME locales.<\/p>\n<p>Ces conventions, qui vont \u00eatre de plus en plus nombreuses au fil de l\u2019avancement des chantiers, permettent de mettre en \u0153uvre les engagements de la Soci\u00e9t\u00e9 du Grand Paris en faveur de l\u2019insertion et de l\u2019acc\u00e8s \u00e0 l\u2019emploi. L\u2019entreprise demande notamment \u00e0 tous les attributaires de ses march\u00e9s de d\u00e9dier un minimum de 5 % des heures de travail aux personnes en insertion (demandeurs d\u2019emplois de longue dur\u00e9e, allocataires du RSA, jeunes non dipl\u00f4m\u00e9, etc&#8230;). La Soci\u00e9t\u00e9 du Grand Paris a \u00e9galement inscrit dans les march\u00e9s de construction du nouveau m\u00e9tro une part minimale de 20 % ex\u00e9cut\u00e9e par des PME, en cotraitance ou en sous-traitance.<\/p>\n","protected":false},"excerpt":{"rendered":"<p>Philippe Yvin, pr\u00e9sident du directoire de la Soci\u00e9t\u00e9 du Grand Paris, Michel Lepr\u00eatre, pr\u00e9sident de l\u2019\u00e9tablissement public territorial Grand Orly Seine Bi\u00e8vre (EPT Grand-Orly Seine Bi\u00e8vre) et Pierre Bell- Lloch, vice-pr\u00e9sident du conseil d\u00e9partemental du Val-de-Marne, ont sign\u00e9 le 27 juin, une convention de partenariat pour le d\u00e9veloppement de l\u2019emploi dans les territoires de l\u2019 [&hellip;]<\/p>\n","protected":false},"author":17,"featured_media":91061,"comment_status":"closed","ping_status":"closed","sticky":false,"template":"","format":"standard","meta":{"_et_pb_use_builder":"","_et_pb_old_content":"","_et_gb_content_width":"","footnotes":""},"categories":[10530,6345],"tags":[11773,11657],"class_list":["post-96365","post","type-post","status-publish","format-standard","has-post-thumbnail","hentry","category-actualites","category-economie-marches","tag-grand-paris-express","tag-societe-du-grand-paris"],"yoast_head":"<!-- This site is optimized with the Yoast SEO plugin v27.4 - https:\/\/yoast.com\/product\/yoast-seo-wordpress\/ -->\n<title>La Soci\u00e9t\u00e9 du Grand Paris signe une troisi\u00e8me convention pour d\u00e9velopper l\u2019emploi local<\/title>\n<meta name=\"robots\" content=\"index, follow, max-snippet:-1, max-image-preview:large, max-video-preview:-1\" \/>\n<link rel=\"canonical\" href=\"https:\/\/batijournal.com\/index.php\/societe-grand-paris-signe-troisieme-convention-developper-lemploi-local\/96365\/\" \/>\n<meta property=\"og:locale\" content=\"fr_FR\" \/>\n<meta property=\"og:type\" content=\"article\" \/>\n<meta property=\"og:title\" content=\"La Soci\u00e9t\u00e9 du Grand Paris signe une troisi\u00e8me convention pour d\u00e9velopper l\u2019emploi local\" \/>\n<meta property=\"og:description\" content=\"Philippe Yvin, pr\u00e9sident du directoire de la Soci\u00e9t\u00e9 du Grand Paris, Michel Lepr\u00eatre, pr\u00e9sident de l\u2019\u00e9tablissement public territorial Grand Orly Seine Bi\u00e8vre (EPT Grand-Orly Seine Bi\u00e8vre) et Pierre Bell- Lloch, vice-pr\u00e9sident du conseil d\u00e9partemental du Val-de-Marne, ont sign\u00e9 le 27 juin, une convention de partenariat pour le d\u00e9veloppement de l\u2019emploi dans les territoires de l\u2019 [&hellip;]\" \/>\n<meta property=\"og:url\" content=\"https:\/\/batijournal.com\/index.php\/societe-grand-paris-signe-troisieme-convention-developper-lemploi-local\/96365\/\" \/>\n<meta property=\"og:site_name\" content=\"Batijournal\" \/>\n<meta property=\"article:published_time\" content=\"2017-06-29T06:48:14+00:00\" \/>\n<meta property=\"article:modified_time\" content=\"2019-07-15T10:13:12+00:00\" \/>\n<meta property=\"og:image\" content=\"https:\/\/batijournal.com\/wp-content\/uploads\/2016\/01\/grand-paris.png\" \/>\n\t<meta property=\"og:image:width\" content=\"896\" \/>\n\t<meta property=\"og:image:height\" content=\"453\" \/>\n\t<meta property=\"og:image:type\" content=\"image\/png\" \/>\n<meta name=\"author\" content=\"St\u00e9phane Miget\" \/>\n<meta name=\"twitter:card\" content=\"summary_large_image\" \/>\n<meta name=\"twitter:creator\" content=\"@bati_journal\" \/>\n<meta name=\"twitter:site\" content=\"@bati_journal\" \/>\n<meta name=\"twitter:label1\" content=\"\u00c9crit par\" \/>\n\t<meta name=\"twitter:data1\" content=\"St\u00e9phane Miget\" \/>\n\t<meta name=\"twitter:label2\" content=\"Dur\u00e9e de lecture estim\u00e9e\" \/>\n\t<meta name=\"twitter:data2\" content=\"1 minute\" \/>\n<script type=\"application\/ld+json\" class=\"yoast-schema-graph\">{\"@context\":\"https:\\\/\\\/schema.org\",\"@graph\":[{\"@type\":\"Article\",\"@id\":\"https:\\\/\\\/batijournal.com\\\/index.php\\\/societe-grand-paris-signe-troisieme-convention-developper-lemploi-local\\\/96365\\\/#article\",\"isPartOf\":{\"@id\":\"https:\\\/\\\/batijournal.com\\\/index.php\\\/societe-grand-paris-signe-troisieme-convention-developper-lemploi-local\\\/96365\\\/\"},\"author\":{\"name\":\"St\u00e9phane Miget\",\"@id\":\"https:\\\/\\\/batijournal.com\\\/#\\\/schema\\\/person\\\/1dc96ec6957aa1ccb25ebe78bb19f100\"},\"headline\":\"La Soci\u00e9t\u00e9 du Grand Paris signe une troisi\u00e8me convention pour d\u00e9velopper l\u2019emploi local\",\"datePublished\":\"2017-06-29T06:48:14+00:00\",\"dateModified\":\"2019-07-15T10:13:12+00:00\",\"mainEntityOfPage\":{\"@id\":\"https:\\\/\\\/batijournal.com\\\/index.php\\\/societe-grand-paris-signe-troisieme-convention-developper-lemploi-local\\\/96365\\\/\"},\"wordCount\":272,\"image\":{\"@id\":\"https:\\\/\\\/batijournal.com\\\/index.php\\\/societe-grand-paris-signe-troisieme-convention-developper-lemploi-local\\\/96365\\\/#primaryimage\"},\"thumbnailUrl\":\"https:\\\/\\\/batijournal.com\\\/wp-content\\\/uploads\\\/2016\\\/01\\\/grand-paris.png\",\"keywords\":[\"Grand Paris Express\",\"Soci\u00e9t\u00e9 du Grand Paris\"],\"articleSection\":[\"Actualit\u00e9s\",\"\u00c9conomie &amp; March\u00e9s\"],\"inLanguage\":\"fr-FR\"},{\"@type\":\"WebPage\",\"@id\":\"https:\\\/\\\/batijournal.com\\\/index.php\\\/societe-grand-paris-signe-troisieme-convention-developper-lemploi-local\\\/96365\\\/\",\"url\":\"https:\\\/\\\/batijournal.com\\\/index.php\\\/societe-grand-paris-signe-troisieme-convention-developper-lemploi-local\\\/96365\\\/\",\"name\":\"La Soci\u00e9t\u00e9 du Grand Paris signe une troisi\u00e8me convention pour d\u00e9velopper l\u2019emploi local\",\"isPartOf\":{\"@id\":\"https:\\\/\\\/batijournal.com\\\/#website\"},\"primaryImageOfPage\":{\"@id\":\"https:\\\/\\\/batijournal.com\\\/index.php\\\/societe-grand-paris-signe-troisieme-convention-developper-lemploi-local\\\/96365\\\/#primaryimage\"},\"image\":{\"@id\":\"https:\\\/\\\/batijournal.com\\\/index.php\\\/societe-grand-paris-signe-troisieme-convention-developper-lemploi-local\\\/96365\\\/#primaryimage\"},\"thumbnailUrl\":\"https:\\\/\\\/batijournal.com\\\/wp-content\\\/uploads\\\/2016\\\/01\\\/grand-paris.png\",\"datePublished\":\"2017-06-29T06:48:14+00:00\",\"dateModified\":\"2019-07-15T10:13:12+00:00\",\"author\":{\"@id\":\"https:\\\/\\\/batijournal.com\\\/#\\\/schema\\\/person\\\/1dc96ec6957aa1ccb25ebe78bb19f100\"},\"breadcrumb\":{\"@id\":\"https:\\\/\\\/batijournal.com\\\/index.php\\\/societe-grand-paris-signe-troisieme-convention-developper-lemploi-local\\\/96365\\\/#breadcrumb\"},\"inLanguage\":\"fr-FR\",\"potentialAction\":[{\"@type\":\"ReadAction\",\"target\":[\"https:\\\/\\\/batijournal.com\\\/index.php\\\/societe-grand-paris-signe-troisieme-convention-developper-lemploi-local\\\/96365\\\/\"]}]},{\"@type\":\"ImageObject\",\"inLanguage\":\"fr-FR\",\"@id\":\"https:\\\/\\\/batijournal.com\\\/index.php\\\/societe-grand-paris-signe-troisieme-convention-developper-lemploi-local\\\/96365\\\/#primaryimage\",\"url\":\"https:\\\/\\\/batijournal.com\\\/wp-content\\\/uploads\\\/2016\\\/01\\\/grand-paris.png\",\"contentUrl\":\"https:\\\/\\\/batijournal.com\\\/wp-content\\\/uploads\\\/2016\\\/01\\\/grand-paris.png\",\"width\":896,\"height\":453},{\"@type\":\"BreadcrumbList\",\"@id\":\"https:\\\/\\\/batijournal.com\\\/index.php\\\/societe-grand-paris-signe-troisieme-convention-developper-lemploi-local\\\/96365\\\/#breadcrumb\",\"itemListElement\":[{\"@type\":\"ListItem\",\"position\":1,\"name\":\"Accueil\",\"item\":\"https:\\\/\\\/batijournal.com\\\/\"},{\"@type\":\"ListItem\",\"position\":2,\"name\":\"Actualit\u00e9s\",\"item\":\"https:\\\/\\\/batijournal.com\\\/index.php\\\/category\\\/actualites\\\/\"},{\"@type\":\"ListItem\",\"position\":3,\"name\":\"La Soci\u00e9t\u00e9 du Grand Paris signe une troisi\u00e8me convention pour d\u00e9velopper l\u2019emploi local\"}]},{\"@type\":\"WebSite\",\"@id\":\"https:\\\/\\\/batijournal.com\\\/#website\",\"url\":\"https:\\\/\\\/batijournal.com\\\/\",\"name\":\"Batijournal\",\"description\":\"L&#039;actualit\u00e9 du b\u00e2timent\",\"potentialAction\":[{\"@type\":\"SearchAction\",\"target\":{\"@type\":\"EntryPoint\",\"urlTemplate\":\"https:\\\/\\\/batijournal.com\\\/?s={search_term_string}\"},\"query-input\":{\"@type\":\"PropertyValueSpecification\",\"valueRequired\":true,\"valueName\":\"search_term_string\"}}],\"inLanguage\":\"fr-FR\"},{\"@type\":\"Person\",\"@id\":\"https:\\\/\\\/batijournal.com\\\/#\\\/schema\\\/person\\\/1dc96ec6957aa1ccb25ebe78bb19f100\",\"name\":\"St\u00e9phane Miget\",\"image\":{\"@type\":\"ImageObject\",\"inLanguage\":\"fr-FR\",\"@id\":\"https:\\\/\\\/secure.gravatar.com\\\/avatar\\\/89915563d925342126b8ef0281b93d9d7fc337043e8df017f780908eb9644451?s=96&d=mm&r=g\",\"url\":\"https:\\\/\\\/secure.gravatar.com\\\/avatar\\\/89915563d925342126b8ef0281b93d9d7fc337043e8df017f780908eb9644451?s=96&d=mm&r=g\",\"contentUrl\":\"https:\\\/\\\/secure.gravatar.com\\\/avatar\\\/89915563d925342126b8ef0281b93d9d7fc337043e8df017f780908eb9644451?s=96&d=mm&r=g\",\"caption\":\"St\u00e9phane Miget\"},\"url\":\"https:\\\/\\\/batijournal.com\\\/index.php\\\/author\\\/stephane\\\/\"}]}<\/script>\n<!-- \/ Yoast SEO plugin. -->","yoast_head_json":{"title":"La Soci\u00e9t\u00e9 du Grand Paris signe une troisi\u00e8me convention pour d\u00e9velopper l\u2019emploi local","robots":{"index":"index","follow":"follow","max-snippet":"max-snippet:-1","max-image-preview":"max-image-preview:large","max-video-preview":"max-video-preview:-1"},"canonical":"https:\/\/batijournal.com\/index.php\/societe-grand-paris-signe-troisieme-convention-developper-lemploi-local\/96365\/","og_locale":"fr_FR","og_type":"article","og_title":"La Soci\u00e9t\u00e9 du Grand Paris signe une troisi\u00e8me convention pour d\u00e9velopper l\u2019emploi local","og_description":"Philippe Yvin, pr\u00e9sident du directoire de la Soci\u00e9t\u00e9 du Grand Paris, Michel Lepr\u00eatre, pr\u00e9sident de l\u2019\u00e9tablissement public territorial Grand Orly Seine Bi\u00e8vre (EPT Grand-Orly Seine Bi\u00e8vre) et Pierre Bell- Lloch, vice-pr\u00e9sident du conseil d\u00e9partemental du Val-de-Marne, ont sign\u00e9 le 27 juin, une convention de partenariat pour le d\u00e9veloppement de l\u2019emploi dans les territoires de l\u2019 [&hellip;]","og_url":"https:\/\/batijournal.com\/index.php\/societe-grand-paris-signe-troisieme-convention-developper-lemploi-local\/96365\/","og_site_name":"Batijournal","article_published_time":"2017-06-29T06:48:14+00:00","article_modified_time":"2019-07-15T10:13:12+00:00","og_image":[{"width":896,"height":453,"url":"https:\/\/batijournal.com\/wp-content\/uploads\/2016\/01\/grand-paris.png","type":"image\/png"}],"author":"St\u00e9phane Miget","twitter_card":"summary_large_image","twitter_creator":"@bati_journal","twitter_site":"@bati_journal","twitter_misc":{"\u00c9crit par":"St\u00e9phane Miget","Dur\u00e9e de lecture estim\u00e9e":"1 minute"},"schema":{"@context":"https:\/\/schema.org","@graph":[{"@type":"Article","@id":"https:\/\/batijournal.com\/index.php\/societe-grand-paris-signe-troisieme-convention-developper-lemploi-local\/96365\/#article","isPartOf":{"@id":"https:\/\/batijournal.com\/index.php\/societe-grand-paris-signe-troisieme-convention-developper-lemploi-local\/96365\/"},"author":{"name":"St\u00e9phane Miget","@id":"https:\/\/batijournal.com\/#\/schema\/person\/1dc96ec6957aa1ccb25ebe78bb19f100"},"headline":"La Soci\u00e9t\u00e9 du Grand Paris signe une troisi\u00e8me convention pour d\u00e9velopper l\u2019emploi local","datePublished":"2017-06-29T06:48:14+00:00","dateModified":"2019-07-15T10:13:12+00:00","mainEntityOfPage":{"@id":"https:\/\/batijournal.com\/index.php\/societe-grand-paris-signe-troisieme-convention-developper-lemploi-local\/96365\/"},"wordCount":272,"image":{"@id":"https:\/\/batijournal.com\/index.php\/societe-grand-paris-signe-troisieme-convention-developper-lemploi-local\/96365\/#primaryimage"},"thumbnailUrl":"https:\/\/batijournal.com\/wp-content\/uploads\/2016\/01\/grand-paris.png","keywords":["Grand Paris Express","Soci\u00e9t\u00e9 du Grand Paris"],"articleSection":["Actualit\u00e9s","\u00c9conomie &amp; March\u00e9s"],"inLanguage":"fr-FR"},{"@type":"WebPage","@id":"https:\/\/batijournal.com\/index.php\/societe-grand-paris-signe-troisieme-convention-developper-lemploi-local\/96365\/","url":"https:\/\/batijournal.com\/index.php\/societe-grand-paris-signe-troisieme-convention-developper-lemploi-local\/96365\/","name":"La Soci\u00e9t\u00e9 du Grand Paris signe une troisi\u00e8me convention pour d\u00e9velopper l\u2019emploi local","isPartOf":{"@id":"https:\/\/batijournal.com\/#website"},"primaryImageOfPage":{"@id":"https:\/\/batijournal.com\/index.php\/societe-grand-paris-signe-troisieme-convention-developper-lemploi-local\/96365\/#primaryimage"},"image":{"@id":"https:\/\/batijournal.com\/index.php\/societe-grand-paris-signe-troisieme-convention-developper-lemploi-local\/96365\/#primaryimage"},"thumbnailUrl":"https:\/\/batijournal.com\/wp-content\/uploads\/2016\/01\/grand-paris.png","datePublished":"2017-06-29T06:48:14+00:00","dateModified":"2019-07-15T10:13:12+00:00","author":{"@id":"https:\/\/batijournal.com\/#\/schema\/person\/1dc96ec6957aa1ccb25ebe78bb19f100"},"breadcrumb":{"@id":"https:\/\/batijournal.com\/index.php\/societe-grand-paris-signe-troisieme-convention-developper-lemploi-local\/96365\/#breadcrumb"},"inLanguage":"fr-FR","potentialAction":[{"@type":"ReadAction","target":["https:\/\/batijournal.com\/index.php\/societe-grand-paris-signe-troisieme-convention-developper-lemploi-local\/96365\/"]}]},{"@type":"ImageObject","inLanguage":"fr-FR","@id":"https:\/\/batijournal.com\/index.php\/societe-grand-paris-signe-troisieme-convention-developper-lemploi-local\/96365\/#primaryimage","url":"https:\/\/batijournal.com\/wp-content\/uploads\/2016\/01\/grand-paris.png","contentUrl":"https:\/\/batijournal.com\/wp-content\/uploads\/2016\/01\/grand-paris.png","width":896,"height":453},{"@type":"BreadcrumbList","@id":"https:\/\/batijournal.com\/index.php\/societe-grand-paris-signe-troisieme-convention-developper-lemploi-local\/96365\/#breadcrumb","itemListElement":[{"@type":"ListItem","position":1,"name":"Accueil","item":"https:\/\/batijournal.com\/"},{"@type":"ListItem","position":2,"name":"Actualit\u00e9s","item":"https:\/\/batijournal.com\/index.php\/category\/actualites\/"},{"@type":"ListItem","position":3,"name":"La Soci\u00e9t\u00e9 du Grand Paris signe une troisi\u00e8me convention pour d\u00e9velopper l\u2019emploi local"}]},{"@type":"WebSite","@id":"https:\/\/batijournal.com\/#website","url":"https:\/\/batijournal.com\/","name":"Batijournal","description":"L&#039;actualit\u00e9 du b\u00e2timent","potentialAction":[{"@type":"SearchAction","target":{"@type":"EntryPoint","urlTemplate":"https:\/\/batijournal.com\/?s={search_term_string}"},"query-input":{"@type":"PropertyValueSpecification","valueRequired":true,"valueName":"search_term_string"}}],"inLanguage":"fr-FR"},{"@type":"Person","@id":"https:\/\/batijournal.com\/#\/schema\/person\/1dc96ec6957aa1ccb25ebe78bb19f100","name":"St\u00e9phane Miget","image":{"@type":"ImageObject","inLanguage":"fr-FR","@id":"https:\/\/secure.gravatar.com\/avatar\/89915563d925342126b8ef0281b93d9d7fc337043e8df017f780908eb9644451?s=96&d=mm&r=g","url":"https:\/\/secure.gravatar.com\/avatar\/89915563d925342126b8ef0281b93d9d7fc337043e8df017f780908eb9644451?s=96&d=mm&r=g","contentUrl":"https:\/\/secure.gravatar.com\/avatar\/89915563d925342126b8ef0281b93d9d7fc337043e8df017f780908eb9644451?s=96&d=mm&r=g","caption":"St\u00e9phane Miget"},"url":"https:\/\/batijournal.com\/index.php\/author\/stephane\/"}]}},"_links":{"self":[{"href":"https:\/\/batijournal.com\/index.php\/wp-json\/wp\/v2\/posts\/96365","targetHints":{"allow":["GET"]}}],"collection":[{"href":"https:\/\/batijournal.com\/index.php\/wp-json\/wp\/v2\/posts"}],"about":[{"href":"https:\/\/batijournal.com\/index.php\/wp-json\/wp\/v2\/types\/post"}],"author":[{"embeddable":true,"href":"https:\/\/batijournal.com\/index.php\/wp-json\/wp\/v2\/users\/17"}],"replies":[{"embeddable":true,"href":"https:\/\/batijournal.com\/index.php\/wp-json\/wp\/v2\/comments?post=96365"}],"version-history":[{"count":0,"href":"https:\/\/batijournal.com\/index.php\/wp-json\/wp\/v2\/posts\/96365\/revisions"}],"wp:featuredmedia":[{"embeddable":true,"href":"https:\/\/batijournal.com\/index.php\/wp-json\/wp\/v2\/media\/91061"}],"wp:attachment":[{"href":"https:\/\/batijournal.com\/index.php\/wp-json\/wp\/v2\/media?parent=96365"}],"wp:term":[{"taxonomy":"category","embeddable":true,"href":"https:\/\/batijournal.com\/index.php\/wp-json\/wp\/v2\/categories?post=96365"},{"taxonomy":"post_tag","embeddable":true,"href":"https:\/\/batijournal.com\/index.php\/wp-json\/wp\/v2\/tags?post=96365"}],"curies":[{"name":"wp","href":"https:\/\/api.w.org\/{rel}","templated":true}]}}