{"id":96372,"date":"2017-06-29T09:10:07","date_gmt":"2017-06-29T07:10:07","guid":{"rendered":"http:\/\/batijournal.com\/?p=96372"},"modified":"2019-07-15T12:13:11","modified_gmt":"2019-07-15T10:13:11","slug":"groupe-isb-refinance-dette","status":"publish","type":"post","link":"https:\/\/batijournal.com\/index.php\/groupe-isb-refinance-dette\/96372\/","title":{"rendered":"Le Groupe ISB refinance sa dette"},"content":{"rendered":"<p>En avril 2015, le Groupe ISB prenait son ind\u00e9pendance via un cr\u00e9dit vendeur accord\u00e9 par le Groupe britannique Wolseley et la cr\u00e9ation d\u2019une holding Florencia. Avec des r\u00e9sultats positifs et en avance sur ses pr\u00e9visions, le Groupe ISB annonce le refinancement de sa dette. Avec le soutien de ses partenaires bancaires et de la BPI, le groupe a n\u00e9goci\u00e9 le 20 juin 2017 un Club Deal co-arrang\u00e9 par CIC Ouest et BPO. Le financement met en place un cr\u00e9dit \u00e0 maturit\u00e9 mai 2024, cr\u00e9dit amortissable par tranche semestrielle progressive \u00e0 compter de novembre 2017. Ce refinancement anticip\u00e9 permet au Groupe ISB de b\u00e9n\u00e9ficier de conditions de taux notablement plus favorables que celles du cr\u00e9dit vendeur. Ainsi, le Groupe pr\u00e9voit, \u00e0 p\u00e9rim\u00e8tre constant, une \u00e9conomie de ses frais financiers, r\u00e9duits par un facteur de 2,5.<\/p>\n","protected":false},"excerpt":{"rendered":"<p>En avril 2015, le Groupe ISB prenait son ind\u00e9pendance via un cr\u00e9dit vendeur accord\u00e9 par le Groupe britannique Wolseley et la cr\u00e9ation d\u2019une holding Florencia. Avec des r\u00e9sultats positifs et en avance sur ses pr\u00e9visions, le Groupe ISB annonce le refinancement de sa dette. Avec le soutien de ses partenaires bancaires et de la BPI, [&hellip;]<\/p>\n","protected":false},"author":17,"featured_media":96373,"comment_status":"closed","ping_status":"closed","sticky":false,"template":"","format":"standard","meta":{"_et_pb_use_builder":"","_et_pb_old_content":"","_et_gb_content_width":"","footnotes":""},"categories":[10530,6345,10764],"tags":[1017],"class_list":["post-96372","post","type-post","status-publish","format-standard","has-post-thumbnail","hentry","category-actualites","category-economie-marches","category-woodsurfer","tag-filiere-bois"],"yoast_head":"<!-- This site is optimized with the Yoast SEO plugin v27.4 - https:\/\/yoast.com\/product\/yoast-seo-wordpress\/ -->\n<title>Le Groupe ISB refinance sa dette<\/title>\n<meta name=\"robots\" content=\"index, follow, max-snippet:-1, max-image-preview:large, max-video-preview:-1\" \/>\n<link rel=\"canonical\" href=\"https:\/\/batijournal.com\/index.php\/groupe-isb-refinance-dette\/96372\/\" \/>\n<meta property=\"og:locale\" content=\"fr_FR\" \/>\n<meta property=\"og:type\" content=\"article\" \/>\n<meta property=\"og:title\" content=\"Le Groupe ISB refinance sa dette\" \/>\n<meta property=\"og:description\" content=\"En avril 2015, le Groupe ISB prenait son ind\u00e9pendance via un cr\u00e9dit vendeur accord\u00e9 par le Groupe britannique Wolseley et la cr\u00e9ation d\u2019une holding Florencia. Avec des r\u00e9sultats positifs et en avance sur ses pr\u00e9visions, le Groupe ISB annonce le refinancement de sa dette. Avec le soutien de ses partenaires bancaires et de la BPI, [&hellip;]\" \/>\n<meta property=\"og:url\" content=\"https:\/\/batijournal.com\/index.php\/groupe-isb-refinance-dette\/96372\/\" \/>\n<meta property=\"og:site_name\" content=\"Batijournal\" \/>\n<meta property=\"article:published_time\" content=\"2017-06-29T07:10:07+00:00\" \/>\n<meta property=\"article:modified_time\" content=\"2019-07-15T10:13:11+00:00\" \/>\n<meta property=\"og:image\" content=\"https:\/\/batijournal.com\/wp-content\/uploads\/2017\/06\/isb-groupe.png\" \/>\n\t<meta property=\"og:image:width\" content=\"737\" \/>\n\t<meta property=\"og:image:height\" content=\"588\" \/>\n\t<meta property=\"og:image:type\" content=\"image\/png\" \/>\n<meta name=\"author\" content=\"St\u00e9phane Miget\" \/>\n<meta name=\"twitter:card\" content=\"summary_large_image\" \/>\n<meta name=\"twitter:creator\" content=\"@bati_journal\" \/>\n<meta name=\"twitter:site\" content=\"@bati_journal\" \/>\n<meta name=\"twitter:label1\" content=\"\u00c9crit par\" \/>\n\t<meta name=\"twitter:data1\" content=\"St\u00e9phane Miget\" \/>\n\t<meta name=\"twitter:label2\" content=\"Dur\u00e9e de lecture estim\u00e9e\" \/>\n\t<meta name=\"twitter:data2\" content=\"1 minute\" \/>\n<script type=\"application\/ld+json\" class=\"yoast-schema-graph\">{\"@context\":\"https:\\\/\\\/schema.org\",\"@graph\":[{\"@type\":\"Article\",\"@id\":\"https:\\\/\\\/batijournal.com\\\/index.php\\\/groupe-isb-refinance-dette\\\/96372\\\/#article\",\"isPartOf\":{\"@id\":\"https:\\\/\\\/batijournal.com\\\/index.php\\\/groupe-isb-refinance-dette\\\/96372\\\/\"},\"author\":{\"name\":\"St\u00e9phane Miget\",\"@id\":\"https:\\\/\\\/batijournal.com\\\/#\\\/schema\\\/person\\\/1dc96ec6957aa1ccb25ebe78bb19f100\"},\"headline\":\"Le Groupe ISB refinance sa dette\",\"datePublished\":\"2017-06-29T07:10:07+00:00\",\"dateModified\":\"2019-07-15T10:13:11+00:00\",\"mainEntityOfPage\":{\"@id\":\"https:\\\/\\\/batijournal.com\\\/index.php\\\/groupe-isb-refinance-dette\\\/96372\\\/\"},\"wordCount\":147,\"image\":{\"@id\":\"https:\\\/\\\/batijournal.com\\\/index.php\\\/groupe-isb-refinance-dette\\\/96372\\\/#primaryimage\"},\"thumbnailUrl\":\"https:\\\/\\\/batijournal.com\\\/wp-content\\\/uploads\\\/2017\\\/06\\\/isb-groupe.png\",\"keywords\":[\"fili\u00e8re bois\"],\"articleSection\":[\"Actualit\u00e9s\",\"\u00c9conomie &amp; March\u00e9s\",\"zz_Woodsurfer\"],\"inLanguage\":\"fr-FR\"},{\"@type\":\"WebPage\",\"@id\":\"https:\\\/\\\/batijournal.com\\\/index.php\\\/groupe-isb-refinance-dette\\\/96372\\\/\",\"url\":\"https:\\\/\\\/batijournal.com\\\/index.php\\\/groupe-isb-refinance-dette\\\/96372\\\/\",\"name\":\"Le Groupe ISB refinance sa dette\",\"isPartOf\":{\"@id\":\"https:\\\/\\\/batijournal.com\\\/#website\"},\"primaryImageOfPage\":{\"@id\":\"https:\\\/\\\/batijournal.com\\\/index.php\\\/groupe-isb-refinance-dette\\\/96372\\\/#primaryimage\"},\"image\":{\"@id\":\"https:\\\/\\\/batijournal.com\\\/index.php\\\/groupe-isb-refinance-dette\\\/96372\\\/#primaryimage\"},\"thumbnailUrl\":\"https:\\\/\\\/batijournal.com\\\/wp-content\\\/uploads\\\/2017\\\/06\\\/isb-groupe.png\",\"datePublished\":\"2017-06-29T07:10:07+00:00\",\"dateModified\":\"2019-07-15T10:13:11+00:00\",\"author\":{\"@id\":\"https:\\\/\\\/batijournal.com\\\/#\\\/schema\\\/person\\\/1dc96ec6957aa1ccb25ebe78bb19f100\"},\"breadcrumb\":{\"@id\":\"https:\\\/\\\/batijournal.com\\\/index.php\\\/groupe-isb-refinance-dette\\\/96372\\\/#breadcrumb\"},\"inLanguage\":\"fr-FR\",\"potentialAction\":[{\"@type\":\"ReadAction\",\"target\":[\"https:\\\/\\\/batijournal.com\\\/index.php\\\/groupe-isb-refinance-dette\\\/96372\\\/\"]}]},{\"@type\":\"ImageObject\",\"inLanguage\":\"fr-FR\",\"@id\":\"https:\\\/\\\/batijournal.com\\\/index.php\\\/groupe-isb-refinance-dette\\\/96372\\\/#primaryimage\",\"url\":\"https:\\\/\\\/batijournal.com\\\/wp-content\\\/uploads\\\/2017\\\/06\\\/isb-groupe.png\",\"contentUrl\":\"https:\\\/\\\/batijournal.com\\\/wp-content\\\/uploads\\\/2017\\\/06\\\/isb-groupe.png\",\"width\":737,\"height\":588},{\"@type\":\"BreadcrumbList\",\"@id\":\"https:\\\/\\\/batijournal.com\\\/index.php\\\/groupe-isb-refinance-dette\\\/96372\\\/#breadcrumb\",\"itemListElement\":[{\"@type\":\"ListItem\",\"position\":1,\"name\":\"Accueil\",\"item\":\"https:\\\/\\\/batijournal.com\\\/\"},{\"@type\":\"ListItem\",\"position\":2,\"name\":\"Actualit\u00e9s\",\"item\":\"https:\\\/\\\/batijournal.com\\\/index.php\\\/category\\\/actualites\\\/\"},{\"@type\":\"ListItem\",\"position\":3,\"name\":\"Le Groupe ISB refinance sa dette\"}]},{\"@type\":\"WebSite\",\"@id\":\"https:\\\/\\\/batijournal.com\\\/#website\",\"url\":\"https:\\\/\\\/batijournal.com\\\/\",\"name\":\"Batijournal\",\"description\":\"L&#039;actualit\u00e9 du b\u00e2timent\",\"potentialAction\":[{\"@type\":\"SearchAction\",\"target\":{\"@type\":\"EntryPoint\",\"urlTemplate\":\"https:\\\/\\\/batijournal.com\\\/?s={search_term_string}\"},\"query-input\":{\"@type\":\"PropertyValueSpecification\",\"valueRequired\":true,\"valueName\":\"search_term_string\"}}],\"inLanguage\":\"fr-FR\"},{\"@type\":\"Person\",\"@id\":\"https:\\\/\\\/batijournal.com\\\/#\\\/schema\\\/person\\\/1dc96ec6957aa1ccb25ebe78bb19f100\",\"name\":\"St\u00e9phane Miget\",\"image\":{\"@type\":\"ImageObject\",\"inLanguage\":\"fr-FR\",\"@id\":\"https:\\\/\\\/secure.gravatar.com\\\/avatar\\\/89915563d925342126b8ef0281b93d9d7fc337043e8df017f780908eb9644451?s=96&d=mm&r=g\",\"url\":\"https:\\\/\\\/secure.gravatar.com\\\/avatar\\\/89915563d925342126b8ef0281b93d9d7fc337043e8df017f780908eb9644451?s=96&d=mm&r=g\",\"contentUrl\":\"https:\\\/\\\/secure.gravatar.com\\\/avatar\\\/89915563d925342126b8ef0281b93d9d7fc337043e8df017f780908eb9644451?s=96&d=mm&r=g\",\"caption\":\"St\u00e9phane Miget\"},\"url\":\"https:\\\/\\\/batijournal.com\\\/index.php\\\/author\\\/stephane\\\/\"}]}<\/script>\n<!-- \/ Yoast SEO plugin. -->","yoast_head_json":{"title":"Le Groupe ISB refinance sa dette","robots":{"index":"index","follow":"follow","max-snippet":"max-snippet:-1","max-image-preview":"max-image-preview:large","max-video-preview":"max-video-preview:-1"},"canonical":"https:\/\/batijournal.com\/index.php\/groupe-isb-refinance-dette\/96372\/","og_locale":"fr_FR","og_type":"article","og_title":"Le Groupe ISB refinance sa dette","og_description":"En avril 2015, le Groupe ISB prenait son ind\u00e9pendance via un cr\u00e9dit vendeur accord\u00e9 par le Groupe britannique Wolseley et la cr\u00e9ation d\u2019une holding Florencia. Avec des r\u00e9sultats positifs et en avance sur ses pr\u00e9visions, le Groupe ISB annonce le refinancement de sa dette. Avec le soutien de ses partenaires bancaires et de la BPI, [&hellip;]","og_url":"https:\/\/batijournal.com\/index.php\/groupe-isb-refinance-dette\/96372\/","og_site_name":"Batijournal","article_published_time":"2017-06-29T07:10:07+00:00","article_modified_time":"2019-07-15T10:13:11+00:00","og_image":[{"width":737,"height":588,"url":"https:\/\/batijournal.com\/wp-content\/uploads\/2017\/06\/isb-groupe.png","type":"image\/png"}],"author":"St\u00e9phane Miget","twitter_card":"summary_large_image","twitter_creator":"@bati_journal","twitter_site":"@bati_journal","twitter_misc":{"\u00c9crit par":"St\u00e9phane Miget","Dur\u00e9e de lecture estim\u00e9e":"1 minute"},"schema":{"@context":"https:\/\/schema.org","@graph":[{"@type":"Article","@id":"https:\/\/batijournal.com\/index.php\/groupe-isb-refinance-dette\/96372\/#article","isPartOf":{"@id":"https:\/\/batijournal.com\/index.php\/groupe-isb-refinance-dette\/96372\/"},"author":{"name":"St\u00e9phane Miget","@id":"https:\/\/batijournal.com\/#\/schema\/person\/1dc96ec6957aa1ccb25ebe78bb19f100"},"headline":"Le Groupe ISB refinance sa dette","datePublished":"2017-06-29T07:10:07+00:00","dateModified":"2019-07-15T10:13:11+00:00","mainEntityOfPage":{"@id":"https:\/\/batijournal.com\/index.php\/groupe-isb-refinance-dette\/96372\/"},"wordCount":147,"image":{"@id":"https:\/\/batijournal.com\/index.php\/groupe-isb-refinance-dette\/96372\/#primaryimage"},"thumbnailUrl":"https:\/\/batijournal.com\/wp-content\/uploads\/2017\/06\/isb-groupe.png","keywords":["fili\u00e8re bois"],"articleSection":["Actualit\u00e9s","\u00c9conomie &amp; March\u00e9s","zz_Woodsurfer"],"inLanguage":"fr-FR"},{"@type":"WebPage","@id":"https:\/\/batijournal.com\/index.php\/groupe-isb-refinance-dette\/96372\/","url":"https:\/\/batijournal.com\/index.php\/groupe-isb-refinance-dette\/96372\/","name":"Le Groupe ISB refinance sa dette","isPartOf":{"@id":"https:\/\/batijournal.com\/#website"},"primaryImageOfPage":{"@id":"https:\/\/batijournal.com\/index.php\/groupe-isb-refinance-dette\/96372\/#primaryimage"},"image":{"@id":"https:\/\/batijournal.com\/index.php\/groupe-isb-refinance-dette\/96372\/#primaryimage"},"thumbnailUrl":"https:\/\/batijournal.com\/wp-content\/uploads\/2017\/06\/isb-groupe.png","datePublished":"2017-06-29T07:10:07+00:00","dateModified":"2019-07-15T10:13:11+00:00","author":{"@id":"https:\/\/batijournal.com\/#\/schema\/person\/1dc96ec6957aa1ccb25ebe78bb19f100"},"breadcrumb":{"@id":"https:\/\/batijournal.com\/index.php\/groupe-isb-refinance-dette\/96372\/#breadcrumb"},"inLanguage":"fr-FR","potentialAction":[{"@type":"ReadAction","target":["https:\/\/batijournal.com\/index.php\/groupe-isb-refinance-dette\/96372\/"]}]},{"@type":"ImageObject","inLanguage":"fr-FR","@id":"https:\/\/batijournal.com\/index.php\/groupe-isb-refinance-dette\/96372\/#primaryimage","url":"https:\/\/batijournal.com\/wp-content\/uploads\/2017\/06\/isb-groupe.png","contentUrl":"https:\/\/batijournal.com\/wp-content\/uploads\/2017\/06\/isb-groupe.png","width":737,"height":588},{"@type":"BreadcrumbList","@id":"https:\/\/batijournal.com\/index.php\/groupe-isb-refinance-dette\/96372\/#breadcrumb","itemListElement":[{"@type":"ListItem","position":1,"name":"Accueil","item":"https:\/\/batijournal.com\/"},{"@type":"ListItem","position":2,"name":"Actualit\u00e9s","item":"https:\/\/batijournal.com\/index.php\/category\/actualites\/"},{"@type":"ListItem","position":3,"name":"Le Groupe ISB refinance sa dette"}]},{"@type":"WebSite","@id":"https:\/\/batijournal.com\/#website","url":"https:\/\/batijournal.com\/","name":"Batijournal","description":"L&#039;actualit\u00e9 du b\u00e2timent","potentialAction":[{"@type":"SearchAction","target":{"@type":"EntryPoint","urlTemplate":"https:\/\/batijournal.com\/?s={search_term_string}"},"query-input":{"@type":"PropertyValueSpecification","valueRequired":true,"valueName":"search_term_string"}}],"inLanguage":"fr-FR"},{"@type":"Person","@id":"https:\/\/batijournal.com\/#\/schema\/person\/1dc96ec6957aa1ccb25ebe78bb19f100","name":"St\u00e9phane Miget","image":{"@type":"ImageObject","inLanguage":"fr-FR","@id":"https:\/\/secure.gravatar.com\/avatar\/89915563d925342126b8ef0281b93d9d7fc337043e8df017f780908eb9644451?s=96&d=mm&r=g","url":"https:\/\/secure.gravatar.com\/avatar\/89915563d925342126b8ef0281b93d9d7fc337043e8df017f780908eb9644451?s=96&d=mm&r=g","contentUrl":"https:\/\/secure.gravatar.com\/avatar\/89915563d925342126b8ef0281b93d9d7fc337043e8df017f780908eb9644451?s=96&d=mm&r=g","caption":"St\u00e9phane Miget"},"url":"https:\/\/batijournal.com\/index.php\/author\/stephane\/"}]}},"_links":{"self":[{"href":"https:\/\/batijournal.com\/index.php\/wp-json\/wp\/v2\/posts\/96372","targetHints":{"allow":["GET"]}}],"collection":[{"href":"https:\/\/batijournal.com\/index.php\/wp-json\/wp\/v2\/posts"}],"about":[{"href":"https:\/\/batijournal.com\/index.php\/wp-json\/wp\/v2\/types\/post"}],"author":[{"embeddable":true,"href":"https:\/\/batijournal.com\/index.php\/wp-json\/wp\/v2\/users\/17"}],"replies":[{"embeddable":true,"href":"https:\/\/batijournal.com\/index.php\/wp-json\/wp\/v2\/comments?post=96372"}],"version-history":[{"count":0,"href":"https:\/\/batijournal.com\/index.php\/wp-json\/wp\/v2\/posts\/96372\/revisions"}],"wp:featuredmedia":[{"embeddable":true,"href":"https:\/\/batijournal.com\/index.php\/wp-json\/wp\/v2\/media\/96373"}],"wp:attachment":[{"href":"https:\/\/batijournal.com\/index.php\/wp-json\/wp\/v2\/media?parent=96372"}],"wp:term":[{"taxonomy":"category","embeddable":true,"href":"https:\/\/batijournal.com\/index.php\/wp-json\/wp\/v2\/categories?post=96372"},{"taxonomy":"post_tag","embeddable":true,"href":"https:\/\/batijournal.com\/index.php\/wp-json\/wp\/v2\/tags?post=96372"}],"curies":[{"name":"wp","href":"https:\/\/api.w.org\/{rel}","templated":true}]}}