{"id":96384,"date":"2017-06-30T04:01:08","date_gmt":"2017-06-30T02:01:08","guid":{"rendered":"http:\/\/batijournal.com\/?p=96384"},"modified":"2017-06-30T14:43:43","modified_gmt":"2017-06-30T12:43:43","slug":"cour-comptes-remet-question-aides-aux-logements","status":"publish","type":"post","link":"https:\/\/batijournal.com\/index.php\/cour-comptes-remet-question-aides-aux-logements\/96384\/","title":{"rendered":"La cour des comptes remet en question la plupart des aides aux logements"},"content":{"rendered":"<p><strong>Le Premier ministre, Edouard Philippe, a demand\u00e9 \u00e0 la Cour des comptes un audit pour \u00e9valuer la situation actuelle des comptes publics. Selon le rapport, le d\u00e9ficit public d\u00e9passera l\u2019objectif de 0,4 point de PIB, pour atteindre 3,2 points, soit un d\u00e9rapage de 8 milliards d\u2019euros. Elle pr\u00e9conise de reporter ou annuler toutes les mesures d\u2019accroissement de d\u00e9penses publiques non encore mises en \u0153uvre, et de prendre des mesures d\u2019\u00e9conomies suppl\u00e9mentaires portant sur toutes les administrations publiques. Parmi les mesures de restriction, les aides fiscales aux logements priv\u00e9s qui sont point\u00e9es du doigt pourraient faire l&rsquo;objet de remises en question.<\/strong><\/p>\n<p><strong>Selon la cour, TVA \u00e0 taux r\u00e9duit, dispositifs Scellier interm\u00e9diaire ou Duflot-Pinel, PTZ+, PEL, qui sont cens\u00e9es faciliter l\u2019acc\u00e8s \u00e0 la propri\u00e9t\u00e9, encourager la production de logements locatifs et la r\u00e9alisation de travaux ont une efficacit\u00e9 incertaine. Elles engendrent des effets d\u2019aubaine et leur impact \u00e9conomique sur le secteur du b\u00e2timent appara\u00eet sans rapport avec leur co\u00fbt.<\/strong><\/p>\n<p><strong>La TVA \u00e0 taux r\u00e9duit sur les travaux : une efficience douteuse<\/strong><br \/>\nLe plus important des avantages fiscaux est le taux r\u00e9duit de TVA appliqu\u00e9 aux travaux effectu\u00e9s dans des logements achev\u00e9s depuis plus de deux ans. Cette d\u00e9pense fiscale, d\u00e9j\u00e0 critiqu\u00e9e dans le rapport de 2012, repr\u00e9sente un dispositif co\u00fbteux et \u00e0 l\u2019efficacit\u00e9 non \u00e9valu\u00e9e. Son co\u00fbt, \u00e9valu\u00e9 \u00e0 5,2 Md\u20ac pour 2016, para\u00eet particuli\u00e8rement \u00e9lev\u00e9 compar\u00e9 \u00e0 son impact sur l\u2019emploi et l\u2019\u00e9conomie : selon le Gouvernement, cette d\u00e9pense aurait un effet sur l\u2019activit\u00e9 et l\u2019emploi estim\u00e9 respectivement \u00e0 2 Md\u20ac et environ 27 000 emplois. Chaque emploi cr\u00e9\u00e9 ou pr\u00e9serv\u00e9 co\u00fbterait en cons\u00e9quence \u00e0 l\u2019\u00c9tat plus de 192 000 \u20ac et 1 \u20ac de d\u00e9pense fiscale induirait 0,4 \u20ac d\u2019activit\u00e9.<br \/>\nDans sa communication au S\u00e9nat relative aux d\u00e9penses fiscales li\u00e9es au d\u00e9veloppement durable, la Cour soulignait par ailleurs l\u2019effet d\u2019aubaine tr\u00e8s \u00e9lev\u00e9 du taux de TVA r\u00e9duit pour les travaux d\u2019am\u00e9lioration de la qualit\u00e9 \u00e9nerg\u00e9tique du logement et les travaux induits. Elle soulignait \u00e9galement qu\u2019il n\u2019existe pas de strat\u00e9gie sp\u00e9cifique de contr\u00f4le de ces avantages fiscaux.<br \/>\nLa Cour a recommand\u00e9 que ces avantages soient remis en cause si de nouvelles \u00e9tudes n\u2019en d\u00e9montraient pas l\u2019efficience.<\/p>\n<p><strong>Des avantages fiscaux co\u00fbteux qui ne permettent pas de lever les blocages du march\u00e9 locatif<\/strong><br \/>\nEn raison du d\u00e9sengagement des bailleurs institutionnels, le parc locatif priv\u00e9 est constitu\u00e9 \u00e0 98 % par des particuliers. Au cours des trente derni\u00e8res ann\u00e9es, 16 dispositifs d\u2019incitation diff\u00e9rents se sont succ\u00e9d\u00e9 pour soutenir l\u2019investissement priv\u00e9 pour un co\u00fbt annuel d\u2019environ 2 Md\u20ac. Ils permettent aux bailleurs priv\u00e9s de b\u00e9n\u00e9ficier de r\u00e9ductions d\u2019imp\u00f4t en \u00e9change d\u2019engagements sur la dur\u00e9e d\u2019investissement, le plafonnement des loyers, les conditions de ressources ou de b\u00e9n\u00e9ficiaires variables selon les dispositifs et la localisation g\u00e9ographique. Cette politique de soutien \u00e0 la construction immobili\u00e8re est une sp\u00e9cificit\u00e9 de la politique du logement fran\u00e7aise.<br \/>\nL&rsquo;\u00e9miettement des bailleurs priv\u00e9s individuels, ainsi que l\u2019instabilit\u00e9 et la complexit\u00e9 de ces dispositifs n\u2019ont pas permis de d\u00e9finir un cadre durable et clair pour ces aides \u00e0 l\u2019investissement. Celles-ci compensent implicitement des obstacles \u00e9conomiques et juridiques \u00e0 l\u2019investissement locatif, dont la lev\u00e9e pourrait avoir un impact bien sup\u00e9rieur. Elles p\u00e8sent durablement sur les finances publiques. La Cour a d\u00e9j\u00e0 recommand\u00e9 de r\u00e9former ces aides en les concentrant sur les zones les plus tendues et en fixant des niveaux de loyers r\u00e9ellement interm\u00e9diaires entre le logement social et le prix du march\u00e9 libre. Une voie plus radicale serait de viser \u00e0 terme l\u2019extinction de l\u2019ensemble de ces dispositifs.<\/p>\n<p><strong>Les aides de l\u2019\u00c9tat en faveur de l\u2019accession \u00e0 la propri\u00e9t\u00e9<\/strong><br \/>\nLe pr\u00eat \u00e0 taux z\u00e9ro renforc\u00e9 (PTZ+) occasionne une d\u00e9pense fiscale estim\u00e9e \u00e0 1,7 Md\u20ac pour 2016. Selon la cour, il donne lieu \u00e0 d\u2019importants effets d\u2019aubaine et comporte des risques inflationnistes. La Cour a pr\u00e9conis\u00e9 de mieux cibler le PTZ+ en le recentrant sur des publics plus modestes. Cette r\u00e9forme pourrait permettre une \u00e9conomie annuelle sup\u00e9rieure \u00e0 0,4 Md\u20ac.<br \/>\nLa Cour a par ailleurs soulign\u00e9 que les plans et comptes d\u2019\u00e9pargne logement engendraient une d\u00e9pense budg\u00e9taire de 1,1 Md\u20ac et une d\u00e9pense fiscale alors \u00e9valu\u00e9e \u00e0 0,5 Md\u20ac par an, hors de proportion avec leur taux de transformation en pr\u00eats au logement, alors inf\u00e9rieur \u00e0 5 %.<\/p>\n<p>&nbsp;<\/p>\n<p><a href=\"https:\/\/www.ccomptes.fr\/fr\/publications\/la-situation-et-les-perspectives-des-finances-publiques-0\" target=\"_blank\" rel=\"noopener\">https:\/\/www.ccomptes.fr\/fr\/publications\/la-situation-et-les-perspectives-des-finances-publiques-0<\/a><\/p>\n<p>&nbsp;<\/p>\n","protected":false},"excerpt":{"rendered":"<p>Le Premier ministre, Edouard Philippe, a demand\u00e9 \u00e0 la Cour des comptes un audit pour \u00e9valuer la situation actuelle des comptes publics. Selon le rapport, le d\u00e9ficit public d\u00e9passera l\u2019objectif de 0,4 point de PIB, pour atteindre 3,2 points, soit un d\u00e9rapage de 8 milliards d\u2019euros. Elle pr\u00e9conise de reporter ou annuler toutes les mesures [&hellip;]<\/p>\n","protected":false},"author":17,"featured_media":96385,"comment_status":"closed","ping_status":"closed","sticky":false,"template":"","format":"standard","meta":{"_et_pb_use_builder":"","_et_pb_old_content":"","_et_gb_content_width":"","footnotes":""},"categories":[10736,10530,6345,9192],"tags":[1189,1693],"class_list":["post-96384","post","type-post","status-publish","format-standard","has-post-thumbnail","hentry","category-a-la-une","category-actualites","category-economie-marches","category-evenements","tag-ptz","tag-tva"],"yoast_head":"<!-- This site is optimized with the Yoast SEO plugin v27.4 - https:\/\/yoast.com\/product\/yoast-seo-wordpress\/ -->\n<title>La cour des comptes remet en question la plupart des aides aux logements<\/title>\n<meta name=\"robots\" content=\"index, follow, max-snippet:-1, max-image-preview:large, max-video-preview:-1\" \/>\n<link rel=\"canonical\" href=\"https:\/\/batijournal.com\/index.php\/cour-comptes-remet-question-aides-aux-logements\/96384\/\" \/>\n<meta property=\"og:locale\" content=\"fr_FR\" \/>\n<meta property=\"og:type\" content=\"article\" \/>\n<meta property=\"og:title\" content=\"La cour des comptes remet en question la plupart des aides aux logements\" \/>\n<meta property=\"og:description\" content=\"Le Premier ministre, Edouard Philippe, a demand\u00e9 \u00e0 la Cour des comptes un audit pour \u00e9valuer la situation actuelle des comptes publics. Selon le rapport, le d\u00e9ficit public d\u00e9passera l\u2019objectif de 0,4 point de PIB, pour atteindre 3,2 points, soit un d\u00e9rapage de 8 milliards d\u2019euros. Elle pr\u00e9conise de reporter ou annuler toutes les mesures [&hellip;]\" \/>\n<meta property=\"og:url\" content=\"https:\/\/batijournal.com\/index.php\/cour-comptes-remet-question-aides-aux-logements\/96384\/\" \/>\n<meta property=\"og:site_name\" content=\"Batijournal\" \/>\n<meta property=\"article:published_time\" content=\"2017-06-30T02:01:08+00:00\" \/>\n<meta property=\"article:modified_time\" content=\"2017-06-30T12:43:43+00:00\" \/>\n<meta property=\"og:image\" content=\"https:\/\/batijournal.com\/wp-content\/uploads\/2017\/06\/travaux-bati-ancien-tva-reduite.jpg\" \/>\n\t<meta property=\"og:image:width\" content=\"1200\" \/>\n\t<meta property=\"og:image:height\" content=\"690\" \/>\n\t<meta property=\"og:image:type\" content=\"image\/jpeg\" \/>\n<meta name=\"author\" content=\"St\u00e9phane Miget\" \/>\n<meta name=\"twitter:card\" content=\"summary_large_image\" \/>\n<meta name=\"twitter:creator\" content=\"@bati_journal\" \/>\n<meta name=\"twitter:site\" content=\"@bati_journal\" \/>\n<meta name=\"twitter:label1\" content=\"\u00c9crit par\" \/>\n\t<meta name=\"twitter:data1\" content=\"St\u00e9phane Miget\" \/>\n\t<meta name=\"twitter:label2\" content=\"Dur\u00e9e de lecture estim\u00e9e\" \/>\n\t<meta name=\"twitter:data2\" content=\"4 minutes\" \/>\n<script type=\"application\/ld+json\" class=\"yoast-schema-graph\">{\"@context\":\"https:\\\/\\\/schema.org\",\"@graph\":[{\"@type\":\"Article\",\"@id\":\"https:\\\/\\\/batijournal.com\\\/index.php\\\/cour-comptes-remet-question-aides-aux-logements\\\/96384\\\/#article\",\"isPartOf\":{\"@id\":\"https:\\\/\\\/batijournal.com\\\/index.php\\\/cour-comptes-remet-question-aides-aux-logements\\\/96384\\\/\"},\"author\":{\"name\":\"St\u00e9phane Miget\",\"@id\":\"https:\\\/\\\/batijournal.com\\\/#\\\/schema\\\/person\\\/1dc96ec6957aa1ccb25ebe78bb19f100\"},\"headline\":\"La cour des comptes remet en question la plupart des aides aux logements\",\"datePublished\":\"2017-06-30T02:01:08+00:00\",\"dateModified\":\"2017-06-30T12:43:43+00:00\",\"mainEntityOfPage\":{\"@id\":\"https:\\\/\\\/batijournal.com\\\/index.php\\\/cour-comptes-remet-question-aides-aux-logements\\\/96384\\\/\"},\"wordCount\":793,\"image\":{\"@id\":\"https:\\\/\\\/batijournal.com\\\/index.php\\\/cour-comptes-remet-question-aides-aux-logements\\\/96384\\\/#primaryimage\"},\"thumbnailUrl\":\"https:\\\/\\\/batijournal.com\\\/wp-content\\\/uploads\\\/2017\\\/06\\\/travaux-bati-ancien-tva-reduite.jpg\",\"keywords\":[\"PTZ\",\"tva\"],\"articleSection\":[\"A la Une\",\"Actualit\u00e9s\",\"\u00c9conomie &amp; March\u00e9s\",\"\u00c9v\u00e9nements\"],\"inLanguage\":\"fr-FR\"},{\"@type\":\"WebPage\",\"@id\":\"https:\\\/\\\/batijournal.com\\\/index.php\\\/cour-comptes-remet-question-aides-aux-logements\\\/96384\\\/\",\"url\":\"https:\\\/\\\/batijournal.com\\\/index.php\\\/cour-comptes-remet-question-aides-aux-logements\\\/96384\\\/\",\"name\":\"La cour des comptes remet en question la plupart des aides aux logements\",\"isPartOf\":{\"@id\":\"https:\\\/\\\/batijournal.com\\\/#website\"},\"primaryImageOfPage\":{\"@id\":\"https:\\\/\\\/batijournal.com\\\/index.php\\\/cour-comptes-remet-question-aides-aux-logements\\\/96384\\\/#primaryimage\"},\"image\":{\"@id\":\"https:\\\/\\\/batijournal.com\\\/index.php\\\/cour-comptes-remet-question-aides-aux-logements\\\/96384\\\/#primaryimage\"},\"thumbnailUrl\":\"https:\\\/\\\/batijournal.com\\\/wp-content\\\/uploads\\\/2017\\\/06\\\/travaux-bati-ancien-tva-reduite.jpg\",\"datePublished\":\"2017-06-30T02:01:08+00:00\",\"dateModified\":\"2017-06-30T12:43:43+00:00\",\"author\":{\"@id\":\"https:\\\/\\\/batijournal.com\\\/#\\\/schema\\\/person\\\/1dc96ec6957aa1ccb25ebe78bb19f100\"},\"breadcrumb\":{\"@id\":\"https:\\\/\\\/batijournal.com\\\/index.php\\\/cour-comptes-remet-question-aides-aux-logements\\\/96384\\\/#breadcrumb\"},\"inLanguage\":\"fr-FR\",\"potentialAction\":[{\"@type\":\"ReadAction\",\"target\":[\"https:\\\/\\\/batijournal.com\\\/index.php\\\/cour-comptes-remet-question-aides-aux-logements\\\/96384\\\/\"]}]},{\"@type\":\"ImageObject\",\"inLanguage\":\"fr-FR\",\"@id\":\"https:\\\/\\\/batijournal.com\\\/index.php\\\/cour-comptes-remet-question-aides-aux-logements\\\/96384\\\/#primaryimage\",\"url\":\"https:\\\/\\\/batijournal.com\\\/wp-content\\\/uploads\\\/2017\\\/06\\\/travaux-bati-ancien-tva-reduite.jpg\",\"contentUrl\":\"https:\\\/\\\/batijournal.com\\\/wp-content\\\/uploads\\\/2017\\\/06\\\/travaux-bati-ancien-tva-reduite.jpg\",\"width\":1200,\"height\":690},{\"@type\":\"BreadcrumbList\",\"@id\":\"https:\\\/\\\/batijournal.com\\\/index.php\\\/cour-comptes-remet-question-aides-aux-logements\\\/96384\\\/#breadcrumb\",\"itemListElement\":[{\"@type\":\"ListItem\",\"position\":1,\"name\":\"Accueil\",\"item\":\"https:\\\/\\\/batijournal.com\\\/\"},{\"@type\":\"ListItem\",\"position\":2,\"name\":\"A la Une\",\"item\":\"https:\\\/\\\/batijournal.com\\\/index.php\\\/category\\\/a-la-une\\\/\"},{\"@type\":\"ListItem\",\"position\":3,\"name\":\"La cour des comptes remet en question la plupart des aides aux logements\"}]},{\"@type\":\"WebSite\",\"@id\":\"https:\\\/\\\/batijournal.com\\\/#website\",\"url\":\"https:\\\/\\\/batijournal.com\\\/\",\"name\":\"Batijournal\",\"description\":\"L&#039;actualit\u00e9 du b\u00e2timent\",\"potentialAction\":[{\"@type\":\"SearchAction\",\"target\":{\"@type\":\"EntryPoint\",\"urlTemplate\":\"https:\\\/\\\/batijournal.com\\\/?s={search_term_string}\"},\"query-input\":{\"@type\":\"PropertyValueSpecification\",\"valueRequired\":true,\"valueName\":\"search_term_string\"}}],\"inLanguage\":\"fr-FR\"},{\"@type\":\"Person\",\"@id\":\"https:\\\/\\\/batijournal.com\\\/#\\\/schema\\\/person\\\/1dc96ec6957aa1ccb25ebe78bb19f100\",\"name\":\"St\u00e9phane Miget\",\"image\":{\"@type\":\"ImageObject\",\"inLanguage\":\"fr-FR\",\"@id\":\"https:\\\/\\\/secure.gravatar.com\\\/avatar\\\/89915563d925342126b8ef0281b93d9d7fc337043e8df017f780908eb9644451?s=96&d=mm&r=g\",\"url\":\"https:\\\/\\\/secure.gravatar.com\\\/avatar\\\/89915563d925342126b8ef0281b93d9d7fc337043e8df017f780908eb9644451?s=96&d=mm&r=g\",\"contentUrl\":\"https:\\\/\\\/secure.gravatar.com\\\/avatar\\\/89915563d925342126b8ef0281b93d9d7fc337043e8df017f780908eb9644451?s=96&d=mm&r=g\",\"caption\":\"St\u00e9phane Miget\"},\"url\":\"https:\\\/\\\/batijournal.com\\\/index.php\\\/author\\\/stephane\\\/\"}]}<\/script>\n<!-- \/ Yoast SEO plugin. -->","yoast_head_json":{"title":"La cour des comptes remet en question la plupart des aides aux logements","robots":{"index":"index","follow":"follow","max-snippet":"max-snippet:-1","max-image-preview":"max-image-preview:large","max-video-preview":"max-video-preview:-1"},"canonical":"https:\/\/batijournal.com\/index.php\/cour-comptes-remet-question-aides-aux-logements\/96384\/","og_locale":"fr_FR","og_type":"article","og_title":"La cour des comptes remet en question la plupart des aides aux logements","og_description":"Le Premier ministre, Edouard Philippe, a demand\u00e9 \u00e0 la Cour des comptes un audit pour \u00e9valuer la situation actuelle des comptes publics. Selon le rapport, le d\u00e9ficit public d\u00e9passera l\u2019objectif de 0,4 point de PIB, pour atteindre 3,2 points, soit un d\u00e9rapage de 8 milliards d\u2019euros. Elle pr\u00e9conise de reporter ou annuler toutes les mesures [&hellip;]","og_url":"https:\/\/batijournal.com\/index.php\/cour-comptes-remet-question-aides-aux-logements\/96384\/","og_site_name":"Batijournal","article_published_time":"2017-06-30T02:01:08+00:00","article_modified_time":"2017-06-30T12:43:43+00:00","og_image":[{"width":1200,"height":690,"url":"https:\/\/batijournal.com\/wp-content\/uploads\/2017\/06\/travaux-bati-ancien-tva-reduite.jpg","type":"image\/jpeg"}],"author":"St\u00e9phane Miget","twitter_card":"summary_large_image","twitter_creator":"@bati_journal","twitter_site":"@bati_journal","twitter_misc":{"\u00c9crit par":"St\u00e9phane Miget","Dur\u00e9e de lecture estim\u00e9e":"4 minutes"},"schema":{"@context":"https:\/\/schema.org","@graph":[{"@type":"Article","@id":"https:\/\/batijournal.com\/index.php\/cour-comptes-remet-question-aides-aux-logements\/96384\/#article","isPartOf":{"@id":"https:\/\/batijournal.com\/index.php\/cour-comptes-remet-question-aides-aux-logements\/96384\/"},"author":{"name":"St\u00e9phane Miget","@id":"https:\/\/batijournal.com\/#\/schema\/person\/1dc96ec6957aa1ccb25ebe78bb19f100"},"headline":"La cour des comptes remet en question la plupart des aides aux logements","datePublished":"2017-06-30T02:01:08+00:00","dateModified":"2017-06-30T12:43:43+00:00","mainEntityOfPage":{"@id":"https:\/\/batijournal.com\/index.php\/cour-comptes-remet-question-aides-aux-logements\/96384\/"},"wordCount":793,"image":{"@id":"https:\/\/batijournal.com\/index.php\/cour-comptes-remet-question-aides-aux-logements\/96384\/#primaryimage"},"thumbnailUrl":"https:\/\/batijournal.com\/wp-content\/uploads\/2017\/06\/travaux-bati-ancien-tva-reduite.jpg","keywords":["PTZ","tva"],"articleSection":["A la Une","Actualit\u00e9s","\u00c9conomie &amp; March\u00e9s","\u00c9v\u00e9nements"],"inLanguage":"fr-FR"},{"@type":"WebPage","@id":"https:\/\/batijournal.com\/index.php\/cour-comptes-remet-question-aides-aux-logements\/96384\/","url":"https:\/\/batijournal.com\/index.php\/cour-comptes-remet-question-aides-aux-logements\/96384\/","name":"La cour des comptes remet en question la plupart des aides aux logements","isPartOf":{"@id":"https:\/\/batijournal.com\/#website"},"primaryImageOfPage":{"@id":"https:\/\/batijournal.com\/index.php\/cour-comptes-remet-question-aides-aux-logements\/96384\/#primaryimage"},"image":{"@id":"https:\/\/batijournal.com\/index.php\/cour-comptes-remet-question-aides-aux-logements\/96384\/#primaryimage"},"thumbnailUrl":"https:\/\/batijournal.com\/wp-content\/uploads\/2017\/06\/travaux-bati-ancien-tva-reduite.jpg","datePublished":"2017-06-30T02:01:08+00:00","dateModified":"2017-06-30T12:43:43+00:00","author":{"@id":"https:\/\/batijournal.com\/#\/schema\/person\/1dc96ec6957aa1ccb25ebe78bb19f100"},"breadcrumb":{"@id":"https:\/\/batijournal.com\/index.php\/cour-comptes-remet-question-aides-aux-logements\/96384\/#breadcrumb"},"inLanguage":"fr-FR","potentialAction":[{"@type":"ReadAction","target":["https:\/\/batijournal.com\/index.php\/cour-comptes-remet-question-aides-aux-logements\/96384\/"]}]},{"@type":"ImageObject","inLanguage":"fr-FR","@id":"https:\/\/batijournal.com\/index.php\/cour-comptes-remet-question-aides-aux-logements\/96384\/#primaryimage","url":"https:\/\/batijournal.com\/wp-content\/uploads\/2017\/06\/travaux-bati-ancien-tva-reduite.jpg","contentUrl":"https:\/\/batijournal.com\/wp-content\/uploads\/2017\/06\/travaux-bati-ancien-tva-reduite.jpg","width":1200,"height":690},{"@type":"BreadcrumbList","@id":"https:\/\/batijournal.com\/index.php\/cour-comptes-remet-question-aides-aux-logements\/96384\/#breadcrumb","itemListElement":[{"@type":"ListItem","position":1,"name":"Accueil","item":"https:\/\/batijournal.com\/"},{"@type":"ListItem","position":2,"name":"A la Une","item":"https:\/\/batijournal.com\/index.php\/category\/a-la-une\/"},{"@type":"ListItem","position":3,"name":"La cour des comptes remet en question la plupart des aides aux logements"}]},{"@type":"WebSite","@id":"https:\/\/batijournal.com\/#website","url":"https:\/\/batijournal.com\/","name":"Batijournal","description":"L&#039;actualit\u00e9 du b\u00e2timent","potentialAction":[{"@type":"SearchAction","target":{"@type":"EntryPoint","urlTemplate":"https:\/\/batijournal.com\/?s={search_term_string}"},"query-input":{"@type":"PropertyValueSpecification","valueRequired":true,"valueName":"search_term_string"}}],"inLanguage":"fr-FR"},{"@type":"Person","@id":"https:\/\/batijournal.com\/#\/schema\/person\/1dc96ec6957aa1ccb25ebe78bb19f100","name":"St\u00e9phane Miget","image":{"@type":"ImageObject","inLanguage":"fr-FR","@id":"https:\/\/secure.gravatar.com\/avatar\/89915563d925342126b8ef0281b93d9d7fc337043e8df017f780908eb9644451?s=96&d=mm&r=g","url":"https:\/\/secure.gravatar.com\/avatar\/89915563d925342126b8ef0281b93d9d7fc337043e8df017f780908eb9644451?s=96&d=mm&r=g","contentUrl":"https:\/\/secure.gravatar.com\/avatar\/89915563d925342126b8ef0281b93d9d7fc337043e8df017f780908eb9644451?s=96&d=mm&r=g","caption":"St\u00e9phane Miget"},"url":"https:\/\/batijournal.com\/index.php\/author\/stephane\/"}]}},"_links":{"self":[{"href":"https:\/\/batijournal.com\/index.php\/wp-json\/wp\/v2\/posts\/96384","targetHints":{"allow":["GET"]}}],"collection":[{"href":"https:\/\/batijournal.com\/index.php\/wp-json\/wp\/v2\/posts"}],"about":[{"href":"https:\/\/batijournal.com\/index.php\/wp-json\/wp\/v2\/types\/post"}],"author":[{"embeddable":true,"href":"https:\/\/batijournal.com\/index.php\/wp-json\/wp\/v2\/users\/17"}],"replies":[{"embeddable":true,"href":"https:\/\/batijournal.com\/index.php\/wp-json\/wp\/v2\/comments?post=96384"}],"version-history":[{"count":0,"href":"https:\/\/batijournal.com\/index.php\/wp-json\/wp\/v2\/posts\/96384\/revisions"}],"wp:featuredmedia":[{"embeddable":true,"href":"https:\/\/batijournal.com\/index.php\/wp-json\/wp\/v2\/media\/96385"}],"wp:attachment":[{"href":"https:\/\/batijournal.com\/index.php\/wp-json\/wp\/v2\/media?parent=96384"}],"wp:term":[{"taxonomy":"category","embeddable":true,"href":"https:\/\/batijournal.com\/index.php\/wp-json\/wp\/v2\/categories?post=96384"},{"taxonomy":"post_tag","embeddable":true,"href":"https:\/\/batijournal.com\/index.php\/wp-json\/wp\/v2\/tags?post=96384"}],"curies":[{"name":"wp","href":"https:\/\/api.w.org\/{rel}","templated":true}]}}