{"id":96386,"date":"2017-06-30T04:25:37","date_gmt":"2017-06-30T02:25:37","guid":{"rendered":"http:\/\/batijournal.com\/?p=96386"},"modified":"2019-07-15T11:27:16","modified_gmt":"2019-07-15T09:27:16","slug":"emmanuel-macron-a-inaugure-plus-grand-campus-de-start-up-monde","status":"publish","type":"post","link":"https:\/\/batijournal.com\/index.php\/emmanuel-macron-a-inaugure-plus-grand-campus-de-start-up-monde\/96386\/","title":{"rendered":"Emmanuel Macron a inaugur\u00e9 le plus grand campus de start-up au monde"},"content":{"rendered":"<p>La Halle Freyssinet acquise en 2013 par Xavier Niel, est devenu la STATION F, le plus grand campus de start-up au monde. Le projet a \u00e9t\u00e9 inaugur\u00e9 jeudi 29 juin 2017 par le pr\u00e9sident Emmanuel Macron et la maire de Paris Anne Hidalgo en pr\u00e9sence du Secr\u00e9taire d&rsquo;Etat au Num\u00e9rique Mounir Mahjoubi. Ce projet du patron de Free profite des 34 000 m2 du b\u00e2timent pour rassembler tout un \u00e9cosyst\u00e8me entrepreneurial : une zone start-up de 3000 postes de travail, r\u00e9partis entre plus de 20 programmes d\u2019accompagnement start-up, des espaces \u00e9v\u00e9nementiels, des bureaux pour des entreprises de la tech, des investisseurs, un makerspace, un caf\u00e9 coworking, un restaurant gigantesque, et plus. Une extension de 600 logements est en construction \u00e0 10 minutes de STATION F et ouvrira en 2018.<\/p>\n<p>La mission d&rsquo;offrir une nouvelle vie \u00e0 la Halle Freyssinet a \u00e9t\u00e9 confi\u00e9e \u00e0 Jean-Michel Wilmotte. Il a fallu d\u00e9senclaver le b\u00e2timent en y int\u00e9grant deux travers\u00e9es publiques et lui permettre d\u2019accueillir un millier de start-up. Un projet \u00e0 la fois urbain, architectural et humain, d\u00e9velopp\u00e9 autour d\u2019un axe central de la taille de la tour Eiffel. Jean-Michel Wilmotte et son \u00e9quipe ont con\u00e7u un b\u00e2timent contemporain, ouvert et connect\u00e9 \u00e0 son quartier, tout en pr\u00e9servant sa structure en b\u00e9ton brut pr\u00e9contraint. Une structure presque centenaire, d\u2019une exceptionnelle finesse qui lui vaut d\u2019\u00eatre class\u00e9e depuis 2012 Monument historique, renforc\u00e9e par une nouvelle structure m\u00e9tallique \u00e0 l\u2019esth\u00e9tique contemporaine. L\u2019architecte et les designers de Wilmotte &amp; Industries ont con\u00e7u un mobilier sp\u00e9cifique pour STATION F, pour favoriser la spontan\u00e9it\u00e9, l\u2019\u00e9change et la mobilit\u00e9.<\/p>\n<p>Photo : Patrick Tourneboeuf<\/p>\n<p>&nbsp;<\/p>\n","protected":false},"excerpt":{"rendered":"<p>La Halle Freyssinet acquise en 2013 par Xavier Niel, est devenu la STATION F, le plus grand campus de start-up au monde. Le projet a \u00e9t\u00e9 inaugur\u00e9 jeudi 29 juin 2017 par le pr\u00e9sident Emmanuel Macron et la maire de Paris Anne Hidalgo en pr\u00e9sence du Secr\u00e9taire d&rsquo;Etat au Num\u00e9rique Mounir Mahjoubi. Ce projet du [&hellip;]<\/p>\n","protected":false},"author":17,"featured_media":96387,"comment_status":"closed","ping_status":"closed","sticky":false,"template":"","format":"standard","meta":{"_et_pb_use_builder":"","_et_pb_old_content":"","_et_gb_content_width":"","footnotes":""},"categories":[10530,6340],"tags":[4474,8918],"class_list":["post-96386","post","type-post","status-publish","format-standard","has-post-thumbnail","hentry","category-actualites","category-architecture-conception","tag-monuments-historiques","tag-start-up"],"yoast_head":"<!-- This site is optimized with the Yoast SEO plugin v27.4 - https:\/\/yoast.com\/product\/yoast-seo-wordpress\/ -->\n<title>Emmanuel Macron a inaugur\u00e9 le plus grand campus de start-up au monde<\/title>\n<meta name=\"robots\" content=\"index, follow, max-snippet:-1, max-image-preview:large, max-video-preview:-1\" \/>\n<link rel=\"canonical\" href=\"https:\/\/batijournal.com\/index.php\/emmanuel-macron-a-inaugure-plus-grand-campus-de-start-up-monde\/96386\/\" \/>\n<meta property=\"og:locale\" content=\"fr_FR\" \/>\n<meta property=\"og:type\" content=\"article\" \/>\n<meta property=\"og:title\" content=\"Emmanuel Macron a inaugur\u00e9 le plus grand campus de start-up au monde\" \/>\n<meta property=\"og:description\" content=\"La Halle Freyssinet acquise en 2013 par Xavier Niel, est devenu la STATION F, le plus grand campus de start-up au monde. Le projet a \u00e9t\u00e9 inaugur\u00e9 jeudi 29 juin 2017 par le pr\u00e9sident Emmanuel Macron et la maire de Paris Anne Hidalgo en pr\u00e9sence du Secr\u00e9taire d&rsquo;Etat au Num\u00e9rique Mounir Mahjoubi. Ce projet du [&hellip;]\" \/>\n<meta property=\"og:url\" content=\"https:\/\/batijournal.com\/index.php\/emmanuel-macron-a-inaugure-plus-grand-campus-de-start-up-monde\/96386\/\" \/>\n<meta property=\"og:site_name\" content=\"Batijournal\" \/>\n<meta property=\"article:published_time\" content=\"2017-06-30T02:25:37+00:00\" \/>\n<meta property=\"article:modified_time\" content=\"2019-07-15T09:27:16+00:00\" \/>\n<meta property=\"og:image\" content=\"https:\/\/batijournal.com\/wp-content\/uploads\/2017\/06\/STATION-F.jpg\" \/>\n\t<meta property=\"og:image:width\" content=\"1200\" \/>\n\t<meta property=\"og:image:height\" content=\"800\" \/>\n\t<meta property=\"og:image:type\" content=\"image\/jpeg\" \/>\n<meta name=\"author\" content=\"St\u00e9phane Miget\" \/>\n<meta name=\"twitter:card\" content=\"summary_large_image\" \/>\n<meta name=\"twitter:creator\" content=\"@bati_journal\" \/>\n<meta name=\"twitter:site\" content=\"@bati_journal\" \/>\n<meta name=\"twitter:label1\" content=\"\u00c9crit par\" \/>\n\t<meta name=\"twitter:data1\" content=\"St\u00e9phane Miget\" \/>\n\t<meta name=\"twitter:label2\" content=\"Dur\u00e9e de lecture estim\u00e9e\" \/>\n\t<meta name=\"twitter:data2\" content=\"1 minute\" \/>\n<script type=\"application\/ld+json\" class=\"yoast-schema-graph\">{\"@context\":\"https:\\\/\\\/schema.org\",\"@graph\":[{\"@type\":\"Article\",\"@id\":\"https:\\\/\\\/batijournal.com\\\/index.php\\\/emmanuel-macron-a-inaugure-plus-grand-campus-de-start-up-monde\\\/96386\\\/#article\",\"isPartOf\":{\"@id\":\"https:\\\/\\\/batijournal.com\\\/index.php\\\/emmanuel-macron-a-inaugure-plus-grand-campus-de-start-up-monde\\\/96386\\\/\"},\"author\":{\"name\":\"St\u00e9phane Miget\",\"@id\":\"https:\\\/\\\/batijournal.com\\\/#\\\/schema\\\/person\\\/1dc96ec6957aa1ccb25ebe78bb19f100\"},\"headline\":\"Emmanuel Macron a inaugur\u00e9 le plus grand campus de start-up au monde\",\"datePublished\":\"2017-06-30T02:25:37+00:00\",\"dateModified\":\"2019-07-15T09:27:16+00:00\",\"mainEntityOfPage\":{\"@id\":\"https:\\\/\\\/batijournal.com\\\/index.php\\\/emmanuel-macron-a-inaugure-plus-grand-campus-de-start-up-monde\\\/96386\\\/\"},\"wordCount\":294,\"image\":{\"@id\":\"https:\\\/\\\/batijournal.com\\\/index.php\\\/emmanuel-macron-a-inaugure-plus-grand-campus-de-start-up-monde\\\/96386\\\/#primaryimage\"},\"thumbnailUrl\":\"https:\\\/\\\/batijournal.com\\\/wp-content\\\/uploads\\\/2017\\\/06\\\/STATION-F.jpg\",\"keywords\":[\"monuments historiques\",\"start up\"],\"articleSection\":[\"Actualit\u00e9s\",\"Architecture &amp; Conception\"],\"inLanguage\":\"fr-FR\"},{\"@type\":\"WebPage\",\"@id\":\"https:\\\/\\\/batijournal.com\\\/index.php\\\/emmanuel-macron-a-inaugure-plus-grand-campus-de-start-up-monde\\\/96386\\\/\",\"url\":\"https:\\\/\\\/batijournal.com\\\/index.php\\\/emmanuel-macron-a-inaugure-plus-grand-campus-de-start-up-monde\\\/96386\\\/\",\"name\":\"Emmanuel Macron a inaugur\u00e9 le plus grand campus de start-up au monde\",\"isPartOf\":{\"@id\":\"https:\\\/\\\/batijournal.com\\\/#website\"},\"primaryImageOfPage\":{\"@id\":\"https:\\\/\\\/batijournal.com\\\/index.php\\\/emmanuel-macron-a-inaugure-plus-grand-campus-de-start-up-monde\\\/96386\\\/#primaryimage\"},\"image\":{\"@id\":\"https:\\\/\\\/batijournal.com\\\/index.php\\\/emmanuel-macron-a-inaugure-plus-grand-campus-de-start-up-monde\\\/96386\\\/#primaryimage\"},\"thumbnailUrl\":\"https:\\\/\\\/batijournal.com\\\/wp-content\\\/uploads\\\/2017\\\/06\\\/STATION-F.jpg\",\"datePublished\":\"2017-06-30T02:25:37+00:00\",\"dateModified\":\"2019-07-15T09:27:16+00:00\",\"author\":{\"@id\":\"https:\\\/\\\/batijournal.com\\\/#\\\/schema\\\/person\\\/1dc96ec6957aa1ccb25ebe78bb19f100\"},\"breadcrumb\":{\"@id\":\"https:\\\/\\\/batijournal.com\\\/index.php\\\/emmanuel-macron-a-inaugure-plus-grand-campus-de-start-up-monde\\\/96386\\\/#breadcrumb\"},\"inLanguage\":\"fr-FR\",\"potentialAction\":[{\"@type\":\"ReadAction\",\"target\":[\"https:\\\/\\\/batijournal.com\\\/index.php\\\/emmanuel-macron-a-inaugure-plus-grand-campus-de-start-up-monde\\\/96386\\\/\"]}]},{\"@type\":\"ImageObject\",\"inLanguage\":\"fr-FR\",\"@id\":\"https:\\\/\\\/batijournal.com\\\/index.php\\\/emmanuel-macron-a-inaugure-plus-grand-campus-de-start-up-monde\\\/96386\\\/#primaryimage\",\"url\":\"https:\\\/\\\/batijournal.com\\\/wp-content\\\/uploads\\\/2017\\\/06\\\/STATION-F.jpg\",\"contentUrl\":\"https:\\\/\\\/batijournal.com\\\/wp-content\\\/uploads\\\/2017\\\/06\\\/STATION-F.jpg\",\"width\":1200,\"height\":800},{\"@type\":\"BreadcrumbList\",\"@id\":\"https:\\\/\\\/batijournal.com\\\/index.php\\\/emmanuel-macron-a-inaugure-plus-grand-campus-de-start-up-monde\\\/96386\\\/#breadcrumb\",\"itemListElement\":[{\"@type\":\"ListItem\",\"position\":1,\"name\":\"Accueil\",\"item\":\"https:\\\/\\\/batijournal.com\\\/\"},{\"@type\":\"ListItem\",\"position\":2,\"name\":\"Actualit\u00e9s\",\"item\":\"https:\\\/\\\/batijournal.com\\\/index.php\\\/category\\\/actualites\\\/\"},{\"@type\":\"ListItem\",\"position\":3,\"name\":\"Emmanuel Macron a inaugur\u00e9 le plus grand campus de start-up au monde\"}]},{\"@type\":\"WebSite\",\"@id\":\"https:\\\/\\\/batijournal.com\\\/#website\",\"url\":\"https:\\\/\\\/batijournal.com\\\/\",\"name\":\"Batijournal\",\"description\":\"L&#039;actualit\u00e9 du b\u00e2timent\",\"potentialAction\":[{\"@type\":\"SearchAction\",\"target\":{\"@type\":\"EntryPoint\",\"urlTemplate\":\"https:\\\/\\\/batijournal.com\\\/?s={search_term_string}\"},\"query-input\":{\"@type\":\"PropertyValueSpecification\",\"valueRequired\":true,\"valueName\":\"search_term_string\"}}],\"inLanguage\":\"fr-FR\"},{\"@type\":\"Person\",\"@id\":\"https:\\\/\\\/batijournal.com\\\/#\\\/schema\\\/person\\\/1dc96ec6957aa1ccb25ebe78bb19f100\",\"name\":\"St\u00e9phane Miget\",\"image\":{\"@type\":\"ImageObject\",\"inLanguage\":\"fr-FR\",\"@id\":\"https:\\\/\\\/secure.gravatar.com\\\/avatar\\\/89915563d925342126b8ef0281b93d9d7fc337043e8df017f780908eb9644451?s=96&d=mm&r=g\",\"url\":\"https:\\\/\\\/secure.gravatar.com\\\/avatar\\\/89915563d925342126b8ef0281b93d9d7fc337043e8df017f780908eb9644451?s=96&d=mm&r=g\",\"contentUrl\":\"https:\\\/\\\/secure.gravatar.com\\\/avatar\\\/89915563d925342126b8ef0281b93d9d7fc337043e8df017f780908eb9644451?s=96&d=mm&r=g\",\"caption\":\"St\u00e9phane Miget\"},\"url\":\"https:\\\/\\\/batijournal.com\\\/index.php\\\/author\\\/stephane\\\/\"}]}<\/script>\n<!-- \/ Yoast SEO plugin. -->","yoast_head_json":{"title":"Emmanuel Macron a inaugur\u00e9 le plus grand campus de start-up au monde","robots":{"index":"index","follow":"follow","max-snippet":"max-snippet:-1","max-image-preview":"max-image-preview:large","max-video-preview":"max-video-preview:-1"},"canonical":"https:\/\/batijournal.com\/index.php\/emmanuel-macron-a-inaugure-plus-grand-campus-de-start-up-monde\/96386\/","og_locale":"fr_FR","og_type":"article","og_title":"Emmanuel Macron a inaugur\u00e9 le plus grand campus de start-up au monde","og_description":"La Halle Freyssinet acquise en 2013 par Xavier Niel, est devenu la STATION F, le plus grand campus de start-up au monde. Le projet a \u00e9t\u00e9 inaugur\u00e9 jeudi 29 juin 2017 par le pr\u00e9sident Emmanuel Macron et la maire de Paris Anne Hidalgo en pr\u00e9sence du Secr\u00e9taire d&rsquo;Etat au Num\u00e9rique Mounir Mahjoubi. Ce projet du [&hellip;]","og_url":"https:\/\/batijournal.com\/index.php\/emmanuel-macron-a-inaugure-plus-grand-campus-de-start-up-monde\/96386\/","og_site_name":"Batijournal","article_published_time":"2017-06-30T02:25:37+00:00","article_modified_time":"2019-07-15T09:27:16+00:00","og_image":[{"width":1200,"height":800,"url":"https:\/\/batijournal.com\/wp-content\/uploads\/2017\/06\/STATION-F.jpg","type":"image\/jpeg"}],"author":"St\u00e9phane Miget","twitter_card":"summary_large_image","twitter_creator":"@bati_journal","twitter_site":"@bati_journal","twitter_misc":{"\u00c9crit par":"St\u00e9phane Miget","Dur\u00e9e de lecture estim\u00e9e":"1 minute"},"schema":{"@context":"https:\/\/schema.org","@graph":[{"@type":"Article","@id":"https:\/\/batijournal.com\/index.php\/emmanuel-macron-a-inaugure-plus-grand-campus-de-start-up-monde\/96386\/#article","isPartOf":{"@id":"https:\/\/batijournal.com\/index.php\/emmanuel-macron-a-inaugure-plus-grand-campus-de-start-up-monde\/96386\/"},"author":{"name":"St\u00e9phane Miget","@id":"https:\/\/batijournal.com\/#\/schema\/person\/1dc96ec6957aa1ccb25ebe78bb19f100"},"headline":"Emmanuel Macron a inaugur\u00e9 le plus grand campus de start-up au monde","datePublished":"2017-06-30T02:25:37+00:00","dateModified":"2019-07-15T09:27:16+00:00","mainEntityOfPage":{"@id":"https:\/\/batijournal.com\/index.php\/emmanuel-macron-a-inaugure-plus-grand-campus-de-start-up-monde\/96386\/"},"wordCount":294,"image":{"@id":"https:\/\/batijournal.com\/index.php\/emmanuel-macron-a-inaugure-plus-grand-campus-de-start-up-monde\/96386\/#primaryimage"},"thumbnailUrl":"https:\/\/batijournal.com\/wp-content\/uploads\/2017\/06\/STATION-F.jpg","keywords":["monuments historiques","start up"],"articleSection":["Actualit\u00e9s","Architecture &amp; Conception"],"inLanguage":"fr-FR"},{"@type":"WebPage","@id":"https:\/\/batijournal.com\/index.php\/emmanuel-macron-a-inaugure-plus-grand-campus-de-start-up-monde\/96386\/","url":"https:\/\/batijournal.com\/index.php\/emmanuel-macron-a-inaugure-plus-grand-campus-de-start-up-monde\/96386\/","name":"Emmanuel Macron a inaugur\u00e9 le plus grand campus de start-up au monde","isPartOf":{"@id":"https:\/\/batijournal.com\/#website"},"primaryImageOfPage":{"@id":"https:\/\/batijournal.com\/index.php\/emmanuel-macron-a-inaugure-plus-grand-campus-de-start-up-monde\/96386\/#primaryimage"},"image":{"@id":"https:\/\/batijournal.com\/index.php\/emmanuel-macron-a-inaugure-plus-grand-campus-de-start-up-monde\/96386\/#primaryimage"},"thumbnailUrl":"https:\/\/batijournal.com\/wp-content\/uploads\/2017\/06\/STATION-F.jpg","datePublished":"2017-06-30T02:25:37+00:00","dateModified":"2019-07-15T09:27:16+00:00","author":{"@id":"https:\/\/batijournal.com\/#\/schema\/person\/1dc96ec6957aa1ccb25ebe78bb19f100"},"breadcrumb":{"@id":"https:\/\/batijournal.com\/index.php\/emmanuel-macron-a-inaugure-plus-grand-campus-de-start-up-monde\/96386\/#breadcrumb"},"inLanguage":"fr-FR","potentialAction":[{"@type":"ReadAction","target":["https:\/\/batijournal.com\/index.php\/emmanuel-macron-a-inaugure-plus-grand-campus-de-start-up-monde\/96386\/"]}]},{"@type":"ImageObject","inLanguage":"fr-FR","@id":"https:\/\/batijournal.com\/index.php\/emmanuel-macron-a-inaugure-plus-grand-campus-de-start-up-monde\/96386\/#primaryimage","url":"https:\/\/batijournal.com\/wp-content\/uploads\/2017\/06\/STATION-F.jpg","contentUrl":"https:\/\/batijournal.com\/wp-content\/uploads\/2017\/06\/STATION-F.jpg","width":1200,"height":800},{"@type":"BreadcrumbList","@id":"https:\/\/batijournal.com\/index.php\/emmanuel-macron-a-inaugure-plus-grand-campus-de-start-up-monde\/96386\/#breadcrumb","itemListElement":[{"@type":"ListItem","position":1,"name":"Accueil","item":"https:\/\/batijournal.com\/"},{"@type":"ListItem","position":2,"name":"Actualit\u00e9s","item":"https:\/\/batijournal.com\/index.php\/category\/actualites\/"},{"@type":"ListItem","position":3,"name":"Emmanuel Macron a inaugur\u00e9 le plus grand campus de start-up au monde"}]},{"@type":"WebSite","@id":"https:\/\/batijournal.com\/#website","url":"https:\/\/batijournal.com\/","name":"Batijournal","description":"L&#039;actualit\u00e9 du b\u00e2timent","potentialAction":[{"@type":"SearchAction","target":{"@type":"EntryPoint","urlTemplate":"https:\/\/batijournal.com\/?s={search_term_string}"},"query-input":{"@type":"PropertyValueSpecification","valueRequired":true,"valueName":"search_term_string"}}],"inLanguage":"fr-FR"},{"@type":"Person","@id":"https:\/\/batijournal.com\/#\/schema\/person\/1dc96ec6957aa1ccb25ebe78bb19f100","name":"St\u00e9phane Miget","image":{"@type":"ImageObject","inLanguage":"fr-FR","@id":"https:\/\/secure.gravatar.com\/avatar\/89915563d925342126b8ef0281b93d9d7fc337043e8df017f780908eb9644451?s=96&d=mm&r=g","url":"https:\/\/secure.gravatar.com\/avatar\/89915563d925342126b8ef0281b93d9d7fc337043e8df017f780908eb9644451?s=96&d=mm&r=g","contentUrl":"https:\/\/secure.gravatar.com\/avatar\/89915563d925342126b8ef0281b93d9d7fc337043e8df017f780908eb9644451?s=96&d=mm&r=g","caption":"St\u00e9phane Miget"},"url":"https:\/\/batijournal.com\/index.php\/author\/stephane\/"}]}},"_links":{"self":[{"href":"https:\/\/batijournal.com\/index.php\/wp-json\/wp\/v2\/posts\/96386","targetHints":{"allow":["GET"]}}],"collection":[{"href":"https:\/\/batijournal.com\/index.php\/wp-json\/wp\/v2\/posts"}],"about":[{"href":"https:\/\/batijournal.com\/index.php\/wp-json\/wp\/v2\/types\/post"}],"author":[{"embeddable":true,"href":"https:\/\/batijournal.com\/index.php\/wp-json\/wp\/v2\/users\/17"}],"replies":[{"embeddable":true,"href":"https:\/\/batijournal.com\/index.php\/wp-json\/wp\/v2\/comments?post=96386"}],"version-history":[{"count":0,"href":"https:\/\/batijournal.com\/index.php\/wp-json\/wp\/v2\/posts\/96386\/revisions"}],"wp:featuredmedia":[{"embeddable":true,"href":"https:\/\/batijournal.com\/index.php\/wp-json\/wp\/v2\/media\/96387"}],"wp:attachment":[{"href":"https:\/\/batijournal.com\/index.php\/wp-json\/wp\/v2\/media?parent=96386"}],"wp:term":[{"taxonomy":"category","embeddable":true,"href":"https:\/\/batijournal.com\/index.php\/wp-json\/wp\/v2\/categories?post=96386"},{"taxonomy":"post_tag","embeddable":true,"href":"https:\/\/batijournal.com\/index.php\/wp-json\/wp\/v2\/tags?post=96386"}],"curies":[{"name":"wp","href":"https:\/\/api.w.org\/{rel}","templated":true}]}}