{"id":96398,"date":"2017-07-03T08:49:53","date_gmt":"2017-07-03T06:49:53","guid":{"rendered":"http:\/\/batijournal.com\/?p=96398"},"modified":"2019-07-15T11:15:45","modified_gmt":"2019-07-15T09:15:45","slug":"reouverture-public-de-tour-saint-jacques-a-paris","status":"publish","type":"post","link":"https:\/\/batijournal.com\/index.php\/reouverture-public-de-tour-saint-jacques-a-paris\/96398\/","title":{"rendered":"R\u00e9ouverture au public de la Tour Saint-Jacques \u00e0 Paris"},"content":{"rendered":"<p>La Tour Saint-Jacques qui offre une vue imprenable sur Paris va ouvrir ses portes au public pour la p\u00e9riode estivale. La restauration \u00ab sur-mesure \u00bb et compl\u00e8te de cet \u00e9difice de 62 m\u00e8tres de haut, d\u00e9cid\u00e9e par la Ville de Paris en concertation avec le Minist\u00e8re de la Culture, a permis de pr\u00e9server et conserver les \u00e9l\u00e9ments d\u2019architecture et de sculpture datant du XVIe et du XVIIIe si\u00e8cles, et de remplacer par de la pierre les r\u00e9parations r\u00e9alis\u00e9es en ciment arm\u00e9 au d\u00e9but du XXe si\u00e8cle. Cet \u00e9difice class\u00e9 monument historique, est accessible au public depuis 2013, apr\u00e8s un important chantier de restauration cofinanc\u00e9 par la Ville de Paris, le Minist\u00e8re de la Culture pour un co\u00fbt total de 8,3 M\u20ac.<\/p>\n<p>&nbsp;<\/p>\n<p>Photo : Markus Mark &#8211; Wikimedia<\/p>\n<p>&nbsp;<\/p>\n","protected":false},"excerpt":{"rendered":"<p>La Tour Saint-Jacques qui offre une vue imprenable sur Paris va ouvrir ses portes au public pour la p\u00e9riode estivale. La restauration \u00ab sur-mesure \u00bb et compl\u00e8te de cet \u00e9difice de 62 m\u00e8tres de haut, d\u00e9cid\u00e9e par la Ville de Paris en concertation avec le Minist\u00e8re de la Culture, a permis de pr\u00e9server et conserver [&hellip;]<\/p>\n","protected":false},"author":17,"featured_media":96399,"comment_status":"closed","ping_status":"closed","sticky":false,"template":"","format":"standard","meta":{"_et_pb_use_builder":"","_et_pb_old_content":"","_et_gb_content_width":"","footnotes":""},"categories":[10530,6340,10785],"tags":[6376],"class_list":["post-96398","post","type-post","status-publish","format-standard","has-post-thumbnail","hentry","category-actualites","category-architecture-conception","category-atrium","tag-monument-historique"],"yoast_head":"<!-- This site is optimized with the Yoast SEO plugin v27.4 - https:\/\/yoast.com\/product\/yoast-seo-wordpress\/ -->\n<title>R\u00e9ouverture au public de la Tour Saint-Jacques \u00e0 Paris<\/title>\n<meta name=\"robots\" content=\"index, follow, max-snippet:-1, max-image-preview:large, max-video-preview:-1\" \/>\n<link rel=\"canonical\" href=\"https:\/\/batijournal.com\/index.php\/reouverture-public-de-tour-saint-jacques-a-paris\/96398\/\" \/>\n<meta property=\"og:locale\" content=\"fr_FR\" \/>\n<meta property=\"og:type\" content=\"article\" \/>\n<meta property=\"og:title\" content=\"R\u00e9ouverture au public de la Tour Saint-Jacques \u00e0 Paris\" \/>\n<meta property=\"og:description\" content=\"La Tour Saint-Jacques qui offre une vue imprenable sur Paris va ouvrir ses portes au public pour la p\u00e9riode estivale. La restauration \u00ab sur-mesure \u00bb et compl\u00e8te de cet \u00e9difice de 62 m\u00e8tres de haut, d\u00e9cid\u00e9e par la Ville de Paris en concertation avec le Minist\u00e8re de la Culture, a permis de pr\u00e9server et conserver [&hellip;]\" \/>\n<meta property=\"og:url\" content=\"https:\/\/batijournal.com\/index.php\/reouverture-public-de-tour-saint-jacques-a-paris\/96398\/\" \/>\n<meta property=\"og:site_name\" content=\"Batijournal\" \/>\n<meta property=\"article:published_time\" content=\"2017-07-03T06:49:53+00:00\" \/>\n<meta property=\"article:modified_time\" content=\"2019-07-15T09:15:45+00:00\" \/>\n<meta property=\"og:image\" content=\"https:\/\/batijournal.com\/wp-content\/uploads\/2017\/07\/Tour_Saint-Jacques_Paris.jpg\" \/>\n\t<meta property=\"og:image:width\" content=\"800\" \/>\n\t<meta property=\"og:image:height\" content=\"600\" \/>\n\t<meta property=\"og:image:type\" content=\"image\/jpeg\" \/>\n<meta name=\"author\" content=\"St\u00e9phane Miget\" \/>\n<meta name=\"twitter:card\" content=\"summary_large_image\" \/>\n<meta name=\"twitter:creator\" content=\"@bati_journal\" \/>\n<meta name=\"twitter:site\" content=\"@bati_journal\" \/>\n<meta name=\"twitter:label1\" content=\"\u00c9crit par\" \/>\n\t<meta name=\"twitter:data1\" content=\"St\u00e9phane Miget\" \/>\n\t<meta name=\"twitter:label2\" content=\"Dur\u00e9e de lecture estim\u00e9e\" \/>\n\t<meta name=\"twitter:data2\" content=\"1 minute\" \/>\n<script type=\"application\/ld+json\" class=\"yoast-schema-graph\">{\"@context\":\"https:\\\/\\\/schema.org\",\"@graph\":[{\"@type\":\"Article\",\"@id\":\"https:\\\/\\\/batijournal.com\\\/index.php\\\/reouverture-public-de-tour-saint-jacques-a-paris\\\/96398\\\/#article\",\"isPartOf\":{\"@id\":\"https:\\\/\\\/batijournal.com\\\/index.php\\\/reouverture-public-de-tour-saint-jacques-a-paris\\\/96398\\\/\"},\"author\":{\"name\":\"St\u00e9phane Miget\",\"@id\":\"https:\\\/\\\/batijournal.com\\\/#\\\/schema\\\/person\\\/1dc96ec6957aa1ccb25ebe78bb19f100\"},\"headline\":\"R\u00e9ouverture au public de la Tour Saint-Jacques \u00e0 Paris\",\"datePublished\":\"2017-07-03T06:49:53+00:00\",\"dateModified\":\"2019-07-15T09:15:45+00:00\",\"mainEntityOfPage\":{\"@id\":\"https:\\\/\\\/batijournal.com\\\/index.php\\\/reouverture-public-de-tour-saint-jacques-a-paris\\\/96398\\\/\"},\"wordCount\":150,\"image\":{\"@id\":\"https:\\\/\\\/batijournal.com\\\/index.php\\\/reouverture-public-de-tour-saint-jacques-a-paris\\\/96398\\\/#primaryimage\"},\"thumbnailUrl\":\"https:\\\/\\\/batijournal.com\\\/wp-content\\\/uploads\\\/2017\\\/07\\\/Tour_Saint-Jacques_Paris.jpg\",\"keywords\":[\"monument historique\"],\"articleSection\":[\"Actualit\u00e9s\",\"Architecture &amp; Conception\",\"zz_Atrium Patrimoine\"],\"inLanguage\":\"fr-FR\"},{\"@type\":\"WebPage\",\"@id\":\"https:\\\/\\\/batijournal.com\\\/index.php\\\/reouverture-public-de-tour-saint-jacques-a-paris\\\/96398\\\/\",\"url\":\"https:\\\/\\\/batijournal.com\\\/index.php\\\/reouverture-public-de-tour-saint-jacques-a-paris\\\/96398\\\/\",\"name\":\"R\u00e9ouverture au public de la Tour Saint-Jacques \u00e0 Paris\",\"isPartOf\":{\"@id\":\"https:\\\/\\\/batijournal.com\\\/#website\"},\"primaryImageOfPage\":{\"@id\":\"https:\\\/\\\/batijournal.com\\\/index.php\\\/reouverture-public-de-tour-saint-jacques-a-paris\\\/96398\\\/#primaryimage\"},\"image\":{\"@id\":\"https:\\\/\\\/batijournal.com\\\/index.php\\\/reouverture-public-de-tour-saint-jacques-a-paris\\\/96398\\\/#primaryimage\"},\"thumbnailUrl\":\"https:\\\/\\\/batijournal.com\\\/wp-content\\\/uploads\\\/2017\\\/07\\\/Tour_Saint-Jacques_Paris.jpg\",\"datePublished\":\"2017-07-03T06:49:53+00:00\",\"dateModified\":\"2019-07-15T09:15:45+00:00\",\"author\":{\"@id\":\"https:\\\/\\\/batijournal.com\\\/#\\\/schema\\\/person\\\/1dc96ec6957aa1ccb25ebe78bb19f100\"},\"breadcrumb\":{\"@id\":\"https:\\\/\\\/batijournal.com\\\/index.php\\\/reouverture-public-de-tour-saint-jacques-a-paris\\\/96398\\\/#breadcrumb\"},\"inLanguage\":\"fr-FR\",\"potentialAction\":[{\"@type\":\"ReadAction\",\"target\":[\"https:\\\/\\\/batijournal.com\\\/index.php\\\/reouverture-public-de-tour-saint-jacques-a-paris\\\/96398\\\/\"]}]},{\"@type\":\"ImageObject\",\"inLanguage\":\"fr-FR\",\"@id\":\"https:\\\/\\\/batijournal.com\\\/index.php\\\/reouverture-public-de-tour-saint-jacques-a-paris\\\/96398\\\/#primaryimage\",\"url\":\"https:\\\/\\\/batijournal.com\\\/wp-content\\\/uploads\\\/2017\\\/07\\\/Tour_Saint-Jacques_Paris.jpg\",\"contentUrl\":\"https:\\\/\\\/batijournal.com\\\/wp-content\\\/uploads\\\/2017\\\/07\\\/Tour_Saint-Jacques_Paris.jpg\",\"width\":800,\"height\":600},{\"@type\":\"BreadcrumbList\",\"@id\":\"https:\\\/\\\/batijournal.com\\\/index.php\\\/reouverture-public-de-tour-saint-jacques-a-paris\\\/96398\\\/#breadcrumb\",\"itemListElement\":[{\"@type\":\"ListItem\",\"position\":1,\"name\":\"Accueil\",\"item\":\"https:\\\/\\\/batijournal.com\\\/\"},{\"@type\":\"ListItem\",\"position\":2,\"name\":\"Actualit\u00e9s\",\"item\":\"https:\\\/\\\/batijournal.com\\\/index.php\\\/category\\\/actualites\\\/\"},{\"@type\":\"ListItem\",\"position\":3,\"name\":\"R\u00e9ouverture au public de la Tour Saint-Jacques \u00e0 Paris\"}]},{\"@type\":\"WebSite\",\"@id\":\"https:\\\/\\\/batijournal.com\\\/#website\",\"url\":\"https:\\\/\\\/batijournal.com\\\/\",\"name\":\"Batijournal\",\"description\":\"L&#039;actualit\u00e9 du b\u00e2timent\",\"potentialAction\":[{\"@type\":\"SearchAction\",\"target\":{\"@type\":\"EntryPoint\",\"urlTemplate\":\"https:\\\/\\\/batijournal.com\\\/?s={search_term_string}\"},\"query-input\":{\"@type\":\"PropertyValueSpecification\",\"valueRequired\":true,\"valueName\":\"search_term_string\"}}],\"inLanguage\":\"fr-FR\"},{\"@type\":\"Person\",\"@id\":\"https:\\\/\\\/batijournal.com\\\/#\\\/schema\\\/person\\\/1dc96ec6957aa1ccb25ebe78bb19f100\",\"name\":\"St\u00e9phane Miget\",\"image\":{\"@type\":\"ImageObject\",\"inLanguage\":\"fr-FR\",\"@id\":\"https:\\\/\\\/secure.gravatar.com\\\/avatar\\\/89915563d925342126b8ef0281b93d9d7fc337043e8df017f780908eb9644451?s=96&d=mm&r=g\",\"url\":\"https:\\\/\\\/secure.gravatar.com\\\/avatar\\\/89915563d925342126b8ef0281b93d9d7fc337043e8df017f780908eb9644451?s=96&d=mm&r=g\",\"contentUrl\":\"https:\\\/\\\/secure.gravatar.com\\\/avatar\\\/89915563d925342126b8ef0281b93d9d7fc337043e8df017f780908eb9644451?s=96&d=mm&r=g\",\"caption\":\"St\u00e9phane Miget\"},\"url\":\"https:\\\/\\\/batijournal.com\\\/index.php\\\/author\\\/stephane\\\/\"}]}<\/script>\n<!-- \/ Yoast SEO plugin. -->","yoast_head_json":{"title":"R\u00e9ouverture au public de la Tour Saint-Jacques \u00e0 Paris","robots":{"index":"index","follow":"follow","max-snippet":"max-snippet:-1","max-image-preview":"max-image-preview:large","max-video-preview":"max-video-preview:-1"},"canonical":"https:\/\/batijournal.com\/index.php\/reouverture-public-de-tour-saint-jacques-a-paris\/96398\/","og_locale":"fr_FR","og_type":"article","og_title":"R\u00e9ouverture au public de la Tour Saint-Jacques \u00e0 Paris","og_description":"La Tour Saint-Jacques qui offre une vue imprenable sur Paris va ouvrir ses portes au public pour la p\u00e9riode estivale. La restauration \u00ab sur-mesure \u00bb et compl\u00e8te de cet \u00e9difice de 62 m\u00e8tres de haut, d\u00e9cid\u00e9e par la Ville de Paris en concertation avec le Minist\u00e8re de la Culture, a permis de pr\u00e9server et conserver [&hellip;]","og_url":"https:\/\/batijournal.com\/index.php\/reouverture-public-de-tour-saint-jacques-a-paris\/96398\/","og_site_name":"Batijournal","article_published_time":"2017-07-03T06:49:53+00:00","article_modified_time":"2019-07-15T09:15:45+00:00","og_image":[{"width":800,"height":600,"url":"https:\/\/batijournal.com\/wp-content\/uploads\/2017\/07\/Tour_Saint-Jacques_Paris.jpg","type":"image\/jpeg"}],"author":"St\u00e9phane Miget","twitter_card":"summary_large_image","twitter_creator":"@bati_journal","twitter_site":"@bati_journal","twitter_misc":{"\u00c9crit par":"St\u00e9phane Miget","Dur\u00e9e de lecture estim\u00e9e":"1 minute"},"schema":{"@context":"https:\/\/schema.org","@graph":[{"@type":"Article","@id":"https:\/\/batijournal.com\/index.php\/reouverture-public-de-tour-saint-jacques-a-paris\/96398\/#article","isPartOf":{"@id":"https:\/\/batijournal.com\/index.php\/reouverture-public-de-tour-saint-jacques-a-paris\/96398\/"},"author":{"name":"St\u00e9phane Miget","@id":"https:\/\/batijournal.com\/#\/schema\/person\/1dc96ec6957aa1ccb25ebe78bb19f100"},"headline":"R\u00e9ouverture au public de la Tour Saint-Jacques \u00e0 Paris","datePublished":"2017-07-03T06:49:53+00:00","dateModified":"2019-07-15T09:15:45+00:00","mainEntityOfPage":{"@id":"https:\/\/batijournal.com\/index.php\/reouverture-public-de-tour-saint-jacques-a-paris\/96398\/"},"wordCount":150,"image":{"@id":"https:\/\/batijournal.com\/index.php\/reouverture-public-de-tour-saint-jacques-a-paris\/96398\/#primaryimage"},"thumbnailUrl":"https:\/\/batijournal.com\/wp-content\/uploads\/2017\/07\/Tour_Saint-Jacques_Paris.jpg","keywords":["monument historique"],"articleSection":["Actualit\u00e9s","Architecture &amp; Conception","zz_Atrium Patrimoine"],"inLanguage":"fr-FR"},{"@type":"WebPage","@id":"https:\/\/batijournal.com\/index.php\/reouverture-public-de-tour-saint-jacques-a-paris\/96398\/","url":"https:\/\/batijournal.com\/index.php\/reouverture-public-de-tour-saint-jacques-a-paris\/96398\/","name":"R\u00e9ouverture au public de la Tour Saint-Jacques \u00e0 Paris","isPartOf":{"@id":"https:\/\/batijournal.com\/#website"},"primaryImageOfPage":{"@id":"https:\/\/batijournal.com\/index.php\/reouverture-public-de-tour-saint-jacques-a-paris\/96398\/#primaryimage"},"image":{"@id":"https:\/\/batijournal.com\/index.php\/reouverture-public-de-tour-saint-jacques-a-paris\/96398\/#primaryimage"},"thumbnailUrl":"https:\/\/batijournal.com\/wp-content\/uploads\/2017\/07\/Tour_Saint-Jacques_Paris.jpg","datePublished":"2017-07-03T06:49:53+00:00","dateModified":"2019-07-15T09:15:45+00:00","author":{"@id":"https:\/\/batijournal.com\/#\/schema\/person\/1dc96ec6957aa1ccb25ebe78bb19f100"},"breadcrumb":{"@id":"https:\/\/batijournal.com\/index.php\/reouverture-public-de-tour-saint-jacques-a-paris\/96398\/#breadcrumb"},"inLanguage":"fr-FR","potentialAction":[{"@type":"ReadAction","target":["https:\/\/batijournal.com\/index.php\/reouverture-public-de-tour-saint-jacques-a-paris\/96398\/"]}]},{"@type":"ImageObject","inLanguage":"fr-FR","@id":"https:\/\/batijournal.com\/index.php\/reouverture-public-de-tour-saint-jacques-a-paris\/96398\/#primaryimage","url":"https:\/\/batijournal.com\/wp-content\/uploads\/2017\/07\/Tour_Saint-Jacques_Paris.jpg","contentUrl":"https:\/\/batijournal.com\/wp-content\/uploads\/2017\/07\/Tour_Saint-Jacques_Paris.jpg","width":800,"height":600},{"@type":"BreadcrumbList","@id":"https:\/\/batijournal.com\/index.php\/reouverture-public-de-tour-saint-jacques-a-paris\/96398\/#breadcrumb","itemListElement":[{"@type":"ListItem","position":1,"name":"Accueil","item":"https:\/\/batijournal.com\/"},{"@type":"ListItem","position":2,"name":"Actualit\u00e9s","item":"https:\/\/batijournal.com\/index.php\/category\/actualites\/"},{"@type":"ListItem","position":3,"name":"R\u00e9ouverture au public de la Tour Saint-Jacques \u00e0 Paris"}]},{"@type":"WebSite","@id":"https:\/\/batijournal.com\/#website","url":"https:\/\/batijournal.com\/","name":"Batijournal","description":"L&#039;actualit\u00e9 du b\u00e2timent","potentialAction":[{"@type":"SearchAction","target":{"@type":"EntryPoint","urlTemplate":"https:\/\/batijournal.com\/?s={search_term_string}"},"query-input":{"@type":"PropertyValueSpecification","valueRequired":true,"valueName":"search_term_string"}}],"inLanguage":"fr-FR"},{"@type":"Person","@id":"https:\/\/batijournal.com\/#\/schema\/person\/1dc96ec6957aa1ccb25ebe78bb19f100","name":"St\u00e9phane Miget","image":{"@type":"ImageObject","inLanguage":"fr-FR","@id":"https:\/\/secure.gravatar.com\/avatar\/89915563d925342126b8ef0281b93d9d7fc337043e8df017f780908eb9644451?s=96&d=mm&r=g","url":"https:\/\/secure.gravatar.com\/avatar\/89915563d925342126b8ef0281b93d9d7fc337043e8df017f780908eb9644451?s=96&d=mm&r=g","contentUrl":"https:\/\/secure.gravatar.com\/avatar\/89915563d925342126b8ef0281b93d9d7fc337043e8df017f780908eb9644451?s=96&d=mm&r=g","caption":"St\u00e9phane Miget"},"url":"https:\/\/batijournal.com\/index.php\/author\/stephane\/"}]}},"_links":{"self":[{"href":"https:\/\/batijournal.com\/index.php\/wp-json\/wp\/v2\/posts\/96398","targetHints":{"allow":["GET"]}}],"collection":[{"href":"https:\/\/batijournal.com\/index.php\/wp-json\/wp\/v2\/posts"}],"about":[{"href":"https:\/\/batijournal.com\/index.php\/wp-json\/wp\/v2\/types\/post"}],"author":[{"embeddable":true,"href":"https:\/\/batijournal.com\/index.php\/wp-json\/wp\/v2\/users\/17"}],"replies":[{"embeddable":true,"href":"https:\/\/batijournal.com\/index.php\/wp-json\/wp\/v2\/comments?post=96398"}],"version-history":[{"count":0,"href":"https:\/\/batijournal.com\/index.php\/wp-json\/wp\/v2\/posts\/96398\/revisions"}],"wp:featuredmedia":[{"embeddable":true,"href":"https:\/\/batijournal.com\/index.php\/wp-json\/wp\/v2\/media\/96399"}],"wp:attachment":[{"href":"https:\/\/batijournal.com\/index.php\/wp-json\/wp\/v2\/media?parent=96398"}],"wp:term":[{"taxonomy":"category","embeddable":true,"href":"https:\/\/batijournal.com\/index.php\/wp-json\/wp\/v2\/categories?post=96398"},{"taxonomy":"post_tag","embeddable":true,"href":"https:\/\/batijournal.com\/index.php\/wp-json\/wp\/v2\/tags?post=96398"}],"curies":[{"name":"wp","href":"https:\/\/api.w.org\/{rel}","templated":true}]}}