{"id":96402,"date":"2017-07-03T09:06:34","date_gmt":"2017-07-03T07:06:34","guid":{"rendered":"http:\/\/batijournal.com\/?p=96402"},"modified":"2019-07-15T12:10:53","modified_gmt":"2019-07-15T10:10:53","slug":"inauguration-campus-lumiere","status":"publish","type":"post","link":"https:\/\/batijournal.com\/index.php\/inauguration-campus-lumiere\/96402\/","title":{"rendered":"Inauguration du Campus Lumi\u00e8re"},"content":{"rendered":"<p>Un r\u00e9seau de lyc\u00e9es, de CFA assurant des formations dans le domaine du g\u00e9nie \u00e9lectrique et num\u00e9rique, et d&rsquo;\u00e9tablissements d&rsquo;enseignement sup\u00e9rieur, s&rsquo;est constitu\u00e9 autour d&rsquo;entreprises r\u00e9unies par le Cluster Lumi\u00e8re, r\u00e9seau de comp\u00e9tences de la fili\u00e8re lumi\u00e8re. Cette initiative a donn\u00e9 lieu \u00e0 la cr\u00e9ation du Campus des M\u00e9tiers et des Qualifications \u00ab Lumi\u00e8re intelligente et solutions d&rsquo;\u00e9clairage durables \u00bb. Il est le premier campus en France d\u00e9di\u00e9 \u00e0 la fili\u00e8re lumi\u00e8re.<\/p>\n<p>Le Campus Lumi\u00e8re a \u00e9t\u00e9 inaugur\u00e9 le vendredi 30 juin 2017 \u00e0 la CCI LYON METROPOLE Saint-Etienne Roanne en pr\u00e9sence de Fran\u00e7oise Moulin Civil, rectrice de Lyon, Philippe Valentin, vice-pr\u00e9sident de la CCI LYON METROPOLE Saint-Etienne Roanne, Henri Coulloumme-Labarthe, vice-pr\u00e9sident du Cluster Lumi\u00e8re et pr\u00e9sident du Campus Lumi\u00e8re. Le r\u00e9seau d&rsquo;\u00e9tablissements qui le composent : Lyc\u00e9es Branly, Flesselles, Seguin-Sembat, La Mache, Garnier, CFA IFAI, Universit\u00e9 Lyon 1 -IUT, Universit\u00e9 Lyon 3 &#8211; IAE, INSA Lyon, ENTPE Lyon ENSATT, Sup La Mache.<\/p>\n<p>Photo : \u00ab Eclaire-moi, la lumi\u00e8re dans tous ses \u00e9tats \u00bb, organis\u00e9 par le Cluster Lumi\u00e8re \u00e0 l\u2019INSA de Lyon \u00a9Cluster Lumi\u00e8re<\/p>\n<p>&nbsp;<\/p>\n","protected":false},"excerpt":{"rendered":"<p>Un r\u00e9seau de lyc\u00e9es, de CFA assurant des formations dans le domaine du g\u00e9nie \u00e9lectrique et num\u00e9rique, et d&rsquo;\u00e9tablissements d&rsquo;enseignement sup\u00e9rieur, s&rsquo;est constitu\u00e9 autour d&rsquo;entreprises r\u00e9unies par le Cluster Lumi\u00e8re, r\u00e9seau de comp\u00e9tences de la fili\u00e8re lumi\u00e8re. Cette initiative a donn\u00e9 lieu \u00e0 la cr\u00e9ation du Campus des M\u00e9tiers et des Qualifications \u00ab Lumi\u00e8re intelligente [&hellip;]<\/p>\n","protected":false},"author":17,"featured_media":96403,"comment_status":"closed","ping_status":"closed","sticky":false,"template":"","format":"standard","meta":{"_et_pb_use_builder":"","_et_pb_old_content":"","_et_gb_content_width":"","footnotes":""},"categories":[10530,6340,10785,10778],"tags":[1409,3110],"class_list":["post-96402","post","type-post","status-publish","format-standard","has-post-thumbnail","hentry","category-actualites","category-architecture-conception","category-atrium","category-planete","tag-eclairage","tag-lumiere"],"yoast_head":"<!-- This site is optimized with the Yoast SEO plugin v27.4 - https:\/\/yoast.com\/product\/yoast-seo-wordpress\/ -->\n<title>Inauguration du Campus Lumi\u00e8re<\/title>\n<meta name=\"robots\" content=\"index, follow, max-snippet:-1, max-image-preview:large, max-video-preview:-1\" \/>\n<link rel=\"canonical\" href=\"https:\/\/batijournal.com\/index.php\/inauguration-campus-lumiere\/96402\/\" \/>\n<meta property=\"og:locale\" content=\"fr_FR\" \/>\n<meta property=\"og:type\" content=\"article\" \/>\n<meta property=\"og:title\" content=\"Inauguration du Campus Lumi\u00e8re\" \/>\n<meta property=\"og:description\" content=\"Un r\u00e9seau de lyc\u00e9es, de CFA assurant des formations dans le domaine du g\u00e9nie \u00e9lectrique et num\u00e9rique, et d&rsquo;\u00e9tablissements d&rsquo;enseignement sup\u00e9rieur, s&rsquo;est constitu\u00e9 autour d&rsquo;entreprises r\u00e9unies par le Cluster Lumi\u00e8re, r\u00e9seau de comp\u00e9tences de la fili\u00e8re lumi\u00e8re. Cette initiative a donn\u00e9 lieu \u00e0 la cr\u00e9ation du Campus des M\u00e9tiers et des Qualifications \u00ab Lumi\u00e8re intelligente [&hellip;]\" \/>\n<meta property=\"og:url\" content=\"https:\/\/batijournal.com\/index.php\/inauguration-campus-lumiere\/96402\/\" \/>\n<meta property=\"og:site_name\" content=\"Batijournal\" \/>\n<meta property=\"article:published_time\" content=\"2017-07-03T07:06:34+00:00\" \/>\n<meta property=\"article:modified_time\" content=\"2019-07-15T10:10:53+00:00\" \/>\n<meta property=\"og:image\" content=\"https:\/\/batijournal.com\/wp-content\/uploads\/2017\/07\/campus-lumiere.png\" \/>\n\t<meta property=\"og:image:width\" content=\"607\" \/>\n\t<meta property=\"og:image:height\" content=\"399\" \/>\n\t<meta property=\"og:image:type\" content=\"image\/png\" \/>\n<meta name=\"author\" content=\"St\u00e9phane Miget\" \/>\n<meta name=\"twitter:card\" content=\"summary_large_image\" \/>\n<meta name=\"twitter:creator\" content=\"@bati_journal\" \/>\n<meta name=\"twitter:site\" content=\"@bati_journal\" \/>\n<meta name=\"twitter:label1\" content=\"\u00c9crit par\" \/>\n\t<meta name=\"twitter:data1\" content=\"St\u00e9phane Miget\" \/>\n\t<meta name=\"twitter:label2\" content=\"Dur\u00e9e de lecture estim\u00e9e\" \/>\n\t<meta name=\"twitter:data2\" content=\"1 minute\" \/>\n<script type=\"application\/ld+json\" class=\"yoast-schema-graph\">{\"@context\":\"https:\\\/\\\/schema.org\",\"@graph\":[{\"@type\":\"Article\",\"@id\":\"https:\\\/\\\/batijournal.com\\\/index.php\\\/inauguration-campus-lumiere\\\/96402\\\/#article\",\"isPartOf\":{\"@id\":\"https:\\\/\\\/batijournal.com\\\/index.php\\\/inauguration-campus-lumiere\\\/96402\\\/\"},\"author\":{\"name\":\"St\u00e9phane Miget\",\"@id\":\"https:\\\/\\\/batijournal.com\\\/#\\\/schema\\\/person\\\/1dc96ec6957aa1ccb25ebe78bb19f100\"},\"headline\":\"Inauguration du Campus Lumi\u00e8re\",\"datePublished\":\"2017-07-03T07:06:34+00:00\",\"dateModified\":\"2019-07-15T10:10:53+00:00\",\"mainEntityOfPage\":{\"@id\":\"https:\\\/\\\/batijournal.com\\\/index.php\\\/inauguration-campus-lumiere\\\/96402\\\/\"},\"wordCount\":204,\"image\":{\"@id\":\"https:\\\/\\\/batijournal.com\\\/index.php\\\/inauguration-campus-lumiere\\\/96402\\\/#primaryimage\"},\"thumbnailUrl\":\"https:\\\/\\\/batijournal.com\\\/wp-content\\\/uploads\\\/2017\\\/07\\\/campus-lumiere.png\",\"keywords\":[\"\u00e9clairage\",\"lumi\u00e8re\"],\"articleSection\":[\"Actualit\u00e9s\",\"Architecture &amp; Conception\",\"zz_Atrium Patrimoine\",\"zz_Plan\u00e8te B\u00e2timent\"],\"inLanguage\":\"fr-FR\"},{\"@type\":\"WebPage\",\"@id\":\"https:\\\/\\\/batijournal.com\\\/index.php\\\/inauguration-campus-lumiere\\\/96402\\\/\",\"url\":\"https:\\\/\\\/batijournal.com\\\/index.php\\\/inauguration-campus-lumiere\\\/96402\\\/\",\"name\":\"Inauguration du Campus Lumi\u00e8re\",\"isPartOf\":{\"@id\":\"https:\\\/\\\/batijournal.com\\\/#website\"},\"primaryImageOfPage\":{\"@id\":\"https:\\\/\\\/batijournal.com\\\/index.php\\\/inauguration-campus-lumiere\\\/96402\\\/#primaryimage\"},\"image\":{\"@id\":\"https:\\\/\\\/batijournal.com\\\/index.php\\\/inauguration-campus-lumiere\\\/96402\\\/#primaryimage\"},\"thumbnailUrl\":\"https:\\\/\\\/batijournal.com\\\/wp-content\\\/uploads\\\/2017\\\/07\\\/campus-lumiere.png\",\"datePublished\":\"2017-07-03T07:06:34+00:00\",\"dateModified\":\"2019-07-15T10:10:53+00:00\",\"author\":{\"@id\":\"https:\\\/\\\/batijournal.com\\\/#\\\/schema\\\/person\\\/1dc96ec6957aa1ccb25ebe78bb19f100\"},\"breadcrumb\":{\"@id\":\"https:\\\/\\\/batijournal.com\\\/index.php\\\/inauguration-campus-lumiere\\\/96402\\\/#breadcrumb\"},\"inLanguage\":\"fr-FR\",\"potentialAction\":[{\"@type\":\"ReadAction\",\"target\":[\"https:\\\/\\\/batijournal.com\\\/index.php\\\/inauguration-campus-lumiere\\\/96402\\\/\"]}]},{\"@type\":\"ImageObject\",\"inLanguage\":\"fr-FR\",\"@id\":\"https:\\\/\\\/batijournal.com\\\/index.php\\\/inauguration-campus-lumiere\\\/96402\\\/#primaryimage\",\"url\":\"https:\\\/\\\/batijournal.com\\\/wp-content\\\/uploads\\\/2017\\\/07\\\/campus-lumiere.png\",\"contentUrl\":\"https:\\\/\\\/batijournal.com\\\/wp-content\\\/uploads\\\/2017\\\/07\\\/campus-lumiere.png\",\"width\":607,\"height\":399},{\"@type\":\"BreadcrumbList\",\"@id\":\"https:\\\/\\\/batijournal.com\\\/index.php\\\/inauguration-campus-lumiere\\\/96402\\\/#breadcrumb\",\"itemListElement\":[{\"@type\":\"ListItem\",\"position\":1,\"name\":\"Accueil\",\"item\":\"https:\\\/\\\/batijournal.com\\\/\"},{\"@type\":\"ListItem\",\"position\":2,\"name\":\"Actualit\u00e9s\",\"item\":\"https:\\\/\\\/batijournal.com\\\/index.php\\\/category\\\/actualites\\\/\"},{\"@type\":\"ListItem\",\"position\":3,\"name\":\"Inauguration du Campus Lumi\u00e8re\"}]},{\"@type\":\"WebSite\",\"@id\":\"https:\\\/\\\/batijournal.com\\\/#website\",\"url\":\"https:\\\/\\\/batijournal.com\\\/\",\"name\":\"Batijournal\",\"description\":\"L&#039;actualit\u00e9 du b\u00e2timent\",\"potentialAction\":[{\"@type\":\"SearchAction\",\"target\":{\"@type\":\"EntryPoint\",\"urlTemplate\":\"https:\\\/\\\/batijournal.com\\\/?s={search_term_string}\"},\"query-input\":{\"@type\":\"PropertyValueSpecification\",\"valueRequired\":true,\"valueName\":\"search_term_string\"}}],\"inLanguage\":\"fr-FR\"},{\"@type\":\"Person\",\"@id\":\"https:\\\/\\\/batijournal.com\\\/#\\\/schema\\\/person\\\/1dc96ec6957aa1ccb25ebe78bb19f100\",\"name\":\"St\u00e9phane Miget\",\"image\":{\"@type\":\"ImageObject\",\"inLanguage\":\"fr-FR\",\"@id\":\"https:\\\/\\\/secure.gravatar.com\\\/avatar\\\/89915563d925342126b8ef0281b93d9d7fc337043e8df017f780908eb9644451?s=96&d=mm&r=g\",\"url\":\"https:\\\/\\\/secure.gravatar.com\\\/avatar\\\/89915563d925342126b8ef0281b93d9d7fc337043e8df017f780908eb9644451?s=96&d=mm&r=g\",\"contentUrl\":\"https:\\\/\\\/secure.gravatar.com\\\/avatar\\\/89915563d925342126b8ef0281b93d9d7fc337043e8df017f780908eb9644451?s=96&d=mm&r=g\",\"caption\":\"St\u00e9phane Miget\"},\"url\":\"https:\\\/\\\/batijournal.com\\\/index.php\\\/author\\\/stephane\\\/\"}]}<\/script>\n<!-- \/ Yoast SEO plugin. -->","yoast_head_json":{"title":"Inauguration du Campus Lumi\u00e8re","robots":{"index":"index","follow":"follow","max-snippet":"max-snippet:-1","max-image-preview":"max-image-preview:large","max-video-preview":"max-video-preview:-1"},"canonical":"https:\/\/batijournal.com\/index.php\/inauguration-campus-lumiere\/96402\/","og_locale":"fr_FR","og_type":"article","og_title":"Inauguration du Campus Lumi\u00e8re","og_description":"Un r\u00e9seau de lyc\u00e9es, de CFA assurant des formations dans le domaine du g\u00e9nie \u00e9lectrique et num\u00e9rique, et d&rsquo;\u00e9tablissements d&rsquo;enseignement sup\u00e9rieur, s&rsquo;est constitu\u00e9 autour d&rsquo;entreprises r\u00e9unies par le Cluster Lumi\u00e8re, r\u00e9seau de comp\u00e9tences de la fili\u00e8re lumi\u00e8re. Cette initiative a donn\u00e9 lieu \u00e0 la cr\u00e9ation du Campus des M\u00e9tiers et des Qualifications \u00ab Lumi\u00e8re intelligente [&hellip;]","og_url":"https:\/\/batijournal.com\/index.php\/inauguration-campus-lumiere\/96402\/","og_site_name":"Batijournal","article_published_time":"2017-07-03T07:06:34+00:00","article_modified_time":"2019-07-15T10:10:53+00:00","og_image":[{"width":607,"height":399,"url":"https:\/\/batijournal.com\/wp-content\/uploads\/2017\/07\/campus-lumiere.png","type":"image\/png"}],"author":"St\u00e9phane Miget","twitter_card":"summary_large_image","twitter_creator":"@bati_journal","twitter_site":"@bati_journal","twitter_misc":{"\u00c9crit par":"St\u00e9phane Miget","Dur\u00e9e de lecture estim\u00e9e":"1 minute"},"schema":{"@context":"https:\/\/schema.org","@graph":[{"@type":"Article","@id":"https:\/\/batijournal.com\/index.php\/inauguration-campus-lumiere\/96402\/#article","isPartOf":{"@id":"https:\/\/batijournal.com\/index.php\/inauguration-campus-lumiere\/96402\/"},"author":{"name":"St\u00e9phane Miget","@id":"https:\/\/batijournal.com\/#\/schema\/person\/1dc96ec6957aa1ccb25ebe78bb19f100"},"headline":"Inauguration du Campus Lumi\u00e8re","datePublished":"2017-07-03T07:06:34+00:00","dateModified":"2019-07-15T10:10:53+00:00","mainEntityOfPage":{"@id":"https:\/\/batijournal.com\/index.php\/inauguration-campus-lumiere\/96402\/"},"wordCount":204,"image":{"@id":"https:\/\/batijournal.com\/index.php\/inauguration-campus-lumiere\/96402\/#primaryimage"},"thumbnailUrl":"https:\/\/batijournal.com\/wp-content\/uploads\/2017\/07\/campus-lumiere.png","keywords":["\u00e9clairage","lumi\u00e8re"],"articleSection":["Actualit\u00e9s","Architecture &amp; Conception","zz_Atrium Patrimoine","zz_Plan\u00e8te B\u00e2timent"],"inLanguage":"fr-FR"},{"@type":"WebPage","@id":"https:\/\/batijournal.com\/index.php\/inauguration-campus-lumiere\/96402\/","url":"https:\/\/batijournal.com\/index.php\/inauguration-campus-lumiere\/96402\/","name":"Inauguration du Campus Lumi\u00e8re","isPartOf":{"@id":"https:\/\/batijournal.com\/#website"},"primaryImageOfPage":{"@id":"https:\/\/batijournal.com\/index.php\/inauguration-campus-lumiere\/96402\/#primaryimage"},"image":{"@id":"https:\/\/batijournal.com\/index.php\/inauguration-campus-lumiere\/96402\/#primaryimage"},"thumbnailUrl":"https:\/\/batijournal.com\/wp-content\/uploads\/2017\/07\/campus-lumiere.png","datePublished":"2017-07-03T07:06:34+00:00","dateModified":"2019-07-15T10:10:53+00:00","author":{"@id":"https:\/\/batijournal.com\/#\/schema\/person\/1dc96ec6957aa1ccb25ebe78bb19f100"},"breadcrumb":{"@id":"https:\/\/batijournal.com\/index.php\/inauguration-campus-lumiere\/96402\/#breadcrumb"},"inLanguage":"fr-FR","potentialAction":[{"@type":"ReadAction","target":["https:\/\/batijournal.com\/index.php\/inauguration-campus-lumiere\/96402\/"]}]},{"@type":"ImageObject","inLanguage":"fr-FR","@id":"https:\/\/batijournal.com\/index.php\/inauguration-campus-lumiere\/96402\/#primaryimage","url":"https:\/\/batijournal.com\/wp-content\/uploads\/2017\/07\/campus-lumiere.png","contentUrl":"https:\/\/batijournal.com\/wp-content\/uploads\/2017\/07\/campus-lumiere.png","width":607,"height":399},{"@type":"BreadcrumbList","@id":"https:\/\/batijournal.com\/index.php\/inauguration-campus-lumiere\/96402\/#breadcrumb","itemListElement":[{"@type":"ListItem","position":1,"name":"Accueil","item":"https:\/\/batijournal.com\/"},{"@type":"ListItem","position":2,"name":"Actualit\u00e9s","item":"https:\/\/batijournal.com\/index.php\/category\/actualites\/"},{"@type":"ListItem","position":3,"name":"Inauguration du Campus Lumi\u00e8re"}]},{"@type":"WebSite","@id":"https:\/\/batijournal.com\/#website","url":"https:\/\/batijournal.com\/","name":"Batijournal","description":"L&#039;actualit\u00e9 du b\u00e2timent","potentialAction":[{"@type":"SearchAction","target":{"@type":"EntryPoint","urlTemplate":"https:\/\/batijournal.com\/?s={search_term_string}"},"query-input":{"@type":"PropertyValueSpecification","valueRequired":true,"valueName":"search_term_string"}}],"inLanguage":"fr-FR"},{"@type":"Person","@id":"https:\/\/batijournal.com\/#\/schema\/person\/1dc96ec6957aa1ccb25ebe78bb19f100","name":"St\u00e9phane Miget","image":{"@type":"ImageObject","inLanguage":"fr-FR","@id":"https:\/\/secure.gravatar.com\/avatar\/89915563d925342126b8ef0281b93d9d7fc337043e8df017f780908eb9644451?s=96&d=mm&r=g","url":"https:\/\/secure.gravatar.com\/avatar\/89915563d925342126b8ef0281b93d9d7fc337043e8df017f780908eb9644451?s=96&d=mm&r=g","contentUrl":"https:\/\/secure.gravatar.com\/avatar\/89915563d925342126b8ef0281b93d9d7fc337043e8df017f780908eb9644451?s=96&d=mm&r=g","caption":"St\u00e9phane Miget"},"url":"https:\/\/batijournal.com\/index.php\/author\/stephane\/"}]}},"_links":{"self":[{"href":"https:\/\/batijournal.com\/index.php\/wp-json\/wp\/v2\/posts\/96402","targetHints":{"allow":["GET"]}}],"collection":[{"href":"https:\/\/batijournal.com\/index.php\/wp-json\/wp\/v2\/posts"}],"about":[{"href":"https:\/\/batijournal.com\/index.php\/wp-json\/wp\/v2\/types\/post"}],"author":[{"embeddable":true,"href":"https:\/\/batijournal.com\/index.php\/wp-json\/wp\/v2\/users\/17"}],"replies":[{"embeddable":true,"href":"https:\/\/batijournal.com\/index.php\/wp-json\/wp\/v2\/comments?post=96402"}],"version-history":[{"count":0,"href":"https:\/\/batijournal.com\/index.php\/wp-json\/wp\/v2\/posts\/96402\/revisions"}],"wp:featuredmedia":[{"embeddable":true,"href":"https:\/\/batijournal.com\/index.php\/wp-json\/wp\/v2\/media\/96403"}],"wp:attachment":[{"href":"https:\/\/batijournal.com\/index.php\/wp-json\/wp\/v2\/media?parent=96402"}],"wp:term":[{"taxonomy":"category","embeddable":true,"href":"https:\/\/batijournal.com\/index.php\/wp-json\/wp\/v2\/categories?post=96402"},{"taxonomy":"post_tag","embeddable":true,"href":"https:\/\/batijournal.com\/index.php\/wp-json\/wp\/v2\/tags?post=96402"}],"curies":[{"name":"wp","href":"https:\/\/api.w.org\/{rel}","templated":true}]}}