{"id":96407,"date":"2017-07-03T09:35:49","date_gmt":"2017-07-03T07:35:49","guid":{"rendered":"http:\/\/batijournal.com\/?p=96407"},"modified":"2019-07-15T12:13:11","modified_gmt":"2019-07-15T10:13:11","slug":"lunion-fabricants-de-menuiseries-exterieure-souvre-aux-menuiseries-interieures","status":"publish","type":"post","link":"https:\/\/batijournal.com\/index.php\/lunion-fabricants-de-menuiseries-exterieure-souvre-aux-menuiseries-interieures\/96407\/","title":{"rendered":"L&rsquo;Union des fabricants de menuiseries ext\u00e9rieure s&rsquo;ouvre aux menuiseries int\u00e9rieures"},"content":{"rendered":"<p>La conception et la fabrication de portes int\u00e9rieures \u00e9tant des activit\u00e9s exerc\u00e9es par un certain nombre de ses adh\u00e9rents historiques, l&rsquo;UFME a d\u00e9cid\u00e9 de modifier ses statuts en janvier 2017 et d&rsquo;offrir ses services en lien avec ces activit\u00e9s. L&rsquo;Union des Fabricants de Menuiseries Ext\u00e9rieures est devenu ainsi l&rsquo;Union des Fabricants de Menuiseries. Son objet a \u00e9t\u00e9 compl\u00e9t\u00e9 par la repr\u00e9sentation des fabricants et entrepreneurs de portes int\u00e9rieures. Une nouvelle section \u00ab Fabricants de portes int\u00e9rieures tous mat\u00e9riaux \u00bb a \u00e9t\u00e9 cr\u00e9\u00e9e ainsi que sa repr\u00e9sentation au Conseil d&rsquo;Administration.<\/p>\n","protected":false},"excerpt":{"rendered":"<p>La conception et la fabrication de portes int\u00e9rieures \u00e9tant des activit\u00e9s exerc\u00e9es par un certain nombre de ses adh\u00e9rents historiques, l&rsquo;UFME a d\u00e9cid\u00e9 de modifier ses statuts en janvier 2017 et d&rsquo;offrir ses services en lien avec ces activit\u00e9s. L&rsquo;Union des Fabricants de Menuiseries Ext\u00e9rieures est devenu ainsi l&rsquo;Union des Fabricants de Menuiseries. Son objet [&hellip;]<\/p>\n","protected":false},"author":17,"featured_media":88630,"comment_status":"closed","ping_status":"closed","sticky":false,"template":"","format":"standard","meta":{"_et_pb_use_builder":"","_et_pb_old_content":"","_et_gb_content_width":"","footnotes":""},"categories":[10530,6345],"tags":[1016,2500],"class_list":["post-96407","post","type-post","status-publish","format-standard","has-post-thumbnail","hentry","category-actualites","category-economie-marches","tag-menuiseries","tag-ufme"],"yoast_head":"<!-- This site is optimized with the Yoast SEO plugin v27.4 - https:\/\/yoast.com\/product\/yoast-seo-wordpress\/ -->\n<title>L&#039;Union des fabricants de menuiseries ext\u00e9rieure s&#039;ouvre aux menuiseries int\u00e9rieures<\/title>\n<meta name=\"robots\" content=\"index, follow, max-snippet:-1, max-image-preview:large, max-video-preview:-1\" \/>\n<link rel=\"canonical\" href=\"https:\/\/batijournal.com\/index.php\/lunion-fabricants-de-menuiseries-exterieure-souvre-aux-menuiseries-interieures\/96407\/\" \/>\n<meta property=\"og:locale\" content=\"fr_FR\" \/>\n<meta property=\"og:type\" content=\"article\" \/>\n<meta property=\"og:title\" content=\"L&#039;Union des fabricants de menuiseries ext\u00e9rieure s&#039;ouvre aux menuiseries int\u00e9rieures\" \/>\n<meta property=\"og:description\" content=\"La conception et la fabrication de portes int\u00e9rieures \u00e9tant des activit\u00e9s exerc\u00e9es par un certain nombre de ses adh\u00e9rents historiques, l&rsquo;UFME a d\u00e9cid\u00e9 de modifier ses statuts en janvier 2017 et d&rsquo;offrir ses services en lien avec ces activit\u00e9s. L&rsquo;Union des Fabricants de Menuiseries Ext\u00e9rieures est devenu ainsi l&rsquo;Union des Fabricants de Menuiseries. Son objet [&hellip;]\" \/>\n<meta property=\"og:url\" content=\"https:\/\/batijournal.com\/index.php\/lunion-fabricants-de-menuiseries-exterieure-souvre-aux-menuiseries-interieures\/96407\/\" \/>\n<meta property=\"og:site_name\" content=\"Batijournal\" \/>\n<meta property=\"article:published_time\" content=\"2017-07-03T07:35:49+00:00\" \/>\n<meta property=\"article:modified_time\" content=\"2019-07-15T10:13:11+00:00\" \/>\n<meta property=\"og:image\" content=\"https:\/\/batijournal.com\/wp-content\/uploads\/2015\/07\/ufme.jpg\" \/>\n\t<meta property=\"og:image:width\" content=\"554\" \/>\n\t<meta property=\"og:image:height\" content=\"217\" \/>\n\t<meta property=\"og:image:type\" content=\"image\/jpeg\" \/>\n<meta name=\"author\" content=\"St\u00e9phane Miget\" \/>\n<meta name=\"twitter:card\" content=\"summary_large_image\" \/>\n<meta name=\"twitter:creator\" content=\"@bati_journal\" \/>\n<meta name=\"twitter:site\" content=\"@bati_journal\" \/>\n<meta name=\"twitter:label1\" content=\"\u00c9crit par\" \/>\n\t<meta name=\"twitter:data1\" content=\"St\u00e9phane Miget\" \/>\n\t<meta name=\"twitter:label2\" content=\"Dur\u00e9e de lecture estim\u00e9e\" \/>\n\t<meta name=\"twitter:data2\" content=\"1 minute\" \/>\n<script type=\"application\/ld+json\" class=\"yoast-schema-graph\">{\"@context\":\"https:\\\/\\\/schema.org\",\"@graph\":[{\"@type\":\"Article\",\"@id\":\"https:\\\/\\\/batijournal.com\\\/index.php\\\/lunion-fabricants-de-menuiseries-exterieure-souvre-aux-menuiseries-interieures\\\/96407\\\/#article\",\"isPartOf\":{\"@id\":\"https:\\\/\\\/batijournal.com\\\/index.php\\\/lunion-fabricants-de-menuiseries-exterieure-souvre-aux-menuiseries-interieures\\\/96407\\\/\"},\"author\":{\"name\":\"St\u00e9phane Miget\",\"@id\":\"https:\\\/\\\/batijournal.com\\\/#\\\/schema\\\/person\\\/1dc96ec6957aa1ccb25ebe78bb19f100\"},\"headline\":\"L&rsquo;Union des fabricants de menuiseries ext\u00e9rieure s&rsquo;ouvre aux menuiseries int\u00e9rieures\",\"datePublished\":\"2017-07-03T07:35:49+00:00\",\"dateModified\":\"2019-07-15T10:13:11+00:00\",\"mainEntityOfPage\":{\"@id\":\"https:\\\/\\\/batijournal.com\\\/index.php\\\/lunion-fabricants-de-menuiseries-exterieure-souvre-aux-menuiseries-interieures\\\/96407\\\/\"},\"wordCount\":119,\"image\":{\"@id\":\"https:\\\/\\\/batijournal.com\\\/index.php\\\/lunion-fabricants-de-menuiseries-exterieure-souvre-aux-menuiseries-interieures\\\/96407\\\/#primaryimage\"},\"thumbnailUrl\":\"https:\\\/\\\/batijournal.com\\\/wp-content\\\/uploads\\\/2015\\\/07\\\/ufme.jpg\",\"keywords\":[\"menuiseries\",\"UFME\"],\"articleSection\":[\"Actualit\u00e9s\",\"\u00c9conomie &amp; March\u00e9s\"],\"inLanguage\":\"fr-FR\"},{\"@type\":\"WebPage\",\"@id\":\"https:\\\/\\\/batijournal.com\\\/index.php\\\/lunion-fabricants-de-menuiseries-exterieure-souvre-aux-menuiseries-interieures\\\/96407\\\/\",\"url\":\"https:\\\/\\\/batijournal.com\\\/index.php\\\/lunion-fabricants-de-menuiseries-exterieure-souvre-aux-menuiseries-interieures\\\/96407\\\/\",\"name\":\"L'Union des fabricants de menuiseries ext\u00e9rieure s'ouvre aux menuiseries int\u00e9rieures\",\"isPartOf\":{\"@id\":\"https:\\\/\\\/batijournal.com\\\/#website\"},\"primaryImageOfPage\":{\"@id\":\"https:\\\/\\\/batijournal.com\\\/index.php\\\/lunion-fabricants-de-menuiseries-exterieure-souvre-aux-menuiseries-interieures\\\/96407\\\/#primaryimage\"},\"image\":{\"@id\":\"https:\\\/\\\/batijournal.com\\\/index.php\\\/lunion-fabricants-de-menuiseries-exterieure-souvre-aux-menuiseries-interieures\\\/96407\\\/#primaryimage\"},\"thumbnailUrl\":\"https:\\\/\\\/batijournal.com\\\/wp-content\\\/uploads\\\/2015\\\/07\\\/ufme.jpg\",\"datePublished\":\"2017-07-03T07:35:49+00:00\",\"dateModified\":\"2019-07-15T10:13:11+00:00\",\"author\":{\"@id\":\"https:\\\/\\\/batijournal.com\\\/#\\\/schema\\\/person\\\/1dc96ec6957aa1ccb25ebe78bb19f100\"},\"breadcrumb\":{\"@id\":\"https:\\\/\\\/batijournal.com\\\/index.php\\\/lunion-fabricants-de-menuiseries-exterieure-souvre-aux-menuiseries-interieures\\\/96407\\\/#breadcrumb\"},\"inLanguage\":\"fr-FR\",\"potentialAction\":[{\"@type\":\"ReadAction\",\"target\":[\"https:\\\/\\\/batijournal.com\\\/index.php\\\/lunion-fabricants-de-menuiseries-exterieure-souvre-aux-menuiseries-interieures\\\/96407\\\/\"]}]},{\"@type\":\"ImageObject\",\"inLanguage\":\"fr-FR\",\"@id\":\"https:\\\/\\\/batijournal.com\\\/index.php\\\/lunion-fabricants-de-menuiseries-exterieure-souvre-aux-menuiseries-interieures\\\/96407\\\/#primaryimage\",\"url\":\"https:\\\/\\\/batijournal.com\\\/wp-content\\\/uploads\\\/2015\\\/07\\\/ufme.jpg\",\"contentUrl\":\"https:\\\/\\\/batijournal.com\\\/wp-content\\\/uploads\\\/2015\\\/07\\\/ufme.jpg\",\"width\":554,\"height\":217},{\"@type\":\"BreadcrumbList\",\"@id\":\"https:\\\/\\\/batijournal.com\\\/index.php\\\/lunion-fabricants-de-menuiseries-exterieure-souvre-aux-menuiseries-interieures\\\/96407\\\/#breadcrumb\",\"itemListElement\":[{\"@type\":\"ListItem\",\"position\":1,\"name\":\"Accueil\",\"item\":\"https:\\\/\\\/batijournal.com\\\/\"},{\"@type\":\"ListItem\",\"position\":2,\"name\":\"Actualit\u00e9s\",\"item\":\"https:\\\/\\\/batijournal.com\\\/index.php\\\/category\\\/actualites\\\/\"},{\"@type\":\"ListItem\",\"position\":3,\"name\":\"L&rsquo;Union des fabricants de menuiseries ext\u00e9rieure s&rsquo;ouvre aux menuiseries int\u00e9rieures\"}]},{\"@type\":\"WebSite\",\"@id\":\"https:\\\/\\\/batijournal.com\\\/#website\",\"url\":\"https:\\\/\\\/batijournal.com\\\/\",\"name\":\"Batijournal\",\"description\":\"L&#039;actualit\u00e9 du b\u00e2timent\",\"potentialAction\":[{\"@type\":\"SearchAction\",\"target\":{\"@type\":\"EntryPoint\",\"urlTemplate\":\"https:\\\/\\\/batijournal.com\\\/?s={search_term_string}\"},\"query-input\":{\"@type\":\"PropertyValueSpecification\",\"valueRequired\":true,\"valueName\":\"search_term_string\"}}],\"inLanguage\":\"fr-FR\"},{\"@type\":\"Person\",\"@id\":\"https:\\\/\\\/batijournal.com\\\/#\\\/schema\\\/person\\\/1dc96ec6957aa1ccb25ebe78bb19f100\",\"name\":\"St\u00e9phane Miget\",\"image\":{\"@type\":\"ImageObject\",\"inLanguage\":\"fr-FR\",\"@id\":\"https:\\\/\\\/secure.gravatar.com\\\/avatar\\\/89915563d925342126b8ef0281b93d9d7fc337043e8df017f780908eb9644451?s=96&d=mm&r=g\",\"url\":\"https:\\\/\\\/secure.gravatar.com\\\/avatar\\\/89915563d925342126b8ef0281b93d9d7fc337043e8df017f780908eb9644451?s=96&d=mm&r=g\",\"contentUrl\":\"https:\\\/\\\/secure.gravatar.com\\\/avatar\\\/89915563d925342126b8ef0281b93d9d7fc337043e8df017f780908eb9644451?s=96&d=mm&r=g\",\"caption\":\"St\u00e9phane Miget\"},\"url\":\"https:\\\/\\\/batijournal.com\\\/index.php\\\/author\\\/stephane\\\/\"}]}<\/script>\n<!-- \/ Yoast SEO plugin. -->","yoast_head_json":{"title":"L'Union des fabricants de menuiseries ext\u00e9rieure s'ouvre aux menuiseries int\u00e9rieures","robots":{"index":"index","follow":"follow","max-snippet":"max-snippet:-1","max-image-preview":"max-image-preview:large","max-video-preview":"max-video-preview:-1"},"canonical":"https:\/\/batijournal.com\/index.php\/lunion-fabricants-de-menuiseries-exterieure-souvre-aux-menuiseries-interieures\/96407\/","og_locale":"fr_FR","og_type":"article","og_title":"L'Union des fabricants de menuiseries ext\u00e9rieure s'ouvre aux menuiseries int\u00e9rieures","og_description":"La conception et la fabrication de portes int\u00e9rieures \u00e9tant des activit\u00e9s exerc\u00e9es par un certain nombre de ses adh\u00e9rents historiques, l&rsquo;UFME a d\u00e9cid\u00e9 de modifier ses statuts en janvier 2017 et d&rsquo;offrir ses services en lien avec ces activit\u00e9s. L&rsquo;Union des Fabricants de Menuiseries Ext\u00e9rieures est devenu ainsi l&rsquo;Union des Fabricants de Menuiseries. Son objet [&hellip;]","og_url":"https:\/\/batijournal.com\/index.php\/lunion-fabricants-de-menuiseries-exterieure-souvre-aux-menuiseries-interieures\/96407\/","og_site_name":"Batijournal","article_published_time":"2017-07-03T07:35:49+00:00","article_modified_time":"2019-07-15T10:13:11+00:00","og_image":[{"width":554,"height":217,"url":"https:\/\/batijournal.com\/wp-content\/uploads\/2015\/07\/ufme.jpg","type":"image\/jpeg"}],"author":"St\u00e9phane Miget","twitter_card":"summary_large_image","twitter_creator":"@bati_journal","twitter_site":"@bati_journal","twitter_misc":{"\u00c9crit par":"St\u00e9phane Miget","Dur\u00e9e de lecture estim\u00e9e":"1 minute"},"schema":{"@context":"https:\/\/schema.org","@graph":[{"@type":"Article","@id":"https:\/\/batijournal.com\/index.php\/lunion-fabricants-de-menuiseries-exterieure-souvre-aux-menuiseries-interieures\/96407\/#article","isPartOf":{"@id":"https:\/\/batijournal.com\/index.php\/lunion-fabricants-de-menuiseries-exterieure-souvre-aux-menuiseries-interieures\/96407\/"},"author":{"name":"St\u00e9phane Miget","@id":"https:\/\/batijournal.com\/#\/schema\/person\/1dc96ec6957aa1ccb25ebe78bb19f100"},"headline":"L&rsquo;Union des fabricants de menuiseries ext\u00e9rieure s&rsquo;ouvre aux menuiseries int\u00e9rieures","datePublished":"2017-07-03T07:35:49+00:00","dateModified":"2019-07-15T10:13:11+00:00","mainEntityOfPage":{"@id":"https:\/\/batijournal.com\/index.php\/lunion-fabricants-de-menuiseries-exterieure-souvre-aux-menuiseries-interieures\/96407\/"},"wordCount":119,"image":{"@id":"https:\/\/batijournal.com\/index.php\/lunion-fabricants-de-menuiseries-exterieure-souvre-aux-menuiseries-interieures\/96407\/#primaryimage"},"thumbnailUrl":"https:\/\/batijournal.com\/wp-content\/uploads\/2015\/07\/ufme.jpg","keywords":["menuiseries","UFME"],"articleSection":["Actualit\u00e9s","\u00c9conomie &amp; March\u00e9s"],"inLanguage":"fr-FR"},{"@type":"WebPage","@id":"https:\/\/batijournal.com\/index.php\/lunion-fabricants-de-menuiseries-exterieure-souvre-aux-menuiseries-interieures\/96407\/","url":"https:\/\/batijournal.com\/index.php\/lunion-fabricants-de-menuiseries-exterieure-souvre-aux-menuiseries-interieures\/96407\/","name":"L'Union des fabricants de menuiseries ext\u00e9rieure s'ouvre aux menuiseries int\u00e9rieures","isPartOf":{"@id":"https:\/\/batijournal.com\/#website"},"primaryImageOfPage":{"@id":"https:\/\/batijournal.com\/index.php\/lunion-fabricants-de-menuiseries-exterieure-souvre-aux-menuiseries-interieures\/96407\/#primaryimage"},"image":{"@id":"https:\/\/batijournal.com\/index.php\/lunion-fabricants-de-menuiseries-exterieure-souvre-aux-menuiseries-interieures\/96407\/#primaryimage"},"thumbnailUrl":"https:\/\/batijournal.com\/wp-content\/uploads\/2015\/07\/ufme.jpg","datePublished":"2017-07-03T07:35:49+00:00","dateModified":"2019-07-15T10:13:11+00:00","author":{"@id":"https:\/\/batijournal.com\/#\/schema\/person\/1dc96ec6957aa1ccb25ebe78bb19f100"},"breadcrumb":{"@id":"https:\/\/batijournal.com\/index.php\/lunion-fabricants-de-menuiseries-exterieure-souvre-aux-menuiseries-interieures\/96407\/#breadcrumb"},"inLanguage":"fr-FR","potentialAction":[{"@type":"ReadAction","target":["https:\/\/batijournal.com\/index.php\/lunion-fabricants-de-menuiseries-exterieure-souvre-aux-menuiseries-interieures\/96407\/"]}]},{"@type":"ImageObject","inLanguage":"fr-FR","@id":"https:\/\/batijournal.com\/index.php\/lunion-fabricants-de-menuiseries-exterieure-souvre-aux-menuiseries-interieures\/96407\/#primaryimage","url":"https:\/\/batijournal.com\/wp-content\/uploads\/2015\/07\/ufme.jpg","contentUrl":"https:\/\/batijournal.com\/wp-content\/uploads\/2015\/07\/ufme.jpg","width":554,"height":217},{"@type":"BreadcrumbList","@id":"https:\/\/batijournal.com\/index.php\/lunion-fabricants-de-menuiseries-exterieure-souvre-aux-menuiseries-interieures\/96407\/#breadcrumb","itemListElement":[{"@type":"ListItem","position":1,"name":"Accueil","item":"https:\/\/batijournal.com\/"},{"@type":"ListItem","position":2,"name":"Actualit\u00e9s","item":"https:\/\/batijournal.com\/index.php\/category\/actualites\/"},{"@type":"ListItem","position":3,"name":"L&rsquo;Union des fabricants de menuiseries ext\u00e9rieure s&rsquo;ouvre aux menuiseries int\u00e9rieures"}]},{"@type":"WebSite","@id":"https:\/\/batijournal.com\/#website","url":"https:\/\/batijournal.com\/","name":"Batijournal","description":"L&#039;actualit\u00e9 du b\u00e2timent","potentialAction":[{"@type":"SearchAction","target":{"@type":"EntryPoint","urlTemplate":"https:\/\/batijournal.com\/?s={search_term_string}"},"query-input":{"@type":"PropertyValueSpecification","valueRequired":true,"valueName":"search_term_string"}}],"inLanguage":"fr-FR"},{"@type":"Person","@id":"https:\/\/batijournal.com\/#\/schema\/person\/1dc96ec6957aa1ccb25ebe78bb19f100","name":"St\u00e9phane Miget","image":{"@type":"ImageObject","inLanguage":"fr-FR","@id":"https:\/\/secure.gravatar.com\/avatar\/89915563d925342126b8ef0281b93d9d7fc337043e8df017f780908eb9644451?s=96&d=mm&r=g","url":"https:\/\/secure.gravatar.com\/avatar\/89915563d925342126b8ef0281b93d9d7fc337043e8df017f780908eb9644451?s=96&d=mm&r=g","contentUrl":"https:\/\/secure.gravatar.com\/avatar\/89915563d925342126b8ef0281b93d9d7fc337043e8df017f780908eb9644451?s=96&d=mm&r=g","caption":"St\u00e9phane Miget"},"url":"https:\/\/batijournal.com\/index.php\/author\/stephane\/"}]}},"_links":{"self":[{"href":"https:\/\/batijournal.com\/index.php\/wp-json\/wp\/v2\/posts\/96407","targetHints":{"allow":["GET"]}}],"collection":[{"href":"https:\/\/batijournal.com\/index.php\/wp-json\/wp\/v2\/posts"}],"about":[{"href":"https:\/\/batijournal.com\/index.php\/wp-json\/wp\/v2\/types\/post"}],"author":[{"embeddable":true,"href":"https:\/\/batijournal.com\/index.php\/wp-json\/wp\/v2\/users\/17"}],"replies":[{"embeddable":true,"href":"https:\/\/batijournal.com\/index.php\/wp-json\/wp\/v2\/comments?post=96407"}],"version-history":[{"count":0,"href":"https:\/\/batijournal.com\/index.php\/wp-json\/wp\/v2\/posts\/96407\/revisions"}],"wp:featuredmedia":[{"embeddable":true,"href":"https:\/\/batijournal.com\/index.php\/wp-json\/wp\/v2\/media\/88630"}],"wp:attachment":[{"href":"https:\/\/batijournal.com\/index.php\/wp-json\/wp\/v2\/media?parent=96407"}],"wp:term":[{"taxonomy":"category","embeddable":true,"href":"https:\/\/batijournal.com\/index.php\/wp-json\/wp\/v2\/categories?post=96407"},{"taxonomy":"post_tag","embeddable":true,"href":"https:\/\/batijournal.com\/index.php\/wp-json\/wp\/v2\/tags?post=96407"}],"curies":[{"name":"wp","href":"https:\/\/api.w.org\/{rel}","templated":true}]}}