{"id":96420,"date":"2017-07-04T23:08:38","date_gmt":"2017-07-04T21:08:38","guid":{"rendered":"http:\/\/batijournal.com\/?p=96420"},"modified":"2017-07-04T23:09:37","modified_gmt":"2017-07-04T21:09:37","slug":"premier-ministre-laisse-planer-doute-aides-logement","status":"publish","type":"post","link":"https:\/\/batijournal.com\/index.php\/premier-ministre-laisse-planer-doute-aides-logement\/96420\/","title":{"rendered":"Le Premier ministre laisse planer le doute sur les aides au logement"},"content":{"rendered":"<p>Le Premier ministre a prononc\u00e9, le 4 juillet 2017, sa d\u00e9claration de politique g\u00e9n\u00e9rale \u00e0 l\u2019Assembl\u00e9e nationale. Quelques \u00e9l\u00e9ments de son discours concernent le logement et s\u00e8ment le doute sur la poursuite des aides \u00e0 la construction.<\/p>\n<p>Dans son r\u00e9cent rapport, <a href=\"https:\/\/batijournal.com\/cour-comptes-remet-question-aides-aux-logements\/96384\" target=\"_blank\" rel=\"noopener\">la Cour des Comptes remet d\u00e9j\u00e0 en cause l&rsquo;efficacit\u00e9 de diverses aides<\/a> comme la TVA r\u00e9duite ou le PTZ+. Evoquant <em>\u00a0\u00bb les politiques publiques qui p\u00e8sent sur les actifs du pays, sans suffisamment de r\u00e9sultats \u00ab\u00a0<\/em>, Edouard Philippe a indiqu\u00e9 <em>\u00a0\u00bb nous d\u00e9pensons deux fois plus que nos voisins Europ\u00e9ens dans l\u2019aide au logement et les Fran\u00e7ais \u00e9prouvent toujours autant de difficult\u00e9s \u00e0 se loger \u00ab\u00a0<\/em> sans donner d&rsquo;indications pr\u00e9cises sur les r\u00e9formes \u00e0 venir.<\/p>\n<p>Le Premier ministre a, par ailleurs, annonc\u00e9 une loi \u00e0 l\u2019automne qui simplifierait les proc\u00e9dures de permis de construire pour les acc\u00e9l\u00e9rer, et sanctionner les recours abusifs. Dans les zones tendues, les autorisations d\u2019urbanisme pourront \u00eatre transf\u00e9r\u00e9es des communes aux intercommunalit\u00e9s pour que les d\u00e9cisions de construire soient prises \u00e0 l\u2019\u00e9chelle des bassins de vie.<\/p>\n<p>Le Premier ministre souhaite supprimer les passoires thermiques dans les 10 ans.<\/p>\n<p>&nbsp;<\/p>\n<p>Photo : Florian David \/ Matignon<\/p>\n<p>&nbsp;<\/p>\n","protected":false},"excerpt":{"rendered":"<p>Le Premier ministre a prononc\u00e9, le 4 juillet 2017, sa d\u00e9claration de politique g\u00e9n\u00e9rale \u00e0 l\u2019Assembl\u00e9e nationale. Quelques \u00e9l\u00e9ments de son discours concernent le logement et s\u00e8ment le doute sur la poursuite des aides \u00e0 la construction. Dans son r\u00e9cent rapport, la Cour des Comptes remet d\u00e9j\u00e0 en cause l&rsquo;efficacit\u00e9 de diverses aides comme la [&hellip;]<\/p>\n","protected":false},"author":17,"featured_media":96421,"comment_status":"closed","ping_status":"closed","sticky":false,"template":"","format":"standard","meta":{"_et_pb_use_builder":"","_et_pb_old_content":"","_et_gb_content_width":"","footnotes":""},"categories":[10736,10530,6345,9192],"tags":[1189,1693],"class_list":["post-96420","post","type-post","status-publish","format-standard","has-post-thumbnail","hentry","category-a-la-une","category-actualites","category-economie-marches","category-evenements","tag-ptz","tag-tva"],"yoast_head":"<!-- This site is optimized with the Yoast SEO plugin v27.4 - https:\/\/yoast.com\/product\/yoast-seo-wordpress\/ -->\n<title>Le Premier ministre laisse planer le doute sur les aides au logement<\/title>\n<meta name=\"robots\" content=\"index, follow, max-snippet:-1, max-image-preview:large, max-video-preview:-1\" \/>\n<link rel=\"canonical\" href=\"https:\/\/batijournal.com\/index.php\/premier-ministre-laisse-planer-doute-aides-logement\/96420\/\" \/>\n<meta property=\"og:locale\" content=\"fr_FR\" \/>\n<meta property=\"og:type\" content=\"article\" \/>\n<meta property=\"og:title\" content=\"Le Premier ministre laisse planer le doute sur les aides au logement\" \/>\n<meta property=\"og:description\" content=\"Le Premier ministre a prononc\u00e9, le 4 juillet 2017, sa d\u00e9claration de politique g\u00e9n\u00e9rale \u00e0 l\u2019Assembl\u00e9e nationale. Quelques \u00e9l\u00e9ments de son discours concernent le logement et s\u00e8ment le doute sur la poursuite des aides \u00e0 la construction. Dans son r\u00e9cent rapport, la Cour des Comptes remet d\u00e9j\u00e0 en cause l&rsquo;efficacit\u00e9 de diverses aides comme la [&hellip;]\" \/>\n<meta property=\"og:url\" content=\"https:\/\/batijournal.com\/index.php\/premier-ministre-laisse-planer-doute-aides-logement\/96420\/\" \/>\n<meta property=\"og:site_name\" content=\"Batijournal\" \/>\n<meta property=\"article:published_time\" content=\"2017-07-04T21:08:38+00:00\" \/>\n<meta property=\"article:modified_time\" content=\"2017-07-04T21:09:37+00:00\" \/>\n<meta property=\"og:image\" content=\"https:\/\/batijournal.com\/wp-content\/uploads\/2017\/07\/discours-premier-ministre-edouard-philippe-assemblee-nationale.jpg\" \/>\n\t<meta property=\"og:image:width\" content=\"960\" \/>\n\t<meta property=\"og:image:height\" content=\"600\" \/>\n\t<meta property=\"og:image:type\" content=\"image\/jpeg\" \/>\n<meta name=\"author\" content=\"St\u00e9phane Miget\" \/>\n<meta name=\"twitter:card\" content=\"summary_large_image\" \/>\n<meta name=\"twitter:creator\" content=\"@bati_journal\" \/>\n<meta name=\"twitter:site\" content=\"@bati_journal\" \/>\n<meta name=\"twitter:label1\" content=\"\u00c9crit par\" \/>\n\t<meta name=\"twitter:data1\" content=\"St\u00e9phane Miget\" \/>\n\t<meta name=\"twitter:label2\" content=\"Dur\u00e9e de lecture estim\u00e9e\" \/>\n\t<meta name=\"twitter:data2\" content=\"1 minute\" \/>\n<script type=\"application\/ld+json\" class=\"yoast-schema-graph\">{\"@context\":\"https:\\\/\\\/schema.org\",\"@graph\":[{\"@type\":\"Article\",\"@id\":\"https:\\\/\\\/batijournal.com\\\/index.php\\\/premier-ministre-laisse-planer-doute-aides-logement\\\/96420\\\/#article\",\"isPartOf\":{\"@id\":\"https:\\\/\\\/batijournal.com\\\/index.php\\\/premier-ministre-laisse-planer-doute-aides-logement\\\/96420\\\/\"},\"author\":{\"name\":\"St\u00e9phane Miget\",\"@id\":\"https:\\\/\\\/batijournal.com\\\/#\\\/schema\\\/person\\\/1dc96ec6957aa1ccb25ebe78bb19f100\"},\"headline\":\"Le Premier ministre laisse planer le doute sur les aides au logement\",\"datePublished\":\"2017-07-04T21:08:38+00:00\",\"dateModified\":\"2017-07-04T21:09:37+00:00\",\"mainEntityOfPage\":{\"@id\":\"https:\\\/\\\/batijournal.com\\\/index.php\\\/premier-ministre-laisse-planer-doute-aides-logement\\\/96420\\\/\"},\"wordCount\":219,\"image\":{\"@id\":\"https:\\\/\\\/batijournal.com\\\/index.php\\\/premier-ministre-laisse-planer-doute-aides-logement\\\/96420\\\/#primaryimage\"},\"thumbnailUrl\":\"https:\\\/\\\/batijournal.com\\\/wp-content\\\/uploads\\\/2017\\\/07\\\/discours-premier-ministre-edouard-philippe-assemblee-nationale.jpg\",\"keywords\":[\"PTZ\",\"tva\"],\"articleSection\":[\"A la Une\",\"Actualit\u00e9s\",\"\u00c9conomie &amp; March\u00e9s\",\"\u00c9v\u00e9nements\"],\"inLanguage\":\"fr-FR\"},{\"@type\":\"WebPage\",\"@id\":\"https:\\\/\\\/batijournal.com\\\/index.php\\\/premier-ministre-laisse-planer-doute-aides-logement\\\/96420\\\/\",\"url\":\"https:\\\/\\\/batijournal.com\\\/index.php\\\/premier-ministre-laisse-planer-doute-aides-logement\\\/96420\\\/\",\"name\":\"Le Premier ministre laisse planer le doute sur les aides au logement\",\"isPartOf\":{\"@id\":\"https:\\\/\\\/batijournal.com\\\/#website\"},\"primaryImageOfPage\":{\"@id\":\"https:\\\/\\\/batijournal.com\\\/index.php\\\/premier-ministre-laisse-planer-doute-aides-logement\\\/96420\\\/#primaryimage\"},\"image\":{\"@id\":\"https:\\\/\\\/batijournal.com\\\/index.php\\\/premier-ministre-laisse-planer-doute-aides-logement\\\/96420\\\/#primaryimage\"},\"thumbnailUrl\":\"https:\\\/\\\/batijournal.com\\\/wp-content\\\/uploads\\\/2017\\\/07\\\/discours-premier-ministre-edouard-philippe-assemblee-nationale.jpg\",\"datePublished\":\"2017-07-04T21:08:38+00:00\",\"dateModified\":\"2017-07-04T21:09:37+00:00\",\"author\":{\"@id\":\"https:\\\/\\\/batijournal.com\\\/#\\\/schema\\\/person\\\/1dc96ec6957aa1ccb25ebe78bb19f100\"},\"breadcrumb\":{\"@id\":\"https:\\\/\\\/batijournal.com\\\/index.php\\\/premier-ministre-laisse-planer-doute-aides-logement\\\/96420\\\/#breadcrumb\"},\"inLanguage\":\"fr-FR\",\"potentialAction\":[{\"@type\":\"ReadAction\",\"target\":[\"https:\\\/\\\/batijournal.com\\\/index.php\\\/premier-ministre-laisse-planer-doute-aides-logement\\\/96420\\\/\"]}]},{\"@type\":\"ImageObject\",\"inLanguage\":\"fr-FR\",\"@id\":\"https:\\\/\\\/batijournal.com\\\/index.php\\\/premier-ministre-laisse-planer-doute-aides-logement\\\/96420\\\/#primaryimage\",\"url\":\"https:\\\/\\\/batijournal.com\\\/wp-content\\\/uploads\\\/2017\\\/07\\\/discours-premier-ministre-edouard-philippe-assemblee-nationale.jpg\",\"contentUrl\":\"https:\\\/\\\/batijournal.com\\\/wp-content\\\/uploads\\\/2017\\\/07\\\/discours-premier-ministre-edouard-philippe-assemblee-nationale.jpg\",\"width\":960,\"height\":600},{\"@type\":\"BreadcrumbList\",\"@id\":\"https:\\\/\\\/batijournal.com\\\/index.php\\\/premier-ministre-laisse-planer-doute-aides-logement\\\/96420\\\/#breadcrumb\",\"itemListElement\":[{\"@type\":\"ListItem\",\"position\":1,\"name\":\"Accueil\",\"item\":\"https:\\\/\\\/batijournal.com\\\/\"},{\"@type\":\"ListItem\",\"position\":2,\"name\":\"A la Une\",\"item\":\"https:\\\/\\\/batijournal.com\\\/index.php\\\/category\\\/a-la-une\\\/\"},{\"@type\":\"ListItem\",\"position\":3,\"name\":\"Le Premier ministre laisse planer le doute sur les aides au logement\"}]},{\"@type\":\"WebSite\",\"@id\":\"https:\\\/\\\/batijournal.com\\\/#website\",\"url\":\"https:\\\/\\\/batijournal.com\\\/\",\"name\":\"Batijournal\",\"description\":\"L&#039;actualit\u00e9 du b\u00e2timent\",\"potentialAction\":[{\"@type\":\"SearchAction\",\"target\":{\"@type\":\"EntryPoint\",\"urlTemplate\":\"https:\\\/\\\/batijournal.com\\\/?s={search_term_string}\"},\"query-input\":{\"@type\":\"PropertyValueSpecification\",\"valueRequired\":true,\"valueName\":\"search_term_string\"}}],\"inLanguage\":\"fr-FR\"},{\"@type\":\"Person\",\"@id\":\"https:\\\/\\\/batijournal.com\\\/#\\\/schema\\\/person\\\/1dc96ec6957aa1ccb25ebe78bb19f100\",\"name\":\"St\u00e9phane Miget\",\"image\":{\"@type\":\"ImageObject\",\"inLanguage\":\"fr-FR\",\"@id\":\"https:\\\/\\\/secure.gravatar.com\\\/avatar\\\/89915563d925342126b8ef0281b93d9d7fc337043e8df017f780908eb9644451?s=96&d=mm&r=g\",\"url\":\"https:\\\/\\\/secure.gravatar.com\\\/avatar\\\/89915563d925342126b8ef0281b93d9d7fc337043e8df017f780908eb9644451?s=96&d=mm&r=g\",\"contentUrl\":\"https:\\\/\\\/secure.gravatar.com\\\/avatar\\\/89915563d925342126b8ef0281b93d9d7fc337043e8df017f780908eb9644451?s=96&d=mm&r=g\",\"caption\":\"St\u00e9phane Miget\"},\"url\":\"https:\\\/\\\/batijournal.com\\\/index.php\\\/author\\\/stephane\\\/\"}]}<\/script>\n<!-- \/ Yoast SEO plugin. -->","yoast_head_json":{"title":"Le Premier ministre laisse planer le doute sur les aides au logement","robots":{"index":"index","follow":"follow","max-snippet":"max-snippet:-1","max-image-preview":"max-image-preview:large","max-video-preview":"max-video-preview:-1"},"canonical":"https:\/\/batijournal.com\/index.php\/premier-ministre-laisse-planer-doute-aides-logement\/96420\/","og_locale":"fr_FR","og_type":"article","og_title":"Le Premier ministre laisse planer le doute sur les aides au logement","og_description":"Le Premier ministre a prononc\u00e9, le 4 juillet 2017, sa d\u00e9claration de politique g\u00e9n\u00e9rale \u00e0 l\u2019Assembl\u00e9e nationale. Quelques \u00e9l\u00e9ments de son discours concernent le logement et s\u00e8ment le doute sur la poursuite des aides \u00e0 la construction. Dans son r\u00e9cent rapport, la Cour des Comptes remet d\u00e9j\u00e0 en cause l&rsquo;efficacit\u00e9 de diverses aides comme la [&hellip;]","og_url":"https:\/\/batijournal.com\/index.php\/premier-ministre-laisse-planer-doute-aides-logement\/96420\/","og_site_name":"Batijournal","article_published_time":"2017-07-04T21:08:38+00:00","article_modified_time":"2017-07-04T21:09:37+00:00","og_image":[{"width":960,"height":600,"url":"https:\/\/batijournal.com\/wp-content\/uploads\/2017\/07\/discours-premier-ministre-edouard-philippe-assemblee-nationale.jpg","type":"image\/jpeg"}],"author":"St\u00e9phane Miget","twitter_card":"summary_large_image","twitter_creator":"@bati_journal","twitter_site":"@bati_journal","twitter_misc":{"\u00c9crit par":"St\u00e9phane Miget","Dur\u00e9e de lecture estim\u00e9e":"1 minute"},"schema":{"@context":"https:\/\/schema.org","@graph":[{"@type":"Article","@id":"https:\/\/batijournal.com\/index.php\/premier-ministre-laisse-planer-doute-aides-logement\/96420\/#article","isPartOf":{"@id":"https:\/\/batijournal.com\/index.php\/premier-ministre-laisse-planer-doute-aides-logement\/96420\/"},"author":{"name":"St\u00e9phane Miget","@id":"https:\/\/batijournal.com\/#\/schema\/person\/1dc96ec6957aa1ccb25ebe78bb19f100"},"headline":"Le Premier ministre laisse planer le doute sur les aides au logement","datePublished":"2017-07-04T21:08:38+00:00","dateModified":"2017-07-04T21:09:37+00:00","mainEntityOfPage":{"@id":"https:\/\/batijournal.com\/index.php\/premier-ministre-laisse-planer-doute-aides-logement\/96420\/"},"wordCount":219,"image":{"@id":"https:\/\/batijournal.com\/index.php\/premier-ministre-laisse-planer-doute-aides-logement\/96420\/#primaryimage"},"thumbnailUrl":"https:\/\/batijournal.com\/wp-content\/uploads\/2017\/07\/discours-premier-ministre-edouard-philippe-assemblee-nationale.jpg","keywords":["PTZ","tva"],"articleSection":["A la Une","Actualit\u00e9s","\u00c9conomie &amp; March\u00e9s","\u00c9v\u00e9nements"],"inLanguage":"fr-FR"},{"@type":"WebPage","@id":"https:\/\/batijournal.com\/index.php\/premier-ministre-laisse-planer-doute-aides-logement\/96420\/","url":"https:\/\/batijournal.com\/index.php\/premier-ministre-laisse-planer-doute-aides-logement\/96420\/","name":"Le Premier ministre laisse planer le doute sur les aides au logement","isPartOf":{"@id":"https:\/\/batijournal.com\/#website"},"primaryImageOfPage":{"@id":"https:\/\/batijournal.com\/index.php\/premier-ministre-laisse-planer-doute-aides-logement\/96420\/#primaryimage"},"image":{"@id":"https:\/\/batijournal.com\/index.php\/premier-ministre-laisse-planer-doute-aides-logement\/96420\/#primaryimage"},"thumbnailUrl":"https:\/\/batijournal.com\/wp-content\/uploads\/2017\/07\/discours-premier-ministre-edouard-philippe-assemblee-nationale.jpg","datePublished":"2017-07-04T21:08:38+00:00","dateModified":"2017-07-04T21:09:37+00:00","author":{"@id":"https:\/\/batijournal.com\/#\/schema\/person\/1dc96ec6957aa1ccb25ebe78bb19f100"},"breadcrumb":{"@id":"https:\/\/batijournal.com\/index.php\/premier-ministre-laisse-planer-doute-aides-logement\/96420\/#breadcrumb"},"inLanguage":"fr-FR","potentialAction":[{"@type":"ReadAction","target":["https:\/\/batijournal.com\/index.php\/premier-ministre-laisse-planer-doute-aides-logement\/96420\/"]}]},{"@type":"ImageObject","inLanguage":"fr-FR","@id":"https:\/\/batijournal.com\/index.php\/premier-ministre-laisse-planer-doute-aides-logement\/96420\/#primaryimage","url":"https:\/\/batijournal.com\/wp-content\/uploads\/2017\/07\/discours-premier-ministre-edouard-philippe-assemblee-nationale.jpg","contentUrl":"https:\/\/batijournal.com\/wp-content\/uploads\/2017\/07\/discours-premier-ministre-edouard-philippe-assemblee-nationale.jpg","width":960,"height":600},{"@type":"BreadcrumbList","@id":"https:\/\/batijournal.com\/index.php\/premier-ministre-laisse-planer-doute-aides-logement\/96420\/#breadcrumb","itemListElement":[{"@type":"ListItem","position":1,"name":"Accueil","item":"https:\/\/batijournal.com\/"},{"@type":"ListItem","position":2,"name":"A la Une","item":"https:\/\/batijournal.com\/index.php\/category\/a-la-une\/"},{"@type":"ListItem","position":3,"name":"Le Premier ministre laisse planer le doute sur les aides au logement"}]},{"@type":"WebSite","@id":"https:\/\/batijournal.com\/#website","url":"https:\/\/batijournal.com\/","name":"Batijournal","description":"L&#039;actualit\u00e9 du b\u00e2timent","potentialAction":[{"@type":"SearchAction","target":{"@type":"EntryPoint","urlTemplate":"https:\/\/batijournal.com\/?s={search_term_string}"},"query-input":{"@type":"PropertyValueSpecification","valueRequired":true,"valueName":"search_term_string"}}],"inLanguage":"fr-FR"},{"@type":"Person","@id":"https:\/\/batijournal.com\/#\/schema\/person\/1dc96ec6957aa1ccb25ebe78bb19f100","name":"St\u00e9phane Miget","image":{"@type":"ImageObject","inLanguage":"fr-FR","@id":"https:\/\/secure.gravatar.com\/avatar\/89915563d925342126b8ef0281b93d9d7fc337043e8df017f780908eb9644451?s=96&d=mm&r=g","url":"https:\/\/secure.gravatar.com\/avatar\/89915563d925342126b8ef0281b93d9d7fc337043e8df017f780908eb9644451?s=96&d=mm&r=g","contentUrl":"https:\/\/secure.gravatar.com\/avatar\/89915563d925342126b8ef0281b93d9d7fc337043e8df017f780908eb9644451?s=96&d=mm&r=g","caption":"St\u00e9phane Miget"},"url":"https:\/\/batijournal.com\/index.php\/author\/stephane\/"}]}},"_links":{"self":[{"href":"https:\/\/batijournal.com\/index.php\/wp-json\/wp\/v2\/posts\/96420","targetHints":{"allow":["GET"]}}],"collection":[{"href":"https:\/\/batijournal.com\/index.php\/wp-json\/wp\/v2\/posts"}],"about":[{"href":"https:\/\/batijournal.com\/index.php\/wp-json\/wp\/v2\/types\/post"}],"author":[{"embeddable":true,"href":"https:\/\/batijournal.com\/index.php\/wp-json\/wp\/v2\/users\/17"}],"replies":[{"embeddable":true,"href":"https:\/\/batijournal.com\/index.php\/wp-json\/wp\/v2\/comments?post=96420"}],"version-history":[{"count":0,"href":"https:\/\/batijournal.com\/index.php\/wp-json\/wp\/v2\/posts\/96420\/revisions"}],"wp:featuredmedia":[{"embeddable":true,"href":"https:\/\/batijournal.com\/index.php\/wp-json\/wp\/v2\/media\/96421"}],"wp:attachment":[{"href":"https:\/\/batijournal.com\/index.php\/wp-json\/wp\/v2\/media?parent=96420"}],"wp:term":[{"taxonomy":"category","embeddable":true,"href":"https:\/\/batijournal.com\/index.php\/wp-json\/wp\/v2\/categories?post=96420"},{"taxonomy":"post_tag","embeddable":true,"href":"https:\/\/batijournal.com\/index.php\/wp-json\/wp\/v2\/tags?post=96420"}],"curies":[{"name":"wp","href":"https:\/\/api.w.org\/{rel}","templated":true}]}}