{"id":96431,"date":"2017-07-05T17:12:52","date_gmt":"2017-07-05T15:12:52","guid":{"rendered":"http:\/\/batijournal.com\/?p=96431"},"modified":"2017-07-05T17:12:52","modified_gmt":"2017-07-05T15:12:52","slug":"renouvellement-conseil-de-direction-dacimall","status":"publish","type":"post","link":"https:\/\/batijournal.com\/index.php\/renouvellement-conseil-de-direction-dacimall\/96431\/","title":{"rendered":"Renouvellement du conseil de direction d&rsquo;Acimall"},"content":{"rendered":"<p align=\"JUSTIFY\"><span style=\"color: #000000\"><span style=\"font-family: Arial, sans-serif\"><span style=\"font-size: medium\">L\u2019assembl\u00e9e g\u00e9n\u00e9rale d&rsquo;Acimall (<\/span><span style=\"font-size: medium\">Association des constructeurs italiens de machines et accessoires pour le travail du bois<\/span><span style=\"font-size: medium\">), qui s&rsquo;est tenue du 23 au 25 juin 2017 \u00e0 Galzignano (province de Padou), <\/span><span style=\"font-size: medium\">a reconduit le mandat du pr\u00e9sident Lorenzo Primultini et \u00e9lu deux nouveaux vice-pr\u00e9sidents\u00a0: Luigi De Vito (directeur de la division Machines pour le bois de Scm Group) et Raphael Prati (directeur marketing et communication du groupe Biesse). Ag\u00e9 de 50 ans, Lorenzo Primultini est pr\u00e9sident de la soci\u00e9t\u00e9 Primultini situ\u00e9e \u00e0 Marano Vicentino (province de Vicence) et sp\u00e9cialis\u00e9e dans la fabrication de machines et installations pour scieries.<\/span><\/span><\/span><\/p>\n<p align=\"JUSTIFY\"><a href=\"http:\/\/www.acimall.com\">www.acimall.com<\/a><\/p>\n<p align=\"JUSTIFY\"><span style=\"color: #000000\"><span style=\"font-family: Arial, sans-serif\"><span style=\"font-size: medium\">De gauche \u00e0 droite\u00a0: Raphael Prati, Lorenzo Primultini et Luigi De Vito.<\/span><\/span><\/span><\/p>\n","protected":false},"excerpt":{"rendered":"<p>L\u2019assembl\u00e9e g\u00e9n\u00e9rale d&rsquo;Acimall (Association des constructeurs italiens de machines et accessoires pour le travail du bois), qui s&rsquo;est tenue du 23 au 25 juin 2017 \u00e0 Galzignano (province de Padou), a reconduit le mandat du pr\u00e9sident Lorenzo Primultini et \u00e9lu deux nouveaux vice-pr\u00e9sidents\u00a0: Luigi De Vito (directeur de la division Machines pour le bois de [&hellip;]<\/p>\n","protected":false},"author":17,"featured_media":96432,"comment_status":"closed","ping_status":"closed","sticky":false,"template":"","format":"standard","meta":{"_et_pb_use_builder":"","_et_pb_old_content":"","_et_gb_content_width":"","footnotes":""},"categories":[10530,11953,10768,10764],"tags":[],"class_list":["post-96431","post","type-post","status-publish","format-standard","has-post-thumbnail","hentry","category-actualites","category-actualites-generalistes","category-nouvelles-tetes","category-woodsurfer"],"yoast_head":"<!-- This site is optimized with the Yoast SEO plugin v27.4 - https:\/\/yoast.com\/product\/yoast-seo-wordpress\/ -->\n<title>Renouvellement du conseil de direction d&#039;Acimall<\/title>\n<meta name=\"robots\" content=\"index, follow, max-snippet:-1, max-image-preview:large, max-video-preview:-1\" \/>\n<link rel=\"canonical\" href=\"https:\/\/batijournal.com\/index.php\/renouvellement-conseil-de-direction-dacimall\/96431\/\" \/>\n<meta property=\"og:locale\" content=\"fr_FR\" \/>\n<meta property=\"og:type\" content=\"article\" \/>\n<meta property=\"og:title\" content=\"Renouvellement du conseil de direction d&#039;Acimall\" \/>\n<meta property=\"og:description\" content=\"L\u2019assembl\u00e9e g\u00e9n\u00e9rale d&rsquo;Acimall (Association des constructeurs italiens de machines et accessoires pour le travail du bois), qui s&rsquo;est tenue du 23 au 25 juin 2017 \u00e0 Galzignano (province de Padou), a reconduit le mandat du pr\u00e9sident Lorenzo Primultini et \u00e9lu deux nouveaux vice-pr\u00e9sidents\u00a0: Luigi De Vito (directeur de la division Machines pour le bois de [&hellip;]\" \/>\n<meta property=\"og:url\" content=\"https:\/\/batijournal.com\/index.php\/renouvellement-conseil-de-direction-dacimall\/96431\/\" \/>\n<meta property=\"og:site_name\" content=\"Batijournal\" \/>\n<meta property=\"article:published_time\" content=\"2017-07-05T15:12:52+00:00\" \/>\n<meta property=\"og:image\" content=\"https:\/\/batijournal.com\/wp-content\/uploads\/2017\/07\/PRATI-PRIMULTINI-DE-VITO-midres.jpg\" \/>\n\t<meta property=\"og:image:width\" content=\"1417\" \/>\n\t<meta property=\"og:image:height\" content=\"1012\" \/>\n\t<meta property=\"og:image:type\" content=\"image\/jpeg\" \/>\n<meta name=\"author\" content=\"St\u00e9phane Miget\" \/>\n<meta name=\"twitter:card\" content=\"summary_large_image\" \/>\n<meta name=\"twitter:creator\" content=\"@bati_journal\" \/>\n<meta name=\"twitter:site\" content=\"@bati_journal\" \/>\n<meta name=\"twitter:label1\" content=\"\u00c9crit par\" \/>\n\t<meta name=\"twitter:data1\" content=\"St\u00e9phane Miget\" \/>\n\t<meta name=\"twitter:label2\" content=\"Dur\u00e9e de lecture estim\u00e9e\" \/>\n\t<meta name=\"twitter:data2\" content=\"1 minute\" \/>\n<script type=\"application\/ld+json\" class=\"yoast-schema-graph\">{\"@context\":\"https:\\\/\\\/schema.org\",\"@graph\":[{\"@type\":\"Article\",\"@id\":\"https:\\\/\\\/batijournal.com\\\/index.php\\\/renouvellement-conseil-de-direction-dacimall\\\/96431\\\/#article\",\"isPartOf\":{\"@id\":\"https:\\\/\\\/batijournal.com\\\/index.php\\\/renouvellement-conseil-de-direction-dacimall\\\/96431\\\/\"},\"author\":{\"name\":\"St\u00e9phane Miget\",\"@id\":\"https:\\\/\\\/batijournal.com\\\/#\\\/schema\\\/person\\\/1dc96ec6957aa1ccb25ebe78bb19f100\"},\"headline\":\"Renouvellement du conseil de direction d&rsquo;Acimall\",\"datePublished\":\"2017-07-05T15:12:52+00:00\",\"mainEntityOfPage\":{\"@id\":\"https:\\\/\\\/batijournal.com\\\/index.php\\\/renouvellement-conseil-de-direction-dacimall\\\/96431\\\/\"},\"wordCount\":125,\"image\":{\"@id\":\"https:\\\/\\\/batijournal.com\\\/index.php\\\/renouvellement-conseil-de-direction-dacimall\\\/96431\\\/#primaryimage\"},\"thumbnailUrl\":\"https:\\\/\\\/batijournal.com\\\/wp-content\\\/uploads\\\/2017\\\/07\\\/PRATI-PRIMULTINI-DE-VITO-midres.jpg\",\"articleSection\":[\"Actualit\u00e9s\",\"Actualit\u00e9s g\u00e9n\u00e9ralistes\",\"zz_Nouvelles t\u00eates - Woodsurfer\",\"zz_Woodsurfer\"],\"inLanguage\":\"fr-FR\"},{\"@type\":\"WebPage\",\"@id\":\"https:\\\/\\\/batijournal.com\\\/index.php\\\/renouvellement-conseil-de-direction-dacimall\\\/96431\\\/\",\"url\":\"https:\\\/\\\/batijournal.com\\\/index.php\\\/renouvellement-conseil-de-direction-dacimall\\\/96431\\\/\",\"name\":\"Renouvellement du conseil de direction d'Acimall\",\"isPartOf\":{\"@id\":\"https:\\\/\\\/batijournal.com\\\/#website\"},\"primaryImageOfPage\":{\"@id\":\"https:\\\/\\\/batijournal.com\\\/index.php\\\/renouvellement-conseil-de-direction-dacimall\\\/96431\\\/#primaryimage\"},\"image\":{\"@id\":\"https:\\\/\\\/batijournal.com\\\/index.php\\\/renouvellement-conseil-de-direction-dacimall\\\/96431\\\/#primaryimage\"},\"thumbnailUrl\":\"https:\\\/\\\/batijournal.com\\\/wp-content\\\/uploads\\\/2017\\\/07\\\/PRATI-PRIMULTINI-DE-VITO-midres.jpg\",\"datePublished\":\"2017-07-05T15:12:52+00:00\",\"author\":{\"@id\":\"https:\\\/\\\/batijournal.com\\\/#\\\/schema\\\/person\\\/1dc96ec6957aa1ccb25ebe78bb19f100\"},\"breadcrumb\":{\"@id\":\"https:\\\/\\\/batijournal.com\\\/index.php\\\/renouvellement-conseil-de-direction-dacimall\\\/96431\\\/#breadcrumb\"},\"inLanguage\":\"fr-FR\",\"potentialAction\":[{\"@type\":\"ReadAction\",\"target\":[\"https:\\\/\\\/batijournal.com\\\/index.php\\\/renouvellement-conseil-de-direction-dacimall\\\/96431\\\/\"]}]},{\"@type\":\"ImageObject\",\"inLanguage\":\"fr-FR\",\"@id\":\"https:\\\/\\\/batijournal.com\\\/index.php\\\/renouvellement-conseil-de-direction-dacimall\\\/96431\\\/#primaryimage\",\"url\":\"https:\\\/\\\/batijournal.com\\\/wp-content\\\/uploads\\\/2017\\\/07\\\/PRATI-PRIMULTINI-DE-VITO-midres.jpg\",\"contentUrl\":\"https:\\\/\\\/batijournal.com\\\/wp-content\\\/uploads\\\/2017\\\/07\\\/PRATI-PRIMULTINI-DE-VITO-midres.jpg\",\"width\":1417,\"height\":1012},{\"@type\":\"BreadcrumbList\",\"@id\":\"https:\\\/\\\/batijournal.com\\\/index.php\\\/renouvellement-conseil-de-direction-dacimall\\\/96431\\\/#breadcrumb\",\"itemListElement\":[{\"@type\":\"ListItem\",\"position\":1,\"name\":\"Accueil\",\"item\":\"https:\\\/\\\/batijournal.com\\\/\"},{\"@type\":\"ListItem\",\"position\":2,\"name\":\"Actualit\u00e9s\",\"item\":\"https:\\\/\\\/batijournal.com\\\/index.php\\\/category\\\/actualites\\\/\"},{\"@type\":\"ListItem\",\"position\":3,\"name\":\"Renouvellement du conseil de direction d&rsquo;Acimall\"}]},{\"@type\":\"WebSite\",\"@id\":\"https:\\\/\\\/batijournal.com\\\/#website\",\"url\":\"https:\\\/\\\/batijournal.com\\\/\",\"name\":\"Batijournal\",\"description\":\"L&#039;actualit\u00e9 du b\u00e2timent\",\"potentialAction\":[{\"@type\":\"SearchAction\",\"target\":{\"@type\":\"EntryPoint\",\"urlTemplate\":\"https:\\\/\\\/batijournal.com\\\/?s={search_term_string}\"},\"query-input\":{\"@type\":\"PropertyValueSpecification\",\"valueRequired\":true,\"valueName\":\"search_term_string\"}}],\"inLanguage\":\"fr-FR\"},{\"@type\":\"Person\",\"@id\":\"https:\\\/\\\/batijournal.com\\\/#\\\/schema\\\/person\\\/1dc96ec6957aa1ccb25ebe78bb19f100\",\"name\":\"St\u00e9phane Miget\",\"image\":{\"@type\":\"ImageObject\",\"inLanguage\":\"fr-FR\",\"@id\":\"https:\\\/\\\/secure.gravatar.com\\\/avatar\\\/89915563d925342126b8ef0281b93d9d7fc337043e8df017f780908eb9644451?s=96&d=mm&r=g\",\"url\":\"https:\\\/\\\/secure.gravatar.com\\\/avatar\\\/89915563d925342126b8ef0281b93d9d7fc337043e8df017f780908eb9644451?s=96&d=mm&r=g\",\"contentUrl\":\"https:\\\/\\\/secure.gravatar.com\\\/avatar\\\/89915563d925342126b8ef0281b93d9d7fc337043e8df017f780908eb9644451?s=96&d=mm&r=g\",\"caption\":\"St\u00e9phane Miget\"},\"url\":\"https:\\\/\\\/batijournal.com\\\/index.php\\\/author\\\/stephane\\\/\"}]}<\/script>\n<!-- \/ Yoast SEO plugin. -->","yoast_head_json":{"title":"Renouvellement du conseil de direction d'Acimall","robots":{"index":"index","follow":"follow","max-snippet":"max-snippet:-1","max-image-preview":"max-image-preview:large","max-video-preview":"max-video-preview:-1"},"canonical":"https:\/\/batijournal.com\/index.php\/renouvellement-conseil-de-direction-dacimall\/96431\/","og_locale":"fr_FR","og_type":"article","og_title":"Renouvellement du conseil de direction d'Acimall","og_description":"L\u2019assembl\u00e9e g\u00e9n\u00e9rale d&rsquo;Acimall (Association des constructeurs italiens de machines et accessoires pour le travail du bois), qui s&rsquo;est tenue du 23 au 25 juin 2017 \u00e0 Galzignano (province de Padou), a reconduit le mandat du pr\u00e9sident Lorenzo Primultini et \u00e9lu deux nouveaux vice-pr\u00e9sidents\u00a0: Luigi De Vito (directeur de la division Machines pour le bois de [&hellip;]","og_url":"https:\/\/batijournal.com\/index.php\/renouvellement-conseil-de-direction-dacimall\/96431\/","og_site_name":"Batijournal","article_published_time":"2017-07-05T15:12:52+00:00","og_image":[{"width":1417,"height":1012,"url":"https:\/\/batijournal.com\/wp-content\/uploads\/2017\/07\/PRATI-PRIMULTINI-DE-VITO-midres.jpg","type":"image\/jpeg"}],"author":"St\u00e9phane Miget","twitter_card":"summary_large_image","twitter_creator":"@bati_journal","twitter_site":"@bati_journal","twitter_misc":{"\u00c9crit par":"St\u00e9phane Miget","Dur\u00e9e de lecture estim\u00e9e":"1 minute"},"schema":{"@context":"https:\/\/schema.org","@graph":[{"@type":"Article","@id":"https:\/\/batijournal.com\/index.php\/renouvellement-conseil-de-direction-dacimall\/96431\/#article","isPartOf":{"@id":"https:\/\/batijournal.com\/index.php\/renouvellement-conseil-de-direction-dacimall\/96431\/"},"author":{"name":"St\u00e9phane Miget","@id":"https:\/\/batijournal.com\/#\/schema\/person\/1dc96ec6957aa1ccb25ebe78bb19f100"},"headline":"Renouvellement du conseil de direction d&rsquo;Acimall","datePublished":"2017-07-05T15:12:52+00:00","mainEntityOfPage":{"@id":"https:\/\/batijournal.com\/index.php\/renouvellement-conseil-de-direction-dacimall\/96431\/"},"wordCount":125,"image":{"@id":"https:\/\/batijournal.com\/index.php\/renouvellement-conseil-de-direction-dacimall\/96431\/#primaryimage"},"thumbnailUrl":"https:\/\/batijournal.com\/wp-content\/uploads\/2017\/07\/PRATI-PRIMULTINI-DE-VITO-midres.jpg","articleSection":["Actualit\u00e9s","Actualit\u00e9s g\u00e9n\u00e9ralistes","zz_Nouvelles t\u00eates - Woodsurfer","zz_Woodsurfer"],"inLanguage":"fr-FR"},{"@type":"WebPage","@id":"https:\/\/batijournal.com\/index.php\/renouvellement-conseil-de-direction-dacimall\/96431\/","url":"https:\/\/batijournal.com\/index.php\/renouvellement-conseil-de-direction-dacimall\/96431\/","name":"Renouvellement du conseil de direction d'Acimall","isPartOf":{"@id":"https:\/\/batijournal.com\/#website"},"primaryImageOfPage":{"@id":"https:\/\/batijournal.com\/index.php\/renouvellement-conseil-de-direction-dacimall\/96431\/#primaryimage"},"image":{"@id":"https:\/\/batijournal.com\/index.php\/renouvellement-conseil-de-direction-dacimall\/96431\/#primaryimage"},"thumbnailUrl":"https:\/\/batijournal.com\/wp-content\/uploads\/2017\/07\/PRATI-PRIMULTINI-DE-VITO-midres.jpg","datePublished":"2017-07-05T15:12:52+00:00","author":{"@id":"https:\/\/batijournal.com\/#\/schema\/person\/1dc96ec6957aa1ccb25ebe78bb19f100"},"breadcrumb":{"@id":"https:\/\/batijournal.com\/index.php\/renouvellement-conseil-de-direction-dacimall\/96431\/#breadcrumb"},"inLanguage":"fr-FR","potentialAction":[{"@type":"ReadAction","target":["https:\/\/batijournal.com\/index.php\/renouvellement-conseil-de-direction-dacimall\/96431\/"]}]},{"@type":"ImageObject","inLanguage":"fr-FR","@id":"https:\/\/batijournal.com\/index.php\/renouvellement-conseil-de-direction-dacimall\/96431\/#primaryimage","url":"https:\/\/batijournal.com\/wp-content\/uploads\/2017\/07\/PRATI-PRIMULTINI-DE-VITO-midres.jpg","contentUrl":"https:\/\/batijournal.com\/wp-content\/uploads\/2017\/07\/PRATI-PRIMULTINI-DE-VITO-midres.jpg","width":1417,"height":1012},{"@type":"BreadcrumbList","@id":"https:\/\/batijournal.com\/index.php\/renouvellement-conseil-de-direction-dacimall\/96431\/#breadcrumb","itemListElement":[{"@type":"ListItem","position":1,"name":"Accueil","item":"https:\/\/batijournal.com\/"},{"@type":"ListItem","position":2,"name":"Actualit\u00e9s","item":"https:\/\/batijournal.com\/index.php\/category\/actualites\/"},{"@type":"ListItem","position":3,"name":"Renouvellement du conseil de direction d&rsquo;Acimall"}]},{"@type":"WebSite","@id":"https:\/\/batijournal.com\/#website","url":"https:\/\/batijournal.com\/","name":"Batijournal","description":"L&#039;actualit\u00e9 du b\u00e2timent","potentialAction":[{"@type":"SearchAction","target":{"@type":"EntryPoint","urlTemplate":"https:\/\/batijournal.com\/?s={search_term_string}"},"query-input":{"@type":"PropertyValueSpecification","valueRequired":true,"valueName":"search_term_string"}}],"inLanguage":"fr-FR"},{"@type":"Person","@id":"https:\/\/batijournal.com\/#\/schema\/person\/1dc96ec6957aa1ccb25ebe78bb19f100","name":"St\u00e9phane Miget","image":{"@type":"ImageObject","inLanguage":"fr-FR","@id":"https:\/\/secure.gravatar.com\/avatar\/89915563d925342126b8ef0281b93d9d7fc337043e8df017f780908eb9644451?s=96&d=mm&r=g","url":"https:\/\/secure.gravatar.com\/avatar\/89915563d925342126b8ef0281b93d9d7fc337043e8df017f780908eb9644451?s=96&d=mm&r=g","contentUrl":"https:\/\/secure.gravatar.com\/avatar\/89915563d925342126b8ef0281b93d9d7fc337043e8df017f780908eb9644451?s=96&d=mm&r=g","caption":"St\u00e9phane Miget"},"url":"https:\/\/batijournal.com\/index.php\/author\/stephane\/"}]}},"_links":{"self":[{"href":"https:\/\/batijournal.com\/index.php\/wp-json\/wp\/v2\/posts\/96431","targetHints":{"allow":["GET"]}}],"collection":[{"href":"https:\/\/batijournal.com\/index.php\/wp-json\/wp\/v2\/posts"}],"about":[{"href":"https:\/\/batijournal.com\/index.php\/wp-json\/wp\/v2\/types\/post"}],"author":[{"embeddable":true,"href":"https:\/\/batijournal.com\/index.php\/wp-json\/wp\/v2\/users\/17"}],"replies":[{"embeddable":true,"href":"https:\/\/batijournal.com\/index.php\/wp-json\/wp\/v2\/comments?post=96431"}],"version-history":[{"count":0,"href":"https:\/\/batijournal.com\/index.php\/wp-json\/wp\/v2\/posts\/96431\/revisions"}],"wp:featuredmedia":[{"embeddable":true,"href":"https:\/\/batijournal.com\/index.php\/wp-json\/wp\/v2\/media\/96432"}],"wp:attachment":[{"href":"https:\/\/batijournal.com\/index.php\/wp-json\/wp\/v2\/media?parent=96431"}],"wp:term":[{"taxonomy":"category","embeddable":true,"href":"https:\/\/batijournal.com\/index.php\/wp-json\/wp\/v2\/categories?post=96431"},{"taxonomy":"post_tag","embeddable":true,"href":"https:\/\/batijournal.com\/index.php\/wp-json\/wp\/v2\/tags?post=96431"}],"curies":[{"name":"wp","href":"https:\/\/api.w.org\/{rel}","templated":true}]}}