{"id":96438,"date":"2017-07-06T15:48:33","date_gmt":"2017-07-06T13:48:33","guid":{"rendered":"http:\/\/batijournal.com\/?p=96438"},"modified":"2019-07-15T12:20:00","modified_gmt":"2019-07-15T10:20:00","slug":"nicolas-hulot-veut-eradiquer-precarite-energetique-10-ans","status":"publish","type":"post","link":"https:\/\/batijournal.com\/index.php\/nicolas-hulot-veut-eradiquer-precarite-energetique-10-ans\/96438\/","title":{"rendered":"Nicolas Hulot veut \u00e9radiquer la pr\u00e9carit\u00e9 \u00e9nerg\u00e9tique en 10 ans"},"content":{"rendered":"<p><strong><em>\u00ab\u00a0Nous devons encore acc\u00e9l\u00e9rer pour r\u00e9ussir la transition \u00e9nerg\u00e9tique\u00a0\u00bb<\/em>, a indiqu\u00e9 le Ministre de la Transition \u00e9cologique et solidaire, Nicolas Hulot, dans la pr\u00e9sentation de son plan climat, le 6 juillet 2017. Parmi plus de trente mesures pr\u00e9sent\u00e9es, certaines concernent particuli\u00e8rement le logement et les 7 millions de passoires thermiques pr\u00e9sentes en France. Le ministre fixe l\u2019objectif de la disparition de ces gouffres \u00e9nerg\u00e9tiques en 10 ans et va y d\u00e9dier 4 milliards d\u2019euros du plan d\u2019investissements gouvernemental.<\/strong><\/p>\n<p>Une feuille de route sera publi\u00e9e en septembre, les orientations seront mises en \u0153uvre d\u00e8s la loi de finances pour 2018. Outre l\u2019\u00e9volution ou la cr\u00e9ation d\u2019outils efficaces et centr\u00e9s sur la performance \u00e9nerg\u00e9tique, les propositions porteront sur une gouvernance et un pilotage renforc\u00e9s et coordonn\u00e9s des actions publiques en mati\u00e8re de r\u00e9novation \u00e9nerg\u00e9tique, afin d\u2019\u00e9viter la dispersion des priorit\u00e9s et des objectifs des dispositifs actuels, et sur le d\u00e9veloppement de solutions de financement adapt\u00e9es. Il faut donc s&rsquo;attendre \u00e0 une refonte des diff\u00e9rentes aides <a href=\"https:\/\/batijournal.com\/cour-comptes-remet-question-aides-aux-logements\/96384\" target=\"_blank\" rel=\"noopener noreferrer\">comme le demande la Cour des comptes<\/a> et <a href=\"https:\/\/batijournal.com\/premier-ministre-laisse-planer-doute-aides-logement\/96420\" target=\"_blank\" rel=\"noopener noreferrer\">le laissait entendre le premier ministre Edouard Philippe<\/a>.<\/p>\n<p>Un accompagnement sera propos\u00e9 \u00e0 tous les propri\u00e9taires et occupants en situation de pr\u00e9carit\u00e9 \u00e9nerg\u00e9tique afin de proposer \u00e0 chacun une solution de r\u00e9novation et de financement adapt\u00e9. Les premiers audits auront lieu d\u00e8s d\u00e9but 2018, afin que les travaux puissent \u00eatre termin\u00e9s avant l\u2019hiver 2018-2019. Des mesures \u00e0 la fois incitatives et coercitives seront prises pour que les propri\u00e9taires r\u00e9novent les \u00abpassoires thermiques \u00bb mises en location.<\/p>\n<p>La sph\u00e8re publique va devoir se montrer exemplaire et acc\u00e9l\u00e9rer la r\u00e9novation thermique de ses b\u00e2timents en partenariat avec les collectivit\u00e9s locales. Les travaux seront financ\u00e9s gr\u00e2ce \u00e0 des financements issus du plan d\u2019investissements \u00e0 hauteur de 4 milliards d\u2019euros, ainsi que des solutions de tiers financeurs. L\u2019\u00c9tat consacrera une partie de l\u2019enveloppe \u00e0 la r\u00e9novation de son parc, notamment les cit\u00e9s administratives pour atteindre le niveau d\u2019exigence de -25 % de consommation \u00e9nerg\u00e9tique de r\u00e9f\u00e9rence. Pour que ces b\u00e9n\u00e9fices se mat\u00e9rialisent pour tous les Fran\u00e7ais, l\u2019\u00c9tat contractualisera avec les collectivit\u00e9s et la s\u00e9curit\u00e9 sociale pour que l\u2019autre moiti\u00e9 de l\u2019enveloppe serve \u00e0 r\u00e9nover les r\u00e9seaux de b\u00e2timents qu\u2019ils fr\u00e9quentent dans leur quotidien : \u00e9coles, universit\u00e9s, h\u00f4pitaux, dont la facture \u00e9nerg\u00e9tique p\u00e8se lourdement sur les charges publiques.<\/p>\n","protected":false},"excerpt":{"rendered":"<p>\u00ab\u00a0Nous devons encore acc\u00e9l\u00e9rer pour r\u00e9ussir la transition \u00e9nerg\u00e9tique\u00a0\u00bb, a indiqu\u00e9 le Ministre de la Transition \u00e9cologique et solidaire, Nicolas Hulot, dans la pr\u00e9sentation de son plan climat, le 6 juillet 2017. Parmi plus de trente mesures pr\u00e9sent\u00e9es, certaines concernent particuli\u00e8rement le logement et les 7 millions de passoires thermiques pr\u00e9sentes en France. Le ministre [&hellip;]<\/p>\n","protected":false},"author":17,"featured_media":96439,"comment_status":"closed","ping_status":"closed","sticky":false,"template":"","format":"standard","meta":{"_et_pb_use_builder":"","_et_pb_old_content":"","_et_gb_content_width":"","footnotes":""},"categories":[10736,10530,6351,10778],"tags":[1130,11059],"class_list":["post-96438","post","type-post","status-publish","format-standard","has-post-thumbnail","hentry","category-a-la-une","category-actualites","category-energie-environnement","category-planete","tag-precarite-energetique","tag-transition-energetique"],"yoast_head":"<!-- This site is optimized with the Yoast SEO plugin v27.4 - https:\/\/yoast.com\/product\/yoast-seo-wordpress\/ -->\n<title>Nicolas Hulot veut \u00e9radiquer la pr\u00e9carit\u00e9 \u00e9nerg\u00e9tique en 10 ans<\/title>\n<meta name=\"robots\" content=\"index, follow, max-snippet:-1, max-image-preview:large, max-video-preview:-1\" \/>\n<link rel=\"canonical\" href=\"https:\/\/batijournal.com\/index.php\/nicolas-hulot-veut-eradiquer-precarite-energetique-10-ans\/96438\/\" \/>\n<meta property=\"og:locale\" content=\"fr_FR\" \/>\n<meta property=\"og:type\" content=\"article\" \/>\n<meta property=\"og:title\" content=\"Nicolas Hulot veut \u00e9radiquer la pr\u00e9carit\u00e9 \u00e9nerg\u00e9tique en 10 ans\" \/>\n<meta property=\"og:description\" content=\"\u00ab\u00a0Nous devons encore acc\u00e9l\u00e9rer pour r\u00e9ussir la transition \u00e9nerg\u00e9tique\u00a0\u00bb, a indiqu\u00e9 le Ministre de la Transition \u00e9cologique et solidaire, Nicolas Hulot, dans la pr\u00e9sentation de son plan climat, le 6 juillet 2017. Parmi plus de trente mesures pr\u00e9sent\u00e9es, certaines concernent particuli\u00e8rement le logement et les 7 millions de passoires thermiques pr\u00e9sentes en France. Le ministre [&hellip;]\" \/>\n<meta property=\"og:url\" content=\"https:\/\/batijournal.com\/index.php\/nicolas-hulot-veut-eradiquer-precarite-energetique-10-ans\/96438\/\" \/>\n<meta property=\"og:site_name\" content=\"Batijournal\" \/>\n<meta property=\"article:published_time\" content=\"2017-07-06T13:48:33+00:00\" \/>\n<meta property=\"article:modified_time\" content=\"2019-07-15T10:20:00+00:00\" \/>\n<meta property=\"og:image\" content=\"https:\/\/batijournal.com\/wp-content\/uploads\/2017\/07\/Logo-plan-climat.png\" \/>\n\t<meta property=\"og:image:width\" content=\"810\" \/>\n\t<meta property=\"og:image:height\" content=\"540\" \/>\n\t<meta property=\"og:image:type\" content=\"image\/png\" \/>\n<meta name=\"author\" content=\"St\u00e9phane Miget\" \/>\n<meta name=\"twitter:card\" content=\"summary_large_image\" \/>\n<meta name=\"twitter:creator\" content=\"@bati_journal\" \/>\n<meta name=\"twitter:site\" content=\"@bati_journal\" \/>\n<meta name=\"twitter:label1\" content=\"\u00c9crit par\" \/>\n\t<meta name=\"twitter:data1\" content=\"St\u00e9phane Miget\" \/>\n\t<meta name=\"twitter:label2\" content=\"Dur\u00e9e de lecture estim\u00e9e\" \/>\n\t<meta name=\"twitter:data2\" content=\"2 minutes\" \/>\n<script type=\"application\/ld+json\" class=\"yoast-schema-graph\">{\"@context\":\"https:\\\/\\\/schema.org\",\"@graph\":[{\"@type\":\"Article\",\"@id\":\"https:\\\/\\\/batijournal.com\\\/index.php\\\/nicolas-hulot-veut-eradiquer-precarite-energetique-10-ans\\\/96438\\\/#article\",\"isPartOf\":{\"@id\":\"https:\\\/\\\/batijournal.com\\\/index.php\\\/nicolas-hulot-veut-eradiquer-precarite-energetique-10-ans\\\/96438\\\/\"},\"author\":{\"name\":\"St\u00e9phane Miget\",\"@id\":\"https:\\\/\\\/batijournal.com\\\/#\\\/schema\\\/person\\\/1dc96ec6957aa1ccb25ebe78bb19f100\"},\"headline\":\"Nicolas Hulot veut \u00e9radiquer la pr\u00e9carit\u00e9 \u00e9nerg\u00e9tique en 10 ans\",\"datePublished\":\"2017-07-06T13:48:33+00:00\",\"dateModified\":\"2019-07-15T10:20:00+00:00\",\"mainEntityOfPage\":{\"@id\":\"https:\\\/\\\/batijournal.com\\\/index.php\\\/nicolas-hulot-veut-eradiquer-precarite-energetique-10-ans\\\/96438\\\/\"},\"wordCount\":444,\"image\":{\"@id\":\"https:\\\/\\\/batijournal.com\\\/index.php\\\/nicolas-hulot-veut-eradiquer-precarite-energetique-10-ans\\\/96438\\\/#primaryimage\"},\"thumbnailUrl\":\"https:\\\/\\\/batijournal.com\\\/wp-content\\\/uploads\\\/2017\\\/07\\\/Logo-plan-climat.png\",\"keywords\":[\"pr\u00e9carit\u00e9 \u00e9nerg\u00e9tique\",\"transition \u00e9nerg\u00e9tique\"],\"articleSection\":[\"A la Une\",\"Actualit\u00e9s\",\"\u00c9nergie &amp; Environnement\",\"zz_Plan\u00e8te B\u00e2timent\"],\"inLanguage\":\"fr-FR\"},{\"@type\":\"WebPage\",\"@id\":\"https:\\\/\\\/batijournal.com\\\/index.php\\\/nicolas-hulot-veut-eradiquer-precarite-energetique-10-ans\\\/96438\\\/\",\"url\":\"https:\\\/\\\/batijournal.com\\\/index.php\\\/nicolas-hulot-veut-eradiquer-precarite-energetique-10-ans\\\/96438\\\/\",\"name\":\"Nicolas Hulot veut \u00e9radiquer la pr\u00e9carit\u00e9 \u00e9nerg\u00e9tique en 10 ans\",\"isPartOf\":{\"@id\":\"https:\\\/\\\/batijournal.com\\\/#website\"},\"primaryImageOfPage\":{\"@id\":\"https:\\\/\\\/batijournal.com\\\/index.php\\\/nicolas-hulot-veut-eradiquer-precarite-energetique-10-ans\\\/96438\\\/#primaryimage\"},\"image\":{\"@id\":\"https:\\\/\\\/batijournal.com\\\/index.php\\\/nicolas-hulot-veut-eradiquer-precarite-energetique-10-ans\\\/96438\\\/#primaryimage\"},\"thumbnailUrl\":\"https:\\\/\\\/batijournal.com\\\/wp-content\\\/uploads\\\/2017\\\/07\\\/Logo-plan-climat.png\",\"datePublished\":\"2017-07-06T13:48:33+00:00\",\"dateModified\":\"2019-07-15T10:20:00+00:00\",\"author\":{\"@id\":\"https:\\\/\\\/batijournal.com\\\/#\\\/schema\\\/person\\\/1dc96ec6957aa1ccb25ebe78bb19f100\"},\"breadcrumb\":{\"@id\":\"https:\\\/\\\/batijournal.com\\\/index.php\\\/nicolas-hulot-veut-eradiquer-precarite-energetique-10-ans\\\/96438\\\/#breadcrumb\"},\"inLanguage\":\"fr-FR\",\"potentialAction\":[{\"@type\":\"ReadAction\",\"target\":[\"https:\\\/\\\/batijournal.com\\\/index.php\\\/nicolas-hulot-veut-eradiquer-precarite-energetique-10-ans\\\/96438\\\/\"]}]},{\"@type\":\"ImageObject\",\"inLanguage\":\"fr-FR\",\"@id\":\"https:\\\/\\\/batijournal.com\\\/index.php\\\/nicolas-hulot-veut-eradiquer-precarite-energetique-10-ans\\\/96438\\\/#primaryimage\",\"url\":\"https:\\\/\\\/batijournal.com\\\/wp-content\\\/uploads\\\/2017\\\/07\\\/Logo-plan-climat.png\",\"contentUrl\":\"https:\\\/\\\/batijournal.com\\\/wp-content\\\/uploads\\\/2017\\\/07\\\/Logo-plan-climat.png\",\"width\":810,\"height\":540},{\"@type\":\"BreadcrumbList\",\"@id\":\"https:\\\/\\\/batijournal.com\\\/index.php\\\/nicolas-hulot-veut-eradiquer-precarite-energetique-10-ans\\\/96438\\\/#breadcrumb\",\"itemListElement\":[{\"@type\":\"ListItem\",\"position\":1,\"name\":\"Accueil\",\"item\":\"https:\\\/\\\/batijournal.com\\\/\"},{\"@type\":\"ListItem\",\"position\":2,\"name\":\"Actualit\u00e9s\",\"item\":\"https:\\\/\\\/batijournal.com\\\/index.php\\\/category\\\/actualites\\\/\"},{\"@type\":\"ListItem\",\"position\":3,\"name\":\"Nicolas Hulot veut \u00e9radiquer la pr\u00e9carit\u00e9 \u00e9nerg\u00e9tique en 10 ans\"}]},{\"@type\":\"WebSite\",\"@id\":\"https:\\\/\\\/batijournal.com\\\/#website\",\"url\":\"https:\\\/\\\/batijournal.com\\\/\",\"name\":\"Batijournal\",\"description\":\"L&#039;actualit\u00e9 du b\u00e2timent\",\"potentialAction\":[{\"@type\":\"SearchAction\",\"target\":{\"@type\":\"EntryPoint\",\"urlTemplate\":\"https:\\\/\\\/batijournal.com\\\/?s={search_term_string}\"},\"query-input\":{\"@type\":\"PropertyValueSpecification\",\"valueRequired\":true,\"valueName\":\"search_term_string\"}}],\"inLanguage\":\"fr-FR\"},{\"@type\":\"Person\",\"@id\":\"https:\\\/\\\/batijournal.com\\\/#\\\/schema\\\/person\\\/1dc96ec6957aa1ccb25ebe78bb19f100\",\"name\":\"St\u00e9phane Miget\",\"image\":{\"@type\":\"ImageObject\",\"inLanguage\":\"fr-FR\",\"@id\":\"https:\\\/\\\/secure.gravatar.com\\\/avatar\\\/89915563d925342126b8ef0281b93d9d7fc337043e8df017f780908eb9644451?s=96&d=mm&r=g\",\"url\":\"https:\\\/\\\/secure.gravatar.com\\\/avatar\\\/89915563d925342126b8ef0281b93d9d7fc337043e8df017f780908eb9644451?s=96&d=mm&r=g\",\"contentUrl\":\"https:\\\/\\\/secure.gravatar.com\\\/avatar\\\/89915563d925342126b8ef0281b93d9d7fc337043e8df017f780908eb9644451?s=96&d=mm&r=g\",\"caption\":\"St\u00e9phane Miget\"},\"url\":\"https:\\\/\\\/batijournal.com\\\/index.php\\\/author\\\/stephane\\\/\"}]}<\/script>\n<!-- \/ Yoast SEO plugin. -->","yoast_head_json":{"title":"Nicolas Hulot veut \u00e9radiquer la pr\u00e9carit\u00e9 \u00e9nerg\u00e9tique en 10 ans","robots":{"index":"index","follow":"follow","max-snippet":"max-snippet:-1","max-image-preview":"max-image-preview:large","max-video-preview":"max-video-preview:-1"},"canonical":"https:\/\/batijournal.com\/index.php\/nicolas-hulot-veut-eradiquer-precarite-energetique-10-ans\/96438\/","og_locale":"fr_FR","og_type":"article","og_title":"Nicolas Hulot veut \u00e9radiquer la pr\u00e9carit\u00e9 \u00e9nerg\u00e9tique en 10 ans","og_description":"\u00ab\u00a0Nous devons encore acc\u00e9l\u00e9rer pour r\u00e9ussir la transition \u00e9nerg\u00e9tique\u00a0\u00bb, a indiqu\u00e9 le Ministre de la Transition \u00e9cologique et solidaire, Nicolas Hulot, dans la pr\u00e9sentation de son plan climat, le 6 juillet 2017. Parmi plus de trente mesures pr\u00e9sent\u00e9es, certaines concernent particuli\u00e8rement le logement et les 7 millions de passoires thermiques pr\u00e9sentes en France. Le ministre [&hellip;]","og_url":"https:\/\/batijournal.com\/index.php\/nicolas-hulot-veut-eradiquer-precarite-energetique-10-ans\/96438\/","og_site_name":"Batijournal","article_published_time":"2017-07-06T13:48:33+00:00","article_modified_time":"2019-07-15T10:20:00+00:00","og_image":[{"width":810,"height":540,"url":"https:\/\/batijournal.com\/wp-content\/uploads\/2017\/07\/Logo-plan-climat.png","type":"image\/png"}],"author":"St\u00e9phane Miget","twitter_card":"summary_large_image","twitter_creator":"@bati_journal","twitter_site":"@bati_journal","twitter_misc":{"\u00c9crit par":"St\u00e9phane Miget","Dur\u00e9e de lecture estim\u00e9e":"2 minutes"},"schema":{"@context":"https:\/\/schema.org","@graph":[{"@type":"Article","@id":"https:\/\/batijournal.com\/index.php\/nicolas-hulot-veut-eradiquer-precarite-energetique-10-ans\/96438\/#article","isPartOf":{"@id":"https:\/\/batijournal.com\/index.php\/nicolas-hulot-veut-eradiquer-precarite-energetique-10-ans\/96438\/"},"author":{"name":"St\u00e9phane Miget","@id":"https:\/\/batijournal.com\/#\/schema\/person\/1dc96ec6957aa1ccb25ebe78bb19f100"},"headline":"Nicolas Hulot veut \u00e9radiquer la pr\u00e9carit\u00e9 \u00e9nerg\u00e9tique en 10 ans","datePublished":"2017-07-06T13:48:33+00:00","dateModified":"2019-07-15T10:20:00+00:00","mainEntityOfPage":{"@id":"https:\/\/batijournal.com\/index.php\/nicolas-hulot-veut-eradiquer-precarite-energetique-10-ans\/96438\/"},"wordCount":444,"image":{"@id":"https:\/\/batijournal.com\/index.php\/nicolas-hulot-veut-eradiquer-precarite-energetique-10-ans\/96438\/#primaryimage"},"thumbnailUrl":"https:\/\/batijournal.com\/wp-content\/uploads\/2017\/07\/Logo-plan-climat.png","keywords":["pr\u00e9carit\u00e9 \u00e9nerg\u00e9tique","transition \u00e9nerg\u00e9tique"],"articleSection":["A la Une","Actualit\u00e9s","\u00c9nergie &amp; Environnement","zz_Plan\u00e8te B\u00e2timent"],"inLanguage":"fr-FR"},{"@type":"WebPage","@id":"https:\/\/batijournal.com\/index.php\/nicolas-hulot-veut-eradiquer-precarite-energetique-10-ans\/96438\/","url":"https:\/\/batijournal.com\/index.php\/nicolas-hulot-veut-eradiquer-precarite-energetique-10-ans\/96438\/","name":"Nicolas Hulot veut \u00e9radiquer la pr\u00e9carit\u00e9 \u00e9nerg\u00e9tique en 10 ans","isPartOf":{"@id":"https:\/\/batijournal.com\/#website"},"primaryImageOfPage":{"@id":"https:\/\/batijournal.com\/index.php\/nicolas-hulot-veut-eradiquer-precarite-energetique-10-ans\/96438\/#primaryimage"},"image":{"@id":"https:\/\/batijournal.com\/index.php\/nicolas-hulot-veut-eradiquer-precarite-energetique-10-ans\/96438\/#primaryimage"},"thumbnailUrl":"https:\/\/batijournal.com\/wp-content\/uploads\/2017\/07\/Logo-plan-climat.png","datePublished":"2017-07-06T13:48:33+00:00","dateModified":"2019-07-15T10:20:00+00:00","author":{"@id":"https:\/\/batijournal.com\/#\/schema\/person\/1dc96ec6957aa1ccb25ebe78bb19f100"},"breadcrumb":{"@id":"https:\/\/batijournal.com\/index.php\/nicolas-hulot-veut-eradiquer-precarite-energetique-10-ans\/96438\/#breadcrumb"},"inLanguage":"fr-FR","potentialAction":[{"@type":"ReadAction","target":["https:\/\/batijournal.com\/index.php\/nicolas-hulot-veut-eradiquer-precarite-energetique-10-ans\/96438\/"]}]},{"@type":"ImageObject","inLanguage":"fr-FR","@id":"https:\/\/batijournal.com\/index.php\/nicolas-hulot-veut-eradiquer-precarite-energetique-10-ans\/96438\/#primaryimage","url":"https:\/\/batijournal.com\/wp-content\/uploads\/2017\/07\/Logo-plan-climat.png","contentUrl":"https:\/\/batijournal.com\/wp-content\/uploads\/2017\/07\/Logo-plan-climat.png","width":810,"height":540},{"@type":"BreadcrumbList","@id":"https:\/\/batijournal.com\/index.php\/nicolas-hulot-veut-eradiquer-precarite-energetique-10-ans\/96438\/#breadcrumb","itemListElement":[{"@type":"ListItem","position":1,"name":"Accueil","item":"https:\/\/batijournal.com\/"},{"@type":"ListItem","position":2,"name":"Actualit\u00e9s","item":"https:\/\/batijournal.com\/index.php\/category\/actualites\/"},{"@type":"ListItem","position":3,"name":"Nicolas Hulot veut \u00e9radiquer la pr\u00e9carit\u00e9 \u00e9nerg\u00e9tique en 10 ans"}]},{"@type":"WebSite","@id":"https:\/\/batijournal.com\/#website","url":"https:\/\/batijournal.com\/","name":"Batijournal","description":"L&#039;actualit\u00e9 du b\u00e2timent","potentialAction":[{"@type":"SearchAction","target":{"@type":"EntryPoint","urlTemplate":"https:\/\/batijournal.com\/?s={search_term_string}"},"query-input":{"@type":"PropertyValueSpecification","valueRequired":true,"valueName":"search_term_string"}}],"inLanguage":"fr-FR"},{"@type":"Person","@id":"https:\/\/batijournal.com\/#\/schema\/person\/1dc96ec6957aa1ccb25ebe78bb19f100","name":"St\u00e9phane Miget","image":{"@type":"ImageObject","inLanguage":"fr-FR","@id":"https:\/\/secure.gravatar.com\/avatar\/89915563d925342126b8ef0281b93d9d7fc337043e8df017f780908eb9644451?s=96&d=mm&r=g","url":"https:\/\/secure.gravatar.com\/avatar\/89915563d925342126b8ef0281b93d9d7fc337043e8df017f780908eb9644451?s=96&d=mm&r=g","contentUrl":"https:\/\/secure.gravatar.com\/avatar\/89915563d925342126b8ef0281b93d9d7fc337043e8df017f780908eb9644451?s=96&d=mm&r=g","caption":"St\u00e9phane Miget"},"url":"https:\/\/batijournal.com\/index.php\/author\/stephane\/"}]}},"_links":{"self":[{"href":"https:\/\/batijournal.com\/index.php\/wp-json\/wp\/v2\/posts\/96438","targetHints":{"allow":["GET"]}}],"collection":[{"href":"https:\/\/batijournal.com\/index.php\/wp-json\/wp\/v2\/posts"}],"about":[{"href":"https:\/\/batijournal.com\/index.php\/wp-json\/wp\/v2\/types\/post"}],"author":[{"embeddable":true,"href":"https:\/\/batijournal.com\/index.php\/wp-json\/wp\/v2\/users\/17"}],"replies":[{"embeddable":true,"href":"https:\/\/batijournal.com\/index.php\/wp-json\/wp\/v2\/comments?post=96438"}],"version-history":[{"count":0,"href":"https:\/\/batijournal.com\/index.php\/wp-json\/wp\/v2\/posts\/96438\/revisions"}],"wp:featuredmedia":[{"embeddable":true,"href":"https:\/\/batijournal.com\/index.php\/wp-json\/wp\/v2\/media\/96439"}],"wp:attachment":[{"href":"https:\/\/batijournal.com\/index.php\/wp-json\/wp\/v2\/media?parent=96438"}],"wp:term":[{"taxonomy":"category","embeddable":true,"href":"https:\/\/batijournal.com\/index.php\/wp-json\/wp\/v2\/categories?post=96438"},{"taxonomy":"post_tag","embeddable":true,"href":"https:\/\/batijournal.com\/index.php\/wp-json\/wp\/v2\/tags?post=96438"}],"curies":[{"name":"wp","href":"https:\/\/api.w.org\/{rel}","templated":true}]}}