{"id":96440,"date":"2017-07-06T16:00:53","date_gmt":"2017-07-06T14:00:53","guid":{"rendered":"http:\/\/batijournal.com\/?p=96440"},"modified":"2019-07-15T12:23:36","modified_gmt":"2019-07-15T10:23:36","slug":"paris-future-capitale-de-finance-verte","status":"publish","type":"post","link":"https:\/\/batijournal.com\/index.php\/paris-future-capitale-de-finance-verte\/96440\/","title":{"rendered":"Paris future capitale de la finance verte !"},"content":{"rendered":"<p>Le Ministre de la Transition \u00e9cologique et solidaire, Nicolas Hulot, veut faire de Paris, la capitale de la finance verte et de la finance responsable dans son plan climat, pr\u00e9sent\u00e9 le 6 juillet 2017. En effet, la capitale fran\u00e7aise dispose d\u2019une exp\u00e9rience de qualit\u00e9 mise en place lors de la COP 21 et le Gouvernement veut poursuivre l&rsquo;action de promotion en soutenant les cr\u00e9ations de labels de r\u00e9f\u00e9rence (label Transition \u00e9nerg\u00e9tique et \u00e9cologique pour le climat (TEEC), financement participatif pour la croissance verte&#8230;). Dans la foul\u00e9e de la premi\u00e8re \u00e9mission d\u2019obligations vertes en 2017, il va inciter les autres acteurs publics \u00e0 \u00e9mettre de telles obligations avec pour objectif de doubler le volume d\u2019obligations vertes \u00e9mis par des acteurs publics.<\/p>\n","protected":false},"excerpt":{"rendered":"<p>Le Ministre de la Transition \u00e9cologique et solidaire, Nicolas Hulot, veut faire de Paris, la capitale de la finance verte et de la finance responsable dans son plan climat, pr\u00e9sent\u00e9 le 6 juillet 2017. En effet, la capitale fran\u00e7aise dispose d\u2019une exp\u00e9rience de qualit\u00e9 mise en place lors de la COP 21 et le Gouvernement [&hellip;]<\/p>\n","protected":false},"author":17,"featured_media":95038,"comment_status":"closed","ping_status":"closed","sticky":false,"template":"","format":"standard","meta":{"_et_pb_use_builder":"","_et_pb_old_content":"","_et_gb_content_width":"","footnotes":""},"categories":[10530,6351],"tags":[6767,11720],"class_list":["post-96440","post","type-post","status-publish","format-standard","has-post-thumbnail","hentry","category-actualites","category-energie-environnement","tag-finance","tag-obligation-verte"],"yoast_head":"<!-- This site is optimized with the Yoast SEO plugin v27.4 - https:\/\/yoast.com\/product\/yoast-seo-wordpress\/ -->\n<title>Paris future capitale de la finance verte !<\/title>\n<meta name=\"robots\" content=\"index, follow, max-snippet:-1, max-image-preview:large, max-video-preview:-1\" \/>\n<link rel=\"canonical\" href=\"https:\/\/batijournal.com\/index.php\/paris-future-capitale-de-finance-verte\/96440\/\" \/>\n<meta property=\"og:locale\" content=\"fr_FR\" \/>\n<meta property=\"og:type\" content=\"article\" \/>\n<meta property=\"og:title\" content=\"Paris future capitale de la finance verte !\" \/>\n<meta property=\"og:description\" content=\"Le Ministre de la Transition \u00e9cologique et solidaire, Nicolas Hulot, veut faire de Paris, la capitale de la finance verte et de la finance responsable dans son plan climat, pr\u00e9sent\u00e9 le 6 juillet 2017. En effet, la capitale fran\u00e7aise dispose d\u2019une exp\u00e9rience de qualit\u00e9 mise en place lors de la COP 21 et le Gouvernement [&hellip;]\" \/>\n<meta property=\"og:url\" content=\"https:\/\/batijournal.com\/index.php\/paris-future-capitale-de-finance-verte\/96440\/\" \/>\n<meta property=\"og:site_name\" content=\"Batijournal\" \/>\n<meta property=\"article:published_time\" content=\"2017-07-06T14:00:53+00:00\" \/>\n<meta property=\"article:modified_time\" content=\"2019-07-15T10:23:36+00:00\" \/>\n<meta property=\"og:image\" content=\"https:\/\/batijournal.com\/wp-content\/uploads\/2017\/02\/tour-eiffel.jpeg\" \/>\n\t<meta property=\"og:image:width\" content=\"3964\" \/>\n\t<meta property=\"og:image:height\" content=\"2227\" \/>\n\t<meta property=\"og:image:type\" content=\"image\/jpeg\" \/>\n<meta name=\"author\" content=\"St\u00e9phane Miget\" \/>\n<meta name=\"twitter:card\" content=\"summary_large_image\" \/>\n<meta name=\"twitter:creator\" content=\"@bati_journal\" \/>\n<meta name=\"twitter:site\" content=\"@bati_journal\" \/>\n<meta name=\"twitter:label1\" content=\"\u00c9crit par\" \/>\n\t<meta name=\"twitter:data1\" content=\"St\u00e9phane Miget\" \/>\n\t<meta name=\"twitter:label2\" content=\"Dur\u00e9e de lecture estim\u00e9e\" \/>\n\t<meta name=\"twitter:data2\" content=\"1 minute\" \/>\n<script type=\"application\/ld+json\" class=\"yoast-schema-graph\">{\"@context\":\"https:\\\/\\\/schema.org\",\"@graph\":[{\"@type\":\"Article\",\"@id\":\"https:\\\/\\\/batijournal.com\\\/index.php\\\/paris-future-capitale-de-finance-verte\\\/96440\\\/#article\",\"isPartOf\":{\"@id\":\"https:\\\/\\\/batijournal.com\\\/index.php\\\/paris-future-capitale-de-finance-verte\\\/96440\\\/\"},\"author\":{\"name\":\"St\u00e9phane Miget\",\"@id\":\"https:\\\/\\\/batijournal.com\\\/#\\\/schema\\\/person\\\/1dc96ec6957aa1ccb25ebe78bb19f100\"},\"headline\":\"Paris future capitale de la finance verte !\",\"datePublished\":\"2017-07-06T14:00:53+00:00\",\"dateModified\":\"2019-07-15T10:23:36+00:00\",\"mainEntityOfPage\":{\"@id\":\"https:\\\/\\\/batijournal.com\\\/index.php\\\/paris-future-capitale-de-finance-verte\\\/96440\\\/\"},\"wordCount\":135,\"image\":{\"@id\":\"https:\\\/\\\/batijournal.com\\\/index.php\\\/paris-future-capitale-de-finance-verte\\\/96440\\\/#primaryimage\"},\"thumbnailUrl\":\"https:\\\/\\\/batijournal.com\\\/wp-content\\\/uploads\\\/2017\\\/02\\\/tour-eiffel.jpeg\",\"keywords\":[\"finance\",\"obligation verte\"],\"articleSection\":[\"Actualit\u00e9s\",\"\u00c9nergie &amp; Environnement\"],\"inLanguage\":\"fr-FR\"},{\"@type\":\"WebPage\",\"@id\":\"https:\\\/\\\/batijournal.com\\\/index.php\\\/paris-future-capitale-de-finance-verte\\\/96440\\\/\",\"url\":\"https:\\\/\\\/batijournal.com\\\/index.php\\\/paris-future-capitale-de-finance-verte\\\/96440\\\/\",\"name\":\"Paris future capitale de la finance verte !\",\"isPartOf\":{\"@id\":\"https:\\\/\\\/batijournal.com\\\/#website\"},\"primaryImageOfPage\":{\"@id\":\"https:\\\/\\\/batijournal.com\\\/index.php\\\/paris-future-capitale-de-finance-verte\\\/96440\\\/#primaryimage\"},\"image\":{\"@id\":\"https:\\\/\\\/batijournal.com\\\/index.php\\\/paris-future-capitale-de-finance-verte\\\/96440\\\/#primaryimage\"},\"thumbnailUrl\":\"https:\\\/\\\/batijournal.com\\\/wp-content\\\/uploads\\\/2017\\\/02\\\/tour-eiffel.jpeg\",\"datePublished\":\"2017-07-06T14:00:53+00:00\",\"dateModified\":\"2019-07-15T10:23:36+00:00\",\"author\":{\"@id\":\"https:\\\/\\\/batijournal.com\\\/#\\\/schema\\\/person\\\/1dc96ec6957aa1ccb25ebe78bb19f100\"},\"breadcrumb\":{\"@id\":\"https:\\\/\\\/batijournal.com\\\/index.php\\\/paris-future-capitale-de-finance-verte\\\/96440\\\/#breadcrumb\"},\"inLanguage\":\"fr-FR\",\"potentialAction\":[{\"@type\":\"ReadAction\",\"target\":[\"https:\\\/\\\/batijournal.com\\\/index.php\\\/paris-future-capitale-de-finance-verte\\\/96440\\\/\"]}]},{\"@type\":\"ImageObject\",\"inLanguage\":\"fr-FR\",\"@id\":\"https:\\\/\\\/batijournal.com\\\/index.php\\\/paris-future-capitale-de-finance-verte\\\/96440\\\/#primaryimage\",\"url\":\"https:\\\/\\\/batijournal.com\\\/wp-content\\\/uploads\\\/2017\\\/02\\\/tour-eiffel.jpeg\",\"contentUrl\":\"https:\\\/\\\/batijournal.com\\\/wp-content\\\/uploads\\\/2017\\\/02\\\/tour-eiffel.jpeg\",\"width\":3964,\"height\":2227},{\"@type\":\"BreadcrumbList\",\"@id\":\"https:\\\/\\\/batijournal.com\\\/index.php\\\/paris-future-capitale-de-finance-verte\\\/96440\\\/#breadcrumb\",\"itemListElement\":[{\"@type\":\"ListItem\",\"position\":1,\"name\":\"Accueil\",\"item\":\"https:\\\/\\\/batijournal.com\\\/\"},{\"@type\":\"ListItem\",\"position\":2,\"name\":\"Actualit\u00e9s\",\"item\":\"https:\\\/\\\/batijournal.com\\\/index.php\\\/category\\\/actualites\\\/\"},{\"@type\":\"ListItem\",\"position\":3,\"name\":\"Paris future capitale de la finance verte !\"}]},{\"@type\":\"WebSite\",\"@id\":\"https:\\\/\\\/batijournal.com\\\/#website\",\"url\":\"https:\\\/\\\/batijournal.com\\\/\",\"name\":\"Batijournal\",\"description\":\"L&#039;actualit\u00e9 du b\u00e2timent\",\"potentialAction\":[{\"@type\":\"SearchAction\",\"target\":{\"@type\":\"EntryPoint\",\"urlTemplate\":\"https:\\\/\\\/batijournal.com\\\/?s={search_term_string}\"},\"query-input\":{\"@type\":\"PropertyValueSpecification\",\"valueRequired\":true,\"valueName\":\"search_term_string\"}}],\"inLanguage\":\"fr-FR\"},{\"@type\":\"Person\",\"@id\":\"https:\\\/\\\/batijournal.com\\\/#\\\/schema\\\/person\\\/1dc96ec6957aa1ccb25ebe78bb19f100\",\"name\":\"St\u00e9phane Miget\",\"image\":{\"@type\":\"ImageObject\",\"inLanguage\":\"fr-FR\",\"@id\":\"https:\\\/\\\/secure.gravatar.com\\\/avatar\\\/89915563d925342126b8ef0281b93d9d7fc337043e8df017f780908eb9644451?s=96&d=mm&r=g\",\"url\":\"https:\\\/\\\/secure.gravatar.com\\\/avatar\\\/89915563d925342126b8ef0281b93d9d7fc337043e8df017f780908eb9644451?s=96&d=mm&r=g\",\"contentUrl\":\"https:\\\/\\\/secure.gravatar.com\\\/avatar\\\/89915563d925342126b8ef0281b93d9d7fc337043e8df017f780908eb9644451?s=96&d=mm&r=g\",\"caption\":\"St\u00e9phane Miget\"},\"url\":\"https:\\\/\\\/batijournal.com\\\/index.php\\\/author\\\/stephane\\\/\"}]}<\/script>\n<!-- \/ Yoast SEO plugin. -->","yoast_head_json":{"title":"Paris future capitale de la finance verte !","robots":{"index":"index","follow":"follow","max-snippet":"max-snippet:-1","max-image-preview":"max-image-preview:large","max-video-preview":"max-video-preview:-1"},"canonical":"https:\/\/batijournal.com\/index.php\/paris-future-capitale-de-finance-verte\/96440\/","og_locale":"fr_FR","og_type":"article","og_title":"Paris future capitale de la finance verte !","og_description":"Le Ministre de la Transition \u00e9cologique et solidaire, Nicolas Hulot, veut faire de Paris, la capitale de la finance verte et de la finance responsable dans son plan climat, pr\u00e9sent\u00e9 le 6 juillet 2017. En effet, la capitale fran\u00e7aise dispose d\u2019une exp\u00e9rience de qualit\u00e9 mise en place lors de la COP 21 et le Gouvernement [&hellip;]","og_url":"https:\/\/batijournal.com\/index.php\/paris-future-capitale-de-finance-verte\/96440\/","og_site_name":"Batijournal","article_published_time":"2017-07-06T14:00:53+00:00","article_modified_time":"2019-07-15T10:23:36+00:00","og_image":[{"width":3964,"height":2227,"url":"https:\/\/batijournal.com\/wp-content\/uploads\/2017\/02\/tour-eiffel.jpeg","type":"image\/jpeg"}],"author":"St\u00e9phane Miget","twitter_card":"summary_large_image","twitter_creator":"@bati_journal","twitter_site":"@bati_journal","twitter_misc":{"\u00c9crit par":"St\u00e9phane Miget","Dur\u00e9e de lecture estim\u00e9e":"1 minute"},"schema":{"@context":"https:\/\/schema.org","@graph":[{"@type":"Article","@id":"https:\/\/batijournal.com\/index.php\/paris-future-capitale-de-finance-verte\/96440\/#article","isPartOf":{"@id":"https:\/\/batijournal.com\/index.php\/paris-future-capitale-de-finance-verte\/96440\/"},"author":{"name":"St\u00e9phane Miget","@id":"https:\/\/batijournal.com\/#\/schema\/person\/1dc96ec6957aa1ccb25ebe78bb19f100"},"headline":"Paris future capitale de la finance verte !","datePublished":"2017-07-06T14:00:53+00:00","dateModified":"2019-07-15T10:23:36+00:00","mainEntityOfPage":{"@id":"https:\/\/batijournal.com\/index.php\/paris-future-capitale-de-finance-verte\/96440\/"},"wordCount":135,"image":{"@id":"https:\/\/batijournal.com\/index.php\/paris-future-capitale-de-finance-verte\/96440\/#primaryimage"},"thumbnailUrl":"https:\/\/batijournal.com\/wp-content\/uploads\/2017\/02\/tour-eiffel.jpeg","keywords":["finance","obligation verte"],"articleSection":["Actualit\u00e9s","\u00c9nergie &amp; Environnement"],"inLanguage":"fr-FR"},{"@type":"WebPage","@id":"https:\/\/batijournal.com\/index.php\/paris-future-capitale-de-finance-verte\/96440\/","url":"https:\/\/batijournal.com\/index.php\/paris-future-capitale-de-finance-verte\/96440\/","name":"Paris future capitale de la finance verte !","isPartOf":{"@id":"https:\/\/batijournal.com\/#website"},"primaryImageOfPage":{"@id":"https:\/\/batijournal.com\/index.php\/paris-future-capitale-de-finance-verte\/96440\/#primaryimage"},"image":{"@id":"https:\/\/batijournal.com\/index.php\/paris-future-capitale-de-finance-verte\/96440\/#primaryimage"},"thumbnailUrl":"https:\/\/batijournal.com\/wp-content\/uploads\/2017\/02\/tour-eiffel.jpeg","datePublished":"2017-07-06T14:00:53+00:00","dateModified":"2019-07-15T10:23:36+00:00","author":{"@id":"https:\/\/batijournal.com\/#\/schema\/person\/1dc96ec6957aa1ccb25ebe78bb19f100"},"breadcrumb":{"@id":"https:\/\/batijournal.com\/index.php\/paris-future-capitale-de-finance-verte\/96440\/#breadcrumb"},"inLanguage":"fr-FR","potentialAction":[{"@type":"ReadAction","target":["https:\/\/batijournal.com\/index.php\/paris-future-capitale-de-finance-verte\/96440\/"]}]},{"@type":"ImageObject","inLanguage":"fr-FR","@id":"https:\/\/batijournal.com\/index.php\/paris-future-capitale-de-finance-verte\/96440\/#primaryimage","url":"https:\/\/batijournal.com\/wp-content\/uploads\/2017\/02\/tour-eiffel.jpeg","contentUrl":"https:\/\/batijournal.com\/wp-content\/uploads\/2017\/02\/tour-eiffel.jpeg","width":3964,"height":2227},{"@type":"BreadcrumbList","@id":"https:\/\/batijournal.com\/index.php\/paris-future-capitale-de-finance-verte\/96440\/#breadcrumb","itemListElement":[{"@type":"ListItem","position":1,"name":"Accueil","item":"https:\/\/batijournal.com\/"},{"@type":"ListItem","position":2,"name":"Actualit\u00e9s","item":"https:\/\/batijournal.com\/index.php\/category\/actualites\/"},{"@type":"ListItem","position":3,"name":"Paris future capitale de la finance verte !"}]},{"@type":"WebSite","@id":"https:\/\/batijournal.com\/#website","url":"https:\/\/batijournal.com\/","name":"Batijournal","description":"L&#039;actualit\u00e9 du b\u00e2timent","potentialAction":[{"@type":"SearchAction","target":{"@type":"EntryPoint","urlTemplate":"https:\/\/batijournal.com\/?s={search_term_string}"},"query-input":{"@type":"PropertyValueSpecification","valueRequired":true,"valueName":"search_term_string"}}],"inLanguage":"fr-FR"},{"@type":"Person","@id":"https:\/\/batijournal.com\/#\/schema\/person\/1dc96ec6957aa1ccb25ebe78bb19f100","name":"St\u00e9phane Miget","image":{"@type":"ImageObject","inLanguage":"fr-FR","@id":"https:\/\/secure.gravatar.com\/avatar\/89915563d925342126b8ef0281b93d9d7fc337043e8df017f780908eb9644451?s=96&d=mm&r=g","url":"https:\/\/secure.gravatar.com\/avatar\/89915563d925342126b8ef0281b93d9d7fc337043e8df017f780908eb9644451?s=96&d=mm&r=g","contentUrl":"https:\/\/secure.gravatar.com\/avatar\/89915563d925342126b8ef0281b93d9d7fc337043e8df017f780908eb9644451?s=96&d=mm&r=g","caption":"St\u00e9phane Miget"},"url":"https:\/\/batijournal.com\/index.php\/author\/stephane\/"}]}},"_links":{"self":[{"href":"https:\/\/batijournal.com\/index.php\/wp-json\/wp\/v2\/posts\/96440","targetHints":{"allow":["GET"]}}],"collection":[{"href":"https:\/\/batijournal.com\/index.php\/wp-json\/wp\/v2\/posts"}],"about":[{"href":"https:\/\/batijournal.com\/index.php\/wp-json\/wp\/v2\/types\/post"}],"author":[{"embeddable":true,"href":"https:\/\/batijournal.com\/index.php\/wp-json\/wp\/v2\/users\/17"}],"replies":[{"embeddable":true,"href":"https:\/\/batijournal.com\/index.php\/wp-json\/wp\/v2\/comments?post=96440"}],"version-history":[{"count":0,"href":"https:\/\/batijournal.com\/index.php\/wp-json\/wp\/v2\/posts\/96440\/revisions"}],"wp:featuredmedia":[{"embeddable":true,"href":"https:\/\/batijournal.com\/index.php\/wp-json\/wp\/v2\/media\/95038"}],"wp:attachment":[{"href":"https:\/\/batijournal.com\/index.php\/wp-json\/wp\/v2\/media?parent=96440"}],"wp:term":[{"taxonomy":"category","embeddable":true,"href":"https:\/\/batijournal.com\/index.php\/wp-json\/wp\/v2\/categories?post=96440"},{"taxonomy":"post_tag","embeddable":true,"href":"https:\/\/batijournal.com\/index.php\/wp-json\/wp\/v2\/tags?post=96440"}],"curies":[{"name":"wp","href":"https:\/\/api.w.org\/{rel}","templated":true}]}}