{"id":96448,"date":"2017-07-07T22:01:21","date_gmt":"2017-07-07T20:01:21","guid":{"rendered":"http:\/\/batijournal.com\/?p=96448"},"modified":"2019-07-15T12:13:11","modified_gmt":"2019-07-15T10:13:11","slug":"face-retrait-delite-insurance-sfs-europe-propose-autres-partenaires-dassurance-professionnels-de-construction","status":"publish","type":"post","link":"https:\/\/batijournal.com\/index.php\/face-retrait-delite-insurance-sfs-europe-propose-autres-partenaires-dassurance-professionnels-de-construction\/96448\/","title":{"rendered":"Face au retrait d&rsquo;ELITE INSURANCE, SFS EUROPE propose ses autres partenaires d&rsquo;assurance pour les professionnels de la construction"},"content":{"rendered":"<p>la compagnie ELITE INSURANCE LIMITED (\u00ab\u00a0ELITE\u00a0\u00bb) a annonc\u00e9 l\u2019arr\u00eat, \u00e0 effet imm\u00e9diat, de la souscription de nouveaux contrats et la mise en \u00ab\u00a0run-off\u00a0\u00bb de son portefeuille d\u2019assurance. En d\u2019autres termes, sont concern\u00e9s \u00e0 la fois les nouveaux contrats et ceux en renouvellement avec une date d\u2019\u00e9ch\u00e9ance au 1<sup>er<\/sup> septembre 2017.<\/p>\n<p>Tous les engagements pris par la compagnie ELITE au titre des contrats souscrits et renouvel\u00e9s par l\u2019interm\u00e9diaire de SFS EUROPE jusqu\u2019\u00e0 ce jour seront honor\u00e9s (gestion des contrats et des sinistres, paiement des indemnit\u00e9s et exercice des recours). En effet, c\u2019est la compagnie de r\u00e9assurance d\u00e9tenant une participation de 80 % qui continuera de proc\u00e9der aux r\u00e8glements des sinistres et des frais y aff\u00e9rents comme c\u2019est d\u00e9j\u00e0 le cas depuis huit ans.<\/p>\n<p>Depuis mi-2016, SFS EUROPE a privil\u00e9gi\u00e9 ses partenaires CBL INSURANCE EUROPE DAC et ALPHA INSURANCE afin de proposer \u00e0 ses clients la meilleure s\u00e9curisation de leur couverture d\u2019assurance, eu \u00e9gard \u00e0 trois \u00e9v\u00e8nements majeurs\u00a0: le\u00a0BREXIT,\u00a0l\u2019obtention de la notation \u00ab\u00a0A\u00a0\u00bb- par CBL INSURANCE LTD aupr\u00e8s de l\u2019agence AM BEST \u00a0et\u00a0la prise de participation majoritaire de CBL CORPORATION LTD\u00a0 au sein du Groupe SFS.\u00a0Pour tous les contrats Responsabilit\u00e9 Civile Professionnelle et de Responsabilit\u00e9 Civile D\u00e9cennale \u00e0 \u00e9ch\u00e9ance \u00e0 partir du 1<sup>er<\/sup> septembre 2017, SFS EUROPE proposera leur basculement aux meilleures conditions possibles aupr\u00e8s des compagnies d\u2019assurance CBL INSURANCE EUROPE DAC et \/ ou ALPHA.<\/p>\n<p><a href=\"http:\/\/www.sfs-france.fr\/fr\" target=\"_blank\" rel=\"noopener noreferrer\">http:\/\/www.sfs-france.fr\/fr<\/a><\/p>\n<p>Source :\u00a0SFS<\/p>\n","protected":false},"excerpt":{"rendered":"<p>la compagnie ELITE INSURANCE LIMITED (\u00ab\u00a0ELITE\u00a0\u00bb) a annonc\u00e9 l\u2019arr\u00eat, \u00e0 effet imm\u00e9diat, de la souscription de nouveaux contrats et la mise en \u00ab\u00a0run-off\u00a0\u00bb de son portefeuille d\u2019assurance. En d\u2019autres termes, sont concern\u00e9s \u00e0 la fois les nouveaux contrats et ceux en renouvellement avec une date d\u2019\u00e9ch\u00e9ance au 1er septembre 2017. Tous les engagements pris par [&hellip;]<\/p>\n","protected":false},"author":17,"featured_media":95957,"comment_status":"closed","ping_status":"closed","sticky":false,"template":"","format":"standard","meta":{"_et_pb_use_builder":"","_et_pb_old_content":"","_et_gb_content_width":"","footnotes":""},"categories":[10530,6345],"tags":[12042],"class_list":["post-96448","post","type-post","status-publish","format-standard","has-post-thumbnail","hentry","category-actualites","category-economie-marches","tag-decennale"],"yoast_head":"<!-- This site is optimized with the Yoast SEO plugin v27.4 - https:\/\/yoast.com\/product\/yoast-seo-wordpress\/ -->\n<title>Face au retrait d&#039;ELITE INSURANCE, SFS EUROPE propose ses autres partenaires d&#039;assurance pour les professionnels de la construction<\/title>\n<meta name=\"robots\" content=\"index, follow, max-snippet:-1, max-image-preview:large, max-video-preview:-1\" \/>\n<link rel=\"canonical\" href=\"https:\/\/batijournal.com\/index.php\/face-retrait-delite-insurance-sfs-europe-propose-autres-partenaires-dassurance-professionnels-de-construction\/96448\/\" \/>\n<meta property=\"og:locale\" content=\"fr_FR\" \/>\n<meta property=\"og:type\" content=\"article\" \/>\n<meta property=\"og:title\" content=\"Face au retrait d&#039;ELITE INSURANCE, SFS EUROPE propose ses autres partenaires d&#039;assurance pour les professionnels de la construction\" \/>\n<meta property=\"og:description\" content=\"la compagnie ELITE INSURANCE LIMITED (\u00ab\u00a0ELITE\u00a0\u00bb) a annonc\u00e9 l\u2019arr\u00eat, \u00e0 effet imm\u00e9diat, de la souscription de nouveaux contrats et la mise en \u00ab\u00a0run-off\u00a0\u00bb de son portefeuille d\u2019assurance. En d\u2019autres termes, sont concern\u00e9s \u00e0 la fois les nouveaux contrats et ceux en renouvellement avec une date d\u2019\u00e9ch\u00e9ance au 1er septembre 2017. Tous les engagements pris par [&hellip;]\" \/>\n<meta property=\"og:url\" content=\"https:\/\/batijournal.com\/index.php\/face-retrait-delite-insurance-sfs-europe-propose-autres-partenaires-dassurance-professionnels-de-construction\/96448\/\" \/>\n<meta property=\"og:site_name\" content=\"Batijournal\" \/>\n<meta property=\"article:published_time\" content=\"2017-07-07T20:01:21+00:00\" \/>\n<meta property=\"article:modified_time\" content=\"2019-07-15T10:13:11+00:00\" \/>\n<meta property=\"og:image\" content=\"https:\/\/batijournal.com\/wp-content\/uploads\/2017\/05\/chantier-batiment.jpg\" \/>\n\t<meta property=\"og:image:width\" content=\"1200\" \/>\n\t<meta property=\"og:image:height\" content=\"676\" \/>\n\t<meta property=\"og:image:type\" content=\"image\/jpeg\" \/>\n<meta name=\"author\" content=\"St\u00e9phane Miget\" \/>\n<meta name=\"twitter:card\" content=\"summary_large_image\" \/>\n<meta name=\"twitter:creator\" content=\"@bati_journal\" \/>\n<meta name=\"twitter:site\" content=\"@bati_journal\" \/>\n<meta name=\"twitter:label1\" content=\"\u00c9crit par\" \/>\n\t<meta name=\"twitter:data1\" content=\"St\u00e9phane Miget\" \/>\n\t<meta name=\"twitter:label2\" content=\"Dur\u00e9e de lecture estim\u00e9e\" \/>\n\t<meta name=\"twitter:data2\" content=\"1 minute\" \/>\n<script type=\"application\/ld+json\" class=\"yoast-schema-graph\">{\"@context\":\"https:\\\/\\\/schema.org\",\"@graph\":[{\"@type\":\"Article\",\"@id\":\"https:\\\/\\\/batijournal.com\\\/index.php\\\/face-retrait-delite-insurance-sfs-europe-propose-autres-partenaires-dassurance-professionnels-de-construction\\\/96448\\\/#article\",\"isPartOf\":{\"@id\":\"https:\\\/\\\/batijournal.com\\\/index.php\\\/face-retrait-delite-insurance-sfs-europe-propose-autres-partenaires-dassurance-professionnels-de-construction\\\/96448\\\/\"},\"author\":{\"name\":\"St\u00e9phane Miget\",\"@id\":\"https:\\\/\\\/batijournal.com\\\/#\\\/schema\\\/person\\\/1dc96ec6957aa1ccb25ebe78bb19f100\"},\"headline\":\"Face au retrait d&rsquo;ELITE INSURANCE, SFS EUROPE propose ses autres partenaires d&rsquo;assurance pour les professionnels de la construction\",\"datePublished\":\"2017-07-07T20:01:21+00:00\",\"dateModified\":\"2019-07-15T10:13:11+00:00\",\"mainEntityOfPage\":{\"@id\":\"https:\\\/\\\/batijournal.com\\\/index.php\\\/face-retrait-delite-insurance-sfs-europe-propose-autres-partenaires-dassurance-professionnels-de-construction\\\/96448\\\/\"},\"wordCount\":277,\"image\":{\"@id\":\"https:\\\/\\\/batijournal.com\\\/index.php\\\/face-retrait-delite-insurance-sfs-europe-propose-autres-partenaires-dassurance-professionnels-de-construction\\\/96448\\\/#primaryimage\"},\"thumbnailUrl\":\"https:\\\/\\\/batijournal.com\\\/wp-content\\\/uploads\\\/2017\\\/05\\\/chantier-batiment.jpg\",\"keywords\":[\"d\u00e9cennale\"],\"articleSection\":[\"Actualit\u00e9s\",\"\u00c9conomie &amp; March\u00e9s\"],\"inLanguage\":\"fr-FR\"},{\"@type\":\"WebPage\",\"@id\":\"https:\\\/\\\/batijournal.com\\\/index.php\\\/face-retrait-delite-insurance-sfs-europe-propose-autres-partenaires-dassurance-professionnels-de-construction\\\/96448\\\/\",\"url\":\"https:\\\/\\\/batijournal.com\\\/index.php\\\/face-retrait-delite-insurance-sfs-europe-propose-autres-partenaires-dassurance-professionnels-de-construction\\\/96448\\\/\",\"name\":\"Face au retrait d'ELITE INSURANCE, SFS EUROPE propose ses autres partenaires d'assurance pour les professionnels de la construction\",\"isPartOf\":{\"@id\":\"https:\\\/\\\/batijournal.com\\\/#website\"},\"primaryImageOfPage\":{\"@id\":\"https:\\\/\\\/batijournal.com\\\/index.php\\\/face-retrait-delite-insurance-sfs-europe-propose-autres-partenaires-dassurance-professionnels-de-construction\\\/96448\\\/#primaryimage\"},\"image\":{\"@id\":\"https:\\\/\\\/batijournal.com\\\/index.php\\\/face-retrait-delite-insurance-sfs-europe-propose-autres-partenaires-dassurance-professionnels-de-construction\\\/96448\\\/#primaryimage\"},\"thumbnailUrl\":\"https:\\\/\\\/batijournal.com\\\/wp-content\\\/uploads\\\/2017\\\/05\\\/chantier-batiment.jpg\",\"datePublished\":\"2017-07-07T20:01:21+00:00\",\"dateModified\":\"2019-07-15T10:13:11+00:00\",\"author\":{\"@id\":\"https:\\\/\\\/batijournal.com\\\/#\\\/schema\\\/person\\\/1dc96ec6957aa1ccb25ebe78bb19f100\"},\"breadcrumb\":{\"@id\":\"https:\\\/\\\/batijournal.com\\\/index.php\\\/face-retrait-delite-insurance-sfs-europe-propose-autres-partenaires-dassurance-professionnels-de-construction\\\/96448\\\/#breadcrumb\"},\"inLanguage\":\"fr-FR\",\"potentialAction\":[{\"@type\":\"ReadAction\",\"target\":[\"https:\\\/\\\/batijournal.com\\\/index.php\\\/face-retrait-delite-insurance-sfs-europe-propose-autres-partenaires-dassurance-professionnels-de-construction\\\/96448\\\/\"]}]},{\"@type\":\"ImageObject\",\"inLanguage\":\"fr-FR\",\"@id\":\"https:\\\/\\\/batijournal.com\\\/index.php\\\/face-retrait-delite-insurance-sfs-europe-propose-autres-partenaires-dassurance-professionnels-de-construction\\\/96448\\\/#primaryimage\",\"url\":\"https:\\\/\\\/batijournal.com\\\/wp-content\\\/uploads\\\/2017\\\/05\\\/chantier-batiment.jpg\",\"contentUrl\":\"https:\\\/\\\/batijournal.com\\\/wp-content\\\/uploads\\\/2017\\\/05\\\/chantier-batiment.jpg\",\"width\":1200,\"height\":676},{\"@type\":\"BreadcrumbList\",\"@id\":\"https:\\\/\\\/batijournal.com\\\/index.php\\\/face-retrait-delite-insurance-sfs-europe-propose-autres-partenaires-dassurance-professionnels-de-construction\\\/96448\\\/#breadcrumb\",\"itemListElement\":[{\"@type\":\"ListItem\",\"position\":1,\"name\":\"Accueil\",\"item\":\"https:\\\/\\\/batijournal.com\\\/\"},{\"@type\":\"ListItem\",\"position\":2,\"name\":\"Actualit\u00e9s\",\"item\":\"https:\\\/\\\/batijournal.com\\\/index.php\\\/category\\\/actualites\\\/\"},{\"@type\":\"ListItem\",\"position\":3,\"name\":\"Face au retrait d&rsquo;ELITE INSURANCE, SFS EUROPE propose ses autres partenaires d&rsquo;assurance pour les professionnels de la construction\"}]},{\"@type\":\"WebSite\",\"@id\":\"https:\\\/\\\/batijournal.com\\\/#website\",\"url\":\"https:\\\/\\\/batijournal.com\\\/\",\"name\":\"Batijournal\",\"description\":\"L&#039;actualit\u00e9 du b\u00e2timent\",\"potentialAction\":[{\"@type\":\"SearchAction\",\"target\":{\"@type\":\"EntryPoint\",\"urlTemplate\":\"https:\\\/\\\/batijournal.com\\\/?s={search_term_string}\"},\"query-input\":{\"@type\":\"PropertyValueSpecification\",\"valueRequired\":true,\"valueName\":\"search_term_string\"}}],\"inLanguage\":\"fr-FR\"},{\"@type\":\"Person\",\"@id\":\"https:\\\/\\\/batijournal.com\\\/#\\\/schema\\\/person\\\/1dc96ec6957aa1ccb25ebe78bb19f100\",\"name\":\"St\u00e9phane Miget\",\"image\":{\"@type\":\"ImageObject\",\"inLanguage\":\"fr-FR\",\"@id\":\"https:\\\/\\\/secure.gravatar.com\\\/avatar\\\/89915563d925342126b8ef0281b93d9d7fc337043e8df017f780908eb9644451?s=96&d=mm&r=g\",\"url\":\"https:\\\/\\\/secure.gravatar.com\\\/avatar\\\/89915563d925342126b8ef0281b93d9d7fc337043e8df017f780908eb9644451?s=96&d=mm&r=g\",\"contentUrl\":\"https:\\\/\\\/secure.gravatar.com\\\/avatar\\\/89915563d925342126b8ef0281b93d9d7fc337043e8df017f780908eb9644451?s=96&d=mm&r=g\",\"caption\":\"St\u00e9phane Miget\"},\"url\":\"https:\\\/\\\/batijournal.com\\\/index.php\\\/author\\\/stephane\\\/\"}]}<\/script>\n<!-- \/ Yoast SEO plugin. -->","yoast_head_json":{"title":"Face au retrait d'ELITE INSURANCE, SFS EUROPE propose ses autres partenaires d'assurance pour les professionnels de la construction","robots":{"index":"index","follow":"follow","max-snippet":"max-snippet:-1","max-image-preview":"max-image-preview:large","max-video-preview":"max-video-preview:-1"},"canonical":"https:\/\/batijournal.com\/index.php\/face-retrait-delite-insurance-sfs-europe-propose-autres-partenaires-dassurance-professionnels-de-construction\/96448\/","og_locale":"fr_FR","og_type":"article","og_title":"Face au retrait d'ELITE INSURANCE, SFS EUROPE propose ses autres partenaires d'assurance pour les professionnels de la construction","og_description":"la compagnie ELITE INSURANCE LIMITED (\u00ab\u00a0ELITE\u00a0\u00bb) a annonc\u00e9 l\u2019arr\u00eat, \u00e0 effet imm\u00e9diat, de la souscription de nouveaux contrats et la mise en \u00ab\u00a0run-off\u00a0\u00bb de son portefeuille d\u2019assurance. En d\u2019autres termes, sont concern\u00e9s \u00e0 la fois les nouveaux contrats et ceux en renouvellement avec une date d\u2019\u00e9ch\u00e9ance au 1er septembre 2017. Tous les engagements pris par [&hellip;]","og_url":"https:\/\/batijournal.com\/index.php\/face-retrait-delite-insurance-sfs-europe-propose-autres-partenaires-dassurance-professionnels-de-construction\/96448\/","og_site_name":"Batijournal","article_published_time":"2017-07-07T20:01:21+00:00","article_modified_time":"2019-07-15T10:13:11+00:00","og_image":[{"width":1200,"height":676,"url":"https:\/\/batijournal.com\/wp-content\/uploads\/2017\/05\/chantier-batiment.jpg","type":"image\/jpeg"}],"author":"St\u00e9phane Miget","twitter_card":"summary_large_image","twitter_creator":"@bati_journal","twitter_site":"@bati_journal","twitter_misc":{"\u00c9crit par":"St\u00e9phane Miget","Dur\u00e9e de lecture estim\u00e9e":"1 minute"},"schema":{"@context":"https:\/\/schema.org","@graph":[{"@type":"Article","@id":"https:\/\/batijournal.com\/index.php\/face-retrait-delite-insurance-sfs-europe-propose-autres-partenaires-dassurance-professionnels-de-construction\/96448\/#article","isPartOf":{"@id":"https:\/\/batijournal.com\/index.php\/face-retrait-delite-insurance-sfs-europe-propose-autres-partenaires-dassurance-professionnels-de-construction\/96448\/"},"author":{"name":"St\u00e9phane Miget","@id":"https:\/\/batijournal.com\/#\/schema\/person\/1dc96ec6957aa1ccb25ebe78bb19f100"},"headline":"Face au retrait d&rsquo;ELITE INSURANCE, SFS EUROPE propose ses autres partenaires d&rsquo;assurance pour les professionnels de la construction","datePublished":"2017-07-07T20:01:21+00:00","dateModified":"2019-07-15T10:13:11+00:00","mainEntityOfPage":{"@id":"https:\/\/batijournal.com\/index.php\/face-retrait-delite-insurance-sfs-europe-propose-autres-partenaires-dassurance-professionnels-de-construction\/96448\/"},"wordCount":277,"image":{"@id":"https:\/\/batijournal.com\/index.php\/face-retrait-delite-insurance-sfs-europe-propose-autres-partenaires-dassurance-professionnels-de-construction\/96448\/#primaryimage"},"thumbnailUrl":"https:\/\/batijournal.com\/wp-content\/uploads\/2017\/05\/chantier-batiment.jpg","keywords":["d\u00e9cennale"],"articleSection":["Actualit\u00e9s","\u00c9conomie &amp; March\u00e9s"],"inLanguage":"fr-FR"},{"@type":"WebPage","@id":"https:\/\/batijournal.com\/index.php\/face-retrait-delite-insurance-sfs-europe-propose-autres-partenaires-dassurance-professionnels-de-construction\/96448\/","url":"https:\/\/batijournal.com\/index.php\/face-retrait-delite-insurance-sfs-europe-propose-autres-partenaires-dassurance-professionnels-de-construction\/96448\/","name":"Face au retrait d'ELITE INSURANCE, SFS EUROPE propose ses autres partenaires d'assurance pour les professionnels de la construction","isPartOf":{"@id":"https:\/\/batijournal.com\/#website"},"primaryImageOfPage":{"@id":"https:\/\/batijournal.com\/index.php\/face-retrait-delite-insurance-sfs-europe-propose-autres-partenaires-dassurance-professionnels-de-construction\/96448\/#primaryimage"},"image":{"@id":"https:\/\/batijournal.com\/index.php\/face-retrait-delite-insurance-sfs-europe-propose-autres-partenaires-dassurance-professionnels-de-construction\/96448\/#primaryimage"},"thumbnailUrl":"https:\/\/batijournal.com\/wp-content\/uploads\/2017\/05\/chantier-batiment.jpg","datePublished":"2017-07-07T20:01:21+00:00","dateModified":"2019-07-15T10:13:11+00:00","author":{"@id":"https:\/\/batijournal.com\/#\/schema\/person\/1dc96ec6957aa1ccb25ebe78bb19f100"},"breadcrumb":{"@id":"https:\/\/batijournal.com\/index.php\/face-retrait-delite-insurance-sfs-europe-propose-autres-partenaires-dassurance-professionnels-de-construction\/96448\/#breadcrumb"},"inLanguage":"fr-FR","potentialAction":[{"@type":"ReadAction","target":["https:\/\/batijournal.com\/index.php\/face-retrait-delite-insurance-sfs-europe-propose-autres-partenaires-dassurance-professionnels-de-construction\/96448\/"]}]},{"@type":"ImageObject","inLanguage":"fr-FR","@id":"https:\/\/batijournal.com\/index.php\/face-retrait-delite-insurance-sfs-europe-propose-autres-partenaires-dassurance-professionnels-de-construction\/96448\/#primaryimage","url":"https:\/\/batijournal.com\/wp-content\/uploads\/2017\/05\/chantier-batiment.jpg","contentUrl":"https:\/\/batijournal.com\/wp-content\/uploads\/2017\/05\/chantier-batiment.jpg","width":1200,"height":676},{"@type":"BreadcrumbList","@id":"https:\/\/batijournal.com\/index.php\/face-retrait-delite-insurance-sfs-europe-propose-autres-partenaires-dassurance-professionnels-de-construction\/96448\/#breadcrumb","itemListElement":[{"@type":"ListItem","position":1,"name":"Accueil","item":"https:\/\/batijournal.com\/"},{"@type":"ListItem","position":2,"name":"Actualit\u00e9s","item":"https:\/\/batijournal.com\/index.php\/category\/actualites\/"},{"@type":"ListItem","position":3,"name":"Face au retrait d&rsquo;ELITE INSURANCE, SFS EUROPE propose ses autres partenaires d&rsquo;assurance pour les professionnels de la construction"}]},{"@type":"WebSite","@id":"https:\/\/batijournal.com\/#website","url":"https:\/\/batijournal.com\/","name":"Batijournal","description":"L&#039;actualit\u00e9 du b\u00e2timent","potentialAction":[{"@type":"SearchAction","target":{"@type":"EntryPoint","urlTemplate":"https:\/\/batijournal.com\/?s={search_term_string}"},"query-input":{"@type":"PropertyValueSpecification","valueRequired":true,"valueName":"search_term_string"}}],"inLanguage":"fr-FR"},{"@type":"Person","@id":"https:\/\/batijournal.com\/#\/schema\/person\/1dc96ec6957aa1ccb25ebe78bb19f100","name":"St\u00e9phane Miget","image":{"@type":"ImageObject","inLanguage":"fr-FR","@id":"https:\/\/secure.gravatar.com\/avatar\/89915563d925342126b8ef0281b93d9d7fc337043e8df017f780908eb9644451?s=96&d=mm&r=g","url":"https:\/\/secure.gravatar.com\/avatar\/89915563d925342126b8ef0281b93d9d7fc337043e8df017f780908eb9644451?s=96&d=mm&r=g","contentUrl":"https:\/\/secure.gravatar.com\/avatar\/89915563d925342126b8ef0281b93d9d7fc337043e8df017f780908eb9644451?s=96&d=mm&r=g","caption":"St\u00e9phane Miget"},"url":"https:\/\/batijournal.com\/index.php\/author\/stephane\/"}]}},"_links":{"self":[{"href":"https:\/\/batijournal.com\/index.php\/wp-json\/wp\/v2\/posts\/96448","targetHints":{"allow":["GET"]}}],"collection":[{"href":"https:\/\/batijournal.com\/index.php\/wp-json\/wp\/v2\/posts"}],"about":[{"href":"https:\/\/batijournal.com\/index.php\/wp-json\/wp\/v2\/types\/post"}],"author":[{"embeddable":true,"href":"https:\/\/batijournal.com\/index.php\/wp-json\/wp\/v2\/users\/17"}],"replies":[{"embeddable":true,"href":"https:\/\/batijournal.com\/index.php\/wp-json\/wp\/v2\/comments?post=96448"}],"version-history":[{"count":0,"href":"https:\/\/batijournal.com\/index.php\/wp-json\/wp\/v2\/posts\/96448\/revisions"}],"wp:featuredmedia":[{"embeddable":true,"href":"https:\/\/batijournal.com\/index.php\/wp-json\/wp\/v2\/media\/95957"}],"wp:attachment":[{"href":"https:\/\/batijournal.com\/index.php\/wp-json\/wp\/v2\/media?parent=96448"}],"wp:term":[{"taxonomy":"category","embeddable":true,"href":"https:\/\/batijournal.com\/index.php\/wp-json\/wp\/v2\/categories?post=96448"},{"taxonomy":"post_tag","embeddable":true,"href":"https:\/\/batijournal.com\/index.php\/wp-json\/wp\/v2\/tags?post=96448"}],"curies":[{"name":"wp","href":"https:\/\/api.w.org\/{rel}","templated":true}]}}