{"id":96451,"date":"2017-07-10T06:03:15","date_gmt":"2017-07-10T04:03:15","guid":{"rendered":"http:\/\/batijournal.com\/?p=96451"},"modified":"2019-07-15T12:02:03","modified_gmt":"2019-07-15T10:02:03","slug":"amelioration-climat-conjoncturel-europeen-beton-pret-a-lemploi","status":"publish","type":"post","link":"https:\/\/batijournal.com\/index.php\/amelioration-climat-conjoncturel-europeen-beton-pret-a-lemploi\/96451\/","title":{"rendered":"Am\u00e9lioration du climat conjoncturel europ\u00e9en pour le b\u00e9ton pr\u00eat \u00e0 l\u2019emploi"},"content":{"rendered":"<p><strong>L\u2019association europ\u00e9enne du b\u00e9ton pr\u00eat \u00e0 l\u2019emploi (ERMCO) vient de publier les chiffres 2016 de production du b\u00e9ton pr\u00eat \u00e0 l\u2019emploi, et la nette am\u00e9lioration du climat conjoncturel se confirme : les volumes de production de b\u00e9ton pr\u00eat \u00e0 l\u2019emploi ont connu une croissance de 2,5 % pour atteindre 224,4 millions de m\u00b3 (218,9 millions de m\u00b3 en 2015).<\/strong><\/p>\n<p>En 2016, les pays europ\u00e9ens ont enray\u00e9 la chute de leur production et renou\u00e9 avec la croissance, \u00e0 l\u2019exception de l\u2019Italie qui traverse une v\u00e9ritable crise avec un nouveau repli de son activit\u00e9 (-7,9 %). Du c\u00f4t\u00e9 de la France, l\u2019activit\u00e9 a fortement rebondi avec une nette progression de la production (+3,7 %).<\/p>\n<p>Dans le sillage des ann\u00e9es pr\u00e9c\u00e9dentes, l\u2019Allemagne reste le plus gros producteur europ\u00e9en avec 49,5 millions de m\u00b3 suivi loin derri\u00e8re par la France (36,1 millions de m\u00b3) et le Royaume-Uni (24,6 millions de m\u00b3) qui d\u00e9passe d\u00e9sormais l\u2019Italie (23,3 millions de m\u00b3). Autre facteur positif, la Pologne devient le 5\u00e8me pays avec plus de 20 millions de m\u00b3 produits.<\/p>\n<p>Concernant la production par habitant, seules l&rsquo;Autriche (1,2 m\u00b3\/habitant) et la Belgique (1,1 m\u00b3\/habitant) se situent largement au-dessus du niveau de la production europ\u00e9enne qui s&rsquo;\u00e9tablit \u00e0 0,5 m\u00b3\/habitant.<\/p>\n","protected":false},"excerpt":{"rendered":"<p>L\u2019association europ\u00e9enne du b\u00e9ton pr\u00eat \u00e0 l\u2019emploi (ERMCO) vient de publier les chiffres 2016 de production du b\u00e9ton pr\u00eat \u00e0 l\u2019emploi, et la nette am\u00e9lioration du climat conjoncturel se confirme : les volumes de production de b\u00e9ton pr\u00eat \u00e0 l\u2019emploi ont connu une croissance de 2,5 % pour atteindre 224,4 millions de m\u00b3 (218,9 millions [&hellip;]<\/p>\n","protected":false},"author":17,"featured_media":91516,"comment_status":"closed","ping_status":"closed","sticky":false,"template":"","format":"standard","meta":{"_et_pb_use_builder":"","_et_pb_old_content":"","_et_gb_content_width":"","footnotes":""},"categories":[10530,6345],"tags":[1128,11893],"class_list":["post-96451","post","type-post","status-publish","format-standard","has-post-thumbnail","hentry","category-actualites","category-economie-marches","tag-beton","tag-bpe"],"yoast_head":"<!-- This site is optimized with the Yoast SEO plugin v27.4 - https:\/\/yoast.com\/product\/yoast-seo-wordpress\/ -->\n<title>Am\u00e9lioration du climat conjoncturel europ\u00e9en pour le b\u00e9ton pr\u00eat \u00e0 l\u2019emploi<\/title>\n<meta name=\"robots\" content=\"index, follow, max-snippet:-1, max-image-preview:large, max-video-preview:-1\" \/>\n<link rel=\"canonical\" href=\"https:\/\/batijournal.com\/index.php\/amelioration-climat-conjoncturel-europeen-beton-pret-a-lemploi\/96451\/\" \/>\n<meta property=\"og:locale\" content=\"fr_FR\" \/>\n<meta property=\"og:type\" content=\"article\" \/>\n<meta property=\"og:title\" content=\"Am\u00e9lioration du climat conjoncturel europ\u00e9en pour le b\u00e9ton pr\u00eat \u00e0 l\u2019emploi\" \/>\n<meta property=\"og:description\" content=\"L\u2019association europ\u00e9enne du b\u00e9ton pr\u00eat \u00e0 l\u2019emploi (ERMCO) vient de publier les chiffres 2016 de production du b\u00e9ton pr\u00eat \u00e0 l\u2019emploi, et la nette am\u00e9lioration du climat conjoncturel se confirme : les volumes de production de b\u00e9ton pr\u00eat \u00e0 l\u2019emploi ont connu une croissance de 2,5 % pour atteindre 224,4 millions de m\u00b3 (218,9 millions [&hellip;]\" \/>\n<meta property=\"og:url\" content=\"https:\/\/batijournal.com\/index.php\/amelioration-climat-conjoncturel-europeen-beton-pret-a-lemploi\/96451\/\" \/>\n<meta property=\"og:site_name\" content=\"Batijournal\" \/>\n<meta property=\"article:published_time\" content=\"2017-07-10T04:03:15+00:00\" \/>\n<meta property=\"article:modified_time\" content=\"2019-07-15T10:02:03+00:00\" \/>\n<meta property=\"og:image\" content=\"https:\/\/batijournal.com\/wp-content\/uploads\/2016\/02\/construction.jpg\" \/>\n\t<meta property=\"og:image:width\" content=\"1200\" \/>\n\t<meta property=\"og:image:height\" content=\"800\" \/>\n\t<meta property=\"og:image:type\" content=\"image\/jpeg\" \/>\n<meta name=\"author\" content=\"St\u00e9phane Miget\" \/>\n<meta name=\"twitter:card\" content=\"summary_large_image\" \/>\n<meta name=\"twitter:creator\" content=\"@bati_journal\" \/>\n<meta name=\"twitter:site\" content=\"@bati_journal\" \/>\n<meta name=\"twitter:label1\" content=\"\u00c9crit par\" \/>\n\t<meta name=\"twitter:data1\" content=\"St\u00e9phane Miget\" \/>\n\t<meta name=\"twitter:label2\" content=\"Dur\u00e9e de lecture estim\u00e9e\" \/>\n\t<meta name=\"twitter:data2\" content=\"1 minute\" \/>\n<script type=\"application\/ld+json\" class=\"yoast-schema-graph\">{\"@context\":\"https:\\\/\\\/schema.org\",\"@graph\":[{\"@type\":\"Article\",\"@id\":\"https:\\\/\\\/batijournal.com\\\/index.php\\\/amelioration-climat-conjoncturel-europeen-beton-pret-a-lemploi\\\/96451\\\/#article\",\"isPartOf\":{\"@id\":\"https:\\\/\\\/batijournal.com\\\/index.php\\\/amelioration-climat-conjoncturel-europeen-beton-pret-a-lemploi\\\/96451\\\/\"},\"author\":{\"name\":\"St\u00e9phane Miget\",\"@id\":\"https:\\\/\\\/batijournal.com\\\/#\\\/schema\\\/person\\\/1dc96ec6957aa1ccb25ebe78bb19f100\"},\"headline\":\"Am\u00e9lioration du climat conjoncturel europ\u00e9en pour le b\u00e9ton pr\u00eat \u00e0 l\u2019emploi\",\"datePublished\":\"2017-07-10T04:03:15+00:00\",\"dateModified\":\"2019-07-15T10:02:03+00:00\",\"mainEntityOfPage\":{\"@id\":\"https:\\\/\\\/batijournal.com\\\/index.php\\\/amelioration-climat-conjoncturel-europeen-beton-pret-a-lemploi\\\/96451\\\/\"},\"wordCount\":225,\"image\":{\"@id\":\"https:\\\/\\\/batijournal.com\\\/index.php\\\/amelioration-climat-conjoncturel-europeen-beton-pret-a-lemploi\\\/96451\\\/#primaryimage\"},\"thumbnailUrl\":\"https:\\\/\\\/batijournal.com\\\/wp-content\\\/uploads\\\/2016\\\/02\\\/construction.jpg\",\"keywords\":[\"b\u00e9ton\",\"BPE\"],\"articleSection\":[\"Actualit\u00e9s\",\"\u00c9conomie &amp; March\u00e9s\"],\"inLanguage\":\"fr-FR\"},{\"@type\":\"WebPage\",\"@id\":\"https:\\\/\\\/batijournal.com\\\/index.php\\\/amelioration-climat-conjoncturel-europeen-beton-pret-a-lemploi\\\/96451\\\/\",\"url\":\"https:\\\/\\\/batijournal.com\\\/index.php\\\/amelioration-climat-conjoncturel-europeen-beton-pret-a-lemploi\\\/96451\\\/\",\"name\":\"Am\u00e9lioration du climat conjoncturel europ\u00e9en pour le b\u00e9ton pr\u00eat \u00e0 l\u2019emploi\",\"isPartOf\":{\"@id\":\"https:\\\/\\\/batijournal.com\\\/#website\"},\"primaryImageOfPage\":{\"@id\":\"https:\\\/\\\/batijournal.com\\\/index.php\\\/amelioration-climat-conjoncturel-europeen-beton-pret-a-lemploi\\\/96451\\\/#primaryimage\"},\"image\":{\"@id\":\"https:\\\/\\\/batijournal.com\\\/index.php\\\/amelioration-climat-conjoncturel-europeen-beton-pret-a-lemploi\\\/96451\\\/#primaryimage\"},\"thumbnailUrl\":\"https:\\\/\\\/batijournal.com\\\/wp-content\\\/uploads\\\/2016\\\/02\\\/construction.jpg\",\"datePublished\":\"2017-07-10T04:03:15+00:00\",\"dateModified\":\"2019-07-15T10:02:03+00:00\",\"author\":{\"@id\":\"https:\\\/\\\/batijournal.com\\\/#\\\/schema\\\/person\\\/1dc96ec6957aa1ccb25ebe78bb19f100\"},\"breadcrumb\":{\"@id\":\"https:\\\/\\\/batijournal.com\\\/index.php\\\/amelioration-climat-conjoncturel-europeen-beton-pret-a-lemploi\\\/96451\\\/#breadcrumb\"},\"inLanguage\":\"fr-FR\",\"potentialAction\":[{\"@type\":\"ReadAction\",\"target\":[\"https:\\\/\\\/batijournal.com\\\/index.php\\\/amelioration-climat-conjoncturel-europeen-beton-pret-a-lemploi\\\/96451\\\/\"]}]},{\"@type\":\"ImageObject\",\"inLanguage\":\"fr-FR\",\"@id\":\"https:\\\/\\\/batijournal.com\\\/index.php\\\/amelioration-climat-conjoncturel-europeen-beton-pret-a-lemploi\\\/96451\\\/#primaryimage\",\"url\":\"https:\\\/\\\/batijournal.com\\\/wp-content\\\/uploads\\\/2016\\\/02\\\/construction.jpg\",\"contentUrl\":\"https:\\\/\\\/batijournal.com\\\/wp-content\\\/uploads\\\/2016\\\/02\\\/construction.jpg\",\"width\":1200,\"height\":800},{\"@type\":\"BreadcrumbList\",\"@id\":\"https:\\\/\\\/batijournal.com\\\/index.php\\\/amelioration-climat-conjoncturel-europeen-beton-pret-a-lemploi\\\/96451\\\/#breadcrumb\",\"itemListElement\":[{\"@type\":\"ListItem\",\"position\":1,\"name\":\"Accueil\",\"item\":\"https:\\\/\\\/batijournal.com\\\/\"},{\"@type\":\"ListItem\",\"position\":2,\"name\":\"Actualit\u00e9s\",\"item\":\"https:\\\/\\\/batijournal.com\\\/index.php\\\/category\\\/actualites\\\/\"},{\"@type\":\"ListItem\",\"position\":3,\"name\":\"Am\u00e9lioration du climat conjoncturel europ\u00e9en pour le b\u00e9ton pr\u00eat \u00e0 l\u2019emploi\"}]},{\"@type\":\"WebSite\",\"@id\":\"https:\\\/\\\/batijournal.com\\\/#website\",\"url\":\"https:\\\/\\\/batijournal.com\\\/\",\"name\":\"Batijournal\",\"description\":\"L&#039;actualit\u00e9 du b\u00e2timent\",\"potentialAction\":[{\"@type\":\"SearchAction\",\"target\":{\"@type\":\"EntryPoint\",\"urlTemplate\":\"https:\\\/\\\/batijournal.com\\\/?s={search_term_string}\"},\"query-input\":{\"@type\":\"PropertyValueSpecification\",\"valueRequired\":true,\"valueName\":\"search_term_string\"}}],\"inLanguage\":\"fr-FR\"},{\"@type\":\"Person\",\"@id\":\"https:\\\/\\\/batijournal.com\\\/#\\\/schema\\\/person\\\/1dc96ec6957aa1ccb25ebe78bb19f100\",\"name\":\"St\u00e9phane Miget\",\"image\":{\"@type\":\"ImageObject\",\"inLanguage\":\"fr-FR\",\"@id\":\"https:\\\/\\\/secure.gravatar.com\\\/avatar\\\/89915563d925342126b8ef0281b93d9d7fc337043e8df017f780908eb9644451?s=96&d=mm&r=g\",\"url\":\"https:\\\/\\\/secure.gravatar.com\\\/avatar\\\/89915563d925342126b8ef0281b93d9d7fc337043e8df017f780908eb9644451?s=96&d=mm&r=g\",\"contentUrl\":\"https:\\\/\\\/secure.gravatar.com\\\/avatar\\\/89915563d925342126b8ef0281b93d9d7fc337043e8df017f780908eb9644451?s=96&d=mm&r=g\",\"caption\":\"St\u00e9phane Miget\"},\"url\":\"https:\\\/\\\/batijournal.com\\\/index.php\\\/author\\\/stephane\\\/\"}]}<\/script>\n<!-- \/ Yoast SEO plugin. -->","yoast_head_json":{"title":"Am\u00e9lioration du climat conjoncturel europ\u00e9en pour le b\u00e9ton pr\u00eat \u00e0 l\u2019emploi","robots":{"index":"index","follow":"follow","max-snippet":"max-snippet:-1","max-image-preview":"max-image-preview:large","max-video-preview":"max-video-preview:-1"},"canonical":"https:\/\/batijournal.com\/index.php\/amelioration-climat-conjoncturel-europeen-beton-pret-a-lemploi\/96451\/","og_locale":"fr_FR","og_type":"article","og_title":"Am\u00e9lioration du climat conjoncturel europ\u00e9en pour le b\u00e9ton pr\u00eat \u00e0 l\u2019emploi","og_description":"L\u2019association europ\u00e9enne du b\u00e9ton pr\u00eat \u00e0 l\u2019emploi (ERMCO) vient de publier les chiffres 2016 de production du b\u00e9ton pr\u00eat \u00e0 l\u2019emploi, et la nette am\u00e9lioration du climat conjoncturel se confirme : les volumes de production de b\u00e9ton pr\u00eat \u00e0 l\u2019emploi ont connu une croissance de 2,5 % pour atteindre 224,4 millions de m\u00b3 (218,9 millions [&hellip;]","og_url":"https:\/\/batijournal.com\/index.php\/amelioration-climat-conjoncturel-europeen-beton-pret-a-lemploi\/96451\/","og_site_name":"Batijournal","article_published_time":"2017-07-10T04:03:15+00:00","article_modified_time":"2019-07-15T10:02:03+00:00","og_image":[{"width":1200,"height":800,"url":"https:\/\/batijournal.com\/wp-content\/uploads\/2016\/02\/construction.jpg","type":"image\/jpeg"}],"author":"St\u00e9phane Miget","twitter_card":"summary_large_image","twitter_creator":"@bati_journal","twitter_site":"@bati_journal","twitter_misc":{"\u00c9crit par":"St\u00e9phane Miget","Dur\u00e9e de lecture estim\u00e9e":"1 minute"},"schema":{"@context":"https:\/\/schema.org","@graph":[{"@type":"Article","@id":"https:\/\/batijournal.com\/index.php\/amelioration-climat-conjoncturel-europeen-beton-pret-a-lemploi\/96451\/#article","isPartOf":{"@id":"https:\/\/batijournal.com\/index.php\/amelioration-climat-conjoncturel-europeen-beton-pret-a-lemploi\/96451\/"},"author":{"name":"St\u00e9phane Miget","@id":"https:\/\/batijournal.com\/#\/schema\/person\/1dc96ec6957aa1ccb25ebe78bb19f100"},"headline":"Am\u00e9lioration du climat conjoncturel europ\u00e9en pour le b\u00e9ton pr\u00eat \u00e0 l\u2019emploi","datePublished":"2017-07-10T04:03:15+00:00","dateModified":"2019-07-15T10:02:03+00:00","mainEntityOfPage":{"@id":"https:\/\/batijournal.com\/index.php\/amelioration-climat-conjoncturel-europeen-beton-pret-a-lemploi\/96451\/"},"wordCount":225,"image":{"@id":"https:\/\/batijournal.com\/index.php\/amelioration-climat-conjoncturel-europeen-beton-pret-a-lemploi\/96451\/#primaryimage"},"thumbnailUrl":"https:\/\/batijournal.com\/wp-content\/uploads\/2016\/02\/construction.jpg","keywords":["b\u00e9ton","BPE"],"articleSection":["Actualit\u00e9s","\u00c9conomie &amp; March\u00e9s"],"inLanguage":"fr-FR"},{"@type":"WebPage","@id":"https:\/\/batijournal.com\/index.php\/amelioration-climat-conjoncturel-europeen-beton-pret-a-lemploi\/96451\/","url":"https:\/\/batijournal.com\/index.php\/amelioration-climat-conjoncturel-europeen-beton-pret-a-lemploi\/96451\/","name":"Am\u00e9lioration du climat conjoncturel europ\u00e9en pour le b\u00e9ton pr\u00eat \u00e0 l\u2019emploi","isPartOf":{"@id":"https:\/\/batijournal.com\/#website"},"primaryImageOfPage":{"@id":"https:\/\/batijournal.com\/index.php\/amelioration-climat-conjoncturel-europeen-beton-pret-a-lemploi\/96451\/#primaryimage"},"image":{"@id":"https:\/\/batijournal.com\/index.php\/amelioration-climat-conjoncturel-europeen-beton-pret-a-lemploi\/96451\/#primaryimage"},"thumbnailUrl":"https:\/\/batijournal.com\/wp-content\/uploads\/2016\/02\/construction.jpg","datePublished":"2017-07-10T04:03:15+00:00","dateModified":"2019-07-15T10:02:03+00:00","author":{"@id":"https:\/\/batijournal.com\/#\/schema\/person\/1dc96ec6957aa1ccb25ebe78bb19f100"},"breadcrumb":{"@id":"https:\/\/batijournal.com\/index.php\/amelioration-climat-conjoncturel-europeen-beton-pret-a-lemploi\/96451\/#breadcrumb"},"inLanguage":"fr-FR","potentialAction":[{"@type":"ReadAction","target":["https:\/\/batijournal.com\/index.php\/amelioration-climat-conjoncturel-europeen-beton-pret-a-lemploi\/96451\/"]}]},{"@type":"ImageObject","inLanguage":"fr-FR","@id":"https:\/\/batijournal.com\/index.php\/amelioration-climat-conjoncturel-europeen-beton-pret-a-lemploi\/96451\/#primaryimage","url":"https:\/\/batijournal.com\/wp-content\/uploads\/2016\/02\/construction.jpg","contentUrl":"https:\/\/batijournal.com\/wp-content\/uploads\/2016\/02\/construction.jpg","width":1200,"height":800},{"@type":"BreadcrumbList","@id":"https:\/\/batijournal.com\/index.php\/amelioration-climat-conjoncturel-europeen-beton-pret-a-lemploi\/96451\/#breadcrumb","itemListElement":[{"@type":"ListItem","position":1,"name":"Accueil","item":"https:\/\/batijournal.com\/"},{"@type":"ListItem","position":2,"name":"Actualit\u00e9s","item":"https:\/\/batijournal.com\/index.php\/category\/actualites\/"},{"@type":"ListItem","position":3,"name":"Am\u00e9lioration du climat conjoncturel europ\u00e9en pour le b\u00e9ton pr\u00eat \u00e0 l\u2019emploi"}]},{"@type":"WebSite","@id":"https:\/\/batijournal.com\/#website","url":"https:\/\/batijournal.com\/","name":"Batijournal","description":"L&#039;actualit\u00e9 du b\u00e2timent","potentialAction":[{"@type":"SearchAction","target":{"@type":"EntryPoint","urlTemplate":"https:\/\/batijournal.com\/?s={search_term_string}"},"query-input":{"@type":"PropertyValueSpecification","valueRequired":true,"valueName":"search_term_string"}}],"inLanguage":"fr-FR"},{"@type":"Person","@id":"https:\/\/batijournal.com\/#\/schema\/person\/1dc96ec6957aa1ccb25ebe78bb19f100","name":"St\u00e9phane Miget","image":{"@type":"ImageObject","inLanguage":"fr-FR","@id":"https:\/\/secure.gravatar.com\/avatar\/89915563d925342126b8ef0281b93d9d7fc337043e8df017f780908eb9644451?s=96&d=mm&r=g","url":"https:\/\/secure.gravatar.com\/avatar\/89915563d925342126b8ef0281b93d9d7fc337043e8df017f780908eb9644451?s=96&d=mm&r=g","contentUrl":"https:\/\/secure.gravatar.com\/avatar\/89915563d925342126b8ef0281b93d9d7fc337043e8df017f780908eb9644451?s=96&d=mm&r=g","caption":"St\u00e9phane Miget"},"url":"https:\/\/batijournal.com\/index.php\/author\/stephane\/"}]}},"_links":{"self":[{"href":"https:\/\/batijournal.com\/index.php\/wp-json\/wp\/v2\/posts\/96451","targetHints":{"allow":["GET"]}}],"collection":[{"href":"https:\/\/batijournal.com\/index.php\/wp-json\/wp\/v2\/posts"}],"about":[{"href":"https:\/\/batijournal.com\/index.php\/wp-json\/wp\/v2\/types\/post"}],"author":[{"embeddable":true,"href":"https:\/\/batijournal.com\/index.php\/wp-json\/wp\/v2\/users\/17"}],"replies":[{"embeddable":true,"href":"https:\/\/batijournal.com\/index.php\/wp-json\/wp\/v2\/comments?post=96451"}],"version-history":[{"count":0,"href":"https:\/\/batijournal.com\/index.php\/wp-json\/wp\/v2\/posts\/96451\/revisions"}],"wp:featuredmedia":[{"embeddable":true,"href":"https:\/\/batijournal.com\/index.php\/wp-json\/wp\/v2\/media\/91516"}],"wp:attachment":[{"href":"https:\/\/batijournal.com\/index.php\/wp-json\/wp\/v2\/media?parent=96451"}],"wp:term":[{"taxonomy":"category","embeddable":true,"href":"https:\/\/batijournal.com\/index.php\/wp-json\/wp\/v2\/categories?post=96451"},{"taxonomy":"post_tag","embeddable":true,"href":"https:\/\/batijournal.com\/index.php\/wp-json\/wp\/v2\/tags?post=96451"}],"curies":[{"name":"wp","href":"https:\/\/api.w.org\/{rel}","templated":true}]}}