{"id":96466,"date":"2017-07-12T08:17:28","date_gmt":"2017-07-12T06:17:28","guid":{"rendered":"http:\/\/batijournal.com\/?p=96466"},"modified":"2020-07-17T12:09:37","modified_gmt":"2020-07-17T10:09:37","slug":"chateau-dazay-rideau-a-rouvert-portes","status":"publish","type":"post","link":"https:\/\/batijournal.com\/index.php\/chateau-dazay-rideau-a-rouvert-portes\/96466\/","title":{"rendered":"Le ch\u00e2teau d\u2019Azay-le-Rideau a rouvert ses portes"},"content":{"rendered":"<p>Ferm\u00e9 pour travaux depuis 2015, le ch\u00e2teau d\u2019Azay-le-Rideau a rouvert ses portes le 7 juillet 2017. La restauration s&rsquo;est \u00e9tal\u00e9e sur 3 ans : couvertures en ardoise refaites, pi\u00e8ces de charpente enti\u00e8rement reprises, sculptures consolid\u00e9es, \u00e9pis de fa\u00eetages restaur\u00e9s. Durant les travaux, il a \u00e9t\u00e9 recouvert d\u2019un \u00e9chafaudage parapluie qui a permis l\u2019intervention des artisans (charpentiers, couvreurs, tailleurs de pierre) en toute s\u00e9curit\u00e9 et assurant la protection des combles et des \u00e9tages contre les al\u00e9as climatiques. Une part importante de cette restauration concernait la toiture de 1838 m2, qui pr\u00e9sentait des probl\u00e8mes d&rsquo;\u00e9tanch\u00e9it\u00e9, mena\u00e7ant la charpente du XVI\u00e8me si\u00e8cle. Les ardoises employ\u00e9es \u00e0 l&rsquo;origine pour la couverture du ch\u00e2teau d&rsquo;Azay provenaient d&rsquo;Anjou, mais ayant d\u00e9finitivement ferm\u00e9 en 2013, c&rsquo;est l\u2019ardoise naturelle CUPA PIZARRAS qui a \u00e9t\u00e9 s\u00e9lectionn\u00e9e pour cette restauration.<\/p>\n<p>Photo :\u00a0CUPA PIZARRAS<\/p>\n","protected":false},"excerpt":{"rendered":"<p>Ferm\u00e9 pour travaux depuis 2015, le ch\u00e2teau d\u2019Azay-le-Rideau a rouvert ses portes le 7 juillet 2017. La restauration s&rsquo;est \u00e9tal\u00e9e sur 3 ans : couvertures en ardoise refaites, pi\u00e8ces de charpente enti\u00e8rement reprises, sculptures consolid\u00e9es, \u00e9pis de fa\u00eetages restaur\u00e9s. Durant les travaux, il a \u00e9t\u00e9 recouvert d\u2019un \u00e9chafaudage parapluie qui a permis l\u2019intervention des artisans [&hellip;]<\/p>\n","protected":false},"author":17,"featured_media":96467,"comment_status":"closed","ping_status":"closed","sticky":false,"template":"","format":"standard","meta":{"_et_pb_use_builder":"","_et_pb_old_content":"","_et_gb_content_width":"","footnotes":""},"categories":[10530,6340,10785],"tags":[12153,4474],"class_list":["post-96466","post","type-post","status-publish","format-standard","has-post-thumbnail","hentry","category-actualites","category-architecture-conception","category-atrium","tag-cupa-pizarras","tag-monuments-historiques"],"yoast_head":"<!-- This site is optimized with the Yoast SEO plugin v27.4 - https:\/\/yoast.com\/product\/yoast-seo-wordpress\/ -->\n<title>Le ch\u00e2teau d\u2019Azay-le-Rideau a rouvert ses portes<\/title>\n<meta name=\"robots\" content=\"index, follow, max-snippet:-1, max-image-preview:large, max-video-preview:-1\" \/>\n<link rel=\"canonical\" href=\"https:\/\/batijournal.com\/index.php\/chateau-dazay-rideau-a-rouvert-portes\/96466\/\" \/>\n<meta property=\"og:locale\" content=\"fr_FR\" \/>\n<meta property=\"og:type\" content=\"article\" \/>\n<meta property=\"og:title\" content=\"Le ch\u00e2teau d\u2019Azay-le-Rideau a rouvert ses portes\" \/>\n<meta property=\"og:description\" content=\"Ferm\u00e9 pour travaux depuis 2015, le ch\u00e2teau d\u2019Azay-le-Rideau a rouvert ses portes le 7 juillet 2017. La restauration s&rsquo;est \u00e9tal\u00e9e sur 3 ans : couvertures en ardoise refaites, pi\u00e8ces de charpente enti\u00e8rement reprises, sculptures consolid\u00e9es, \u00e9pis de fa\u00eetages restaur\u00e9s. Durant les travaux, il a \u00e9t\u00e9 recouvert d\u2019un \u00e9chafaudage parapluie qui a permis l\u2019intervention des artisans [&hellip;]\" \/>\n<meta property=\"og:url\" content=\"https:\/\/batijournal.com\/index.php\/chateau-dazay-rideau-a-rouvert-portes\/96466\/\" \/>\n<meta property=\"og:site_name\" content=\"Batijournal\" \/>\n<meta property=\"article:published_time\" content=\"2017-07-12T06:17:28+00:00\" \/>\n<meta property=\"article:modified_time\" content=\"2020-07-17T10:09:37+00:00\" \/>\n<meta property=\"og:image\" content=\"https:\/\/batijournal.com\/wp-content\/uploads\/2017\/07\/chateau_azay_le_rideau_patrimoine_francaise.jpg\" \/>\n\t<meta property=\"og:image:width\" content=\"755\" \/>\n\t<meta property=\"og:image:height\" content=\"431\" \/>\n\t<meta property=\"og:image:type\" content=\"image\/jpeg\" \/>\n<meta name=\"author\" content=\"St\u00e9phane Miget\" \/>\n<meta name=\"twitter:card\" content=\"summary_large_image\" \/>\n<meta name=\"twitter:creator\" content=\"@bati_journal\" \/>\n<meta name=\"twitter:site\" content=\"@bati_journal\" \/>\n<meta name=\"twitter:label1\" content=\"\u00c9crit par\" \/>\n\t<meta name=\"twitter:data1\" content=\"St\u00e9phane Miget\" \/>\n\t<meta name=\"twitter:label2\" content=\"Dur\u00e9e de lecture estim\u00e9e\" \/>\n\t<meta name=\"twitter:data2\" content=\"1 minute\" \/>\n<script type=\"application\/ld+json\" class=\"yoast-schema-graph\">{\"@context\":\"https:\\\/\\\/schema.org\",\"@graph\":[{\"@type\":\"Article\",\"@id\":\"https:\\\/\\\/batijournal.com\\\/index.php\\\/chateau-dazay-rideau-a-rouvert-portes\\\/96466\\\/#article\",\"isPartOf\":{\"@id\":\"https:\\\/\\\/batijournal.com\\\/index.php\\\/chateau-dazay-rideau-a-rouvert-portes\\\/96466\\\/\"},\"author\":{\"name\":\"St\u00e9phane Miget\",\"@id\":\"https:\\\/\\\/batijournal.com\\\/#\\\/schema\\\/person\\\/1dc96ec6957aa1ccb25ebe78bb19f100\"},\"headline\":\"Le ch\u00e2teau d\u2019Azay-le-Rideau a rouvert ses portes\",\"datePublished\":\"2017-07-12T06:17:28+00:00\",\"dateModified\":\"2020-07-17T10:09:37+00:00\",\"mainEntityOfPage\":{\"@id\":\"https:\\\/\\\/batijournal.com\\\/index.php\\\/chateau-dazay-rideau-a-rouvert-portes\\\/96466\\\/\"},\"wordCount\":164,\"image\":{\"@id\":\"https:\\\/\\\/batijournal.com\\\/index.php\\\/chateau-dazay-rideau-a-rouvert-portes\\\/96466\\\/#primaryimage\"},\"thumbnailUrl\":\"https:\\\/\\\/batijournal.com\\\/wp-content\\\/uploads\\\/2017\\\/07\\\/chateau_azay_le_rideau_patrimoine_francaise.jpg\",\"keywords\":[\"cupa pizarras\",\"monuments historiques\"],\"articleSection\":[\"Actualit\u00e9s\",\"Architecture &amp; Conception\",\"zz_Atrium Patrimoine\"],\"inLanguage\":\"fr-FR\"},{\"@type\":\"WebPage\",\"@id\":\"https:\\\/\\\/batijournal.com\\\/index.php\\\/chateau-dazay-rideau-a-rouvert-portes\\\/96466\\\/\",\"url\":\"https:\\\/\\\/batijournal.com\\\/index.php\\\/chateau-dazay-rideau-a-rouvert-portes\\\/96466\\\/\",\"name\":\"Le ch\u00e2teau d\u2019Azay-le-Rideau a rouvert ses portes\",\"isPartOf\":{\"@id\":\"https:\\\/\\\/batijournal.com\\\/#website\"},\"primaryImageOfPage\":{\"@id\":\"https:\\\/\\\/batijournal.com\\\/index.php\\\/chateau-dazay-rideau-a-rouvert-portes\\\/96466\\\/#primaryimage\"},\"image\":{\"@id\":\"https:\\\/\\\/batijournal.com\\\/index.php\\\/chateau-dazay-rideau-a-rouvert-portes\\\/96466\\\/#primaryimage\"},\"thumbnailUrl\":\"https:\\\/\\\/batijournal.com\\\/wp-content\\\/uploads\\\/2017\\\/07\\\/chateau_azay_le_rideau_patrimoine_francaise.jpg\",\"datePublished\":\"2017-07-12T06:17:28+00:00\",\"dateModified\":\"2020-07-17T10:09:37+00:00\",\"author\":{\"@id\":\"https:\\\/\\\/batijournal.com\\\/#\\\/schema\\\/person\\\/1dc96ec6957aa1ccb25ebe78bb19f100\"},\"breadcrumb\":{\"@id\":\"https:\\\/\\\/batijournal.com\\\/index.php\\\/chateau-dazay-rideau-a-rouvert-portes\\\/96466\\\/#breadcrumb\"},\"inLanguage\":\"fr-FR\",\"potentialAction\":[{\"@type\":\"ReadAction\",\"target\":[\"https:\\\/\\\/batijournal.com\\\/index.php\\\/chateau-dazay-rideau-a-rouvert-portes\\\/96466\\\/\"]}]},{\"@type\":\"ImageObject\",\"inLanguage\":\"fr-FR\",\"@id\":\"https:\\\/\\\/batijournal.com\\\/index.php\\\/chateau-dazay-rideau-a-rouvert-portes\\\/96466\\\/#primaryimage\",\"url\":\"https:\\\/\\\/batijournal.com\\\/wp-content\\\/uploads\\\/2017\\\/07\\\/chateau_azay_le_rideau_patrimoine_francaise.jpg\",\"contentUrl\":\"https:\\\/\\\/batijournal.com\\\/wp-content\\\/uploads\\\/2017\\\/07\\\/chateau_azay_le_rideau_patrimoine_francaise.jpg\",\"width\":755,\"height\":431},{\"@type\":\"BreadcrumbList\",\"@id\":\"https:\\\/\\\/batijournal.com\\\/index.php\\\/chateau-dazay-rideau-a-rouvert-portes\\\/96466\\\/#breadcrumb\",\"itemListElement\":[{\"@type\":\"ListItem\",\"position\":1,\"name\":\"Accueil\",\"item\":\"https:\\\/\\\/batijournal.com\\\/\"},{\"@type\":\"ListItem\",\"position\":2,\"name\":\"Actualit\u00e9s\",\"item\":\"https:\\\/\\\/batijournal.com\\\/index.php\\\/category\\\/actualites\\\/\"},{\"@type\":\"ListItem\",\"position\":3,\"name\":\"Le ch\u00e2teau d\u2019Azay-le-Rideau a rouvert ses portes\"}]},{\"@type\":\"WebSite\",\"@id\":\"https:\\\/\\\/batijournal.com\\\/#website\",\"url\":\"https:\\\/\\\/batijournal.com\\\/\",\"name\":\"Batijournal\",\"description\":\"L&#039;actualit\u00e9 du b\u00e2timent\",\"potentialAction\":[{\"@type\":\"SearchAction\",\"target\":{\"@type\":\"EntryPoint\",\"urlTemplate\":\"https:\\\/\\\/batijournal.com\\\/?s={search_term_string}\"},\"query-input\":{\"@type\":\"PropertyValueSpecification\",\"valueRequired\":true,\"valueName\":\"search_term_string\"}}],\"inLanguage\":\"fr-FR\"},{\"@type\":\"Person\",\"@id\":\"https:\\\/\\\/batijournal.com\\\/#\\\/schema\\\/person\\\/1dc96ec6957aa1ccb25ebe78bb19f100\",\"name\":\"St\u00e9phane Miget\",\"image\":{\"@type\":\"ImageObject\",\"inLanguage\":\"fr-FR\",\"@id\":\"https:\\\/\\\/secure.gravatar.com\\\/avatar\\\/89915563d925342126b8ef0281b93d9d7fc337043e8df017f780908eb9644451?s=96&d=mm&r=g\",\"url\":\"https:\\\/\\\/secure.gravatar.com\\\/avatar\\\/89915563d925342126b8ef0281b93d9d7fc337043e8df017f780908eb9644451?s=96&d=mm&r=g\",\"contentUrl\":\"https:\\\/\\\/secure.gravatar.com\\\/avatar\\\/89915563d925342126b8ef0281b93d9d7fc337043e8df017f780908eb9644451?s=96&d=mm&r=g\",\"caption\":\"St\u00e9phane Miget\"},\"url\":\"https:\\\/\\\/batijournal.com\\\/index.php\\\/author\\\/stephane\\\/\"}]}<\/script>\n<!-- \/ Yoast SEO plugin. -->","yoast_head_json":{"title":"Le ch\u00e2teau d\u2019Azay-le-Rideau a rouvert ses portes","robots":{"index":"index","follow":"follow","max-snippet":"max-snippet:-1","max-image-preview":"max-image-preview:large","max-video-preview":"max-video-preview:-1"},"canonical":"https:\/\/batijournal.com\/index.php\/chateau-dazay-rideau-a-rouvert-portes\/96466\/","og_locale":"fr_FR","og_type":"article","og_title":"Le ch\u00e2teau d\u2019Azay-le-Rideau a rouvert ses portes","og_description":"Ferm\u00e9 pour travaux depuis 2015, le ch\u00e2teau d\u2019Azay-le-Rideau a rouvert ses portes le 7 juillet 2017. La restauration s&rsquo;est \u00e9tal\u00e9e sur 3 ans : couvertures en ardoise refaites, pi\u00e8ces de charpente enti\u00e8rement reprises, sculptures consolid\u00e9es, \u00e9pis de fa\u00eetages restaur\u00e9s. Durant les travaux, il a \u00e9t\u00e9 recouvert d\u2019un \u00e9chafaudage parapluie qui a permis l\u2019intervention des artisans [&hellip;]","og_url":"https:\/\/batijournal.com\/index.php\/chateau-dazay-rideau-a-rouvert-portes\/96466\/","og_site_name":"Batijournal","article_published_time":"2017-07-12T06:17:28+00:00","article_modified_time":"2020-07-17T10:09:37+00:00","og_image":[{"width":755,"height":431,"url":"https:\/\/batijournal.com\/wp-content\/uploads\/2017\/07\/chateau_azay_le_rideau_patrimoine_francaise.jpg","type":"image\/jpeg"}],"author":"St\u00e9phane Miget","twitter_card":"summary_large_image","twitter_creator":"@bati_journal","twitter_site":"@bati_journal","twitter_misc":{"\u00c9crit par":"St\u00e9phane Miget","Dur\u00e9e de lecture estim\u00e9e":"1 minute"},"schema":{"@context":"https:\/\/schema.org","@graph":[{"@type":"Article","@id":"https:\/\/batijournal.com\/index.php\/chateau-dazay-rideau-a-rouvert-portes\/96466\/#article","isPartOf":{"@id":"https:\/\/batijournal.com\/index.php\/chateau-dazay-rideau-a-rouvert-portes\/96466\/"},"author":{"name":"St\u00e9phane Miget","@id":"https:\/\/batijournal.com\/#\/schema\/person\/1dc96ec6957aa1ccb25ebe78bb19f100"},"headline":"Le ch\u00e2teau d\u2019Azay-le-Rideau a rouvert ses portes","datePublished":"2017-07-12T06:17:28+00:00","dateModified":"2020-07-17T10:09:37+00:00","mainEntityOfPage":{"@id":"https:\/\/batijournal.com\/index.php\/chateau-dazay-rideau-a-rouvert-portes\/96466\/"},"wordCount":164,"image":{"@id":"https:\/\/batijournal.com\/index.php\/chateau-dazay-rideau-a-rouvert-portes\/96466\/#primaryimage"},"thumbnailUrl":"https:\/\/batijournal.com\/wp-content\/uploads\/2017\/07\/chateau_azay_le_rideau_patrimoine_francaise.jpg","keywords":["cupa pizarras","monuments historiques"],"articleSection":["Actualit\u00e9s","Architecture &amp; Conception","zz_Atrium Patrimoine"],"inLanguage":"fr-FR"},{"@type":"WebPage","@id":"https:\/\/batijournal.com\/index.php\/chateau-dazay-rideau-a-rouvert-portes\/96466\/","url":"https:\/\/batijournal.com\/index.php\/chateau-dazay-rideau-a-rouvert-portes\/96466\/","name":"Le ch\u00e2teau d\u2019Azay-le-Rideau a rouvert ses portes","isPartOf":{"@id":"https:\/\/batijournal.com\/#website"},"primaryImageOfPage":{"@id":"https:\/\/batijournal.com\/index.php\/chateau-dazay-rideau-a-rouvert-portes\/96466\/#primaryimage"},"image":{"@id":"https:\/\/batijournal.com\/index.php\/chateau-dazay-rideau-a-rouvert-portes\/96466\/#primaryimage"},"thumbnailUrl":"https:\/\/batijournal.com\/wp-content\/uploads\/2017\/07\/chateau_azay_le_rideau_patrimoine_francaise.jpg","datePublished":"2017-07-12T06:17:28+00:00","dateModified":"2020-07-17T10:09:37+00:00","author":{"@id":"https:\/\/batijournal.com\/#\/schema\/person\/1dc96ec6957aa1ccb25ebe78bb19f100"},"breadcrumb":{"@id":"https:\/\/batijournal.com\/index.php\/chateau-dazay-rideau-a-rouvert-portes\/96466\/#breadcrumb"},"inLanguage":"fr-FR","potentialAction":[{"@type":"ReadAction","target":["https:\/\/batijournal.com\/index.php\/chateau-dazay-rideau-a-rouvert-portes\/96466\/"]}]},{"@type":"ImageObject","inLanguage":"fr-FR","@id":"https:\/\/batijournal.com\/index.php\/chateau-dazay-rideau-a-rouvert-portes\/96466\/#primaryimage","url":"https:\/\/batijournal.com\/wp-content\/uploads\/2017\/07\/chateau_azay_le_rideau_patrimoine_francaise.jpg","contentUrl":"https:\/\/batijournal.com\/wp-content\/uploads\/2017\/07\/chateau_azay_le_rideau_patrimoine_francaise.jpg","width":755,"height":431},{"@type":"BreadcrumbList","@id":"https:\/\/batijournal.com\/index.php\/chateau-dazay-rideau-a-rouvert-portes\/96466\/#breadcrumb","itemListElement":[{"@type":"ListItem","position":1,"name":"Accueil","item":"https:\/\/batijournal.com\/"},{"@type":"ListItem","position":2,"name":"Actualit\u00e9s","item":"https:\/\/batijournal.com\/index.php\/category\/actualites\/"},{"@type":"ListItem","position":3,"name":"Le ch\u00e2teau d\u2019Azay-le-Rideau a rouvert ses portes"}]},{"@type":"WebSite","@id":"https:\/\/batijournal.com\/#website","url":"https:\/\/batijournal.com\/","name":"Batijournal","description":"L&#039;actualit\u00e9 du b\u00e2timent","potentialAction":[{"@type":"SearchAction","target":{"@type":"EntryPoint","urlTemplate":"https:\/\/batijournal.com\/?s={search_term_string}"},"query-input":{"@type":"PropertyValueSpecification","valueRequired":true,"valueName":"search_term_string"}}],"inLanguage":"fr-FR"},{"@type":"Person","@id":"https:\/\/batijournal.com\/#\/schema\/person\/1dc96ec6957aa1ccb25ebe78bb19f100","name":"St\u00e9phane Miget","image":{"@type":"ImageObject","inLanguage":"fr-FR","@id":"https:\/\/secure.gravatar.com\/avatar\/89915563d925342126b8ef0281b93d9d7fc337043e8df017f780908eb9644451?s=96&d=mm&r=g","url":"https:\/\/secure.gravatar.com\/avatar\/89915563d925342126b8ef0281b93d9d7fc337043e8df017f780908eb9644451?s=96&d=mm&r=g","contentUrl":"https:\/\/secure.gravatar.com\/avatar\/89915563d925342126b8ef0281b93d9d7fc337043e8df017f780908eb9644451?s=96&d=mm&r=g","caption":"St\u00e9phane Miget"},"url":"https:\/\/batijournal.com\/index.php\/author\/stephane\/"}]}},"_links":{"self":[{"href":"https:\/\/batijournal.com\/index.php\/wp-json\/wp\/v2\/posts\/96466","targetHints":{"allow":["GET"]}}],"collection":[{"href":"https:\/\/batijournal.com\/index.php\/wp-json\/wp\/v2\/posts"}],"about":[{"href":"https:\/\/batijournal.com\/index.php\/wp-json\/wp\/v2\/types\/post"}],"author":[{"embeddable":true,"href":"https:\/\/batijournal.com\/index.php\/wp-json\/wp\/v2\/users\/17"}],"replies":[{"embeddable":true,"href":"https:\/\/batijournal.com\/index.php\/wp-json\/wp\/v2\/comments?post=96466"}],"version-history":[{"count":0,"href":"https:\/\/batijournal.com\/index.php\/wp-json\/wp\/v2\/posts\/96466\/revisions"}],"wp:featuredmedia":[{"embeddable":true,"href":"https:\/\/batijournal.com\/index.php\/wp-json\/wp\/v2\/media\/96467"}],"wp:attachment":[{"href":"https:\/\/batijournal.com\/index.php\/wp-json\/wp\/v2\/media?parent=96466"}],"wp:term":[{"taxonomy":"category","embeddable":true,"href":"https:\/\/batijournal.com\/index.php\/wp-json\/wp\/v2\/categories?post=96466"},{"taxonomy":"post_tag","embeddable":true,"href":"https:\/\/batijournal.com\/index.php\/wp-json\/wp\/v2\/tags?post=96466"}],"curies":[{"name":"wp","href":"https:\/\/api.w.org\/{rel}","templated":true}]}}