{"id":96468,"date":"2017-07-12T08:23:21","date_gmt":"2017-07-12T06:23:21","guid":{"rendered":"http:\/\/batijournal.com\/?p=96468"},"modified":"2019-07-15T11:15:44","modified_gmt":"2019-07-15T09:15:44","slug":"grande-pagode-bois-de-vincennes-restauree","status":"publish","type":"post","link":"https:\/\/batijournal.com\/index.php\/grande-pagode-bois-de-vincennes-restauree\/96468\/","title":{"rendered":"La Grande Pagode du bois de Vincennes restaur\u00e9e"},"content":{"rendered":"<p>La Grande Pagode du bois de Vincennes a \u00e9t\u00e9 inaugur\u00e9e fin mai 2017 apr\u00e8s d\u2019importants travaux de r\u00e9novation. D\u2019abord pavillon du Cameroun lors de l\u2019exposition coloniale de 1931, ce b\u00e2timent en bois \u00e0 l\u2019architecture tr\u00e8s particuli\u00e8re fut affect\u00e9 au culte bouddhiste en 1974. L\u2019\u00e9difice principal, inscrit aux B\u00e2timents de France, a \u00e9t\u00e9 r\u00e9nov\u00e9 gr\u00e2ce au concours de la Ville de Paris, qui a subventionn\u00e9 les travaux \u00e0 hauteur d\u2019un million d\u2019euros. Sa restauration lui permet de retrouver l\u2019\u00e9tat du b\u00e2timent tel qu\u2019il \u00e9tait en 1974. Sur ses fa\u00e7ades, les motifs g\u00e9om\u00e9triques datant de l\u2019exposition coloniale ont \u00e9t\u00e9 recr\u00e9\u00e9s. La Pagode pr\u00e9sentait de nombreux d\u00e9sordres au niveau de ses parements ext\u00e9rieurs faits de mat\u00e9riaux atypiques de tradition africaine, de ses couvertures en essentes de bois (notamment celles des galeries basses ext\u00e9rieures), de ses baies vitr\u00e9es m\u00e9talliques&#8230;<\/p>\n<p>Travaux r\u00e9alis\u00e9s :<\/p>\n<p>\u2013 la restauration en conservation des charpentes en bois ;<\/p>\n<p>\u2013 la restauration en conservation de la couverture haute en essentes de bois et la r\u00e9fection \u00e0 l\u2019identique des couvertures des galeries basses ;<\/p>\n<p>\u2013 le r\u00e9tablissement, au plus pr\u00e8s de leur physionomie originelle, des poteaux des galeries p\u00e9riph\u00e9riques ;<\/p>\n<p>\u2013 la reprise des enduits et badigeons ext\u00e9rieurs avec un m\u00e9lange de pl\u00e2tre de Paris et de fibres v\u00e9g\u00e9tales r\u00e9alis\u00e9 dans un jaune lumineux qui rappelle la couleur de la robe de certains moines bouddhistes ;<\/p>\n<p>\u2013 la cr\u00e9ation de fen\u00eatres de sondage pr\u00e9sentant les d\u00e9cors originels conserv\u00e9s sous le badigeon actuel ;<\/p>\n<p>\u2013 le r\u00e9tablissement partiel du portique d\u2019origine par le prolongement des deux poteaux bois lat\u00e9raux existants, la cr\u00e9ation d\u2019un linteau reprenant les charges du poteau central conserv\u00e9 en l\u2019\u00e9tat et la suppression du linteau courbe actuel au devant de la fa\u00e7ade d\u2019entr\u00e9e ;<\/p>\n<p>\u2013 la r\u00e9fection des installations d\u2019\u00e9lectricit\u00e9, de s\u00e9curit\u00e9 incendie et l\u2019am\u00e9lioration des conditions d\u2019accueil des personnes handicap\u00e9es.<\/p>\n<p>&#8211; Les piliers en m\u00e9l\u00e8ze entourant le b\u00e2timent ont \u00e9t\u00e9 refaits, de m\u00eame que la \u00ab\u00a0roue du dharma\u00a0\u00bb ornant l&rsquo;entr\u00e9e, un symbole des sagesses bouddhiques.<\/p>\n<p>Source et photo : Paris.fr<\/p>\n<p>&nbsp;<\/p>\n","protected":false},"excerpt":{"rendered":"<p>La Grande Pagode du bois de Vincennes a \u00e9t\u00e9 inaugur\u00e9e fin mai 2017 apr\u00e8s d\u2019importants travaux de r\u00e9novation. D\u2019abord pavillon du Cameroun lors de l\u2019exposition coloniale de 1931, ce b\u00e2timent en bois \u00e0 l\u2019architecture tr\u00e8s particuli\u00e8re fut affect\u00e9 au culte bouddhiste en 1974. L\u2019\u00e9difice principal, inscrit aux B\u00e2timents de France, a \u00e9t\u00e9 r\u00e9nov\u00e9 gr\u00e2ce au [&hellip;]<\/p>\n","protected":false},"author":17,"featured_media":96469,"comment_status":"closed","ping_status":"closed","sticky":false,"template":"","format":"standard","meta":{"_et_pb_use_builder":"","_et_pb_old_content":"","_et_gb_content_width":"","footnotes":""},"categories":[10530,6340,10785],"tags":[1308],"class_list":["post-96468","post","type-post","status-publish","format-standard","has-post-thumbnail","hentry","category-actualites","category-architecture-conception","category-atrium","tag-restauration"],"yoast_head":"<!-- This site is optimized with the Yoast SEO plugin v27.4 - https:\/\/yoast.com\/product\/yoast-seo-wordpress\/ -->\n<title>La Grande Pagode du bois de Vincennes restaur\u00e9e<\/title>\n<meta name=\"robots\" content=\"index, follow, max-snippet:-1, max-image-preview:large, max-video-preview:-1\" \/>\n<link rel=\"canonical\" href=\"https:\/\/batijournal.com\/index.php\/grande-pagode-bois-de-vincennes-restauree\/96468\/\" \/>\n<meta property=\"og:locale\" content=\"fr_FR\" \/>\n<meta property=\"og:type\" content=\"article\" \/>\n<meta property=\"og:title\" content=\"La Grande Pagode du bois de Vincennes restaur\u00e9e\" \/>\n<meta property=\"og:description\" content=\"La Grande Pagode du bois de Vincennes a \u00e9t\u00e9 inaugur\u00e9e fin mai 2017 apr\u00e8s d\u2019importants travaux de r\u00e9novation. D\u2019abord pavillon du Cameroun lors de l\u2019exposition coloniale de 1931, ce b\u00e2timent en bois \u00e0 l\u2019architecture tr\u00e8s particuli\u00e8re fut affect\u00e9 au culte bouddhiste en 1974. L\u2019\u00e9difice principal, inscrit aux B\u00e2timents de France, a \u00e9t\u00e9 r\u00e9nov\u00e9 gr\u00e2ce au [&hellip;]\" \/>\n<meta property=\"og:url\" content=\"https:\/\/batijournal.com\/index.php\/grande-pagode-bois-de-vincennes-restauree\/96468\/\" \/>\n<meta property=\"og:site_name\" content=\"Batijournal\" \/>\n<meta property=\"article:published_time\" content=\"2017-07-12T06:23:21+00:00\" \/>\n<meta property=\"article:modified_time\" content=\"2019-07-15T09:15:44+00:00\" \/>\n<meta property=\"og:image\" content=\"https:\/\/batijournal.com\/wp-content\/uploads\/2017\/07\/grande-pagode-paris.jpg\" \/>\n\t<meta property=\"og:image:width\" content=\"800\" \/>\n\t<meta property=\"og:image:height\" content=\"532\" \/>\n\t<meta property=\"og:image:type\" content=\"image\/jpeg\" \/>\n<meta name=\"author\" content=\"St\u00e9phane Miget\" \/>\n<meta name=\"twitter:card\" content=\"summary_large_image\" \/>\n<meta name=\"twitter:creator\" content=\"@bati_journal\" \/>\n<meta name=\"twitter:site\" content=\"@bati_journal\" \/>\n<meta name=\"twitter:label1\" content=\"\u00c9crit par\" \/>\n\t<meta name=\"twitter:data1\" content=\"St\u00e9phane Miget\" \/>\n\t<meta name=\"twitter:label2\" content=\"Dur\u00e9e de lecture estim\u00e9e\" \/>\n\t<meta name=\"twitter:data2\" content=\"2 minutes\" \/>\n<script type=\"application\/ld+json\" class=\"yoast-schema-graph\">{\"@context\":\"https:\\\/\\\/schema.org\",\"@graph\":[{\"@type\":\"Article\",\"@id\":\"https:\\\/\\\/batijournal.com\\\/index.php\\\/grande-pagode-bois-de-vincennes-restauree\\\/96468\\\/#article\",\"isPartOf\":{\"@id\":\"https:\\\/\\\/batijournal.com\\\/index.php\\\/grande-pagode-bois-de-vincennes-restauree\\\/96468\\\/\"},\"author\":{\"name\":\"St\u00e9phane Miget\",\"@id\":\"https:\\\/\\\/batijournal.com\\\/#\\\/schema\\\/person\\\/1dc96ec6957aa1ccb25ebe78bb19f100\"},\"headline\":\"La Grande Pagode du bois de Vincennes restaur\u00e9e\",\"datePublished\":\"2017-07-12T06:23:21+00:00\",\"dateModified\":\"2019-07-15T09:15:44+00:00\",\"mainEntityOfPage\":{\"@id\":\"https:\\\/\\\/batijournal.com\\\/index.php\\\/grande-pagode-bois-de-vincennes-restauree\\\/96468\\\/\"},\"wordCount\":392,\"image\":{\"@id\":\"https:\\\/\\\/batijournal.com\\\/index.php\\\/grande-pagode-bois-de-vincennes-restauree\\\/96468\\\/#primaryimage\"},\"thumbnailUrl\":\"https:\\\/\\\/batijournal.com\\\/wp-content\\\/uploads\\\/2017\\\/07\\\/grande-pagode-paris.jpg\",\"keywords\":[\"restauration\"],\"articleSection\":[\"Actualit\u00e9s\",\"Architecture &amp; Conception\",\"zz_Atrium Patrimoine\"],\"inLanguage\":\"fr-FR\"},{\"@type\":\"WebPage\",\"@id\":\"https:\\\/\\\/batijournal.com\\\/index.php\\\/grande-pagode-bois-de-vincennes-restauree\\\/96468\\\/\",\"url\":\"https:\\\/\\\/batijournal.com\\\/index.php\\\/grande-pagode-bois-de-vincennes-restauree\\\/96468\\\/\",\"name\":\"La Grande Pagode du bois de Vincennes restaur\u00e9e\",\"isPartOf\":{\"@id\":\"https:\\\/\\\/batijournal.com\\\/#website\"},\"primaryImageOfPage\":{\"@id\":\"https:\\\/\\\/batijournal.com\\\/index.php\\\/grande-pagode-bois-de-vincennes-restauree\\\/96468\\\/#primaryimage\"},\"image\":{\"@id\":\"https:\\\/\\\/batijournal.com\\\/index.php\\\/grande-pagode-bois-de-vincennes-restauree\\\/96468\\\/#primaryimage\"},\"thumbnailUrl\":\"https:\\\/\\\/batijournal.com\\\/wp-content\\\/uploads\\\/2017\\\/07\\\/grande-pagode-paris.jpg\",\"datePublished\":\"2017-07-12T06:23:21+00:00\",\"dateModified\":\"2019-07-15T09:15:44+00:00\",\"author\":{\"@id\":\"https:\\\/\\\/batijournal.com\\\/#\\\/schema\\\/person\\\/1dc96ec6957aa1ccb25ebe78bb19f100\"},\"breadcrumb\":{\"@id\":\"https:\\\/\\\/batijournal.com\\\/index.php\\\/grande-pagode-bois-de-vincennes-restauree\\\/96468\\\/#breadcrumb\"},\"inLanguage\":\"fr-FR\",\"potentialAction\":[{\"@type\":\"ReadAction\",\"target\":[\"https:\\\/\\\/batijournal.com\\\/index.php\\\/grande-pagode-bois-de-vincennes-restauree\\\/96468\\\/\"]}]},{\"@type\":\"ImageObject\",\"inLanguage\":\"fr-FR\",\"@id\":\"https:\\\/\\\/batijournal.com\\\/index.php\\\/grande-pagode-bois-de-vincennes-restauree\\\/96468\\\/#primaryimage\",\"url\":\"https:\\\/\\\/batijournal.com\\\/wp-content\\\/uploads\\\/2017\\\/07\\\/grande-pagode-paris.jpg\",\"contentUrl\":\"https:\\\/\\\/batijournal.com\\\/wp-content\\\/uploads\\\/2017\\\/07\\\/grande-pagode-paris.jpg\",\"width\":800,\"height\":532},{\"@type\":\"BreadcrumbList\",\"@id\":\"https:\\\/\\\/batijournal.com\\\/index.php\\\/grande-pagode-bois-de-vincennes-restauree\\\/96468\\\/#breadcrumb\",\"itemListElement\":[{\"@type\":\"ListItem\",\"position\":1,\"name\":\"Accueil\",\"item\":\"https:\\\/\\\/batijournal.com\\\/\"},{\"@type\":\"ListItem\",\"position\":2,\"name\":\"Actualit\u00e9s\",\"item\":\"https:\\\/\\\/batijournal.com\\\/index.php\\\/category\\\/actualites\\\/\"},{\"@type\":\"ListItem\",\"position\":3,\"name\":\"La Grande Pagode du bois de Vincennes restaur\u00e9e\"}]},{\"@type\":\"WebSite\",\"@id\":\"https:\\\/\\\/batijournal.com\\\/#website\",\"url\":\"https:\\\/\\\/batijournal.com\\\/\",\"name\":\"Batijournal\",\"description\":\"L&#039;actualit\u00e9 du b\u00e2timent\",\"potentialAction\":[{\"@type\":\"SearchAction\",\"target\":{\"@type\":\"EntryPoint\",\"urlTemplate\":\"https:\\\/\\\/batijournal.com\\\/?s={search_term_string}\"},\"query-input\":{\"@type\":\"PropertyValueSpecification\",\"valueRequired\":true,\"valueName\":\"search_term_string\"}}],\"inLanguage\":\"fr-FR\"},{\"@type\":\"Person\",\"@id\":\"https:\\\/\\\/batijournal.com\\\/#\\\/schema\\\/person\\\/1dc96ec6957aa1ccb25ebe78bb19f100\",\"name\":\"St\u00e9phane Miget\",\"image\":{\"@type\":\"ImageObject\",\"inLanguage\":\"fr-FR\",\"@id\":\"https:\\\/\\\/secure.gravatar.com\\\/avatar\\\/89915563d925342126b8ef0281b93d9d7fc337043e8df017f780908eb9644451?s=96&d=mm&r=g\",\"url\":\"https:\\\/\\\/secure.gravatar.com\\\/avatar\\\/89915563d925342126b8ef0281b93d9d7fc337043e8df017f780908eb9644451?s=96&d=mm&r=g\",\"contentUrl\":\"https:\\\/\\\/secure.gravatar.com\\\/avatar\\\/89915563d925342126b8ef0281b93d9d7fc337043e8df017f780908eb9644451?s=96&d=mm&r=g\",\"caption\":\"St\u00e9phane Miget\"},\"url\":\"https:\\\/\\\/batijournal.com\\\/index.php\\\/author\\\/stephane\\\/\"}]}<\/script>\n<!-- \/ Yoast SEO plugin. -->","yoast_head_json":{"title":"La Grande Pagode du bois de Vincennes restaur\u00e9e","robots":{"index":"index","follow":"follow","max-snippet":"max-snippet:-1","max-image-preview":"max-image-preview:large","max-video-preview":"max-video-preview:-1"},"canonical":"https:\/\/batijournal.com\/index.php\/grande-pagode-bois-de-vincennes-restauree\/96468\/","og_locale":"fr_FR","og_type":"article","og_title":"La Grande Pagode du bois de Vincennes restaur\u00e9e","og_description":"La Grande Pagode du bois de Vincennes a \u00e9t\u00e9 inaugur\u00e9e fin mai 2017 apr\u00e8s d\u2019importants travaux de r\u00e9novation. D\u2019abord pavillon du Cameroun lors de l\u2019exposition coloniale de 1931, ce b\u00e2timent en bois \u00e0 l\u2019architecture tr\u00e8s particuli\u00e8re fut affect\u00e9 au culte bouddhiste en 1974. L\u2019\u00e9difice principal, inscrit aux B\u00e2timents de France, a \u00e9t\u00e9 r\u00e9nov\u00e9 gr\u00e2ce au [&hellip;]","og_url":"https:\/\/batijournal.com\/index.php\/grande-pagode-bois-de-vincennes-restauree\/96468\/","og_site_name":"Batijournal","article_published_time":"2017-07-12T06:23:21+00:00","article_modified_time":"2019-07-15T09:15:44+00:00","og_image":[{"width":800,"height":532,"url":"https:\/\/batijournal.com\/wp-content\/uploads\/2017\/07\/grande-pagode-paris.jpg","type":"image\/jpeg"}],"author":"St\u00e9phane Miget","twitter_card":"summary_large_image","twitter_creator":"@bati_journal","twitter_site":"@bati_journal","twitter_misc":{"\u00c9crit par":"St\u00e9phane Miget","Dur\u00e9e de lecture estim\u00e9e":"2 minutes"},"schema":{"@context":"https:\/\/schema.org","@graph":[{"@type":"Article","@id":"https:\/\/batijournal.com\/index.php\/grande-pagode-bois-de-vincennes-restauree\/96468\/#article","isPartOf":{"@id":"https:\/\/batijournal.com\/index.php\/grande-pagode-bois-de-vincennes-restauree\/96468\/"},"author":{"name":"St\u00e9phane Miget","@id":"https:\/\/batijournal.com\/#\/schema\/person\/1dc96ec6957aa1ccb25ebe78bb19f100"},"headline":"La Grande Pagode du bois de Vincennes restaur\u00e9e","datePublished":"2017-07-12T06:23:21+00:00","dateModified":"2019-07-15T09:15:44+00:00","mainEntityOfPage":{"@id":"https:\/\/batijournal.com\/index.php\/grande-pagode-bois-de-vincennes-restauree\/96468\/"},"wordCount":392,"image":{"@id":"https:\/\/batijournal.com\/index.php\/grande-pagode-bois-de-vincennes-restauree\/96468\/#primaryimage"},"thumbnailUrl":"https:\/\/batijournal.com\/wp-content\/uploads\/2017\/07\/grande-pagode-paris.jpg","keywords":["restauration"],"articleSection":["Actualit\u00e9s","Architecture &amp; Conception","zz_Atrium Patrimoine"],"inLanguage":"fr-FR"},{"@type":"WebPage","@id":"https:\/\/batijournal.com\/index.php\/grande-pagode-bois-de-vincennes-restauree\/96468\/","url":"https:\/\/batijournal.com\/index.php\/grande-pagode-bois-de-vincennes-restauree\/96468\/","name":"La Grande Pagode du bois de Vincennes restaur\u00e9e","isPartOf":{"@id":"https:\/\/batijournal.com\/#website"},"primaryImageOfPage":{"@id":"https:\/\/batijournal.com\/index.php\/grande-pagode-bois-de-vincennes-restauree\/96468\/#primaryimage"},"image":{"@id":"https:\/\/batijournal.com\/index.php\/grande-pagode-bois-de-vincennes-restauree\/96468\/#primaryimage"},"thumbnailUrl":"https:\/\/batijournal.com\/wp-content\/uploads\/2017\/07\/grande-pagode-paris.jpg","datePublished":"2017-07-12T06:23:21+00:00","dateModified":"2019-07-15T09:15:44+00:00","author":{"@id":"https:\/\/batijournal.com\/#\/schema\/person\/1dc96ec6957aa1ccb25ebe78bb19f100"},"breadcrumb":{"@id":"https:\/\/batijournal.com\/index.php\/grande-pagode-bois-de-vincennes-restauree\/96468\/#breadcrumb"},"inLanguage":"fr-FR","potentialAction":[{"@type":"ReadAction","target":["https:\/\/batijournal.com\/index.php\/grande-pagode-bois-de-vincennes-restauree\/96468\/"]}]},{"@type":"ImageObject","inLanguage":"fr-FR","@id":"https:\/\/batijournal.com\/index.php\/grande-pagode-bois-de-vincennes-restauree\/96468\/#primaryimage","url":"https:\/\/batijournal.com\/wp-content\/uploads\/2017\/07\/grande-pagode-paris.jpg","contentUrl":"https:\/\/batijournal.com\/wp-content\/uploads\/2017\/07\/grande-pagode-paris.jpg","width":800,"height":532},{"@type":"BreadcrumbList","@id":"https:\/\/batijournal.com\/index.php\/grande-pagode-bois-de-vincennes-restauree\/96468\/#breadcrumb","itemListElement":[{"@type":"ListItem","position":1,"name":"Accueil","item":"https:\/\/batijournal.com\/"},{"@type":"ListItem","position":2,"name":"Actualit\u00e9s","item":"https:\/\/batijournal.com\/index.php\/category\/actualites\/"},{"@type":"ListItem","position":3,"name":"La Grande Pagode du bois de Vincennes restaur\u00e9e"}]},{"@type":"WebSite","@id":"https:\/\/batijournal.com\/#website","url":"https:\/\/batijournal.com\/","name":"Batijournal","description":"L&#039;actualit\u00e9 du b\u00e2timent","potentialAction":[{"@type":"SearchAction","target":{"@type":"EntryPoint","urlTemplate":"https:\/\/batijournal.com\/?s={search_term_string}"},"query-input":{"@type":"PropertyValueSpecification","valueRequired":true,"valueName":"search_term_string"}}],"inLanguage":"fr-FR"},{"@type":"Person","@id":"https:\/\/batijournal.com\/#\/schema\/person\/1dc96ec6957aa1ccb25ebe78bb19f100","name":"St\u00e9phane Miget","image":{"@type":"ImageObject","inLanguage":"fr-FR","@id":"https:\/\/secure.gravatar.com\/avatar\/89915563d925342126b8ef0281b93d9d7fc337043e8df017f780908eb9644451?s=96&d=mm&r=g","url":"https:\/\/secure.gravatar.com\/avatar\/89915563d925342126b8ef0281b93d9d7fc337043e8df017f780908eb9644451?s=96&d=mm&r=g","contentUrl":"https:\/\/secure.gravatar.com\/avatar\/89915563d925342126b8ef0281b93d9d7fc337043e8df017f780908eb9644451?s=96&d=mm&r=g","caption":"St\u00e9phane Miget"},"url":"https:\/\/batijournal.com\/index.php\/author\/stephane\/"}]}},"_links":{"self":[{"href":"https:\/\/batijournal.com\/index.php\/wp-json\/wp\/v2\/posts\/96468","targetHints":{"allow":["GET"]}}],"collection":[{"href":"https:\/\/batijournal.com\/index.php\/wp-json\/wp\/v2\/posts"}],"about":[{"href":"https:\/\/batijournal.com\/index.php\/wp-json\/wp\/v2\/types\/post"}],"author":[{"embeddable":true,"href":"https:\/\/batijournal.com\/index.php\/wp-json\/wp\/v2\/users\/17"}],"replies":[{"embeddable":true,"href":"https:\/\/batijournal.com\/index.php\/wp-json\/wp\/v2\/comments?post=96468"}],"version-history":[{"count":0,"href":"https:\/\/batijournal.com\/index.php\/wp-json\/wp\/v2\/posts\/96468\/revisions"}],"wp:featuredmedia":[{"embeddable":true,"href":"https:\/\/batijournal.com\/index.php\/wp-json\/wp\/v2\/media\/96469"}],"wp:attachment":[{"href":"https:\/\/batijournal.com\/index.php\/wp-json\/wp\/v2\/media?parent=96468"}],"wp:term":[{"taxonomy":"category","embeddable":true,"href":"https:\/\/batijournal.com\/index.php\/wp-json\/wp\/v2\/categories?post=96468"},{"taxonomy":"post_tag","embeddable":true,"href":"https:\/\/batijournal.com\/index.php\/wp-json\/wp\/v2\/tags?post=96468"}],"curies":[{"name":"wp","href":"https:\/\/api.w.org\/{rel}","templated":true}]}}