{"id":96470,"date":"2017-07-12T08:35:19","date_gmt":"2017-07-12T06:35:19","guid":{"rendered":"http:\/\/batijournal.com\/?p=96470"},"modified":"2019-07-15T11:15:44","modified_gmt":"2019-07-15T09:15:44","slug":"centre-historique-de-vienne-inscrit-liste-patrimoine-mondial-peril","status":"publish","type":"post","link":"https:\/\/batijournal.com\/index.php\/centre-historique-de-vienne-inscrit-liste-patrimoine-mondial-peril\/96470\/","title":{"rendered":"Le centre historique de Vienne inscrit sur la Liste du patrimoine mondial en p\u00e9ril"},"content":{"rendered":"<p>Le Comit\u00e9 du patrimoine mondial a inscrit le Centre historique de la capitale autrichienne sur la Liste du patrimoine mondial en p\u00e9ril en raison de projets de construction de grande hauteur dans le centre de la ville. Le Comit\u00e9 a regrett\u00e9 que le projet \u00ab Club de patinage de Vienne \u2013 H\u00f4tel Intercontinental- Salle de concert de Vienne \u00bb prenne insuffisamment en compte les pr\u00e9c\u00e9dentes d\u00e9cisions du Comit\u00e9, notamment concernant sa grande hauteur qui aurait un impact n\u00e9gatif sur la valeur universelle exceptionnelle du bien. Vienne s\u2019est d\u00e9velopp\u00e9e \u00e0 partir des premiers \u00e9tablissements celtes et romains, en passant par la ville m\u00e9di\u00e9vale puis baroque, jusqu\u2019\u00e0 devenir la capitale de l\u2019Empire austro-hongrois. Elle a jou\u00e9 un r\u00f4le fondamental en tant que haut lieu de la musique europ\u00e9enne et demeure associ\u00e9e aux grands compositeurs, du classicisme viennois \u00e0 la musique moderne. Le centre historique de Vienne abrite une grande vari\u00e9t\u00e9 d\u2019\u00e9l\u00e9ments architecturaux, notamment des palais baroques et des jardins ainsi que l\u2019ensemble de la Ringstrasse datant de la fin du XIXe si\u00e8cle. Le site a \u00e9t\u00e9 inscrit en 2001 sur la Liste du patrimoine mondial.<\/p>\n<p>&nbsp;<\/p>\n<p>Photo :\u00a0T\u00farelio\u00a0via Wikimedia-Commons<\/p>\n<p>&nbsp;<\/p>\n","protected":false},"excerpt":{"rendered":"<p>Le Comit\u00e9 du patrimoine mondial a inscrit le Centre historique de la capitale autrichienne sur la Liste du patrimoine mondial en p\u00e9ril en raison de projets de construction de grande hauteur dans le centre de la ville. Le Comit\u00e9 a regrett\u00e9 que le projet \u00ab Club de patinage de Vienne \u2013 H\u00f4tel Intercontinental- Salle de [&hellip;]<\/p>\n","protected":false},"author":17,"featured_media":96471,"comment_status":"closed","ping_status":"closed","sticky":false,"template":"","format":"standard","meta":{"_et_pb_use_builder":"","_et_pb_old_content":"","_et_gb_content_width":"","footnotes":""},"categories":[10530,6340,10785],"tags":[8674],"class_list":["post-96470","post","type-post","status-publish","format-standard","has-post-thumbnail","hentry","category-actualites","category-architecture-conception","category-atrium","tag-patrimoine-mondial-de-lunesco"],"yoast_head":"<!-- This site is optimized with the Yoast SEO plugin v27.4 - https:\/\/yoast.com\/product\/yoast-seo-wordpress\/ -->\n<title>Le centre historique de Vienne inscrit sur la Liste du patrimoine mondial en p\u00e9ril<\/title>\n<meta name=\"robots\" content=\"index, follow, max-snippet:-1, max-image-preview:large, max-video-preview:-1\" \/>\n<link rel=\"canonical\" href=\"https:\/\/batijournal.com\/index.php\/centre-historique-de-vienne-inscrit-liste-patrimoine-mondial-peril\/96470\/\" \/>\n<meta property=\"og:locale\" content=\"fr_FR\" \/>\n<meta property=\"og:type\" content=\"article\" \/>\n<meta property=\"og:title\" content=\"Le centre historique de Vienne inscrit sur la Liste du patrimoine mondial en p\u00e9ril\" \/>\n<meta property=\"og:description\" content=\"Le Comit\u00e9 du patrimoine mondial a inscrit le Centre historique de la capitale autrichienne sur la Liste du patrimoine mondial en p\u00e9ril en raison de projets de construction de grande hauteur dans le centre de la ville. Le Comit\u00e9 a regrett\u00e9 que le projet \u00ab Club de patinage de Vienne \u2013 H\u00f4tel Intercontinental- Salle de [&hellip;]\" \/>\n<meta property=\"og:url\" content=\"https:\/\/batijournal.com\/index.php\/centre-historique-de-vienne-inscrit-liste-patrimoine-mondial-peril\/96470\/\" \/>\n<meta property=\"og:site_name\" content=\"Batijournal\" \/>\n<meta property=\"article:published_time\" content=\"2017-07-12T06:35:19+00:00\" \/>\n<meta property=\"article:modified_time\" content=\"2019-07-15T09:15:44+00:00\" \/>\n<meta property=\"og:image\" content=\"https:\/\/batijournal.com\/wp-content\/uploads\/2017\/07\/vienne-autriche.jpg\" \/>\n\t<meta property=\"og:image:width\" content=\"800\" \/>\n\t<meta property=\"og:image:height\" content=\"948\" \/>\n\t<meta property=\"og:image:type\" content=\"image\/jpeg\" \/>\n<meta name=\"author\" content=\"St\u00e9phane Miget\" \/>\n<meta name=\"twitter:card\" content=\"summary_large_image\" \/>\n<meta name=\"twitter:creator\" content=\"@bati_journal\" \/>\n<meta name=\"twitter:site\" content=\"@bati_journal\" \/>\n<meta name=\"twitter:label1\" content=\"\u00c9crit par\" \/>\n\t<meta name=\"twitter:data1\" content=\"St\u00e9phane Miget\" \/>\n\t<meta name=\"twitter:label2\" content=\"Dur\u00e9e de lecture estim\u00e9e\" \/>\n\t<meta name=\"twitter:data2\" content=\"1 minute\" \/>\n<script type=\"application\/ld+json\" class=\"yoast-schema-graph\">{\"@context\":\"https:\\\/\\\/schema.org\",\"@graph\":[{\"@type\":\"Article\",\"@id\":\"https:\\\/\\\/batijournal.com\\\/index.php\\\/centre-historique-de-vienne-inscrit-liste-patrimoine-mondial-peril\\\/96470\\\/#article\",\"isPartOf\":{\"@id\":\"https:\\\/\\\/batijournal.com\\\/index.php\\\/centre-historique-de-vienne-inscrit-liste-patrimoine-mondial-peril\\\/96470\\\/\"},\"author\":{\"name\":\"St\u00e9phane Miget\",\"@id\":\"https:\\\/\\\/batijournal.com\\\/#\\\/schema\\\/person\\\/1dc96ec6957aa1ccb25ebe78bb19f100\"},\"headline\":\"Le centre historique de Vienne inscrit sur la Liste du patrimoine mondial en p\u00e9ril\",\"datePublished\":\"2017-07-12T06:35:19+00:00\",\"dateModified\":\"2019-07-15T09:15:44+00:00\",\"mainEntityOfPage\":{\"@id\":\"https:\\\/\\\/batijournal.com\\\/index.php\\\/centre-historique-de-vienne-inscrit-liste-patrimoine-mondial-peril\\\/96470\\\/\"},\"wordCount\":219,\"image\":{\"@id\":\"https:\\\/\\\/batijournal.com\\\/index.php\\\/centre-historique-de-vienne-inscrit-liste-patrimoine-mondial-peril\\\/96470\\\/#primaryimage\"},\"thumbnailUrl\":\"https:\\\/\\\/batijournal.com\\\/wp-content\\\/uploads\\\/2017\\\/07\\\/vienne-autriche.jpg\",\"keywords\":[\"patrimoine mondial de lunesco\"],\"articleSection\":[\"Actualit\u00e9s\",\"Architecture &amp; Conception\",\"zz_Atrium Patrimoine\"],\"inLanguage\":\"fr-FR\"},{\"@type\":\"WebPage\",\"@id\":\"https:\\\/\\\/batijournal.com\\\/index.php\\\/centre-historique-de-vienne-inscrit-liste-patrimoine-mondial-peril\\\/96470\\\/\",\"url\":\"https:\\\/\\\/batijournal.com\\\/index.php\\\/centre-historique-de-vienne-inscrit-liste-patrimoine-mondial-peril\\\/96470\\\/\",\"name\":\"Le centre historique de Vienne inscrit sur la Liste du patrimoine mondial en p\u00e9ril\",\"isPartOf\":{\"@id\":\"https:\\\/\\\/batijournal.com\\\/#website\"},\"primaryImageOfPage\":{\"@id\":\"https:\\\/\\\/batijournal.com\\\/index.php\\\/centre-historique-de-vienne-inscrit-liste-patrimoine-mondial-peril\\\/96470\\\/#primaryimage\"},\"image\":{\"@id\":\"https:\\\/\\\/batijournal.com\\\/index.php\\\/centre-historique-de-vienne-inscrit-liste-patrimoine-mondial-peril\\\/96470\\\/#primaryimage\"},\"thumbnailUrl\":\"https:\\\/\\\/batijournal.com\\\/wp-content\\\/uploads\\\/2017\\\/07\\\/vienne-autriche.jpg\",\"datePublished\":\"2017-07-12T06:35:19+00:00\",\"dateModified\":\"2019-07-15T09:15:44+00:00\",\"author\":{\"@id\":\"https:\\\/\\\/batijournal.com\\\/#\\\/schema\\\/person\\\/1dc96ec6957aa1ccb25ebe78bb19f100\"},\"breadcrumb\":{\"@id\":\"https:\\\/\\\/batijournal.com\\\/index.php\\\/centre-historique-de-vienne-inscrit-liste-patrimoine-mondial-peril\\\/96470\\\/#breadcrumb\"},\"inLanguage\":\"fr-FR\",\"potentialAction\":[{\"@type\":\"ReadAction\",\"target\":[\"https:\\\/\\\/batijournal.com\\\/index.php\\\/centre-historique-de-vienne-inscrit-liste-patrimoine-mondial-peril\\\/96470\\\/\"]}]},{\"@type\":\"ImageObject\",\"inLanguage\":\"fr-FR\",\"@id\":\"https:\\\/\\\/batijournal.com\\\/index.php\\\/centre-historique-de-vienne-inscrit-liste-patrimoine-mondial-peril\\\/96470\\\/#primaryimage\",\"url\":\"https:\\\/\\\/batijournal.com\\\/wp-content\\\/uploads\\\/2017\\\/07\\\/vienne-autriche.jpg\",\"contentUrl\":\"https:\\\/\\\/batijournal.com\\\/wp-content\\\/uploads\\\/2017\\\/07\\\/vienne-autriche.jpg\",\"width\":800,\"height\":948},{\"@type\":\"BreadcrumbList\",\"@id\":\"https:\\\/\\\/batijournal.com\\\/index.php\\\/centre-historique-de-vienne-inscrit-liste-patrimoine-mondial-peril\\\/96470\\\/#breadcrumb\",\"itemListElement\":[{\"@type\":\"ListItem\",\"position\":1,\"name\":\"Accueil\",\"item\":\"https:\\\/\\\/batijournal.com\\\/\"},{\"@type\":\"ListItem\",\"position\":2,\"name\":\"Actualit\u00e9s\",\"item\":\"https:\\\/\\\/batijournal.com\\\/index.php\\\/category\\\/actualites\\\/\"},{\"@type\":\"ListItem\",\"position\":3,\"name\":\"Le centre historique de Vienne inscrit sur la Liste du patrimoine mondial en p\u00e9ril\"}]},{\"@type\":\"WebSite\",\"@id\":\"https:\\\/\\\/batijournal.com\\\/#website\",\"url\":\"https:\\\/\\\/batijournal.com\\\/\",\"name\":\"Batijournal\",\"description\":\"L&#039;actualit\u00e9 du b\u00e2timent\",\"potentialAction\":[{\"@type\":\"SearchAction\",\"target\":{\"@type\":\"EntryPoint\",\"urlTemplate\":\"https:\\\/\\\/batijournal.com\\\/?s={search_term_string}\"},\"query-input\":{\"@type\":\"PropertyValueSpecification\",\"valueRequired\":true,\"valueName\":\"search_term_string\"}}],\"inLanguage\":\"fr-FR\"},{\"@type\":\"Person\",\"@id\":\"https:\\\/\\\/batijournal.com\\\/#\\\/schema\\\/person\\\/1dc96ec6957aa1ccb25ebe78bb19f100\",\"name\":\"St\u00e9phane Miget\",\"image\":{\"@type\":\"ImageObject\",\"inLanguage\":\"fr-FR\",\"@id\":\"https:\\\/\\\/secure.gravatar.com\\\/avatar\\\/89915563d925342126b8ef0281b93d9d7fc337043e8df017f780908eb9644451?s=96&d=mm&r=g\",\"url\":\"https:\\\/\\\/secure.gravatar.com\\\/avatar\\\/89915563d925342126b8ef0281b93d9d7fc337043e8df017f780908eb9644451?s=96&d=mm&r=g\",\"contentUrl\":\"https:\\\/\\\/secure.gravatar.com\\\/avatar\\\/89915563d925342126b8ef0281b93d9d7fc337043e8df017f780908eb9644451?s=96&d=mm&r=g\",\"caption\":\"St\u00e9phane Miget\"},\"url\":\"https:\\\/\\\/batijournal.com\\\/index.php\\\/author\\\/stephane\\\/\"}]}<\/script>\n<!-- \/ Yoast SEO plugin. -->","yoast_head_json":{"title":"Le centre historique de Vienne inscrit sur la Liste du patrimoine mondial en p\u00e9ril","robots":{"index":"index","follow":"follow","max-snippet":"max-snippet:-1","max-image-preview":"max-image-preview:large","max-video-preview":"max-video-preview:-1"},"canonical":"https:\/\/batijournal.com\/index.php\/centre-historique-de-vienne-inscrit-liste-patrimoine-mondial-peril\/96470\/","og_locale":"fr_FR","og_type":"article","og_title":"Le centre historique de Vienne inscrit sur la Liste du patrimoine mondial en p\u00e9ril","og_description":"Le Comit\u00e9 du patrimoine mondial a inscrit le Centre historique de la capitale autrichienne sur la Liste du patrimoine mondial en p\u00e9ril en raison de projets de construction de grande hauteur dans le centre de la ville. Le Comit\u00e9 a regrett\u00e9 que le projet \u00ab Club de patinage de Vienne \u2013 H\u00f4tel Intercontinental- Salle de [&hellip;]","og_url":"https:\/\/batijournal.com\/index.php\/centre-historique-de-vienne-inscrit-liste-patrimoine-mondial-peril\/96470\/","og_site_name":"Batijournal","article_published_time":"2017-07-12T06:35:19+00:00","article_modified_time":"2019-07-15T09:15:44+00:00","og_image":[{"width":800,"height":948,"url":"https:\/\/batijournal.com\/wp-content\/uploads\/2017\/07\/vienne-autriche.jpg","type":"image\/jpeg"}],"author":"St\u00e9phane Miget","twitter_card":"summary_large_image","twitter_creator":"@bati_journal","twitter_site":"@bati_journal","twitter_misc":{"\u00c9crit par":"St\u00e9phane Miget","Dur\u00e9e de lecture estim\u00e9e":"1 minute"},"schema":{"@context":"https:\/\/schema.org","@graph":[{"@type":"Article","@id":"https:\/\/batijournal.com\/index.php\/centre-historique-de-vienne-inscrit-liste-patrimoine-mondial-peril\/96470\/#article","isPartOf":{"@id":"https:\/\/batijournal.com\/index.php\/centre-historique-de-vienne-inscrit-liste-patrimoine-mondial-peril\/96470\/"},"author":{"name":"St\u00e9phane Miget","@id":"https:\/\/batijournal.com\/#\/schema\/person\/1dc96ec6957aa1ccb25ebe78bb19f100"},"headline":"Le centre historique de Vienne inscrit sur la Liste du patrimoine mondial en p\u00e9ril","datePublished":"2017-07-12T06:35:19+00:00","dateModified":"2019-07-15T09:15:44+00:00","mainEntityOfPage":{"@id":"https:\/\/batijournal.com\/index.php\/centre-historique-de-vienne-inscrit-liste-patrimoine-mondial-peril\/96470\/"},"wordCount":219,"image":{"@id":"https:\/\/batijournal.com\/index.php\/centre-historique-de-vienne-inscrit-liste-patrimoine-mondial-peril\/96470\/#primaryimage"},"thumbnailUrl":"https:\/\/batijournal.com\/wp-content\/uploads\/2017\/07\/vienne-autriche.jpg","keywords":["patrimoine mondial de lunesco"],"articleSection":["Actualit\u00e9s","Architecture &amp; Conception","zz_Atrium Patrimoine"],"inLanguage":"fr-FR"},{"@type":"WebPage","@id":"https:\/\/batijournal.com\/index.php\/centre-historique-de-vienne-inscrit-liste-patrimoine-mondial-peril\/96470\/","url":"https:\/\/batijournal.com\/index.php\/centre-historique-de-vienne-inscrit-liste-patrimoine-mondial-peril\/96470\/","name":"Le centre historique de Vienne inscrit sur la Liste du patrimoine mondial en p\u00e9ril","isPartOf":{"@id":"https:\/\/batijournal.com\/#website"},"primaryImageOfPage":{"@id":"https:\/\/batijournal.com\/index.php\/centre-historique-de-vienne-inscrit-liste-patrimoine-mondial-peril\/96470\/#primaryimage"},"image":{"@id":"https:\/\/batijournal.com\/index.php\/centre-historique-de-vienne-inscrit-liste-patrimoine-mondial-peril\/96470\/#primaryimage"},"thumbnailUrl":"https:\/\/batijournal.com\/wp-content\/uploads\/2017\/07\/vienne-autriche.jpg","datePublished":"2017-07-12T06:35:19+00:00","dateModified":"2019-07-15T09:15:44+00:00","author":{"@id":"https:\/\/batijournal.com\/#\/schema\/person\/1dc96ec6957aa1ccb25ebe78bb19f100"},"breadcrumb":{"@id":"https:\/\/batijournal.com\/index.php\/centre-historique-de-vienne-inscrit-liste-patrimoine-mondial-peril\/96470\/#breadcrumb"},"inLanguage":"fr-FR","potentialAction":[{"@type":"ReadAction","target":["https:\/\/batijournal.com\/index.php\/centre-historique-de-vienne-inscrit-liste-patrimoine-mondial-peril\/96470\/"]}]},{"@type":"ImageObject","inLanguage":"fr-FR","@id":"https:\/\/batijournal.com\/index.php\/centre-historique-de-vienne-inscrit-liste-patrimoine-mondial-peril\/96470\/#primaryimage","url":"https:\/\/batijournal.com\/wp-content\/uploads\/2017\/07\/vienne-autriche.jpg","contentUrl":"https:\/\/batijournal.com\/wp-content\/uploads\/2017\/07\/vienne-autriche.jpg","width":800,"height":948},{"@type":"BreadcrumbList","@id":"https:\/\/batijournal.com\/index.php\/centre-historique-de-vienne-inscrit-liste-patrimoine-mondial-peril\/96470\/#breadcrumb","itemListElement":[{"@type":"ListItem","position":1,"name":"Accueil","item":"https:\/\/batijournal.com\/"},{"@type":"ListItem","position":2,"name":"Actualit\u00e9s","item":"https:\/\/batijournal.com\/index.php\/category\/actualites\/"},{"@type":"ListItem","position":3,"name":"Le centre historique de Vienne inscrit sur la Liste du patrimoine mondial en p\u00e9ril"}]},{"@type":"WebSite","@id":"https:\/\/batijournal.com\/#website","url":"https:\/\/batijournal.com\/","name":"Batijournal","description":"L&#039;actualit\u00e9 du b\u00e2timent","potentialAction":[{"@type":"SearchAction","target":{"@type":"EntryPoint","urlTemplate":"https:\/\/batijournal.com\/?s={search_term_string}"},"query-input":{"@type":"PropertyValueSpecification","valueRequired":true,"valueName":"search_term_string"}}],"inLanguage":"fr-FR"},{"@type":"Person","@id":"https:\/\/batijournal.com\/#\/schema\/person\/1dc96ec6957aa1ccb25ebe78bb19f100","name":"St\u00e9phane Miget","image":{"@type":"ImageObject","inLanguage":"fr-FR","@id":"https:\/\/secure.gravatar.com\/avatar\/89915563d925342126b8ef0281b93d9d7fc337043e8df017f780908eb9644451?s=96&d=mm&r=g","url":"https:\/\/secure.gravatar.com\/avatar\/89915563d925342126b8ef0281b93d9d7fc337043e8df017f780908eb9644451?s=96&d=mm&r=g","contentUrl":"https:\/\/secure.gravatar.com\/avatar\/89915563d925342126b8ef0281b93d9d7fc337043e8df017f780908eb9644451?s=96&d=mm&r=g","caption":"St\u00e9phane Miget"},"url":"https:\/\/batijournal.com\/index.php\/author\/stephane\/"}]}},"_links":{"self":[{"href":"https:\/\/batijournal.com\/index.php\/wp-json\/wp\/v2\/posts\/96470","targetHints":{"allow":["GET"]}}],"collection":[{"href":"https:\/\/batijournal.com\/index.php\/wp-json\/wp\/v2\/posts"}],"about":[{"href":"https:\/\/batijournal.com\/index.php\/wp-json\/wp\/v2\/types\/post"}],"author":[{"embeddable":true,"href":"https:\/\/batijournal.com\/index.php\/wp-json\/wp\/v2\/users\/17"}],"replies":[{"embeddable":true,"href":"https:\/\/batijournal.com\/index.php\/wp-json\/wp\/v2\/comments?post=96470"}],"version-history":[{"count":0,"href":"https:\/\/batijournal.com\/index.php\/wp-json\/wp\/v2\/posts\/96470\/revisions"}],"wp:featuredmedia":[{"embeddable":true,"href":"https:\/\/batijournal.com\/index.php\/wp-json\/wp\/v2\/media\/96471"}],"wp:attachment":[{"href":"https:\/\/batijournal.com\/index.php\/wp-json\/wp\/v2\/media?parent=96470"}],"wp:term":[{"taxonomy":"category","embeddable":true,"href":"https:\/\/batijournal.com\/index.php\/wp-json\/wp\/v2\/categories?post=96470"},{"taxonomy":"post_tag","embeddable":true,"href":"https:\/\/batijournal.com\/index.php\/wp-json\/wp\/v2\/tags?post=96470"}],"curies":[{"name":"wp","href":"https:\/\/api.w.org\/{rel}","templated":true}]}}