{"id":96472,"date":"2017-07-12T08:41:51","date_gmt":"2017-07-12T06:41:51","guid":{"rendered":"http:\/\/batijournal.com\/?p=96472"},"modified":"2019-07-15T11:15:43","modified_gmt":"2019-07-15T09:15:43","slug":"reve-de-couleurs-illumine-cathedrale-de-reims-cet-ete","status":"publish","type":"post","link":"https:\/\/batijournal.com\/index.php\/reve-de-couleurs-illumine-cathedrale-de-reims-cet-ete\/96472\/","title":{"rendered":"\u00ab R\u00eave de Couleurs \u00bb illumine la Cath\u00e9drale de Reims cet \u00e9t\u00e9"},"content":{"rendered":"<p>Le spectacle, con\u00e7u par les cr\u00e9ateurs H\u00e9l\u00e8ne Richard et Jean-Michel Quesne de la soci\u00e9t\u00e9 Skerto, permet \u00e0 tous de red\u00e9couvrir l\u2019un des joyaux de l\u2019architecture gothique, inscrit pour sa valeur universelle sur la liste du Patrimoine Mondial, de faire \u00e9merger son histoire mais aussi de lui restituer sa part symbolique et sa part de r\u00eave. ! Un spectacle son et lumi\u00e8re exceptionnel, cr\u00e9\u00e9 par Skertz\u00f2, metteur en sc\u00e8ne des patrimoines, qui a d\u00e9j\u00e0 attir\u00e9 plus d&rsquo;un million de spectateurs.<\/p>\n<p>Photo :\u00a0reims.fr<\/p>\n","protected":false},"excerpt":{"rendered":"<p>Le spectacle, con\u00e7u par les cr\u00e9ateurs H\u00e9l\u00e8ne Richard et Jean-Michel Quesne de la soci\u00e9t\u00e9 Skerto, permet \u00e0 tous de red\u00e9couvrir l\u2019un des joyaux de l\u2019architecture gothique, inscrit pour sa valeur universelle sur la liste du Patrimoine Mondial, de faire \u00e9merger son histoire mais aussi de lui restituer sa part symbolique et sa part de r\u00eave. [&hellip;]<\/p>\n","protected":false},"author":17,"featured_media":96473,"comment_status":"closed","ping_status":"closed","sticky":false,"template":"","format":"standard","meta":{"_et_pb_use_builder":"","_et_pb_old_content":"","_et_gb_content_width":"","footnotes":""},"categories":[10530,6340,10785],"tags":[3590,6376],"class_list":["post-96472","post","type-post","status-publish","format-standard","has-post-thumbnail","hentry","category-actualites","category-architecture-conception","category-atrium","tag-mise-en-lumiere","tag-monument-historique"],"yoast_head":"<!-- This site is optimized with the Yoast SEO plugin v27.4 - https:\/\/yoast.com\/product\/yoast-seo-wordpress\/ -->\n<title>\u00ab R\u00eave de Couleurs \u00bb illumine la Cath\u00e9drale de Reims cet \u00e9t\u00e9<\/title>\n<meta name=\"robots\" content=\"index, follow, max-snippet:-1, max-image-preview:large, max-video-preview:-1\" \/>\n<link rel=\"canonical\" href=\"https:\/\/batijournal.com\/index.php\/reve-de-couleurs-illumine-cathedrale-de-reims-cet-ete\/96472\/\" \/>\n<meta property=\"og:locale\" content=\"fr_FR\" \/>\n<meta property=\"og:type\" content=\"article\" \/>\n<meta property=\"og:title\" content=\"\u00ab R\u00eave de Couleurs \u00bb illumine la Cath\u00e9drale de Reims cet \u00e9t\u00e9\" \/>\n<meta property=\"og:description\" content=\"Le spectacle, con\u00e7u par les cr\u00e9ateurs H\u00e9l\u00e8ne Richard et Jean-Michel Quesne de la soci\u00e9t\u00e9 Skerto, permet \u00e0 tous de red\u00e9couvrir l\u2019un des joyaux de l\u2019architecture gothique, inscrit pour sa valeur universelle sur la liste du Patrimoine Mondial, de faire \u00e9merger son histoire mais aussi de lui restituer sa part symbolique et sa part de r\u00eave. [&hellip;]\" \/>\n<meta property=\"og:url\" content=\"https:\/\/batijournal.com\/index.php\/reve-de-couleurs-illumine-cathedrale-de-reims-cet-ete\/96472\/\" \/>\n<meta property=\"og:site_name\" content=\"Batijournal\" \/>\n<meta property=\"article:published_time\" content=\"2017-07-12T06:41:51+00:00\" \/>\n<meta property=\"article:modified_time\" content=\"2019-07-15T09:15:43+00:00\" \/>\n<meta property=\"og:image\" content=\"https:\/\/batijournal.com\/wp-content\/uploads\/2017\/07\/illumination-cathedrale-de-reims.jpg\" \/>\n\t<meta property=\"og:image:width\" content=\"1000\" \/>\n\t<meta property=\"og:image:height\" content=\"1333\" \/>\n\t<meta property=\"og:image:type\" content=\"image\/jpeg\" \/>\n<meta name=\"author\" content=\"St\u00e9phane Miget\" \/>\n<meta name=\"twitter:card\" content=\"summary_large_image\" \/>\n<meta name=\"twitter:creator\" content=\"@bati_journal\" \/>\n<meta name=\"twitter:site\" content=\"@bati_journal\" \/>\n<meta name=\"twitter:label1\" content=\"\u00c9crit par\" \/>\n\t<meta name=\"twitter:data1\" content=\"St\u00e9phane Miget\" \/>\n<script type=\"application\/ld+json\" class=\"yoast-schema-graph\">{\"@context\":\"https:\\\/\\\/schema.org\",\"@graph\":[{\"@type\":\"Article\",\"@id\":\"https:\\\/\\\/batijournal.com\\\/index.php\\\/reve-de-couleurs-illumine-cathedrale-de-reims-cet-ete\\\/96472\\\/#article\",\"isPartOf\":{\"@id\":\"https:\\\/\\\/batijournal.com\\\/index.php\\\/reve-de-couleurs-illumine-cathedrale-de-reims-cet-ete\\\/96472\\\/\"},\"author\":{\"name\":\"St\u00e9phane Miget\",\"@id\":\"https:\\\/\\\/batijournal.com\\\/#\\\/schema\\\/person\\\/1dc96ec6957aa1ccb25ebe78bb19f100\"},\"headline\":\"\u00ab R\u00eave de Couleurs \u00bb illumine la Cath\u00e9drale de Reims cet \u00e9t\u00e9\",\"datePublished\":\"2017-07-12T06:41:51+00:00\",\"dateModified\":\"2019-07-15T09:15:43+00:00\",\"mainEntityOfPage\":{\"@id\":\"https:\\\/\\\/batijournal.com\\\/index.php\\\/reve-de-couleurs-illumine-cathedrale-de-reims-cet-ete\\\/96472\\\/\"},\"wordCount\":105,\"image\":{\"@id\":\"https:\\\/\\\/batijournal.com\\\/index.php\\\/reve-de-couleurs-illumine-cathedrale-de-reims-cet-ete\\\/96472\\\/#primaryimage\"},\"thumbnailUrl\":\"https:\\\/\\\/batijournal.com\\\/wp-content\\\/uploads\\\/2017\\\/07\\\/illumination-cathedrale-de-reims.jpg\",\"keywords\":[\"mise en lumi\u00e8re\",\"monument historique\"],\"articleSection\":[\"Actualit\u00e9s\",\"Architecture &amp; Conception\",\"zz_Atrium Patrimoine\"],\"inLanguage\":\"fr-FR\"},{\"@type\":\"WebPage\",\"@id\":\"https:\\\/\\\/batijournal.com\\\/index.php\\\/reve-de-couleurs-illumine-cathedrale-de-reims-cet-ete\\\/96472\\\/\",\"url\":\"https:\\\/\\\/batijournal.com\\\/index.php\\\/reve-de-couleurs-illumine-cathedrale-de-reims-cet-ete\\\/96472\\\/\",\"name\":\"\u00ab R\u00eave de Couleurs \u00bb illumine la Cath\u00e9drale de Reims cet \u00e9t\u00e9\",\"isPartOf\":{\"@id\":\"https:\\\/\\\/batijournal.com\\\/#website\"},\"primaryImageOfPage\":{\"@id\":\"https:\\\/\\\/batijournal.com\\\/index.php\\\/reve-de-couleurs-illumine-cathedrale-de-reims-cet-ete\\\/96472\\\/#primaryimage\"},\"image\":{\"@id\":\"https:\\\/\\\/batijournal.com\\\/index.php\\\/reve-de-couleurs-illumine-cathedrale-de-reims-cet-ete\\\/96472\\\/#primaryimage\"},\"thumbnailUrl\":\"https:\\\/\\\/batijournal.com\\\/wp-content\\\/uploads\\\/2017\\\/07\\\/illumination-cathedrale-de-reims.jpg\",\"datePublished\":\"2017-07-12T06:41:51+00:00\",\"dateModified\":\"2019-07-15T09:15:43+00:00\",\"author\":{\"@id\":\"https:\\\/\\\/batijournal.com\\\/#\\\/schema\\\/person\\\/1dc96ec6957aa1ccb25ebe78bb19f100\"},\"breadcrumb\":{\"@id\":\"https:\\\/\\\/batijournal.com\\\/index.php\\\/reve-de-couleurs-illumine-cathedrale-de-reims-cet-ete\\\/96472\\\/#breadcrumb\"},\"inLanguage\":\"fr-FR\",\"potentialAction\":[{\"@type\":\"ReadAction\",\"target\":[\"https:\\\/\\\/batijournal.com\\\/index.php\\\/reve-de-couleurs-illumine-cathedrale-de-reims-cet-ete\\\/96472\\\/\"]}]},{\"@type\":\"ImageObject\",\"inLanguage\":\"fr-FR\",\"@id\":\"https:\\\/\\\/batijournal.com\\\/index.php\\\/reve-de-couleurs-illumine-cathedrale-de-reims-cet-ete\\\/96472\\\/#primaryimage\",\"url\":\"https:\\\/\\\/batijournal.com\\\/wp-content\\\/uploads\\\/2017\\\/07\\\/illumination-cathedrale-de-reims.jpg\",\"contentUrl\":\"https:\\\/\\\/batijournal.com\\\/wp-content\\\/uploads\\\/2017\\\/07\\\/illumination-cathedrale-de-reims.jpg\",\"width\":1000,\"height\":1333},{\"@type\":\"BreadcrumbList\",\"@id\":\"https:\\\/\\\/batijournal.com\\\/index.php\\\/reve-de-couleurs-illumine-cathedrale-de-reims-cet-ete\\\/96472\\\/#breadcrumb\",\"itemListElement\":[{\"@type\":\"ListItem\",\"position\":1,\"name\":\"Accueil\",\"item\":\"https:\\\/\\\/batijournal.com\\\/\"},{\"@type\":\"ListItem\",\"position\":2,\"name\":\"Actualit\u00e9s\",\"item\":\"https:\\\/\\\/batijournal.com\\\/index.php\\\/category\\\/actualites\\\/\"},{\"@type\":\"ListItem\",\"position\":3,\"name\":\"\u00ab R\u00eave de Couleurs \u00bb illumine la Cath\u00e9drale de Reims cet \u00e9t\u00e9\"}]},{\"@type\":\"WebSite\",\"@id\":\"https:\\\/\\\/batijournal.com\\\/#website\",\"url\":\"https:\\\/\\\/batijournal.com\\\/\",\"name\":\"Batijournal\",\"description\":\"L&#039;actualit\u00e9 du b\u00e2timent\",\"potentialAction\":[{\"@type\":\"SearchAction\",\"target\":{\"@type\":\"EntryPoint\",\"urlTemplate\":\"https:\\\/\\\/batijournal.com\\\/?s={search_term_string}\"},\"query-input\":{\"@type\":\"PropertyValueSpecification\",\"valueRequired\":true,\"valueName\":\"search_term_string\"}}],\"inLanguage\":\"fr-FR\"},{\"@type\":\"Person\",\"@id\":\"https:\\\/\\\/batijournal.com\\\/#\\\/schema\\\/person\\\/1dc96ec6957aa1ccb25ebe78bb19f100\",\"name\":\"St\u00e9phane Miget\",\"image\":{\"@type\":\"ImageObject\",\"inLanguage\":\"fr-FR\",\"@id\":\"https:\\\/\\\/secure.gravatar.com\\\/avatar\\\/89915563d925342126b8ef0281b93d9d7fc337043e8df017f780908eb9644451?s=96&d=mm&r=g\",\"url\":\"https:\\\/\\\/secure.gravatar.com\\\/avatar\\\/89915563d925342126b8ef0281b93d9d7fc337043e8df017f780908eb9644451?s=96&d=mm&r=g\",\"contentUrl\":\"https:\\\/\\\/secure.gravatar.com\\\/avatar\\\/89915563d925342126b8ef0281b93d9d7fc337043e8df017f780908eb9644451?s=96&d=mm&r=g\",\"caption\":\"St\u00e9phane Miget\"},\"url\":\"https:\\\/\\\/batijournal.com\\\/index.php\\\/author\\\/stephane\\\/\"}]}<\/script>\n<!-- \/ Yoast SEO plugin. -->","yoast_head_json":{"title":"\u00ab R\u00eave de Couleurs \u00bb illumine la Cath\u00e9drale de Reims cet \u00e9t\u00e9","robots":{"index":"index","follow":"follow","max-snippet":"max-snippet:-1","max-image-preview":"max-image-preview:large","max-video-preview":"max-video-preview:-1"},"canonical":"https:\/\/batijournal.com\/index.php\/reve-de-couleurs-illumine-cathedrale-de-reims-cet-ete\/96472\/","og_locale":"fr_FR","og_type":"article","og_title":"\u00ab R\u00eave de Couleurs \u00bb illumine la Cath\u00e9drale de Reims cet \u00e9t\u00e9","og_description":"Le spectacle, con\u00e7u par les cr\u00e9ateurs H\u00e9l\u00e8ne Richard et Jean-Michel Quesne de la soci\u00e9t\u00e9 Skerto, permet \u00e0 tous de red\u00e9couvrir l\u2019un des joyaux de l\u2019architecture gothique, inscrit pour sa valeur universelle sur la liste du Patrimoine Mondial, de faire \u00e9merger son histoire mais aussi de lui restituer sa part symbolique et sa part de r\u00eave. [&hellip;]","og_url":"https:\/\/batijournal.com\/index.php\/reve-de-couleurs-illumine-cathedrale-de-reims-cet-ete\/96472\/","og_site_name":"Batijournal","article_published_time":"2017-07-12T06:41:51+00:00","article_modified_time":"2019-07-15T09:15:43+00:00","og_image":[{"width":1000,"height":1333,"url":"https:\/\/batijournal.com\/wp-content\/uploads\/2017\/07\/illumination-cathedrale-de-reims.jpg","type":"image\/jpeg"}],"author":"St\u00e9phane Miget","twitter_card":"summary_large_image","twitter_creator":"@bati_journal","twitter_site":"@bati_journal","twitter_misc":{"\u00c9crit par":"St\u00e9phane Miget"},"schema":{"@context":"https:\/\/schema.org","@graph":[{"@type":"Article","@id":"https:\/\/batijournal.com\/index.php\/reve-de-couleurs-illumine-cathedrale-de-reims-cet-ete\/96472\/#article","isPartOf":{"@id":"https:\/\/batijournal.com\/index.php\/reve-de-couleurs-illumine-cathedrale-de-reims-cet-ete\/96472\/"},"author":{"name":"St\u00e9phane Miget","@id":"https:\/\/batijournal.com\/#\/schema\/person\/1dc96ec6957aa1ccb25ebe78bb19f100"},"headline":"\u00ab R\u00eave de Couleurs \u00bb illumine la Cath\u00e9drale de Reims cet \u00e9t\u00e9","datePublished":"2017-07-12T06:41:51+00:00","dateModified":"2019-07-15T09:15:43+00:00","mainEntityOfPage":{"@id":"https:\/\/batijournal.com\/index.php\/reve-de-couleurs-illumine-cathedrale-de-reims-cet-ete\/96472\/"},"wordCount":105,"image":{"@id":"https:\/\/batijournal.com\/index.php\/reve-de-couleurs-illumine-cathedrale-de-reims-cet-ete\/96472\/#primaryimage"},"thumbnailUrl":"https:\/\/batijournal.com\/wp-content\/uploads\/2017\/07\/illumination-cathedrale-de-reims.jpg","keywords":["mise en lumi\u00e8re","monument historique"],"articleSection":["Actualit\u00e9s","Architecture &amp; Conception","zz_Atrium Patrimoine"],"inLanguage":"fr-FR"},{"@type":"WebPage","@id":"https:\/\/batijournal.com\/index.php\/reve-de-couleurs-illumine-cathedrale-de-reims-cet-ete\/96472\/","url":"https:\/\/batijournal.com\/index.php\/reve-de-couleurs-illumine-cathedrale-de-reims-cet-ete\/96472\/","name":"\u00ab R\u00eave de Couleurs \u00bb illumine la Cath\u00e9drale de Reims cet \u00e9t\u00e9","isPartOf":{"@id":"https:\/\/batijournal.com\/#website"},"primaryImageOfPage":{"@id":"https:\/\/batijournal.com\/index.php\/reve-de-couleurs-illumine-cathedrale-de-reims-cet-ete\/96472\/#primaryimage"},"image":{"@id":"https:\/\/batijournal.com\/index.php\/reve-de-couleurs-illumine-cathedrale-de-reims-cet-ete\/96472\/#primaryimage"},"thumbnailUrl":"https:\/\/batijournal.com\/wp-content\/uploads\/2017\/07\/illumination-cathedrale-de-reims.jpg","datePublished":"2017-07-12T06:41:51+00:00","dateModified":"2019-07-15T09:15:43+00:00","author":{"@id":"https:\/\/batijournal.com\/#\/schema\/person\/1dc96ec6957aa1ccb25ebe78bb19f100"},"breadcrumb":{"@id":"https:\/\/batijournal.com\/index.php\/reve-de-couleurs-illumine-cathedrale-de-reims-cet-ete\/96472\/#breadcrumb"},"inLanguage":"fr-FR","potentialAction":[{"@type":"ReadAction","target":["https:\/\/batijournal.com\/index.php\/reve-de-couleurs-illumine-cathedrale-de-reims-cet-ete\/96472\/"]}]},{"@type":"ImageObject","inLanguage":"fr-FR","@id":"https:\/\/batijournal.com\/index.php\/reve-de-couleurs-illumine-cathedrale-de-reims-cet-ete\/96472\/#primaryimage","url":"https:\/\/batijournal.com\/wp-content\/uploads\/2017\/07\/illumination-cathedrale-de-reims.jpg","contentUrl":"https:\/\/batijournal.com\/wp-content\/uploads\/2017\/07\/illumination-cathedrale-de-reims.jpg","width":1000,"height":1333},{"@type":"BreadcrumbList","@id":"https:\/\/batijournal.com\/index.php\/reve-de-couleurs-illumine-cathedrale-de-reims-cet-ete\/96472\/#breadcrumb","itemListElement":[{"@type":"ListItem","position":1,"name":"Accueil","item":"https:\/\/batijournal.com\/"},{"@type":"ListItem","position":2,"name":"Actualit\u00e9s","item":"https:\/\/batijournal.com\/index.php\/category\/actualites\/"},{"@type":"ListItem","position":3,"name":"\u00ab R\u00eave de Couleurs \u00bb illumine la Cath\u00e9drale de Reims cet \u00e9t\u00e9"}]},{"@type":"WebSite","@id":"https:\/\/batijournal.com\/#website","url":"https:\/\/batijournal.com\/","name":"Batijournal","description":"L&#039;actualit\u00e9 du b\u00e2timent","potentialAction":[{"@type":"SearchAction","target":{"@type":"EntryPoint","urlTemplate":"https:\/\/batijournal.com\/?s={search_term_string}"},"query-input":{"@type":"PropertyValueSpecification","valueRequired":true,"valueName":"search_term_string"}}],"inLanguage":"fr-FR"},{"@type":"Person","@id":"https:\/\/batijournal.com\/#\/schema\/person\/1dc96ec6957aa1ccb25ebe78bb19f100","name":"St\u00e9phane Miget","image":{"@type":"ImageObject","inLanguage":"fr-FR","@id":"https:\/\/secure.gravatar.com\/avatar\/89915563d925342126b8ef0281b93d9d7fc337043e8df017f780908eb9644451?s=96&d=mm&r=g","url":"https:\/\/secure.gravatar.com\/avatar\/89915563d925342126b8ef0281b93d9d7fc337043e8df017f780908eb9644451?s=96&d=mm&r=g","contentUrl":"https:\/\/secure.gravatar.com\/avatar\/89915563d925342126b8ef0281b93d9d7fc337043e8df017f780908eb9644451?s=96&d=mm&r=g","caption":"St\u00e9phane Miget"},"url":"https:\/\/batijournal.com\/index.php\/author\/stephane\/"}]}},"_links":{"self":[{"href":"https:\/\/batijournal.com\/index.php\/wp-json\/wp\/v2\/posts\/96472","targetHints":{"allow":["GET"]}}],"collection":[{"href":"https:\/\/batijournal.com\/index.php\/wp-json\/wp\/v2\/posts"}],"about":[{"href":"https:\/\/batijournal.com\/index.php\/wp-json\/wp\/v2\/types\/post"}],"author":[{"embeddable":true,"href":"https:\/\/batijournal.com\/index.php\/wp-json\/wp\/v2\/users\/17"}],"replies":[{"embeddable":true,"href":"https:\/\/batijournal.com\/index.php\/wp-json\/wp\/v2\/comments?post=96472"}],"version-history":[{"count":0,"href":"https:\/\/batijournal.com\/index.php\/wp-json\/wp\/v2\/posts\/96472\/revisions"}],"wp:featuredmedia":[{"embeddable":true,"href":"https:\/\/batijournal.com\/index.php\/wp-json\/wp\/v2\/media\/96473"}],"wp:attachment":[{"href":"https:\/\/batijournal.com\/index.php\/wp-json\/wp\/v2\/media?parent=96472"}],"wp:term":[{"taxonomy":"category","embeddable":true,"href":"https:\/\/batijournal.com\/index.php\/wp-json\/wp\/v2\/categories?post=96472"},{"taxonomy":"post_tag","embeddable":true,"href":"https:\/\/batijournal.com\/index.php\/wp-json\/wp\/v2\/tags?post=96472"}],"curies":[{"name":"wp","href":"https:\/\/api.w.org\/{rel}","templated":true}]}}