{"id":96491,"date":"2017-07-13T09:52:12","date_gmt":"2017-07-13T07:52:12","guid":{"rendered":"http:\/\/batijournal.com\/?p=96491"},"modified":"2019-07-15T12:20:00","modified_gmt":"2019-07-15T10:20:00","slug":"fin-de-lobligation-de-lamelioration-de-performance-energetique-batiments-tertiaires-prives","status":"publish","type":"post","link":"https:\/\/batijournal.com\/index.php\/fin-de-lobligation-de-lamelioration-de-performance-energetique-batiments-tertiaires-prives\/96491\/","title":{"rendered":"Fin de l&rsquo;obligation de l&rsquo;am\u00e9lioration de la performance \u00e9nerg\u00e9tique des b\u00e2timents tertiaires priv\u00e9s"},"content":{"rendered":"<h2>Le Conseil d\u2019Etat a suspendu l\u2019ex\u00e9cution du d\u00e9cret du 9 mai 2017<\/h2>\n<p>L\u2019article L. 111-10-3 du code de la construction et de l\u2019habitation a cr\u00e9\u00e9 l\u2019obligation de r\u00e9aliser des travaux d\u2019am\u00e9lioration de la performance \u00e9nerg\u00e9tique dans les b\u00e2timents \u00e0 usage tertiaire ou dans lesquels s\u2019exerce une activit\u00e9 de service public avant le 1er janvier 2020. Un d\u00e9cret en Conseil d\u2019\u00c9tat du 9 mai 2017 a pr\u00e9vu les objectifs de r\u00e9duction de consommations \u00e9nerg\u00e9tiques \u00e0 atteindre, le p\u00e9rim\u00e8tre des b\u00e2timents concern\u00e9s, et les modalit\u00e9s selon lesquelles ces objectifs devront \u00eatre atteints, par la r\u00e9alisation d\u2019\u00e9tudes et de plans d\u2019action. Ce d\u00e9cret renvoie \u00e0 son tour \u00e0 un arr\u00eat\u00e9 la d\u00e9termination de certains seuils ainsi que les exigences applicables \u00e0 la r\u00e9alisation de certains documents demand\u00e9s.<\/p>\n<p>Suite \u00e0 la demande du Conseil du commerce de France, de l\u2019association Perifem et de l\u2019Union des m\u00e9tiers et des industries de l\u2019h\u00f4tellerie de suspendre l\u2019ex\u00e9cution de ce d\u00e9cret du 9 mai 2017, le juge des r\u00e9f\u00e9r\u00e9s du Conseil d\u2019\u00c9tat a estim\u00e9 que plusieurs des critiques formul\u00e9es par les requ\u00e9rants sont de nature \u00e0 cr\u00e9er un doute s\u00e9rieux sur la l\u00e9galit\u00e9 de ce d\u00e9cret et que la condition d\u2019urgence pr\u00e9vue par le code justice administrative est remplie. Il a suspendu l\u2019ex\u00e9cution du d\u00e9cret dit \u00ab\u00a0tertiaire\u00a0\u00bb.<\/p>\n<h2>Un g\u00e2chis pour le Plan B\u00e2timent Durable<\/h2>\n<p>Pour Philippe Pelletier, pr\u00e9sident du Plan B\u00e2timent Durable, c&rsquo;est un \u00ab triste p\u00e9riple que celui que connait ce d\u00e9cret \u00bb. L\u2019obligation de r\u00e9novation \u00e9nerg\u00e9tique du parc tertiaire public et priv\u00e9 trouve son origine dans l\u2019article 3 de la loi Grenelle 2 du 12 juillet 2010 et a \u00e9t\u00e9 prolong\u00e9e jusqu\u2019en 2050 par la loi relative \u00e0 la transition \u00e9nerg\u00e9tique pour la croissance verte.<\/p>\n<p>Si cette obligation l\u00e9gale est n\u00e9e sans concertation pr\u00e9alable, sa traduction r\u00e9glementaire a fait l\u2019objet de multiples \u00e9changes entre les acteurs. Tout d\u2019abord, au sein de la mission de pr\u00e9figuration du texte conduite en 2010-2011 par Maurice Gauchot pour le Plan B\u00e2timent Durable et dont les conclusions avaient fait consensus. Ensuite aux travers des retours d\u2019exp\u00e9riences suscit\u00e9s par la charte de mobilisation volontaire du parc tertiaire lanc\u00e9e en 2013. Enfin, en 2016, par une consultation tr\u00e8s large autour du projet de texte r\u00e9glementaire. Un parcours toutefois trop long qui est venu m\u00e9caniquement raccourcir le d\u00e9lai laiss\u00e9 aux acteurs pour satisfaire la premi\u00e8re \u00e9ch\u00e9ance \u00e0 2020, suscitant ainsi les premi\u00e8res r\u00e9ticences.<\/p>\n<p>La r\u00e9novation \u00e9nerg\u00e9tique du parc tertiaire, et sp\u00e9cialement celle du parc tertiaire public, constitue l\u2019une des priorit\u00e9s de l\u2019action gouvernementale, rappel\u00e9e dans le Plan Climat pr\u00e9sent\u00e9 le 6 juillet dernier par Nicolas Hulot, ministre de la Transition Ecologique et Solidaire. Ainsi, une enveloppe de 4 milliards d\u2019euros issue du plan d\u2019investissements permettra de r\u00e9nover les b\u00e2timents de l\u2019Etat et ceux des collectivit\u00e9s, en visant particuli\u00e8rement la r\u00e9novation du patrimoine \u00e9ducatif et hospitalier. Il est donc indispensable que la dynamique de r\u00e9novation du parc tertiaire public et priv\u00e9 ne soit pas mise \u00e0 l\u2019arr\u00eat par la suspension du d\u00e9cret.<\/p>\n<p>Le Plan B\u00e2timent Durable entend amplifier l\u2019action de la \u00ab charte tertiaire \u00bb en proposant tr\u00e8s vite une nouvelle version de la charte, s\u2019inscrivant dans la continuit\u00e9 des ambitions gouvernementales et l\u2019objectif de neutralit\u00e9 carbone, comme dans la perspective de l\u2019obligation de r\u00e9novation \u00e0 l\u2019horizon 2050.<\/p>\n<h2>Le Serce veut relancer sans d\u00e9lai la concertation<\/h2>\n<p>Le SERCE comprend les inqui\u00e9tudes formul\u00e9es par les requ\u00e9rants sur le calendrier d&rsquo;application qui mettait en \u0153uvre une partie de l&rsquo;obligation d\u00e8s le 1er juillet 2017. En revanche il regrette que cette d\u00e9cision retarde une nouvelle fois la mise en \u0153uvre \u00e0 l&rsquo;\u00e9chelle nationale de la r\u00e9novation \u00e9nerg\u00e9tique des b\u00e2timents tertiaires.<\/p>\n<p>Le syndicat rappele que ce d\u00e9cret imposait des investissements rentables \u00e0 court terme (entre 5 \u00e0 10 ans), \u00e9valu\u00e9s \u00e0 partir d&rsquo;une \u00e9tude pr\u00e9alable et syst\u00e9matique. A l&rsquo;\u00e9chelle nationale, l&rsquo;\u00e9tude d&rsquo;impact r\u00e9alis\u00e9e par le Minist\u00e8re pr\u00e9voit que d\u00e8s la 4\u00e8me ann\u00e9e, les \u00e9conomies g\u00e9n\u00e9r\u00e9es sont de l&rsquo;ordre de 3 Mds\u20ac par an pour l&rsquo;ensemble du parc concern\u00e9. De nombreuses actions efficaces et peu couteuses sont faciles \u00e0 mettre en \u0153uvre sur les \u00e9quipements tels que chaufferies, \u00e9clairage, groupes froids, climatisation-ventilation&#8230; Le pilotage pr\u00e9cis de la temp\u00e9rature int\u00e9rieure est aussi un levier int\u00e9ressant : un degr\u00e9 en moins repr\u00e9sente 7% d\u2019\u00e9conomie d\u2019\u00e9nergie en moyenne.<\/p>\n<p>Le SERCE appelle \u00e0 relancer tr\u00e8s rapidement une concertation \u00e9largie pour permettre \u00e0 l&rsquo;ensemble des acteurs de contribuer \u00e0 la r\u00e9\u00e9criture du nouveau d\u00e9cret, conform\u00e9ment aux r\u00e9centes positions du gouvernement sur les enjeux climatiques. Les entreprises du SERCE, qui travaillent au quotidien sur cette probl\u00e9matique, sont volontaires pour partager leur exp\u00e9rience de terrain et apporter des exemples concrets de d\u00e9marches efficaces.<\/p>\n<p>&nbsp;<\/p>\n","protected":false},"excerpt":{"rendered":"<p>Le Conseil d\u2019Etat a suspendu l\u2019ex\u00e9cution du d\u00e9cret du 9 mai 2017 L\u2019article L. 111-10-3 du code de la construction et de l\u2019habitation a cr\u00e9\u00e9 l\u2019obligation de r\u00e9aliser des travaux d\u2019am\u00e9lioration de la performance \u00e9nerg\u00e9tique dans les b\u00e2timents \u00e0 usage tertiaire ou dans lesquels s\u2019exerce une activit\u00e9 de service public avant le 1er janvier 2020. [&hellip;]<\/p>\n","protected":false},"author":17,"featured_media":86486,"comment_status":"closed","ping_status":"closed","sticky":false,"template":"","format":"standard","meta":{"_et_pb_use_builder":"","_et_pb_old_content":"","_et_gb_content_width":"","footnotes":""},"categories":[10736,10530,6351,10778],"tags":[10686,871,11059],"class_list":["post-96491","post","type-post","status-publish","format-standard","has-post-thumbnail","hentry","category-a-la-une","category-actualites","category-energie-environnement","category-planete","tag-batiments-tertiaires","tag-renovation-thermique","tag-transition-energetique"],"yoast_head":"<!-- This site is optimized with the Yoast SEO plugin v27.4 - https:\/\/yoast.com\/product\/yoast-seo-wordpress\/ -->\n<title>Fin de l&#039;obligation de l&#039;am\u00e9lioration de la performance \u00e9nerg\u00e9tique des b\u00e2timents tertiaires priv\u00e9s<\/title>\n<meta name=\"robots\" content=\"index, follow, max-snippet:-1, max-image-preview:large, max-video-preview:-1\" \/>\n<link rel=\"canonical\" href=\"https:\/\/batijournal.com\/index.php\/fin-de-lobligation-de-lamelioration-de-performance-energetique-batiments-tertiaires-prives\/96491\/\" \/>\n<meta property=\"og:locale\" content=\"fr_FR\" \/>\n<meta property=\"og:type\" content=\"article\" \/>\n<meta property=\"og:title\" content=\"Fin de l&#039;obligation de l&#039;am\u00e9lioration de la performance \u00e9nerg\u00e9tique des b\u00e2timents tertiaires priv\u00e9s\" \/>\n<meta property=\"og:description\" content=\"Le Conseil d\u2019Etat a suspendu l\u2019ex\u00e9cution du d\u00e9cret du 9 mai 2017 L\u2019article L. 111-10-3 du code de la construction et de l\u2019habitation a cr\u00e9\u00e9 l\u2019obligation de r\u00e9aliser des travaux d\u2019am\u00e9lioration de la performance \u00e9nerg\u00e9tique dans les b\u00e2timents \u00e0 usage tertiaire ou dans lesquels s\u2019exerce une activit\u00e9 de service public avant le 1er janvier 2020. [&hellip;]\" \/>\n<meta property=\"og:url\" content=\"https:\/\/batijournal.com\/index.php\/fin-de-lobligation-de-lamelioration-de-performance-energetique-batiments-tertiaires-prives\/96491\/\" \/>\n<meta property=\"og:site_name\" content=\"Batijournal\" \/>\n<meta property=\"article:published_time\" content=\"2017-07-13T07:52:12+00:00\" \/>\n<meta property=\"article:modified_time\" content=\"2019-07-15T10:20:00+00:00\" \/>\n<meta property=\"og:image\" content=\"https:\/\/batijournal.com\/wp-content\/uploads\/2015\/03\/54972743.jpg\" \/>\n\t<meta property=\"og:image:width\" content=\"600\" \/>\n\t<meta property=\"og:image:height\" content=\"450\" \/>\n\t<meta property=\"og:image:type\" content=\"image\/jpeg\" \/>\n<meta name=\"author\" content=\"St\u00e9phane Miget\" \/>\n<meta name=\"twitter:card\" content=\"summary_large_image\" \/>\n<meta name=\"twitter:creator\" content=\"@bati_journal\" \/>\n<meta name=\"twitter:site\" content=\"@bati_journal\" \/>\n<meta name=\"twitter:label1\" content=\"\u00c9crit par\" \/>\n\t<meta name=\"twitter:data1\" content=\"St\u00e9phane Miget\" \/>\n\t<meta name=\"twitter:label2\" content=\"Dur\u00e9e de lecture estim\u00e9e\" \/>\n\t<meta name=\"twitter:data2\" content=\"4 minutes\" \/>\n<script type=\"application\/ld+json\" class=\"yoast-schema-graph\">{\"@context\":\"https:\\\/\\\/schema.org\",\"@graph\":[{\"@type\":\"Article\",\"@id\":\"https:\\\/\\\/batijournal.com\\\/index.php\\\/fin-de-lobligation-de-lamelioration-de-performance-energetique-batiments-tertiaires-prives\\\/96491\\\/#article\",\"isPartOf\":{\"@id\":\"https:\\\/\\\/batijournal.com\\\/index.php\\\/fin-de-lobligation-de-lamelioration-de-performance-energetique-batiments-tertiaires-prives\\\/96491\\\/\"},\"author\":{\"name\":\"St\u00e9phane Miget\",\"@id\":\"https:\\\/\\\/batijournal.com\\\/#\\\/schema\\\/person\\\/1dc96ec6957aa1ccb25ebe78bb19f100\"},\"headline\":\"Fin de l&rsquo;obligation de l&rsquo;am\u00e9lioration de la performance \u00e9nerg\u00e9tique des b\u00e2timents tertiaires priv\u00e9s\",\"datePublished\":\"2017-07-13T07:52:12+00:00\",\"dateModified\":\"2019-07-15T10:20:00+00:00\",\"mainEntityOfPage\":{\"@id\":\"https:\\\/\\\/batijournal.com\\\/index.php\\\/fin-de-lobligation-de-lamelioration-de-performance-energetique-batiments-tertiaires-prives\\\/96491\\\/\"},\"wordCount\":893,\"image\":{\"@id\":\"https:\\\/\\\/batijournal.com\\\/index.php\\\/fin-de-lobligation-de-lamelioration-de-performance-energetique-batiments-tertiaires-prives\\\/96491\\\/#primaryimage\"},\"thumbnailUrl\":\"https:\\\/\\\/batijournal.com\\\/wp-content\\\/uploads\\\/2015\\\/03\\\/54972743.jpg\",\"keywords\":[\"b\u00e2timents tertiaires\",\"r\u00e9novation thermique\",\"transition \u00e9nerg\u00e9tique\"],\"articleSection\":[\"A la Une\",\"Actualit\u00e9s\",\"\u00c9nergie &amp; Environnement\",\"zz_Plan\u00e8te B\u00e2timent\"],\"inLanguage\":\"fr-FR\"},{\"@type\":\"WebPage\",\"@id\":\"https:\\\/\\\/batijournal.com\\\/index.php\\\/fin-de-lobligation-de-lamelioration-de-performance-energetique-batiments-tertiaires-prives\\\/96491\\\/\",\"url\":\"https:\\\/\\\/batijournal.com\\\/index.php\\\/fin-de-lobligation-de-lamelioration-de-performance-energetique-batiments-tertiaires-prives\\\/96491\\\/\",\"name\":\"Fin de l'obligation de l'am\u00e9lioration de la performance \u00e9nerg\u00e9tique des b\u00e2timents tertiaires priv\u00e9s\",\"isPartOf\":{\"@id\":\"https:\\\/\\\/batijournal.com\\\/#website\"},\"primaryImageOfPage\":{\"@id\":\"https:\\\/\\\/batijournal.com\\\/index.php\\\/fin-de-lobligation-de-lamelioration-de-performance-energetique-batiments-tertiaires-prives\\\/96491\\\/#primaryimage\"},\"image\":{\"@id\":\"https:\\\/\\\/batijournal.com\\\/index.php\\\/fin-de-lobligation-de-lamelioration-de-performance-energetique-batiments-tertiaires-prives\\\/96491\\\/#primaryimage\"},\"thumbnailUrl\":\"https:\\\/\\\/batijournal.com\\\/wp-content\\\/uploads\\\/2015\\\/03\\\/54972743.jpg\",\"datePublished\":\"2017-07-13T07:52:12+00:00\",\"dateModified\":\"2019-07-15T10:20:00+00:00\",\"author\":{\"@id\":\"https:\\\/\\\/batijournal.com\\\/#\\\/schema\\\/person\\\/1dc96ec6957aa1ccb25ebe78bb19f100\"},\"breadcrumb\":{\"@id\":\"https:\\\/\\\/batijournal.com\\\/index.php\\\/fin-de-lobligation-de-lamelioration-de-performance-energetique-batiments-tertiaires-prives\\\/96491\\\/#breadcrumb\"},\"inLanguage\":\"fr-FR\",\"potentialAction\":[{\"@type\":\"ReadAction\",\"target\":[\"https:\\\/\\\/batijournal.com\\\/index.php\\\/fin-de-lobligation-de-lamelioration-de-performance-energetique-batiments-tertiaires-prives\\\/96491\\\/\"]}]},{\"@type\":\"ImageObject\",\"inLanguage\":\"fr-FR\",\"@id\":\"https:\\\/\\\/batijournal.com\\\/index.php\\\/fin-de-lobligation-de-lamelioration-de-performance-energetique-batiments-tertiaires-prives\\\/96491\\\/#primaryimage\",\"url\":\"https:\\\/\\\/batijournal.com\\\/wp-content\\\/uploads\\\/2015\\\/03\\\/54972743.jpg\",\"contentUrl\":\"https:\\\/\\\/batijournal.com\\\/wp-content\\\/uploads\\\/2015\\\/03\\\/54972743.jpg\",\"width\":600,\"height\":450,\"caption\":\"negawatt-plan-de-renovation-energetique\"},{\"@type\":\"BreadcrumbList\",\"@id\":\"https:\\\/\\\/batijournal.com\\\/index.php\\\/fin-de-lobligation-de-lamelioration-de-performance-energetique-batiments-tertiaires-prives\\\/96491\\\/#breadcrumb\",\"itemListElement\":[{\"@type\":\"ListItem\",\"position\":1,\"name\":\"Accueil\",\"item\":\"https:\\\/\\\/batijournal.com\\\/\"},{\"@type\":\"ListItem\",\"position\":2,\"name\":\"A la Une\",\"item\":\"https:\\\/\\\/batijournal.com\\\/index.php\\\/category\\\/a-la-une\\\/\"},{\"@type\":\"ListItem\",\"position\":3,\"name\":\"Fin de l&rsquo;obligation de l&rsquo;am\u00e9lioration de la performance \u00e9nerg\u00e9tique des b\u00e2timents tertiaires priv\u00e9s\"}]},{\"@type\":\"WebSite\",\"@id\":\"https:\\\/\\\/batijournal.com\\\/#website\",\"url\":\"https:\\\/\\\/batijournal.com\\\/\",\"name\":\"Batijournal\",\"description\":\"L&#039;actualit\u00e9 du b\u00e2timent\",\"potentialAction\":[{\"@type\":\"SearchAction\",\"target\":{\"@type\":\"EntryPoint\",\"urlTemplate\":\"https:\\\/\\\/batijournal.com\\\/?s={search_term_string}\"},\"query-input\":{\"@type\":\"PropertyValueSpecification\",\"valueRequired\":true,\"valueName\":\"search_term_string\"}}],\"inLanguage\":\"fr-FR\"},{\"@type\":\"Person\",\"@id\":\"https:\\\/\\\/batijournal.com\\\/#\\\/schema\\\/person\\\/1dc96ec6957aa1ccb25ebe78bb19f100\",\"name\":\"St\u00e9phane Miget\",\"image\":{\"@type\":\"ImageObject\",\"inLanguage\":\"fr-FR\",\"@id\":\"https:\\\/\\\/secure.gravatar.com\\\/avatar\\\/89915563d925342126b8ef0281b93d9d7fc337043e8df017f780908eb9644451?s=96&d=mm&r=g\",\"url\":\"https:\\\/\\\/secure.gravatar.com\\\/avatar\\\/89915563d925342126b8ef0281b93d9d7fc337043e8df017f780908eb9644451?s=96&d=mm&r=g\",\"contentUrl\":\"https:\\\/\\\/secure.gravatar.com\\\/avatar\\\/89915563d925342126b8ef0281b93d9d7fc337043e8df017f780908eb9644451?s=96&d=mm&r=g\",\"caption\":\"St\u00e9phane Miget\"},\"url\":\"https:\\\/\\\/batijournal.com\\\/index.php\\\/author\\\/stephane\\\/\"}]}<\/script>\n<!-- \/ Yoast SEO plugin. -->","yoast_head_json":{"title":"Fin de l'obligation de l'am\u00e9lioration de la performance \u00e9nerg\u00e9tique des b\u00e2timents tertiaires priv\u00e9s","robots":{"index":"index","follow":"follow","max-snippet":"max-snippet:-1","max-image-preview":"max-image-preview:large","max-video-preview":"max-video-preview:-1"},"canonical":"https:\/\/batijournal.com\/index.php\/fin-de-lobligation-de-lamelioration-de-performance-energetique-batiments-tertiaires-prives\/96491\/","og_locale":"fr_FR","og_type":"article","og_title":"Fin de l'obligation de l'am\u00e9lioration de la performance \u00e9nerg\u00e9tique des b\u00e2timents tertiaires priv\u00e9s","og_description":"Le Conseil d\u2019Etat a suspendu l\u2019ex\u00e9cution du d\u00e9cret du 9 mai 2017 L\u2019article L. 111-10-3 du code de la construction et de l\u2019habitation a cr\u00e9\u00e9 l\u2019obligation de r\u00e9aliser des travaux d\u2019am\u00e9lioration de la performance \u00e9nerg\u00e9tique dans les b\u00e2timents \u00e0 usage tertiaire ou dans lesquels s\u2019exerce une activit\u00e9 de service public avant le 1er janvier 2020. [&hellip;]","og_url":"https:\/\/batijournal.com\/index.php\/fin-de-lobligation-de-lamelioration-de-performance-energetique-batiments-tertiaires-prives\/96491\/","og_site_name":"Batijournal","article_published_time":"2017-07-13T07:52:12+00:00","article_modified_time":"2019-07-15T10:20:00+00:00","og_image":[{"width":600,"height":450,"url":"https:\/\/batijournal.com\/wp-content\/uploads\/2015\/03\/54972743.jpg","type":"image\/jpeg"}],"author":"St\u00e9phane Miget","twitter_card":"summary_large_image","twitter_creator":"@bati_journal","twitter_site":"@bati_journal","twitter_misc":{"\u00c9crit par":"St\u00e9phane Miget","Dur\u00e9e de lecture estim\u00e9e":"4 minutes"},"schema":{"@context":"https:\/\/schema.org","@graph":[{"@type":"Article","@id":"https:\/\/batijournal.com\/index.php\/fin-de-lobligation-de-lamelioration-de-performance-energetique-batiments-tertiaires-prives\/96491\/#article","isPartOf":{"@id":"https:\/\/batijournal.com\/index.php\/fin-de-lobligation-de-lamelioration-de-performance-energetique-batiments-tertiaires-prives\/96491\/"},"author":{"name":"St\u00e9phane Miget","@id":"https:\/\/batijournal.com\/#\/schema\/person\/1dc96ec6957aa1ccb25ebe78bb19f100"},"headline":"Fin de l&rsquo;obligation de l&rsquo;am\u00e9lioration de la performance \u00e9nerg\u00e9tique des b\u00e2timents tertiaires priv\u00e9s","datePublished":"2017-07-13T07:52:12+00:00","dateModified":"2019-07-15T10:20:00+00:00","mainEntityOfPage":{"@id":"https:\/\/batijournal.com\/index.php\/fin-de-lobligation-de-lamelioration-de-performance-energetique-batiments-tertiaires-prives\/96491\/"},"wordCount":893,"image":{"@id":"https:\/\/batijournal.com\/index.php\/fin-de-lobligation-de-lamelioration-de-performance-energetique-batiments-tertiaires-prives\/96491\/#primaryimage"},"thumbnailUrl":"https:\/\/batijournal.com\/wp-content\/uploads\/2015\/03\/54972743.jpg","keywords":["b\u00e2timents tertiaires","r\u00e9novation thermique","transition \u00e9nerg\u00e9tique"],"articleSection":["A la Une","Actualit\u00e9s","\u00c9nergie &amp; Environnement","zz_Plan\u00e8te B\u00e2timent"],"inLanguage":"fr-FR"},{"@type":"WebPage","@id":"https:\/\/batijournal.com\/index.php\/fin-de-lobligation-de-lamelioration-de-performance-energetique-batiments-tertiaires-prives\/96491\/","url":"https:\/\/batijournal.com\/index.php\/fin-de-lobligation-de-lamelioration-de-performance-energetique-batiments-tertiaires-prives\/96491\/","name":"Fin de l'obligation de l'am\u00e9lioration de la performance \u00e9nerg\u00e9tique des b\u00e2timents tertiaires priv\u00e9s","isPartOf":{"@id":"https:\/\/batijournal.com\/#website"},"primaryImageOfPage":{"@id":"https:\/\/batijournal.com\/index.php\/fin-de-lobligation-de-lamelioration-de-performance-energetique-batiments-tertiaires-prives\/96491\/#primaryimage"},"image":{"@id":"https:\/\/batijournal.com\/index.php\/fin-de-lobligation-de-lamelioration-de-performance-energetique-batiments-tertiaires-prives\/96491\/#primaryimage"},"thumbnailUrl":"https:\/\/batijournal.com\/wp-content\/uploads\/2015\/03\/54972743.jpg","datePublished":"2017-07-13T07:52:12+00:00","dateModified":"2019-07-15T10:20:00+00:00","author":{"@id":"https:\/\/batijournal.com\/#\/schema\/person\/1dc96ec6957aa1ccb25ebe78bb19f100"},"breadcrumb":{"@id":"https:\/\/batijournal.com\/index.php\/fin-de-lobligation-de-lamelioration-de-performance-energetique-batiments-tertiaires-prives\/96491\/#breadcrumb"},"inLanguage":"fr-FR","potentialAction":[{"@type":"ReadAction","target":["https:\/\/batijournal.com\/index.php\/fin-de-lobligation-de-lamelioration-de-performance-energetique-batiments-tertiaires-prives\/96491\/"]}]},{"@type":"ImageObject","inLanguage":"fr-FR","@id":"https:\/\/batijournal.com\/index.php\/fin-de-lobligation-de-lamelioration-de-performance-energetique-batiments-tertiaires-prives\/96491\/#primaryimage","url":"https:\/\/batijournal.com\/wp-content\/uploads\/2015\/03\/54972743.jpg","contentUrl":"https:\/\/batijournal.com\/wp-content\/uploads\/2015\/03\/54972743.jpg","width":600,"height":450,"caption":"negawatt-plan-de-renovation-energetique"},{"@type":"BreadcrumbList","@id":"https:\/\/batijournal.com\/index.php\/fin-de-lobligation-de-lamelioration-de-performance-energetique-batiments-tertiaires-prives\/96491\/#breadcrumb","itemListElement":[{"@type":"ListItem","position":1,"name":"Accueil","item":"https:\/\/batijournal.com\/"},{"@type":"ListItem","position":2,"name":"A la Une","item":"https:\/\/batijournal.com\/index.php\/category\/a-la-une\/"},{"@type":"ListItem","position":3,"name":"Fin de l&rsquo;obligation de l&rsquo;am\u00e9lioration de la performance \u00e9nerg\u00e9tique des b\u00e2timents tertiaires priv\u00e9s"}]},{"@type":"WebSite","@id":"https:\/\/batijournal.com\/#website","url":"https:\/\/batijournal.com\/","name":"Batijournal","description":"L&#039;actualit\u00e9 du b\u00e2timent","potentialAction":[{"@type":"SearchAction","target":{"@type":"EntryPoint","urlTemplate":"https:\/\/batijournal.com\/?s={search_term_string}"},"query-input":{"@type":"PropertyValueSpecification","valueRequired":true,"valueName":"search_term_string"}}],"inLanguage":"fr-FR"},{"@type":"Person","@id":"https:\/\/batijournal.com\/#\/schema\/person\/1dc96ec6957aa1ccb25ebe78bb19f100","name":"St\u00e9phane Miget","image":{"@type":"ImageObject","inLanguage":"fr-FR","@id":"https:\/\/secure.gravatar.com\/avatar\/89915563d925342126b8ef0281b93d9d7fc337043e8df017f780908eb9644451?s=96&d=mm&r=g","url":"https:\/\/secure.gravatar.com\/avatar\/89915563d925342126b8ef0281b93d9d7fc337043e8df017f780908eb9644451?s=96&d=mm&r=g","contentUrl":"https:\/\/secure.gravatar.com\/avatar\/89915563d925342126b8ef0281b93d9d7fc337043e8df017f780908eb9644451?s=96&d=mm&r=g","caption":"St\u00e9phane Miget"},"url":"https:\/\/batijournal.com\/index.php\/author\/stephane\/"}]}},"_links":{"self":[{"href":"https:\/\/batijournal.com\/index.php\/wp-json\/wp\/v2\/posts\/96491","targetHints":{"allow":["GET"]}}],"collection":[{"href":"https:\/\/batijournal.com\/index.php\/wp-json\/wp\/v2\/posts"}],"about":[{"href":"https:\/\/batijournal.com\/index.php\/wp-json\/wp\/v2\/types\/post"}],"author":[{"embeddable":true,"href":"https:\/\/batijournal.com\/index.php\/wp-json\/wp\/v2\/users\/17"}],"replies":[{"embeddable":true,"href":"https:\/\/batijournal.com\/index.php\/wp-json\/wp\/v2\/comments?post=96491"}],"version-history":[{"count":0,"href":"https:\/\/batijournal.com\/index.php\/wp-json\/wp\/v2\/posts\/96491\/revisions"}],"wp:featuredmedia":[{"embeddable":true,"href":"https:\/\/batijournal.com\/index.php\/wp-json\/wp\/v2\/media\/86486"}],"wp:attachment":[{"href":"https:\/\/batijournal.com\/index.php\/wp-json\/wp\/v2\/media?parent=96491"}],"wp:term":[{"taxonomy":"category","embeddable":true,"href":"https:\/\/batijournal.com\/index.php\/wp-json\/wp\/v2\/categories?post=96491"},{"taxonomy":"post_tag","embeddable":true,"href":"https:\/\/batijournal.com\/index.php\/wp-json\/wp\/v2\/tags?post=96491"}],"curies":[{"name":"wp","href":"https:\/\/api.w.org\/{rel}","templated":true}]}}