{"id":96500,"date":"2017-07-18T07:40:36","date_gmt":"2017-07-18T05:40:36","guid":{"rendered":"http:\/\/batijournal.com\/?p=96500"},"modified":"2019-07-15T12:03:51","modified_gmt":"2019-07-15T10:03:51","slug":"nouveau-president-de-qualifelec-confirme-nouvelle-impulsion-de-lassociation","status":"publish","type":"post","link":"https:\/\/batijournal.com\/index.php\/nouveau-president-de-qualifelec-confirme-nouvelle-impulsion-de-lassociation\/96500\/","title":{"rendered":"Le nouveau president de QUALIFELEC confirme la nouvelle impulsion de l\u2019association"},"content":{"rendered":"<p>Succ\u00e9dant \u00e0 Thierry H\u00e9nault, Yves Jalageas vient a \u00e9t\u00e9 \u00e9lu \u00e0 la Pr\u00e9sidence de Qualifelec, l\u2019organisme fran\u00e7ais de qualification du g\u00e9nie \u00e9lectrique et \u00e9nerg\u00e9tique. Il s\u2019engage \u00e0 poursuivre la modernisation de Qualifelec, initi\u00e9e par son pr\u00e9d\u00e9cesseur, et \u00e0 accro\u00eetre sa visibilit\u00e9 comme acteur cl\u00e9 de la professionnalisation des entreprises du g\u00e9nie \u00e9lectrique et \u00e9nerg\u00e9tique. Il souhaite finaliser la d\u00e9mat\u00e9rialisation du dossier de qualification au plus vite. L\u2019e-dossier permettra aux entreprises de remplir leurs demandes directement sur le site internet de Qualifelec. La gestion et l\u2019instruction des dossiers gagneront en fluidit\u00e9 et les d\u00e9lais de qualification seront r\u00e9duits. Parall\u00e8lement, Yves Jalageas \u0153uvrera au renforcement du r\u00f4le d\u00e9terminant des comit\u00e9s, compos\u00e9s de professionnels seuls habilit\u00e9s \u00e0 attribuer les qualifications, en augmentant significativement le nombre de repr\u00e9sentants. Il veut accro\u00eetre la reconnaissance de Qualifelec aupr\u00e8s des ma\u00eetres d\u2019ouvrage et des professionnels \u00e9lectriciens.<\/p>\n","protected":false},"excerpt":{"rendered":"<p>Succ\u00e9dant \u00e0 Thierry H\u00e9nault, Yves Jalageas vient a \u00e9t\u00e9 \u00e9lu \u00e0 la Pr\u00e9sidence de Qualifelec, l\u2019organisme fran\u00e7ais de qualification du g\u00e9nie \u00e9lectrique et \u00e9nerg\u00e9tique. Il s\u2019engage \u00e0 poursuivre la modernisation de Qualifelec, initi\u00e9e par son pr\u00e9d\u00e9cesseur, et \u00e0 accro\u00eetre sa visibilit\u00e9 comme acteur cl\u00e9 de la professionnalisation des entreprises du g\u00e9nie \u00e9lectrique et \u00e9nerg\u00e9tique. Il [&hellip;]<\/p>\n","protected":false},"author":17,"featured_media":96501,"comment_status":"closed","ping_status":"closed","sticky":false,"template":"","format":"standard","meta":{"_et_pb_use_builder":"","_et_pb_old_content":"","_et_gb_content_width":"","footnotes":""},"categories":[10530,6345],"tags":[10663],"class_list":["post-96500","post","type-post","status-publish","format-standard","has-post-thumbnail","hentry","category-actualites","category-economie-marches","tag-qualifelec"],"yoast_head":"<!-- This site is optimized with the Yoast SEO plugin v27.4 - https:\/\/yoast.com\/product\/yoast-seo-wordpress\/ -->\n<title>Le nouveau president de QUALIFELEC confirme la nouvelle impulsion de l\u2019association<\/title>\n<meta name=\"robots\" content=\"index, follow, max-snippet:-1, max-image-preview:large, max-video-preview:-1\" \/>\n<link rel=\"canonical\" href=\"https:\/\/batijournal.com\/index.php\/nouveau-president-de-qualifelec-confirme-nouvelle-impulsion-de-lassociation\/96500\/\" \/>\n<meta property=\"og:locale\" content=\"fr_FR\" \/>\n<meta property=\"og:type\" content=\"article\" \/>\n<meta property=\"og:title\" content=\"Le nouveau president de QUALIFELEC confirme la nouvelle impulsion de l\u2019association\" \/>\n<meta property=\"og:description\" content=\"Succ\u00e9dant \u00e0 Thierry H\u00e9nault, Yves Jalageas vient a \u00e9t\u00e9 \u00e9lu \u00e0 la Pr\u00e9sidence de Qualifelec, l\u2019organisme fran\u00e7ais de qualification du g\u00e9nie \u00e9lectrique et \u00e9nerg\u00e9tique. Il s\u2019engage \u00e0 poursuivre la modernisation de Qualifelec, initi\u00e9e par son pr\u00e9d\u00e9cesseur, et \u00e0 accro\u00eetre sa visibilit\u00e9 comme acteur cl\u00e9 de la professionnalisation des entreprises du g\u00e9nie \u00e9lectrique et \u00e9nerg\u00e9tique. Il [&hellip;]\" \/>\n<meta property=\"og:url\" content=\"https:\/\/batijournal.com\/index.php\/nouveau-president-de-qualifelec-confirme-nouvelle-impulsion-de-lassociation\/96500\/\" \/>\n<meta property=\"og:site_name\" content=\"Batijournal\" \/>\n<meta property=\"article:published_time\" content=\"2017-07-18T05:40:36+00:00\" \/>\n<meta property=\"article:modified_time\" content=\"2019-07-15T10:03:51+00:00\" \/>\n<meta property=\"og:image\" content=\"https:\/\/batijournal.com\/wp-content\/uploads\/2017\/07\/Yves-Jalageas-qualifelec.png\" \/>\n\t<meta property=\"og:image:width\" content=\"560\" \/>\n\t<meta property=\"og:image:height\" content=\"448\" \/>\n\t<meta property=\"og:image:type\" content=\"image\/png\" \/>\n<meta name=\"author\" content=\"St\u00e9phane Miget\" \/>\n<meta name=\"twitter:card\" content=\"summary_large_image\" \/>\n<meta name=\"twitter:creator\" content=\"@bati_journal\" \/>\n<meta name=\"twitter:site\" content=\"@bati_journal\" \/>\n<meta name=\"twitter:label1\" content=\"\u00c9crit par\" \/>\n\t<meta name=\"twitter:data1\" content=\"St\u00e9phane Miget\" \/>\n\t<meta name=\"twitter:label2\" content=\"Dur\u00e9e de lecture estim\u00e9e\" \/>\n\t<meta name=\"twitter:data2\" content=\"1 minute\" \/>\n<script type=\"application\/ld+json\" class=\"yoast-schema-graph\">{\"@context\":\"https:\\\/\\\/schema.org\",\"@graph\":[{\"@type\":\"Article\",\"@id\":\"https:\\\/\\\/batijournal.com\\\/index.php\\\/nouveau-president-de-qualifelec-confirme-nouvelle-impulsion-de-lassociation\\\/96500\\\/#article\",\"isPartOf\":{\"@id\":\"https:\\\/\\\/batijournal.com\\\/index.php\\\/nouveau-president-de-qualifelec-confirme-nouvelle-impulsion-de-lassociation\\\/96500\\\/\"},\"author\":{\"name\":\"St\u00e9phane Miget\",\"@id\":\"https:\\\/\\\/batijournal.com\\\/#\\\/schema\\\/person\\\/1dc96ec6957aa1ccb25ebe78bb19f100\"},\"headline\":\"Le nouveau president de QUALIFELEC confirme la nouvelle impulsion de l\u2019association\",\"datePublished\":\"2017-07-18T05:40:36+00:00\",\"dateModified\":\"2019-07-15T10:03:51+00:00\",\"mainEntityOfPage\":{\"@id\":\"https:\\\/\\\/batijournal.com\\\/index.php\\\/nouveau-president-de-qualifelec-confirme-nouvelle-impulsion-de-lassociation\\\/96500\\\/\"},\"wordCount\":177,\"image\":{\"@id\":\"https:\\\/\\\/batijournal.com\\\/index.php\\\/nouveau-president-de-qualifelec-confirme-nouvelle-impulsion-de-lassociation\\\/96500\\\/#primaryimage\"},\"thumbnailUrl\":\"https:\\\/\\\/batijournal.com\\\/wp-content\\\/uploads\\\/2017\\\/07\\\/Yves-Jalageas-qualifelec.png\",\"keywords\":[\"QUALIFELEC\"],\"articleSection\":[\"Actualit\u00e9s\",\"\u00c9conomie &amp; March\u00e9s\"],\"inLanguage\":\"fr-FR\"},{\"@type\":\"WebPage\",\"@id\":\"https:\\\/\\\/batijournal.com\\\/index.php\\\/nouveau-president-de-qualifelec-confirme-nouvelle-impulsion-de-lassociation\\\/96500\\\/\",\"url\":\"https:\\\/\\\/batijournal.com\\\/index.php\\\/nouveau-president-de-qualifelec-confirme-nouvelle-impulsion-de-lassociation\\\/96500\\\/\",\"name\":\"Le nouveau president de QUALIFELEC confirme la nouvelle impulsion de l\u2019association\",\"isPartOf\":{\"@id\":\"https:\\\/\\\/batijournal.com\\\/#website\"},\"primaryImageOfPage\":{\"@id\":\"https:\\\/\\\/batijournal.com\\\/index.php\\\/nouveau-president-de-qualifelec-confirme-nouvelle-impulsion-de-lassociation\\\/96500\\\/#primaryimage\"},\"image\":{\"@id\":\"https:\\\/\\\/batijournal.com\\\/index.php\\\/nouveau-president-de-qualifelec-confirme-nouvelle-impulsion-de-lassociation\\\/96500\\\/#primaryimage\"},\"thumbnailUrl\":\"https:\\\/\\\/batijournal.com\\\/wp-content\\\/uploads\\\/2017\\\/07\\\/Yves-Jalageas-qualifelec.png\",\"datePublished\":\"2017-07-18T05:40:36+00:00\",\"dateModified\":\"2019-07-15T10:03:51+00:00\",\"author\":{\"@id\":\"https:\\\/\\\/batijournal.com\\\/#\\\/schema\\\/person\\\/1dc96ec6957aa1ccb25ebe78bb19f100\"},\"breadcrumb\":{\"@id\":\"https:\\\/\\\/batijournal.com\\\/index.php\\\/nouveau-president-de-qualifelec-confirme-nouvelle-impulsion-de-lassociation\\\/96500\\\/#breadcrumb\"},\"inLanguage\":\"fr-FR\",\"potentialAction\":[{\"@type\":\"ReadAction\",\"target\":[\"https:\\\/\\\/batijournal.com\\\/index.php\\\/nouveau-president-de-qualifelec-confirme-nouvelle-impulsion-de-lassociation\\\/96500\\\/\"]}]},{\"@type\":\"ImageObject\",\"inLanguage\":\"fr-FR\",\"@id\":\"https:\\\/\\\/batijournal.com\\\/index.php\\\/nouveau-president-de-qualifelec-confirme-nouvelle-impulsion-de-lassociation\\\/96500\\\/#primaryimage\",\"url\":\"https:\\\/\\\/batijournal.com\\\/wp-content\\\/uploads\\\/2017\\\/07\\\/Yves-Jalageas-qualifelec.png\",\"contentUrl\":\"https:\\\/\\\/batijournal.com\\\/wp-content\\\/uploads\\\/2017\\\/07\\\/Yves-Jalageas-qualifelec.png\",\"width\":560,\"height\":448},{\"@type\":\"BreadcrumbList\",\"@id\":\"https:\\\/\\\/batijournal.com\\\/index.php\\\/nouveau-president-de-qualifelec-confirme-nouvelle-impulsion-de-lassociation\\\/96500\\\/#breadcrumb\",\"itemListElement\":[{\"@type\":\"ListItem\",\"position\":1,\"name\":\"Accueil\",\"item\":\"https:\\\/\\\/batijournal.com\\\/\"},{\"@type\":\"ListItem\",\"position\":2,\"name\":\"Actualit\u00e9s\",\"item\":\"https:\\\/\\\/batijournal.com\\\/index.php\\\/category\\\/actualites\\\/\"},{\"@type\":\"ListItem\",\"position\":3,\"name\":\"Le nouveau president de QUALIFELEC confirme la nouvelle impulsion de l\u2019association\"}]},{\"@type\":\"WebSite\",\"@id\":\"https:\\\/\\\/batijournal.com\\\/#website\",\"url\":\"https:\\\/\\\/batijournal.com\\\/\",\"name\":\"Batijournal\",\"description\":\"L&#039;actualit\u00e9 du b\u00e2timent\",\"potentialAction\":[{\"@type\":\"SearchAction\",\"target\":{\"@type\":\"EntryPoint\",\"urlTemplate\":\"https:\\\/\\\/batijournal.com\\\/?s={search_term_string}\"},\"query-input\":{\"@type\":\"PropertyValueSpecification\",\"valueRequired\":true,\"valueName\":\"search_term_string\"}}],\"inLanguage\":\"fr-FR\"},{\"@type\":\"Person\",\"@id\":\"https:\\\/\\\/batijournal.com\\\/#\\\/schema\\\/person\\\/1dc96ec6957aa1ccb25ebe78bb19f100\",\"name\":\"St\u00e9phane Miget\",\"image\":{\"@type\":\"ImageObject\",\"inLanguage\":\"fr-FR\",\"@id\":\"https:\\\/\\\/secure.gravatar.com\\\/avatar\\\/89915563d925342126b8ef0281b93d9d7fc337043e8df017f780908eb9644451?s=96&d=mm&r=g\",\"url\":\"https:\\\/\\\/secure.gravatar.com\\\/avatar\\\/89915563d925342126b8ef0281b93d9d7fc337043e8df017f780908eb9644451?s=96&d=mm&r=g\",\"contentUrl\":\"https:\\\/\\\/secure.gravatar.com\\\/avatar\\\/89915563d925342126b8ef0281b93d9d7fc337043e8df017f780908eb9644451?s=96&d=mm&r=g\",\"caption\":\"St\u00e9phane Miget\"},\"url\":\"https:\\\/\\\/batijournal.com\\\/index.php\\\/author\\\/stephane\\\/\"}]}<\/script>\n<!-- \/ Yoast SEO plugin. -->","yoast_head_json":{"title":"Le nouveau president de QUALIFELEC confirme la nouvelle impulsion de l\u2019association","robots":{"index":"index","follow":"follow","max-snippet":"max-snippet:-1","max-image-preview":"max-image-preview:large","max-video-preview":"max-video-preview:-1"},"canonical":"https:\/\/batijournal.com\/index.php\/nouveau-president-de-qualifelec-confirme-nouvelle-impulsion-de-lassociation\/96500\/","og_locale":"fr_FR","og_type":"article","og_title":"Le nouveau president de QUALIFELEC confirme la nouvelle impulsion de l\u2019association","og_description":"Succ\u00e9dant \u00e0 Thierry H\u00e9nault, Yves Jalageas vient a \u00e9t\u00e9 \u00e9lu \u00e0 la Pr\u00e9sidence de Qualifelec, l\u2019organisme fran\u00e7ais de qualification du g\u00e9nie \u00e9lectrique et \u00e9nerg\u00e9tique. Il s\u2019engage \u00e0 poursuivre la modernisation de Qualifelec, initi\u00e9e par son pr\u00e9d\u00e9cesseur, et \u00e0 accro\u00eetre sa visibilit\u00e9 comme acteur cl\u00e9 de la professionnalisation des entreprises du g\u00e9nie \u00e9lectrique et \u00e9nerg\u00e9tique. Il [&hellip;]","og_url":"https:\/\/batijournal.com\/index.php\/nouveau-president-de-qualifelec-confirme-nouvelle-impulsion-de-lassociation\/96500\/","og_site_name":"Batijournal","article_published_time":"2017-07-18T05:40:36+00:00","article_modified_time":"2019-07-15T10:03:51+00:00","og_image":[{"width":560,"height":448,"url":"https:\/\/batijournal.com\/wp-content\/uploads\/2017\/07\/Yves-Jalageas-qualifelec.png","type":"image\/png"}],"author":"St\u00e9phane Miget","twitter_card":"summary_large_image","twitter_creator":"@bati_journal","twitter_site":"@bati_journal","twitter_misc":{"\u00c9crit par":"St\u00e9phane Miget","Dur\u00e9e de lecture estim\u00e9e":"1 minute"},"schema":{"@context":"https:\/\/schema.org","@graph":[{"@type":"Article","@id":"https:\/\/batijournal.com\/index.php\/nouveau-president-de-qualifelec-confirme-nouvelle-impulsion-de-lassociation\/96500\/#article","isPartOf":{"@id":"https:\/\/batijournal.com\/index.php\/nouveau-president-de-qualifelec-confirme-nouvelle-impulsion-de-lassociation\/96500\/"},"author":{"name":"St\u00e9phane Miget","@id":"https:\/\/batijournal.com\/#\/schema\/person\/1dc96ec6957aa1ccb25ebe78bb19f100"},"headline":"Le nouveau president de QUALIFELEC confirme la nouvelle impulsion de l\u2019association","datePublished":"2017-07-18T05:40:36+00:00","dateModified":"2019-07-15T10:03:51+00:00","mainEntityOfPage":{"@id":"https:\/\/batijournal.com\/index.php\/nouveau-president-de-qualifelec-confirme-nouvelle-impulsion-de-lassociation\/96500\/"},"wordCount":177,"image":{"@id":"https:\/\/batijournal.com\/index.php\/nouveau-president-de-qualifelec-confirme-nouvelle-impulsion-de-lassociation\/96500\/#primaryimage"},"thumbnailUrl":"https:\/\/batijournal.com\/wp-content\/uploads\/2017\/07\/Yves-Jalageas-qualifelec.png","keywords":["QUALIFELEC"],"articleSection":["Actualit\u00e9s","\u00c9conomie &amp; March\u00e9s"],"inLanguage":"fr-FR"},{"@type":"WebPage","@id":"https:\/\/batijournal.com\/index.php\/nouveau-president-de-qualifelec-confirme-nouvelle-impulsion-de-lassociation\/96500\/","url":"https:\/\/batijournal.com\/index.php\/nouveau-president-de-qualifelec-confirme-nouvelle-impulsion-de-lassociation\/96500\/","name":"Le nouveau president de QUALIFELEC confirme la nouvelle impulsion de l\u2019association","isPartOf":{"@id":"https:\/\/batijournal.com\/#website"},"primaryImageOfPage":{"@id":"https:\/\/batijournal.com\/index.php\/nouveau-president-de-qualifelec-confirme-nouvelle-impulsion-de-lassociation\/96500\/#primaryimage"},"image":{"@id":"https:\/\/batijournal.com\/index.php\/nouveau-president-de-qualifelec-confirme-nouvelle-impulsion-de-lassociation\/96500\/#primaryimage"},"thumbnailUrl":"https:\/\/batijournal.com\/wp-content\/uploads\/2017\/07\/Yves-Jalageas-qualifelec.png","datePublished":"2017-07-18T05:40:36+00:00","dateModified":"2019-07-15T10:03:51+00:00","author":{"@id":"https:\/\/batijournal.com\/#\/schema\/person\/1dc96ec6957aa1ccb25ebe78bb19f100"},"breadcrumb":{"@id":"https:\/\/batijournal.com\/index.php\/nouveau-president-de-qualifelec-confirme-nouvelle-impulsion-de-lassociation\/96500\/#breadcrumb"},"inLanguage":"fr-FR","potentialAction":[{"@type":"ReadAction","target":["https:\/\/batijournal.com\/index.php\/nouveau-president-de-qualifelec-confirme-nouvelle-impulsion-de-lassociation\/96500\/"]}]},{"@type":"ImageObject","inLanguage":"fr-FR","@id":"https:\/\/batijournal.com\/index.php\/nouveau-president-de-qualifelec-confirme-nouvelle-impulsion-de-lassociation\/96500\/#primaryimage","url":"https:\/\/batijournal.com\/wp-content\/uploads\/2017\/07\/Yves-Jalageas-qualifelec.png","contentUrl":"https:\/\/batijournal.com\/wp-content\/uploads\/2017\/07\/Yves-Jalageas-qualifelec.png","width":560,"height":448},{"@type":"BreadcrumbList","@id":"https:\/\/batijournal.com\/index.php\/nouveau-president-de-qualifelec-confirme-nouvelle-impulsion-de-lassociation\/96500\/#breadcrumb","itemListElement":[{"@type":"ListItem","position":1,"name":"Accueil","item":"https:\/\/batijournal.com\/"},{"@type":"ListItem","position":2,"name":"Actualit\u00e9s","item":"https:\/\/batijournal.com\/index.php\/category\/actualites\/"},{"@type":"ListItem","position":3,"name":"Le nouveau president de QUALIFELEC confirme la nouvelle impulsion de l\u2019association"}]},{"@type":"WebSite","@id":"https:\/\/batijournal.com\/#website","url":"https:\/\/batijournal.com\/","name":"Batijournal","description":"L&#039;actualit\u00e9 du b\u00e2timent","potentialAction":[{"@type":"SearchAction","target":{"@type":"EntryPoint","urlTemplate":"https:\/\/batijournal.com\/?s={search_term_string}"},"query-input":{"@type":"PropertyValueSpecification","valueRequired":true,"valueName":"search_term_string"}}],"inLanguage":"fr-FR"},{"@type":"Person","@id":"https:\/\/batijournal.com\/#\/schema\/person\/1dc96ec6957aa1ccb25ebe78bb19f100","name":"St\u00e9phane Miget","image":{"@type":"ImageObject","inLanguage":"fr-FR","@id":"https:\/\/secure.gravatar.com\/avatar\/89915563d925342126b8ef0281b93d9d7fc337043e8df017f780908eb9644451?s=96&d=mm&r=g","url":"https:\/\/secure.gravatar.com\/avatar\/89915563d925342126b8ef0281b93d9d7fc337043e8df017f780908eb9644451?s=96&d=mm&r=g","contentUrl":"https:\/\/secure.gravatar.com\/avatar\/89915563d925342126b8ef0281b93d9d7fc337043e8df017f780908eb9644451?s=96&d=mm&r=g","caption":"St\u00e9phane Miget"},"url":"https:\/\/batijournal.com\/index.php\/author\/stephane\/"}]}},"_links":{"self":[{"href":"https:\/\/batijournal.com\/index.php\/wp-json\/wp\/v2\/posts\/96500","targetHints":{"allow":["GET"]}}],"collection":[{"href":"https:\/\/batijournal.com\/index.php\/wp-json\/wp\/v2\/posts"}],"about":[{"href":"https:\/\/batijournal.com\/index.php\/wp-json\/wp\/v2\/types\/post"}],"author":[{"embeddable":true,"href":"https:\/\/batijournal.com\/index.php\/wp-json\/wp\/v2\/users\/17"}],"replies":[{"embeddable":true,"href":"https:\/\/batijournal.com\/index.php\/wp-json\/wp\/v2\/comments?post=96500"}],"version-history":[{"count":0,"href":"https:\/\/batijournal.com\/index.php\/wp-json\/wp\/v2\/posts\/96500\/revisions"}],"wp:featuredmedia":[{"embeddable":true,"href":"https:\/\/batijournal.com\/index.php\/wp-json\/wp\/v2\/media\/96501"}],"wp:attachment":[{"href":"https:\/\/batijournal.com\/index.php\/wp-json\/wp\/v2\/media?parent=96500"}],"wp:term":[{"taxonomy":"category","embeddable":true,"href":"https:\/\/batijournal.com\/index.php\/wp-json\/wp\/v2\/categories?post=96500"},{"taxonomy":"post_tag","embeddable":true,"href":"https:\/\/batijournal.com\/index.php\/wp-json\/wp\/v2\/tags?post=96500"}],"curies":[{"name":"wp","href":"https:\/\/api.w.org\/{rel}","templated":true}]}}