{"id":96511,"date":"2017-07-19T04:48:02","date_gmt":"2017-07-19T02:48:02","guid":{"rendered":"http:\/\/batijournal.com\/?p=96511"},"modified":"2019-07-15T11:15:43","modified_gmt":"2019-07-15T09:15:43","slug":"compte-twitter-ministere-de-culture-a-ete-pirate","status":"publish","type":"post","link":"https:\/\/batijournal.com\/index.php\/compte-twitter-ministere-de-culture-a-ete-pirate\/96511\/","title":{"rendered":"Le compte Twitter du minist\u00e8re de la Culture a \u00e9t\u00e9 pirat\u00e9"},"content":{"rendered":"<div class=\"page\" title=\"Page 1\">\n<div class=\"section\">\n<div class=\"layoutArea\">\n<div class=\"column\">\n<p>Le compte Twitter du minist\u00e8re de la Culture a \u00e9t\u00e9 usurp\u00e9 dans la nuit du 17 au 18 juillet 2017. Les messages inappropri\u00e9s ont \u00e9t\u00e9 rapidement supprim\u00e9s.\u00a0 Le minist\u00e8re de la Culture a pr\u00e9sent\u00e9 toutes ses excuses pour les tweets ind\u00e9sirables.<\/p>\n<\/div>\n<\/div>\n<\/div>\n<\/div>\n","protected":false},"excerpt":{"rendered":"<p>Le compte Twitter du minist\u00e8re de la Culture a \u00e9t\u00e9 usurp\u00e9 dans la nuit du 17 au 18 juillet 2017. Les messages inappropri\u00e9s ont \u00e9t\u00e9 rapidement supprim\u00e9s.\u00a0 Le minist\u00e8re de la Culture a pr\u00e9sent\u00e9 toutes ses excuses pour les tweets ind\u00e9sirables.<\/p>\n","protected":false},"author":17,"featured_media":96512,"comment_status":"closed","ping_status":"closed","sticky":false,"template":"","format":"standard","meta":{"_et_pb_use_builder":"","_et_pb_old_content":"","_et_gb_content_width":"","footnotes":""},"categories":[10530,6340],"tags":[6004],"class_list":["post-96511","post","type-post","status-publish","format-standard","has-post-thumbnail","hentry","category-actualites","category-architecture-conception","tag-ministere-de-la-culture"],"yoast_head":"<!-- This site is optimized with the Yoast SEO plugin v27.4 - https:\/\/yoast.com\/product\/yoast-seo-wordpress\/ -->\n<title>Le compte Twitter du minist\u00e8re de la Culture a \u00e9t\u00e9 pirat\u00e9<\/title>\n<meta name=\"robots\" content=\"index, follow, max-snippet:-1, max-image-preview:large, max-video-preview:-1\" \/>\n<link rel=\"canonical\" href=\"https:\/\/batijournal.com\/index.php\/compte-twitter-ministere-de-culture-a-ete-pirate\/96511\/\" \/>\n<meta property=\"og:locale\" content=\"fr_FR\" \/>\n<meta property=\"og:type\" content=\"article\" \/>\n<meta property=\"og:title\" content=\"Le compte Twitter du minist\u00e8re de la Culture a \u00e9t\u00e9 pirat\u00e9\" \/>\n<meta property=\"og:description\" content=\"Le compte Twitter du minist\u00e8re de la Culture a \u00e9t\u00e9 usurp\u00e9 dans la nuit du 17 au 18 juillet 2017. Les messages inappropri\u00e9s ont \u00e9t\u00e9 rapidement supprim\u00e9s.\u00a0 Le minist\u00e8re de la Culture a pr\u00e9sent\u00e9 toutes ses excuses pour les tweets ind\u00e9sirables.\" \/>\n<meta property=\"og:url\" content=\"https:\/\/batijournal.com\/index.php\/compte-twitter-ministere-de-culture-a-ete-pirate\/96511\/\" \/>\n<meta property=\"og:site_name\" content=\"Batijournal\" \/>\n<meta property=\"article:published_time\" content=\"2017-07-19T02:48:02+00:00\" \/>\n<meta property=\"article:modified_time\" content=\"2019-07-15T09:15:43+00:00\" \/>\n<meta property=\"og:image\" content=\"https:\/\/batijournal.com\/wp-content\/uploads\/2017\/07\/compte-twitter-du-ministere-de-la-culture.png\" \/>\n\t<meta property=\"og:image:width\" content=\"1305\" \/>\n\t<meta property=\"og:image:height\" content=\"564\" \/>\n\t<meta property=\"og:image:type\" content=\"image\/png\" \/>\n<meta name=\"author\" content=\"St\u00e9phane Miget\" \/>\n<meta name=\"twitter:card\" content=\"summary_large_image\" \/>\n<meta name=\"twitter:creator\" content=\"@bati_journal\" \/>\n<meta name=\"twitter:site\" content=\"@bati_journal\" \/>\n<meta name=\"twitter:label1\" content=\"\u00c9crit par\" \/>\n\t<meta name=\"twitter:data1\" content=\"St\u00e9phane Miget\" \/>\n<script type=\"application\/ld+json\" class=\"yoast-schema-graph\">{\"@context\":\"https:\\\/\\\/schema.org\",\"@graph\":[{\"@type\":\"Article\",\"@id\":\"https:\\\/\\\/batijournal.com\\\/index.php\\\/compte-twitter-ministere-de-culture-a-ete-pirate\\\/96511\\\/#article\",\"isPartOf\":{\"@id\":\"https:\\\/\\\/batijournal.com\\\/index.php\\\/compte-twitter-ministere-de-culture-a-ete-pirate\\\/96511\\\/\"},\"author\":{\"name\":\"St\u00e9phane Miget\",\"@id\":\"https:\\\/\\\/batijournal.com\\\/#\\\/schema\\\/person\\\/1dc96ec6957aa1ccb25ebe78bb19f100\"},\"headline\":\"Le compte Twitter du minist\u00e8re de la Culture a \u00e9t\u00e9 pirat\u00e9\",\"datePublished\":\"2017-07-19T02:48:02+00:00\",\"dateModified\":\"2019-07-15T09:15:43+00:00\",\"mainEntityOfPage\":{\"@id\":\"https:\\\/\\\/batijournal.com\\\/index.php\\\/compte-twitter-ministere-de-culture-a-ete-pirate\\\/96511\\\/\"},\"wordCount\":56,\"image\":{\"@id\":\"https:\\\/\\\/batijournal.com\\\/index.php\\\/compte-twitter-ministere-de-culture-a-ete-pirate\\\/96511\\\/#primaryimage\"},\"thumbnailUrl\":\"https:\\\/\\\/batijournal.com\\\/wp-content\\\/uploads\\\/2017\\\/07\\\/compte-twitter-du-ministere-de-la-culture.png\",\"keywords\":[\"minist\u00e8re de la culture\"],\"articleSection\":[\"Actualit\u00e9s\",\"Architecture &amp; Conception\"],\"inLanguage\":\"fr-FR\"},{\"@type\":\"WebPage\",\"@id\":\"https:\\\/\\\/batijournal.com\\\/index.php\\\/compte-twitter-ministere-de-culture-a-ete-pirate\\\/96511\\\/\",\"url\":\"https:\\\/\\\/batijournal.com\\\/index.php\\\/compte-twitter-ministere-de-culture-a-ete-pirate\\\/96511\\\/\",\"name\":\"Le compte Twitter du minist\u00e8re de la Culture a \u00e9t\u00e9 pirat\u00e9\",\"isPartOf\":{\"@id\":\"https:\\\/\\\/batijournal.com\\\/#website\"},\"primaryImageOfPage\":{\"@id\":\"https:\\\/\\\/batijournal.com\\\/index.php\\\/compte-twitter-ministere-de-culture-a-ete-pirate\\\/96511\\\/#primaryimage\"},\"image\":{\"@id\":\"https:\\\/\\\/batijournal.com\\\/index.php\\\/compte-twitter-ministere-de-culture-a-ete-pirate\\\/96511\\\/#primaryimage\"},\"thumbnailUrl\":\"https:\\\/\\\/batijournal.com\\\/wp-content\\\/uploads\\\/2017\\\/07\\\/compte-twitter-du-ministere-de-la-culture.png\",\"datePublished\":\"2017-07-19T02:48:02+00:00\",\"dateModified\":\"2019-07-15T09:15:43+00:00\",\"author\":{\"@id\":\"https:\\\/\\\/batijournal.com\\\/#\\\/schema\\\/person\\\/1dc96ec6957aa1ccb25ebe78bb19f100\"},\"breadcrumb\":{\"@id\":\"https:\\\/\\\/batijournal.com\\\/index.php\\\/compte-twitter-ministere-de-culture-a-ete-pirate\\\/96511\\\/#breadcrumb\"},\"inLanguage\":\"fr-FR\",\"potentialAction\":[{\"@type\":\"ReadAction\",\"target\":[\"https:\\\/\\\/batijournal.com\\\/index.php\\\/compte-twitter-ministere-de-culture-a-ete-pirate\\\/96511\\\/\"]}]},{\"@type\":\"ImageObject\",\"inLanguage\":\"fr-FR\",\"@id\":\"https:\\\/\\\/batijournal.com\\\/index.php\\\/compte-twitter-ministere-de-culture-a-ete-pirate\\\/96511\\\/#primaryimage\",\"url\":\"https:\\\/\\\/batijournal.com\\\/wp-content\\\/uploads\\\/2017\\\/07\\\/compte-twitter-du-ministere-de-la-culture.png\",\"contentUrl\":\"https:\\\/\\\/batijournal.com\\\/wp-content\\\/uploads\\\/2017\\\/07\\\/compte-twitter-du-ministere-de-la-culture.png\",\"width\":1305,\"height\":564},{\"@type\":\"BreadcrumbList\",\"@id\":\"https:\\\/\\\/batijournal.com\\\/index.php\\\/compte-twitter-ministere-de-culture-a-ete-pirate\\\/96511\\\/#breadcrumb\",\"itemListElement\":[{\"@type\":\"ListItem\",\"position\":1,\"name\":\"Accueil\",\"item\":\"https:\\\/\\\/batijournal.com\\\/\"},{\"@type\":\"ListItem\",\"position\":2,\"name\":\"Actualit\u00e9s\",\"item\":\"https:\\\/\\\/batijournal.com\\\/index.php\\\/category\\\/actualites\\\/\"},{\"@type\":\"ListItem\",\"position\":3,\"name\":\"Le compte Twitter du minist\u00e8re de la Culture a \u00e9t\u00e9 pirat\u00e9\"}]},{\"@type\":\"WebSite\",\"@id\":\"https:\\\/\\\/batijournal.com\\\/#website\",\"url\":\"https:\\\/\\\/batijournal.com\\\/\",\"name\":\"Batijournal\",\"description\":\"L&#039;actualit\u00e9 du b\u00e2timent\",\"potentialAction\":[{\"@type\":\"SearchAction\",\"target\":{\"@type\":\"EntryPoint\",\"urlTemplate\":\"https:\\\/\\\/batijournal.com\\\/?s={search_term_string}\"},\"query-input\":{\"@type\":\"PropertyValueSpecification\",\"valueRequired\":true,\"valueName\":\"search_term_string\"}}],\"inLanguage\":\"fr-FR\"},{\"@type\":\"Person\",\"@id\":\"https:\\\/\\\/batijournal.com\\\/#\\\/schema\\\/person\\\/1dc96ec6957aa1ccb25ebe78bb19f100\",\"name\":\"St\u00e9phane Miget\",\"image\":{\"@type\":\"ImageObject\",\"inLanguage\":\"fr-FR\",\"@id\":\"https:\\\/\\\/secure.gravatar.com\\\/avatar\\\/89915563d925342126b8ef0281b93d9d7fc337043e8df017f780908eb9644451?s=96&d=mm&r=g\",\"url\":\"https:\\\/\\\/secure.gravatar.com\\\/avatar\\\/89915563d925342126b8ef0281b93d9d7fc337043e8df017f780908eb9644451?s=96&d=mm&r=g\",\"contentUrl\":\"https:\\\/\\\/secure.gravatar.com\\\/avatar\\\/89915563d925342126b8ef0281b93d9d7fc337043e8df017f780908eb9644451?s=96&d=mm&r=g\",\"caption\":\"St\u00e9phane Miget\"},\"url\":\"https:\\\/\\\/batijournal.com\\\/index.php\\\/author\\\/stephane\\\/\"}]}<\/script>\n<!-- \/ Yoast SEO plugin. -->","yoast_head_json":{"title":"Le compte Twitter du minist\u00e8re de la Culture a \u00e9t\u00e9 pirat\u00e9","robots":{"index":"index","follow":"follow","max-snippet":"max-snippet:-1","max-image-preview":"max-image-preview:large","max-video-preview":"max-video-preview:-1"},"canonical":"https:\/\/batijournal.com\/index.php\/compte-twitter-ministere-de-culture-a-ete-pirate\/96511\/","og_locale":"fr_FR","og_type":"article","og_title":"Le compte Twitter du minist\u00e8re de la Culture a \u00e9t\u00e9 pirat\u00e9","og_description":"Le compte Twitter du minist\u00e8re de la Culture a \u00e9t\u00e9 usurp\u00e9 dans la nuit du 17 au 18 juillet 2017. Les messages inappropri\u00e9s ont \u00e9t\u00e9 rapidement supprim\u00e9s.\u00a0 Le minist\u00e8re de la Culture a pr\u00e9sent\u00e9 toutes ses excuses pour les tweets ind\u00e9sirables.","og_url":"https:\/\/batijournal.com\/index.php\/compte-twitter-ministere-de-culture-a-ete-pirate\/96511\/","og_site_name":"Batijournal","article_published_time":"2017-07-19T02:48:02+00:00","article_modified_time":"2019-07-15T09:15:43+00:00","og_image":[{"width":1305,"height":564,"url":"https:\/\/batijournal.com\/wp-content\/uploads\/2017\/07\/compte-twitter-du-ministere-de-la-culture.png","type":"image\/png"}],"author":"St\u00e9phane Miget","twitter_card":"summary_large_image","twitter_creator":"@bati_journal","twitter_site":"@bati_journal","twitter_misc":{"\u00c9crit par":"St\u00e9phane Miget"},"schema":{"@context":"https:\/\/schema.org","@graph":[{"@type":"Article","@id":"https:\/\/batijournal.com\/index.php\/compte-twitter-ministere-de-culture-a-ete-pirate\/96511\/#article","isPartOf":{"@id":"https:\/\/batijournal.com\/index.php\/compte-twitter-ministere-de-culture-a-ete-pirate\/96511\/"},"author":{"name":"St\u00e9phane Miget","@id":"https:\/\/batijournal.com\/#\/schema\/person\/1dc96ec6957aa1ccb25ebe78bb19f100"},"headline":"Le compte Twitter du minist\u00e8re de la Culture a \u00e9t\u00e9 pirat\u00e9","datePublished":"2017-07-19T02:48:02+00:00","dateModified":"2019-07-15T09:15:43+00:00","mainEntityOfPage":{"@id":"https:\/\/batijournal.com\/index.php\/compte-twitter-ministere-de-culture-a-ete-pirate\/96511\/"},"wordCount":56,"image":{"@id":"https:\/\/batijournal.com\/index.php\/compte-twitter-ministere-de-culture-a-ete-pirate\/96511\/#primaryimage"},"thumbnailUrl":"https:\/\/batijournal.com\/wp-content\/uploads\/2017\/07\/compte-twitter-du-ministere-de-la-culture.png","keywords":["minist\u00e8re de la culture"],"articleSection":["Actualit\u00e9s","Architecture &amp; Conception"],"inLanguage":"fr-FR"},{"@type":"WebPage","@id":"https:\/\/batijournal.com\/index.php\/compte-twitter-ministere-de-culture-a-ete-pirate\/96511\/","url":"https:\/\/batijournal.com\/index.php\/compte-twitter-ministere-de-culture-a-ete-pirate\/96511\/","name":"Le compte Twitter du minist\u00e8re de la Culture a \u00e9t\u00e9 pirat\u00e9","isPartOf":{"@id":"https:\/\/batijournal.com\/#website"},"primaryImageOfPage":{"@id":"https:\/\/batijournal.com\/index.php\/compte-twitter-ministere-de-culture-a-ete-pirate\/96511\/#primaryimage"},"image":{"@id":"https:\/\/batijournal.com\/index.php\/compte-twitter-ministere-de-culture-a-ete-pirate\/96511\/#primaryimage"},"thumbnailUrl":"https:\/\/batijournal.com\/wp-content\/uploads\/2017\/07\/compte-twitter-du-ministere-de-la-culture.png","datePublished":"2017-07-19T02:48:02+00:00","dateModified":"2019-07-15T09:15:43+00:00","author":{"@id":"https:\/\/batijournal.com\/#\/schema\/person\/1dc96ec6957aa1ccb25ebe78bb19f100"},"breadcrumb":{"@id":"https:\/\/batijournal.com\/index.php\/compte-twitter-ministere-de-culture-a-ete-pirate\/96511\/#breadcrumb"},"inLanguage":"fr-FR","potentialAction":[{"@type":"ReadAction","target":["https:\/\/batijournal.com\/index.php\/compte-twitter-ministere-de-culture-a-ete-pirate\/96511\/"]}]},{"@type":"ImageObject","inLanguage":"fr-FR","@id":"https:\/\/batijournal.com\/index.php\/compte-twitter-ministere-de-culture-a-ete-pirate\/96511\/#primaryimage","url":"https:\/\/batijournal.com\/wp-content\/uploads\/2017\/07\/compte-twitter-du-ministere-de-la-culture.png","contentUrl":"https:\/\/batijournal.com\/wp-content\/uploads\/2017\/07\/compte-twitter-du-ministere-de-la-culture.png","width":1305,"height":564},{"@type":"BreadcrumbList","@id":"https:\/\/batijournal.com\/index.php\/compte-twitter-ministere-de-culture-a-ete-pirate\/96511\/#breadcrumb","itemListElement":[{"@type":"ListItem","position":1,"name":"Accueil","item":"https:\/\/batijournal.com\/"},{"@type":"ListItem","position":2,"name":"Actualit\u00e9s","item":"https:\/\/batijournal.com\/index.php\/category\/actualites\/"},{"@type":"ListItem","position":3,"name":"Le compte Twitter du minist\u00e8re de la Culture a \u00e9t\u00e9 pirat\u00e9"}]},{"@type":"WebSite","@id":"https:\/\/batijournal.com\/#website","url":"https:\/\/batijournal.com\/","name":"Batijournal","description":"L&#039;actualit\u00e9 du b\u00e2timent","potentialAction":[{"@type":"SearchAction","target":{"@type":"EntryPoint","urlTemplate":"https:\/\/batijournal.com\/?s={search_term_string}"},"query-input":{"@type":"PropertyValueSpecification","valueRequired":true,"valueName":"search_term_string"}}],"inLanguage":"fr-FR"},{"@type":"Person","@id":"https:\/\/batijournal.com\/#\/schema\/person\/1dc96ec6957aa1ccb25ebe78bb19f100","name":"St\u00e9phane Miget","image":{"@type":"ImageObject","inLanguage":"fr-FR","@id":"https:\/\/secure.gravatar.com\/avatar\/89915563d925342126b8ef0281b93d9d7fc337043e8df017f780908eb9644451?s=96&d=mm&r=g","url":"https:\/\/secure.gravatar.com\/avatar\/89915563d925342126b8ef0281b93d9d7fc337043e8df017f780908eb9644451?s=96&d=mm&r=g","contentUrl":"https:\/\/secure.gravatar.com\/avatar\/89915563d925342126b8ef0281b93d9d7fc337043e8df017f780908eb9644451?s=96&d=mm&r=g","caption":"St\u00e9phane Miget"},"url":"https:\/\/batijournal.com\/index.php\/author\/stephane\/"}]}},"_links":{"self":[{"href":"https:\/\/batijournal.com\/index.php\/wp-json\/wp\/v2\/posts\/96511","targetHints":{"allow":["GET"]}}],"collection":[{"href":"https:\/\/batijournal.com\/index.php\/wp-json\/wp\/v2\/posts"}],"about":[{"href":"https:\/\/batijournal.com\/index.php\/wp-json\/wp\/v2\/types\/post"}],"author":[{"embeddable":true,"href":"https:\/\/batijournal.com\/index.php\/wp-json\/wp\/v2\/users\/17"}],"replies":[{"embeddable":true,"href":"https:\/\/batijournal.com\/index.php\/wp-json\/wp\/v2\/comments?post=96511"}],"version-history":[{"count":0,"href":"https:\/\/batijournal.com\/index.php\/wp-json\/wp\/v2\/posts\/96511\/revisions"}],"wp:featuredmedia":[{"embeddable":true,"href":"https:\/\/batijournal.com\/index.php\/wp-json\/wp\/v2\/media\/96512"}],"wp:attachment":[{"href":"https:\/\/batijournal.com\/index.php\/wp-json\/wp\/v2\/media?parent=96511"}],"wp:term":[{"taxonomy":"category","embeddable":true,"href":"https:\/\/batijournal.com\/index.php\/wp-json\/wp\/v2\/categories?post=96511"},{"taxonomy":"post_tag","embeddable":true,"href":"https:\/\/batijournal.com\/index.php\/wp-json\/wp\/v2\/tags?post=96511"}],"curies":[{"name":"wp","href":"https:\/\/api.w.org\/{rel}","templated":true}]}}