{"id":96513,"date":"2017-07-19T04:52:45","date_gmt":"2017-07-19T02:52:45","guid":{"rendered":"http:\/\/batijournal.com\/?p=96513"},"modified":"2019-07-15T11:15:42","modified_gmt":"2019-07-15T09:15:42","slug":"patrimoine-religieux-danger","status":"publish","type":"post","link":"https:\/\/batijournal.com\/index.php\/patrimoine-religieux-danger\/96513\/","title":{"rendered":"Le patrimoine religieux en danger"},"content":{"rendered":"<p><strong>Apr\u00e8s de nombreuses destructions d\u2019\u00e9difices religieux en 2016 (ann\u00e9e record depuis 2001) et d\u2019autres dont la d\u00e9molition est annonc\u00e9e pour 2017 telles les \u00e9glises de Jussy-le-Chaudrier (18) et d\u2019Asnan (58), l\u2019Observatoire du Patrimoine Religieux, association non-confessionnelle \u0153uvrant au rayonnement et \u00e0 la pr\u00e9servation du patrimoine religieux fran\u00e7ais, dresse un \u00e9tat des lieux de la situation du patrimoine cultuel.<\/strong><\/p>\n<p>En d\u00e9pit de l\u2019excellent travail de nombreux maires ou associations de d\u00e9fense, ce patrimoine reste fragile et menac\u00e9. Vols \u00e0 r\u00e9p\u00e9tition, ventes et transformations de lieux de culte, destructions et \u2013 bien plus nombreux \u2013 abandons purs et simples, constituent les premi\u00e8res menaces. \u00c0 celles-ci, la situation financi\u00e8re de l\u2019\u00c9tat et des collectivit\u00e9s pose \u00e0 moyen terme la question du financement de l\u2019entretien et de l\u2019ouverture de ce patrimoine identitaire.<\/p>\n<p>Le plus grand danger actuellement pour le patrimoine religieux est l\u2019abandon. La plupart des cas d\u2019\u00e9difices religieux en danger (menace d\u2019effondrements, chutes de pierres et de ma\u00e7onneries, mise en p\u00e9ril etc.) concerne des \u00e9difices que l\u2019on a trop longtemps laiss\u00e9 sans entretien, et ce depuis des dizaines d\u2019ann\u00e9es. Face au co\u00fbt des restaurations, les propri\u00e9taires retardent le lancement des travaux; lorsqu\u2019il s\u2019agit de mairies, elles repoussent la prise de d\u00e9cision \u00e0 la prochaine mandature. Au d\u00e9part, il ne s\u2019agit que de simples travaux de consolidation, d\u2019entretien de la toiture pour garantir l\u2019\u00e9tanch\u00e9it\u00e9, de r\u00e9paration d\u2019un vitrail etc. Mais plus un propri\u00e9taire attend pour entamer une campagne de restauration et plus les d\u00e9g\u00e2ts vont croissants. Au final, la somme est tellement \u00e9lev\u00e9e que la restauration n\u2019est plus envisag\u00e9e et l\u2019\u00e9difice est alors laiss\u00e9 \u00e0 l\u2019abandon voire volontairement d\u00e9truit.<\/p>\n<p><em>\u00abLa destruction pure et simple de ces \u00e9difices comme leur vente ou leur abandon par des transformations abusives nous engagent \u00e0 poursuivre notre combat. S\u2019il convient de saluer le travail remarquable de nombreux propri\u00e9taires, et en particulier de la majorit\u00e9 des maires des 35 416 communes fran\u00e7aises (2017), il ne faut pas oublier que l\u2019absence d\u2019entretien, coupl\u00e9e \u00e0 une r\u00e9elle volont\u00e9 de destruction d\u2019\u00e9difices cultuels, quelles qu\u2019en soient les motivations, font peser un risque de plus en plus fort sur ce patrimoine.\u00bb<\/em> B\u00e9atrice de Andia, fondatrice de l\u2019OPR.<\/p>\n<p><a href=\"http:\/\/www.patrimoine-religieux.fr\" target=\"_blank\" rel=\"noopener noreferrer\">www.patrimoine-religieux.fr<\/a><\/p>\n<p>&nbsp;<\/p>\n","protected":false},"excerpt":{"rendered":"<p>Apr\u00e8s de nombreuses destructions d\u2019\u00e9difices religieux en 2016 (ann\u00e9e record depuis 2001) et d\u2019autres dont la d\u00e9molition est annonc\u00e9e pour 2017 telles les \u00e9glises de Jussy-le-Chaudrier (18) et d\u2019Asnan (58), l\u2019Observatoire du Patrimoine Religieux, association non-confessionnelle \u0153uvrant au rayonnement et \u00e0 la pr\u00e9servation du patrimoine religieux fran\u00e7ais, dresse un \u00e9tat des lieux de la situation [&hellip;]<\/p>\n","protected":false},"author":17,"featured_media":96536,"comment_status":"closed","ping_status":"closed","sticky":false,"template":"","format":"standard","meta":{"_et_pb_use_builder":"","_et_pb_old_content":"","_et_gb_content_width":"","footnotes":""},"categories":[10530,6340,10785],"tags":[8395],"class_list":["post-96513","post","type-post","status-publish","format-standard","has-post-thumbnail","hentry","category-actualites","category-architecture-conception","category-atrium","tag-patrimoine-religieux"],"yoast_head":"<!-- This site is optimized with the Yoast SEO plugin v27.4 - https:\/\/yoast.com\/product\/yoast-seo-wordpress\/ -->\n<title>Le patrimoine religieux en danger<\/title>\n<meta name=\"robots\" content=\"index, follow, max-snippet:-1, max-image-preview:large, max-video-preview:-1\" \/>\n<link rel=\"canonical\" href=\"https:\/\/batijournal.com\/index.php\/patrimoine-religieux-danger\/96513\/\" \/>\n<meta property=\"og:locale\" content=\"fr_FR\" \/>\n<meta property=\"og:type\" content=\"article\" \/>\n<meta property=\"og:title\" content=\"Le patrimoine religieux en danger\" \/>\n<meta property=\"og:description\" content=\"Apr\u00e8s de nombreuses destructions d\u2019\u00e9difices religieux en 2016 (ann\u00e9e record depuis 2001) et d\u2019autres dont la d\u00e9molition est annonc\u00e9e pour 2017 telles les \u00e9glises de Jussy-le-Chaudrier (18) et d\u2019Asnan (58), l\u2019Observatoire du Patrimoine Religieux, association non-confessionnelle \u0153uvrant au rayonnement et \u00e0 la pr\u00e9servation du patrimoine religieux fran\u00e7ais, dresse un \u00e9tat des lieux de la situation [&hellip;]\" \/>\n<meta property=\"og:url\" content=\"https:\/\/batijournal.com\/index.php\/patrimoine-religieux-danger\/96513\/\" \/>\n<meta property=\"og:site_name\" content=\"Batijournal\" \/>\n<meta property=\"article:published_time\" content=\"2017-07-19T02:52:45+00:00\" \/>\n<meta property=\"article:modified_time\" content=\"2019-07-15T09:15:42+00:00\" \/>\n<meta property=\"og:image\" content=\"https:\/\/batijournal.com\/wp-content\/uploads\/2017\/07\/patrimoine-religieux-en-danger.jpg\" \/>\n\t<meta property=\"og:image:width\" content=\"1200\" \/>\n\t<meta property=\"og:image:height\" content=\"780\" \/>\n\t<meta property=\"og:image:type\" content=\"image\/jpeg\" \/>\n<meta name=\"author\" content=\"St\u00e9phane Miget\" \/>\n<meta name=\"twitter:card\" content=\"summary_large_image\" \/>\n<meta name=\"twitter:creator\" content=\"@bati_journal\" \/>\n<meta name=\"twitter:site\" content=\"@bati_journal\" \/>\n<meta name=\"twitter:label1\" content=\"\u00c9crit par\" \/>\n\t<meta name=\"twitter:data1\" content=\"St\u00e9phane Miget\" \/>\n\t<meta name=\"twitter:label2\" content=\"Dur\u00e9e de lecture estim\u00e9e\" \/>\n\t<meta name=\"twitter:data2\" content=\"2 minutes\" \/>\n<script type=\"application\/ld+json\" class=\"yoast-schema-graph\">{\"@context\":\"https:\\\/\\\/schema.org\",\"@graph\":[{\"@type\":\"Article\",\"@id\":\"https:\\\/\\\/batijournal.com\\\/index.php\\\/patrimoine-religieux-danger\\\/96513\\\/#article\",\"isPartOf\":{\"@id\":\"https:\\\/\\\/batijournal.com\\\/index.php\\\/patrimoine-religieux-danger\\\/96513\\\/\"},\"author\":{\"name\":\"St\u00e9phane Miget\",\"@id\":\"https:\\\/\\\/batijournal.com\\\/#\\\/schema\\\/person\\\/1dc96ec6957aa1ccb25ebe78bb19f100\"},\"headline\":\"Le patrimoine religieux en danger\",\"datePublished\":\"2017-07-19T02:52:45+00:00\",\"dateModified\":\"2019-07-15T09:15:42+00:00\",\"mainEntityOfPage\":{\"@id\":\"https:\\\/\\\/batijournal.com\\\/index.php\\\/patrimoine-religieux-danger\\\/96513\\\/\"},\"wordCount\":405,\"image\":{\"@id\":\"https:\\\/\\\/batijournal.com\\\/index.php\\\/patrimoine-religieux-danger\\\/96513\\\/#primaryimage\"},\"thumbnailUrl\":\"https:\\\/\\\/batijournal.com\\\/wp-content\\\/uploads\\\/2017\\\/07\\\/patrimoine-religieux-en-danger.jpg\",\"keywords\":[\"patrimoine religieux\"],\"articleSection\":[\"Actualit\u00e9s\",\"Architecture &amp; Conception\",\"zz_Atrium Patrimoine\"],\"inLanguage\":\"fr-FR\"},{\"@type\":\"WebPage\",\"@id\":\"https:\\\/\\\/batijournal.com\\\/index.php\\\/patrimoine-religieux-danger\\\/96513\\\/\",\"url\":\"https:\\\/\\\/batijournal.com\\\/index.php\\\/patrimoine-religieux-danger\\\/96513\\\/\",\"name\":\"Le patrimoine religieux en danger\",\"isPartOf\":{\"@id\":\"https:\\\/\\\/batijournal.com\\\/#website\"},\"primaryImageOfPage\":{\"@id\":\"https:\\\/\\\/batijournal.com\\\/index.php\\\/patrimoine-religieux-danger\\\/96513\\\/#primaryimage\"},\"image\":{\"@id\":\"https:\\\/\\\/batijournal.com\\\/index.php\\\/patrimoine-religieux-danger\\\/96513\\\/#primaryimage\"},\"thumbnailUrl\":\"https:\\\/\\\/batijournal.com\\\/wp-content\\\/uploads\\\/2017\\\/07\\\/patrimoine-religieux-en-danger.jpg\",\"datePublished\":\"2017-07-19T02:52:45+00:00\",\"dateModified\":\"2019-07-15T09:15:42+00:00\",\"author\":{\"@id\":\"https:\\\/\\\/batijournal.com\\\/#\\\/schema\\\/person\\\/1dc96ec6957aa1ccb25ebe78bb19f100\"},\"breadcrumb\":{\"@id\":\"https:\\\/\\\/batijournal.com\\\/index.php\\\/patrimoine-religieux-danger\\\/96513\\\/#breadcrumb\"},\"inLanguage\":\"fr-FR\",\"potentialAction\":[{\"@type\":\"ReadAction\",\"target\":[\"https:\\\/\\\/batijournal.com\\\/index.php\\\/patrimoine-religieux-danger\\\/96513\\\/\"]}]},{\"@type\":\"ImageObject\",\"inLanguage\":\"fr-FR\",\"@id\":\"https:\\\/\\\/batijournal.com\\\/index.php\\\/patrimoine-religieux-danger\\\/96513\\\/#primaryimage\",\"url\":\"https:\\\/\\\/batijournal.com\\\/wp-content\\\/uploads\\\/2017\\\/07\\\/patrimoine-religieux-en-danger.jpg\",\"contentUrl\":\"https:\\\/\\\/batijournal.com\\\/wp-content\\\/uploads\\\/2017\\\/07\\\/patrimoine-religieux-en-danger.jpg\",\"width\":1200,\"height\":780,\"caption\":\"Patrimoine en p\u00e9ril\"},{\"@type\":\"BreadcrumbList\",\"@id\":\"https:\\\/\\\/batijournal.com\\\/index.php\\\/patrimoine-religieux-danger\\\/96513\\\/#breadcrumb\",\"itemListElement\":[{\"@type\":\"ListItem\",\"position\":1,\"name\":\"Accueil\",\"item\":\"https:\\\/\\\/batijournal.com\\\/\"},{\"@type\":\"ListItem\",\"position\":2,\"name\":\"Actualit\u00e9s\",\"item\":\"https:\\\/\\\/batijournal.com\\\/index.php\\\/category\\\/actualites\\\/\"},{\"@type\":\"ListItem\",\"position\":3,\"name\":\"Le patrimoine religieux en danger\"}]},{\"@type\":\"WebSite\",\"@id\":\"https:\\\/\\\/batijournal.com\\\/#website\",\"url\":\"https:\\\/\\\/batijournal.com\\\/\",\"name\":\"Batijournal\",\"description\":\"L&#039;actualit\u00e9 du b\u00e2timent\",\"potentialAction\":[{\"@type\":\"SearchAction\",\"target\":{\"@type\":\"EntryPoint\",\"urlTemplate\":\"https:\\\/\\\/batijournal.com\\\/?s={search_term_string}\"},\"query-input\":{\"@type\":\"PropertyValueSpecification\",\"valueRequired\":true,\"valueName\":\"search_term_string\"}}],\"inLanguage\":\"fr-FR\"},{\"@type\":\"Person\",\"@id\":\"https:\\\/\\\/batijournal.com\\\/#\\\/schema\\\/person\\\/1dc96ec6957aa1ccb25ebe78bb19f100\",\"name\":\"St\u00e9phane Miget\",\"image\":{\"@type\":\"ImageObject\",\"inLanguage\":\"fr-FR\",\"@id\":\"https:\\\/\\\/secure.gravatar.com\\\/avatar\\\/89915563d925342126b8ef0281b93d9d7fc337043e8df017f780908eb9644451?s=96&d=mm&r=g\",\"url\":\"https:\\\/\\\/secure.gravatar.com\\\/avatar\\\/89915563d925342126b8ef0281b93d9d7fc337043e8df017f780908eb9644451?s=96&d=mm&r=g\",\"contentUrl\":\"https:\\\/\\\/secure.gravatar.com\\\/avatar\\\/89915563d925342126b8ef0281b93d9d7fc337043e8df017f780908eb9644451?s=96&d=mm&r=g\",\"caption\":\"St\u00e9phane Miget\"},\"url\":\"https:\\\/\\\/batijournal.com\\\/index.php\\\/author\\\/stephane\\\/\"}]}<\/script>\n<!-- \/ Yoast SEO plugin. -->","yoast_head_json":{"title":"Le patrimoine religieux en danger","robots":{"index":"index","follow":"follow","max-snippet":"max-snippet:-1","max-image-preview":"max-image-preview:large","max-video-preview":"max-video-preview:-1"},"canonical":"https:\/\/batijournal.com\/index.php\/patrimoine-religieux-danger\/96513\/","og_locale":"fr_FR","og_type":"article","og_title":"Le patrimoine religieux en danger","og_description":"Apr\u00e8s de nombreuses destructions d\u2019\u00e9difices religieux en 2016 (ann\u00e9e record depuis 2001) et d\u2019autres dont la d\u00e9molition est annonc\u00e9e pour 2017 telles les \u00e9glises de Jussy-le-Chaudrier (18) et d\u2019Asnan (58), l\u2019Observatoire du Patrimoine Religieux, association non-confessionnelle \u0153uvrant au rayonnement et \u00e0 la pr\u00e9servation du patrimoine religieux fran\u00e7ais, dresse un \u00e9tat des lieux de la situation [&hellip;]","og_url":"https:\/\/batijournal.com\/index.php\/patrimoine-religieux-danger\/96513\/","og_site_name":"Batijournal","article_published_time":"2017-07-19T02:52:45+00:00","article_modified_time":"2019-07-15T09:15:42+00:00","og_image":[{"width":1200,"height":780,"url":"https:\/\/batijournal.com\/wp-content\/uploads\/2017\/07\/patrimoine-religieux-en-danger.jpg","type":"image\/jpeg"}],"author":"St\u00e9phane Miget","twitter_card":"summary_large_image","twitter_creator":"@bati_journal","twitter_site":"@bati_journal","twitter_misc":{"\u00c9crit par":"St\u00e9phane Miget","Dur\u00e9e de lecture estim\u00e9e":"2 minutes"},"schema":{"@context":"https:\/\/schema.org","@graph":[{"@type":"Article","@id":"https:\/\/batijournal.com\/index.php\/patrimoine-religieux-danger\/96513\/#article","isPartOf":{"@id":"https:\/\/batijournal.com\/index.php\/patrimoine-religieux-danger\/96513\/"},"author":{"name":"St\u00e9phane Miget","@id":"https:\/\/batijournal.com\/#\/schema\/person\/1dc96ec6957aa1ccb25ebe78bb19f100"},"headline":"Le patrimoine religieux en danger","datePublished":"2017-07-19T02:52:45+00:00","dateModified":"2019-07-15T09:15:42+00:00","mainEntityOfPage":{"@id":"https:\/\/batijournal.com\/index.php\/patrimoine-religieux-danger\/96513\/"},"wordCount":405,"image":{"@id":"https:\/\/batijournal.com\/index.php\/patrimoine-religieux-danger\/96513\/#primaryimage"},"thumbnailUrl":"https:\/\/batijournal.com\/wp-content\/uploads\/2017\/07\/patrimoine-religieux-en-danger.jpg","keywords":["patrimoine religieux"],"articleSection":["Actualit\u00e9s","Architecture &amp; Conception","zz_Atrium Patrimoine"],"inLanguage":"fr-FR"},{"@type":"WebPage","@id":"https:\/\/batijournal.com\/index.php\/patrimoine-religieux-danger\/96513\/","url":"https:\/\/batijournal.com\/index.php\/patrimoine-religieux-danger\/96513\/","name":"Le patrimoine religieux en danger","isPartOf":{"@id":"https:\/\/batijournal.com\/#website"},"primaryImageOfPage":{"@id":"https:\/\/batijournal.com\/index.php\/patrimoine-religieux-danger\/96513\/#primaryimage"},"image":{"@id":"https:\/\/batijournal.com\/index.php\/patrimoine-religieux-danger\/96513\/#primaryimage"},"thumbnailUrl":"https:\/\/batijournal.com\/wp-content\/uploads\/2017\/07\/patrimoine-religieux-en-danger.jpg","datePublished":"2017-07-19T02:52:45+00:00","dateModified":"2019-07-15T09:15:42+00:00","author":{"@id":"https:\/\/batijournal.com\/#\/schema\/person\/1dc96ec6957aa1ccb25ebe78bb19f100"},"breadcrumb":{"@id":"https:\/\/batijournal.com\/index.php\/patrimoine-religieux-danger\/96513\/#breadcrumb"},"inLanguage":"fr-FR","potentialAction":[{"@type":"ReadAction","target":["https:\/\/batijournal.com\/index.php\/patrimoine-religieux-danger\/96513\/"]}]},{"@type":"ImageObject","inLanguage":"fr-FR","@id":"https:\/\/batijournal.com\/index.php\/patrimoine-religieux-danger\/96513\/#primaryimage","url":"https:\/\/batijournal.com\/wp-content\/uploads\/2017\/07\/patrimoine-religieux-en-danger.jpg","contentUrl":"https:\/\/batijournal.com\/wp-content\/uploads\/2017\/07\/patrimoine-religieux-en-danger.jpg","width":1200,"height":780,"caption":"Patrimoine en p\u00e9ril"},{"@type":"BreadcrumbList","@id":"https:\/\/batijournal.com\/index.php\/patrimoine-religieux-danger\/96513\/#breadcrumb","itemListElement":[{"@type":"ListItem","position":1,"name":"Accueil","item":"https:\/\/batijournal.com\/"},{"@type":"ListItem","position":2,"name":"Actualit\u00e9s","item":"https:\/\/batijournal.com\/index.php\/category\/actualites\/"},{"@type":"ListItem","position":3,"name":"Le patrimoine religieux en danger"}]},{"@type":"WebSite","@id":"https:\/\/batijournal.com\/#website","url":"https:\/\/batijournal.com\/","name":"Batijournal","description":"L&#039;actualit\u00e9 du b\u00e2timent","potentialAction":[{"@type":"SearchAction","target":{"@type":"EntryPoint","urlTemplate":"https:\/\/batijournal.com\/?s={search_term_string}"},"query-input":{"@type":"PropertyValueSpecification","valueRequired":true,"valueName":"search_term_string"}}],"inLanguage":"fr-FR"},{"@type":"Person","@id":"https:\/\/batijournal.com\/#\/schema\/person\/1dc96ec6957aa1ccb25ebe78bb19f100","name":"St\u00e9phane Miget","image":{"@type":"ImageObject","inLanguage":"fr-FR","@id":"https:\/\/secure.gravatar.com\/avatar\/89915563d925342126b8ef0281b93d9d7fc337043e8df017f780908eb9644451?s=96&d=mm&r=g","url":"https:\/\/secure.gravatar.com\/avatar\/89915563d925342126b8ef0281b93d9d7fc337043e8df017f780908eb9644451?s=96&d=mm&r=g","contentUrl":"https:\/\/secure.gravatar.com\/avatar\/89915563d925342126b8ef0281b93d9d7fc337043e8df017f780908eb9644451?s=96&d=mm&r=g","caption":"St\u00e9phane Miget"},"url":"https:\/\/batijournal.com\/index.php\/author\/stephane\/"}]}},"_links":{"self":[{"href":"https:\/\/batijournal.com\/index.php\/wp-json\/wp\/v2\/posts\/96513","targetHints":{"allow":["GET"]}}],"collection":[{"href":"https:\/\/batijournal.com\/index.php\/wp-json\/wp\/v2\/posts"}],"about":[{"href":"https:\/\/batijournal.com\/index.php\/wp-json\/wp\/v2\/types\/post"}],"author":[{"embeddable":true,"href":"https:\/\/batijournal.com\/index.php\/wp-json\/wp\/v2\/users\/17"}],"replies":[{"embeddable":true,"href":"https:\/\/batijournal.com\/index.php\/wp-json\/wp\/v2\/comments?post=96513"}],"version-history":[{"count":0,"href":"https:\/\/batijournal.com\/index.php\/wp-json\/wp\/v2\/posts\/96513\/revisions"}],"wp:featuredmedia":[{"embeddable":true,"href":"https:\/\/batijournal.com\/index.php\/wp-json\/wp\/v2\/media\/96536"}],"wp:attachment":[{"href":"https:\/\/batijournal.com\/index.php\/wp-json\/wp\/v2\/media?parent=96513"}],"wp:term":[{"taxonomy":"category","embeddable":true,"href":"https:\/\/batijournal.com\/index.php\/wp-json\/wp\/v2\/categories?post=96513"},{"taxonomy":"post_tag","embeddable":true,"href":"https:\/\/batijournal.com\/index.php\/wp-json\/wp\/v2\/tags?post=96513"}],"curies":[{"name":"wp","href":"https:\/\/api.w.org\/{rel}","templated":true}]}}