{"id":96515,"date":"2017-07-19T07:52:56","date_gmt":"2017-07-19T05:52:56","guid":{"rendered":"http:\/\/batijournal.com\/?p=96515"},"modified":"2019-07-15T11:15:42","modified_gmt":"2019-07-15T09:15:42","slug":"chartres-lumieres-plus-grande-operation-de-valorisation-patrimoine-lumiere-monde","status":"publish","type":"post","link":"https:\/\/batijournal.com\/index.php\/chartres-lumieres-plus-grande-operation-de-valorisation-patrimoine-lumiere-monde\/96515\/","title":{"rendered":"Chartres en lumi\u00e8res : la plus grande op\u00e9ration de valorisation du patrimoine par la lumi\u00e8re au monde"},"content":{"rendered":"<p>Depuis 2003, la Ville de Chartres, membre du r\u00e9seau international des villes lumi\u00e8res LUCI (Lighting Urban Community International), a pris conscience de la n\u00e9cessit\u00e9 de d\u00e9velopper autour de la lumi\u00e8re des \u00e9v\u00e9nements de nature \u00e0 rassembler les habitants et \u00e0 inviter les touristes \u00e0 une d\u00e9couverte insolite de l\u2019ensemble du patrimoine de son c\u0153ur de ville. Autour de sa cath\u00e9drale, le c\u0153ur de ville chartrain pr\u00e9sente un patrimoine dense, r\u00e9nov\u00e9 et mis en valeur par les grands chantiers de r\u00e9am\u00e9nagement de la ville depuis 2001. Depuis 2004, Chartres en Lumi\u00e8res illumine le c\u0153ur de ville \u00e0 travers de plus en plus de sites et monuments. Sept au d\u00e9part, stabilis\u00e9 \u00e0 vingt-six depuis plusieurs ann\u00e9es. La cath\u00e9drale, des b\u00e2timents majeurs, comme l\u2019ancien h\u00f4tel des Postes, devenu grande m\u00e9diath\u00e8que, le Th\u00e9\u00e2tre de Chartres, mais aussi \u00e9glises, places, ponts et lavoirs de toutes importances.<\/p>\n<p>Par la conjonction de ces 26 sites (24 en 2015-16-17 du fait des travaux de r\u00e9am\u00e9nagement du c\u0153ur de ville et de construction du nouvel h\u00f4tel de Ville et de M\u00e9tropole) et de sa dur\u00e9e : six mois par an, sept jours sur sept, Chartres en lumi\u00e8res constitue la plus grande op\u00e9ration de valorisation du patrimoine par la lumi\u00e8re au monde. Elle attire une population de visiteurs estim\u00e9e \u00e0 un million chaque ann\u00e9e.<\/p>\n<p>Les sc\u00e9nographies de Chartres en lumi\u00e8res sont renouvel\u00e9es pour partie, \u00e0 raison de deux ou trois sites chaque ann\u00e9e. Si quelques unes sont statiques, la quasi-totalit\u00e9 d\u2019entre elles sont anim\u00e9es. Elles font appel \u00e0 la technique du mapping vid\u00e9o. S\u2019appuyant sur les lignes architecturales des b\u00e2timents ou des monuments, des vid\u00e9os d\u00e9roulent un sc\u00e9nario inspir\u00e9 par le monument, son histoire, son architecture. Le mapping vid\u00e9o est le plus g\u00e9n\u00e9ralement accompagn\u00e9 d\u2019une bande son cr\u00e9\u00e9e par les sc\u00e9nographes. Depuis 2015, cerataines sc\u00e9nographies sont interactives, comme \u00ab\u00a0Vous \u00eates ici&#8230; et ailleurs\u00a0\u00bb de Mathieu Tercieux, qui propose aux visiteurs de s\u2019amuser \u00e0 parcourir une carte qui interagit avec leurs d\u00e9placements. Cette ann\u00e9e, une seconde sc\u00e9nographie interactive appara\u00eetra lors de la f\u00eate de la Lumi\u00e8re, sur la chapelle Sainte-Foy (en avant-premi\u00e8re de 2018).<\/p>\n<p>&nbsp;<\/p>\n<p>Photo : Le portail royal de la cath\u00e9drale. Sc\u00e9nographe : Spectaculaires, Allumeurs d\u2019images<\/p>\n<p>&nbsp;<\/p>\n","protected":false},"excerpt":{"rendered":"<p>Depuis 2003, la Ville de Chartres, membre du r\u00e9seau international des villes lumi\u00e8res LUCI (Lighting Urban Community International), a pris conscience de la n\u00e9cessit\u00e9 de d\u00e9velopper autour de la lumi\u00e8re des \u00e9v\u00e9nements de nature \u00e0 rassembler les habitants et \u00e0 inviter les touristes \u00e0 une d\u00e9couverte insolite de l\u2019ensemble du patrimoine de son c\u0153ur de [&hellip;]<\/p>\n","protected":false},"author":17,"featured_media":96516,"comment_status":"closed","ping_status":"closed","sticky":false,"template":"","format":"standard","meta":{"_et_pb_use_builder":"","_et_pb_old_content":"","_et_gb_content_width":"","footnotes":""},"categories":[10530,6340,10785],"tags":[5802,3590],"class_list":["post-96515","post","type-post","status-publish","format-standard","has-post-thumbnail","hentry","category-actualites","category-architecture-conception","category-atrium","tag-illuminations","tag-mise-en-lumiere"],"yoast_head":"<!-- This site is optimized with the Yoast SEO plugin v27.4 - https:\/\/yoast.com\/product\/yoast-seo-wordpress\/ -->\n<title>Chartres en lumi\u00e8res : la plus grande op\u00e9ration de valorisation du patrimoine par la lumi\u00e8re au monde<\/title>\n<meta name=\"robots\" content=\"index, follow, max-snippet:-1, max-image-preview:large, max-video-preview:-1\" \/>\n<link rel=\"canonical\" href=\"https:\/\/batijournal.com\/index.php\/chartres-lumieres-plus-grande-operation-de-valorisation-patrimoine-lumiere-monde\/96515\/\" \/>\n<meta property=\"og:locale\" content=\"fr_FR\" \/>\n<meta property=\"og:type\" content=\"article\" \/>\n<meta property=\"og:title\" content=\"Chartres en lumi\u00e8res : la plus grande op\u00e9ration de valorisation du patrimoine par la lumi\u00e8re au monde\" \/>\n<meta property=\"og:description\" content=\"Depuis 2003, la Ville de Chartres, membre du r\u00e9seau international des villes lumi\u00e8res LUCI (Lighting Urban Community International), a pris conscience de la n\u00e9cessit\u00e9 de d\u00e9velopper autour de la lumi\u00e8re des \u00e9v\u00e9nements de nature \u00e0 rassembler les habitants et \u00e0 inviter les touristes \u00e0 une d\u00e9couverte insolite de l\u2019ensemble du patrimoine de son c\u0153ur de [&hellip;]\" \/>\n<meta property=\"og:url\" content=\"https:\/\/batijournal.com\/index.php\/chartres-lumieres-plus-grande-operation-de-valorisation-patrimoine-lumiere-monde\/96515\/\" \/>\n<meta property=\"og:site_name\" content=\"Batijournal\" \/>\n<meta property=\"article:published_time\" content=\"2017-07-19T05:52:56+00:00\" \/>\n<meta property=\"article:modified_time\" content=\"2019-07-15T09:15:42+00:00\" \/>\n<meta property=\"og:image\" content=\"https:\/\/batijournal.com\/wp-content\/uploads\/2017\/07\/cathedrale-Chartres-en-lumieres-2017.png\" \/>\n\t<meta property=\"og:image:width\" content=\"677\" \/>\n\t<meta property=\"og:image:height\" content=\"805\" \/>\n\t<meta property=\"og:image:type\" content=\"image\/png\" \/>\n<meta name=\"author\" content=\"St\u00e9phane Miget\" \/>\n<meta name=\"twitter:card\" content=\"summary_large_image\" \/>\n<meta name=\"twitter:creator\" content=\"@bati_journal\" \/>\n<meta name=\"twitter:site\" content=\"@bati_journal\" \/>\n<meta name=\"twitter:label1\" content=\"\u00c9crit par\" \/>\n\t<meta name=\"twitter:data1\" content=\"St\u00e9phane Miget\" \/>\n\t<meta name=\"twitter:label2\" content=\"Dur\u00e9e de lecture estim\u00e9e\" \/>\n\t<meta name=\"twitter:data2\" content=\"2 minutes\" \/>\n<script type=\"application\/ld+json\" class=\"yoast-schema-graph\">{\"@context\":\"https:\\\/\\\/schema.org\",\"@graph\":[{\"@type\":\"Article\",\"@id\":\"https:\\\/\\\/batijournal.com\\\/index.php\\\/chartres-lumieres-plus-grande-operation-de-valorisation-patrimoine-lumiere-monde\\\/96515\\\/#article\",\"isPartOf\":{\"@id\":\"https:\\\/\\\/batijournal.com\\\/index.php\\\/chartres-lumieres-plus-grande-operation-de-valorisation-patrimoine-lumiere-monde\\\/96515\\\/\"},\"author\":{\"name\":\"St\u00e9phane Miget\",\"@id\":\"https:\\\/\\\/batijournal.com\\\/#\\\/schema\\\/person\\\/1dc96ec6957aa1ccb25ebe78bb19f100\"},\"headline\":\"Chartres en lumi\u00e8res : la plus grande op\u00e9ration de valorisation du patrimoine par la lumi\u00e8re au monde\",\"datePublished\":\"2017-07-19T05:52:56+00:00\",\"dateModified\":\"2019-07-15T09:15:42+00:00\",\"mainEntityOfPage\":{\"@id\":\"https:\\\/\\\/batijournal.com\\\/index.php\\\/chartres-lumieres-plus-grande-operation-de-valorisation-patrimoine-lumiere-monde\\\/96515\\\/\"},\"wordCount\":426,\"image\":{\"@id\":\"https:\\\/\\\/batijournal.com\\\/index.php\\\/chartres-lumieres-plus-grande-operation-de-valorisation-patrimoine-lumiere-monde\\\/96515\\\/#primaryimage\"},\"thumbnailUrl\":\"https:\\\/\\\/batijournal.com\\\/wp-content\\\/uploads\\\/2017\\\/07\\\/cathedrale-Chartres-en-lumieres-2017.png\",\"keywords\":[\"illuminations\",\"mise en lumi\u00e8re\"],\"articleSection\":[\"Actualit\u00e9s\",\"Architecture &amp; Conception\",\"zz_Atrium Patrimoine\"],\"inLanguage\":\"fr-FR\"},{\"@type\":\"WebPage\",\"@id\":\"https:\\\/\\\/batijournal.com\\\/index.php\\\/chartres-lumieres-plus-grande-operation-de-valorisation-patrimoine-lumiere-monde\\\/96515\\\/\",\"url\":\"https:\\\/\\\/batijournal.com\\\/index.php\\\/chartres-lumieres-plus-grande-operation-de-valorisation-patrimoine-lumiere-monde\\\/96515\\\/\",\"name\":\"Chartres en lumi\u00e8res : la plus grande op\u00e9ration de valorisation du patrimoine par la lumi\u00e8re au monde\",\"isPartOf\":{\"@id\":\"https:\\\/\\\/batijournal.com\\\/#website\"},\"primaryImageOfPage\":{\"@id\":\"https:\\\/\\\/batijournal.com\\\/index.php\\\/chartres-lumieres-plus-grande-operation-de-valorisation-patrimoine-lumiere-monde\\\/96515\\\/#primaryimage\"},\"image\":{\"@id\":\"https:\\\/\\\/batijournal.com\\\/index.php\\\/chartres-lumieres-plus-grande-operation-de-valorisation-patrimoine-lumiere-monde\\\/96515\\\/#primaryimage\"},\"thumbnailUrl\":\"https:\\\/\\\/batijournal.com\\\/wp-content\\\/uploads\\\/2017\\\/07\\\/cathedrale-Chartres-en-lumieres-2017.png\",\"datePublished\":\"2017-07-19T05:52:56+00:00\",\"dateModified\":\"2019-07-15T09:15:42+00:00\",\"author\":{\"@id\":\"https:\\\/\\\/batijournal.com\\\/#\\\/schema\\\/person\\\/1dc96ec6957aa1ccb25ebe78bb19f100\"},\"breadcrumb\":{\"@id\":\"https:\\\/\\\/batijournal.com\\\/index.php\\\/chartres-lumieres-plus-grande-operation-de-valorisation-patrimoine-lumiere-monde\\\/96515\\\/#breadcrumb\"},\"inLanguage\":\"fr-FR\",\"potentialAction\":[{\"@type\":\"ReadAction\",\"target\":[\"https:\\\/\\\/batijournal.com\\\/index.php\\\/chartres-lumieres-plus-grande-operation-de-valorisation-patrimoine-lumiere-monde\\\/96515\\\/\"]}]},{\"@type\":\"ImageObject\",\"inLanguage\":\"fr-FR\",\"@id\":\"https:\\\/\\\/batijournal.com\\\/index.php\\\/chartres-lumieres-plus-grande-operation-de-valorisation-patrimoine-lumiere-monde\\\/96515\\\/#primaryimage\",\"url\":\"https:\\\/\\\/batijournal.com\\\/wp-content\\\/uploads\\\/2017\\\/07\\\/cathedrale-Chartres-en-lumieres-2017.png\",\"contentUrl\":\"https:\\\/\\\/batijournal.com\\\/wp-content\\\/uploads\\\/2017\\\/07\\\/cathedrale-Chartres-en-lumieres-2017.png\",\"width\":677,\"height\":805},{\"@type\":\"BreadcrumbList\",\"@id\":\"https:\\\/\\\/batijournal.com\\\/index.php\\\/chartres-lumieres-plus-grande-operation-de-valorisation-patrimoine-lumiere-monde\\\/96515\\\/#breadcrumb\",\"itemListElement\":[{\"@type\":\"ListItem\",\"position\":1,\"name\":\"Accueil\",\"item\":\"https:\\\/\\\/batijournal.com\\\/\"},{\"@type\":\"ListItem\",\"position\":2,\"name\":\"Actualit\u00e9s\",\"item\":\"https:\\\/\\\/batijournal.com\\\/index.php\\\/category\\\/actualites\\\/\"},{\"@type\":\"ListItem\",\"position\":3,\"name\":\"Chartres en lumi\u00e8res : la plus grande op\u00e9ration de valorisation du patrimoine par la lumi\u00e8re au monde\"}]},{\"@type\":\"WebSite\",\"@id\":\"https:\\\/\\\/batijournal.com\\\/#website\",\"url\":\"https:\\\/\\\/batijournal.com\\\/\",\"name\":\"Batijournal\",\"description\":\"L&#039;actualit\u00e9 du b\u00e2timent\",\"potentialAction\":[{\"@type\":\"SearchAction\",\"target\":{\"@type\":\"EntryPoint\",\"urlTemplate\":\"https:\\\/\\\/batijournal.com\\\/?s={search_term_string}\"},\"query-input\":{\"@type\":\"PropertyValueSpecification\",\"valueRequired\":true,\"valueName\":\"search_term_string\"}}],\"inLanguage\":\"fr-FR\"},{\"@type\":\"Person\",\"@id\":\"https:\\\/\\\/batijournal.com\\\/#\\\/schema\\\/person\\\/1dc96ec6957aa1ccb25ebe78bb19f100\",\"name\":\"St\u00e9phane Miget\",\"image\":{\"@type\":\"ImageObject\",\"inLanguage\":\"fr-FR\",\"@id\":\"https:\\\/\\\/secure.gravatar.com\\\/avatar\\\/89915563d925342126b8ef0281b93d9d7fc337043e8df017f780908eb9644451?s=96&d=mm&r=g\",\"url\":\"https:\\\/\\\/secure.gravatar.com\\\/avatar\\\/89915563d925342126b8ef0281b93d9d7fc337043e8df017f780908eb9644451?s=96&d=mm&r=g\",\"contentUrl\":\"https:\\\/\\\/secure.gravatar.com\\\/avatar\\\/89915563d925342126b8ef0281b93d9d7fc337043e8df017f780908eb9644451?s=96&d=mm&r=g\",\"caption\":\"St\u00e9phane Miget\"},\"url\":\"https:\\\/\\\/batijournal.com\\\/index.php\\\/author\\\/stephane\\\/\"}]}<\/script>\n<!-- \/ Yoast SEO plugin. -->","yoast_head_json":{"title":"Chartres en lumi\u00e8res : la plus grande op\u00e9ration de valorisation du patrimoine par la lumi\u00e8re au monde","robots":{"index":"index","follow":"follow","max-snippet":"max-snippet:-1","max-image-preview":"max-image-preview:large","max-video-preview":"max-video-preview:-1"},"canonical":"https:\/\/batijournal.com\/index.php\/chartres-lumieres-plus-grande-operation-de-valorisation-patrimoine-lumiere-monde\/96515\/","og_locale":"fr_FR","og_type":"article","og_title":"Chartres en lumi\u00e8res : la plus grande op\u00e9ration de valorisation du patrimoine par la lumi\u00e8re au monde","og_description":"Depuis 2003, la Ville de Chartres, membre du r\u00e9seau international des villes lumi\u00e8res LUCI (Lighting Urban Community International), a pris conscience de la n\u00e9cessit\u00e9 de d\u00e9velopper autour de la lumi\u00e8re des \u00e9v\u00e9nements de nature \u00e0 rassembler les habitants et \u00e0 inviter les touristes \u00e0 une d\u00e9couverte insolite de l\u2019ensemble du patrimoine de son c\u0153ur de [&hellip;]","og_url":"https:\/\/batijournal.com\/index.php\/chartres-lumieres-plus-grande-operation-de-valorisation-patrimoine-lumiere-monde\/96515\/","og_site_name":"Batijournal","article_published_time":"2017-07-19T05:52:56+00:00","article_modified_time":"2019-07-15T09:15:42+00:00","og_image":[{"width":677,"height":805,"url":"https:\/\/batijournal.com\/wp-content\/uploads\/2017\/07\/cathedrale-Chartres-en-lumieres-2017.png","type":"image\/png"}],"author":"St\u00e9phane Miget","twitter_card":"summary_large_image","twitter_creator":"@bati_journal","twitter_site":"@bati_journal","twitter_misc":{"\u00c9crit par":"St\u00e9phane Miget","Dur\u00e9e de lecture estim\u00e9e":"2 minutes"},"schema":{"@context":"https:\/\/schema.org","@graph":[{"@type":"Article","@id":"https:\/\/batijournal.com\/index.php\/chartres-lumieres-plus-grande-operation-de-valorisation-patrimoine-lumiere-monde\/96515\/#article","isPartOf":{"@id":"https:\/\/batijournal.com\/index.php\/chartres-lumieres-plus-grande-operation-de-valorisation-patrimoine-lumiere-monde\/96515\/"},"author":{"name":"St\u00e9phane Miget","@id":"https:\/\/batijournal.com\/#\/schema\/person\/1dc96ec6957aa1ccb25ebe78bb19f100"},"headline":"Chartres en lumi\u00e8res : la plus grande op\u00e9ration de valorisation du patrimoine par la lumi\u00e8re au monde","datePublished":"2017-07-19T05:52:56+00:00","dateModified":"2019-07-15T09:15:42+00:00","mainEntityOfPage":{"@id":"https:\/\/batijournal.com\/index.php\/chartres-lumieres-plus-grande-operation-de-valorisation-patrimoine-lumiere-monde\/96515\/"},"wordCount":426,"image":{"@id":"https:\/\/batijournal.com\/index.php\/chartres-lumieres-plus-grande-operation-de-valorisation-patrimoine-lumiere-monde\/96515\/#primaryimage"},"thumbnailUrl":"https:\/\/batijournal.com\/wp-content\/uploads\/2017\/07\/cathedrale-Chartres-en-lumieres-2017.png","keywords":["illuminations","mise en lumi\u00e8re"],"articleSection":["Actualit\u00e9s","Architecture &amp; Conception","zz_Atrium Patrimoine"],"inLanguage":"fr-FR"},{"@type":"WebPage","@id":"https:\/\/batijournal.com\/index.php\/chartres-lumieres-plus-grande-operation-de-valorisation-patrimoine-lumiere-monde\/96515\/","url":"https:\/\/batijournal.com\/index.php\/chartres-lumieres-plus-grande-operation-de-valorisation-patrimoine-lumiere-monde\/96515\/","name":"Chartres en lumi\u00e8res : la plus grande op\u00e9ration de valorisation du patrimoine par la lumi\u00e8re au monde","isPartOf":{"@id":"https:\/\/batijournal.com\/#website"},"primaryImageOfPage":{"@id":"https:\/\/batijournal.com\/index.php\/chartres-lumieres-plus-grande-operation-de-valorisation-patrimoine-lumiere-monde\/96515\/#primaryimage"},"image":{"@id":"https:\/\/batijournal.com\/index.php\/chartres-lumieres-plus-grande-operation-de-valorisation-patrimoine-lumiere-monde\/96515\/#primaryimage"},"thumbnailUrl":"https:\/\/batijournal.com\/wp-content\/uploads\/2017\/07\/cathedrale-Chartres-en-lumieres-2017.png","datePublished":"2017-07-19T05:52:56+00:00","dateModified":"2019-07-15T09:15:42+00:00","author":{"@id":"https:\/\/batijournal.com\/#\/schema\/person\/1dc96ec6957aa1ccb25ebe78bb19f100"},"breadcrumb":{"@id":"https:\/\/batijournal.com\/index.php\/chartres-lumieres-plus-grande-operation-de-valorisation-patrimoine-lumiere-monde\/96515\/#breadcrumb"},"inLanguage":"fr-FR","potentialAction":[{"@type":"ReadAction","target":["https:\/\/batijournal.com\/index.php\/chartres-lumieres-plus-grande-operation-de-valorisation-patrimoine-lumiere-monde\/96515\/"]}]},{"@type":"ImageObject","inLanguage":"fr-FR","@id":"https:\/\/batijournal.com\/index.php\/chartres-lumieres-plus-grande-operation-de-valorisation-patrimoine-lumiere-monde\/96515\/#primaryimage","url":"https:\/\/batijournal.com\/wp-content\/uploads\/2017\/07\/cathedrale-Chartres-en-lumieres-2017.png","contentUrl":"https:\/\/batijournal.com\/wp-content\/uploads\/2017\/07\/cathedrale-Chartres-en-lumieres-2017.png","width":677,"height":805},{"@type":"BreadcrumbList","@id":"https:\/\/batijournal.com\/index.php\/chartres-lumieres-plus-grande-operation-de-valorisation-patrimoine-lumiere-monde\/96515\/#breadcrumb","itemListElement":[{"@type":"ListItem","position":1,"name":"Accueil","item":"https:\/\/batijournal.com\/"},{"@type":"ListItem","position":2,"name":"Actualit\u00e9s","item":"https:\/\/batijournal.com\/index.php\/category\/actualites\/"},{"@type":"ListItem","position":3,"name":"Chartres en lumi\u00e8res : la plus grande op\u00e9ration de valorisation du patrimoine par la lumi\u00e8re au monde"}]},{"@type":"WebSite","@id":"https:\/\/batijournal.com\/#website","url":"https:\/\/batijournal.com\/","name":"Batijournal","description":"L&#039;actualit\u00e9 du b\u00e2timent","potentialAction":[{"@type":"SearchAction","target":{"@type":"EntryPoint","urlTemplate":"https:\/\/batijournal.com\/?s={search_term_string}"},"query-input":{"@type":"PropertyValueSpecification","valueRequired":true,"valueName":"search_term_string"}}],"inLanguage":"fr-FR"},{"@type":"Person","@id":"https:\/\/batijournal.com\/#\/schema\/person\/1dc96ec6957aa1ccb25ebe78bb19f100","name":"St\u00e9phane Miget","image":{"@type":"ImageObject","inLanguage":"fr-FR","@id":"https:\/\/secure.gravatar.com\/avatar\/89915563d925342126b8ef0281b93d9d7fc337043e8df017f780908eb9644451?s=96&d=mm&r=g","url":"https:\/\/secure.gravatar.com\/avatar\/89915563d925342126b8ef0281b93d9d7fc337043e8df017f780908eb9644451?s=96&d=mm&r=g","contentUrl":"https:\/\/secure.gravatar.com\/avatar\/89915563d925342126b8ef0281b93d9d7fc337043e8df017f780908eb9644451?s=96&d=mm&r=g","caption":"St\u00e9phane Miget"},"url":"https:\/\/batijournal.com\/index.php\/author\/stephane\/"}]}},"_links":{"self":[{"href":"https:\/\/batijournal.com\/index.php\/wp-json\/wp\/v2\/posts\/96515","targetHints":{"allow":["GET"]}}],"collection":[{"href":"https:\/\/batijournal.com\/index.php\/wp-json\/wp\/v2\/posts"}],"about":[{"href":"https:\/\/batijournal.com\/index.php\/wp-json\/wp\/v2\/types\/post"}],"author":[{"embeddable":true,"href":"https:\/\/batijournal.com\/index.php\/wp-json\/wp\/v2\/users\/17"}],"replies":[{"embeddable":true,"href":"https:\/\/batijournal.com\/index.php\/wp-json\/wp\/v2\/comments?post=96515"}],"version-history":[{"count":0,"href":"https:\/\/batijournal.com\/index.php\/wp-json\/wp\/v2\/posts\/96515\/revisions"}],"wp:featuredmedia":[{"embeddable":true,"href":"https:\/\/batijournal.com\/index.php\/wp-json\/wp\/v2\/media\/96516"}],"wp:attachment":[{"href":"https:\/\/batijournal.com\/index.php\/wp-json\/wp\/v2\/media?parent=96515"}],"wp:term":[{"taxonomy":"category","embeddable":true,"href":"https:\/\/batijournal.com\/index.php\/wp-json\/wp\/v2\/categories?post=96515"},{"taxonomy":"post_tag","embeddable":true,"href":"https:\/\/batijournal.com\/index.php\/wp-json\/wp\/v2\/tags?post=96515"}],"curies":[{"name":"wp","href":"https:\/\/api.w.org\/{rel}","templated":true}]}}