{"id":96544,"date":"2017-07-25T08:37:34","date_gmt":"2017-07-25T06:37:34","guid":{"rendered":"http:\/\/batijournal.com\/?p=96544"},"modified":"2019-07-15T12:22:01","modified_gmt":"2019-07-15T10:22:01","slug":"vers-sortie-de-lencadrement-prix-produits-solaires-chinois","status":"publish","type":"post","link":"https:\/\/batijournal.com\/index.php\/vers-sortie-de-lencadrement-prix-produits-solaires-chinois\/96544\/","title":{"rendered":"Vers une sortie de l\u2019encadrement des prix des produits solaires chinois"},"content":{"rendered":"<p>La Commission europ\u00e9enne a propos\u00e9 un nouveau m\u00e9canisme d\u2019encadrement des prix des produits solaires chinois, en remplacement des prix planchers actuellement en vigueur calcul\u00e9s \u00e0 partir de l\u2019indice Bloomberg en dollar qui rend les prix plancher sensibles aux fluctuations du taux de change.\u00a0Un document publi\u00e9 par la Direction du commerce mercredi 19 juillet, propose un calendrier de sortie sur 14 mois afin d\u2019offrir une certaine transparence, quant \u00e0 la baisse des prix programm\u00e9e.<\/p>\n<p><em>\u00ab Cette proposition de la DG Commerce, cherche maintenir les prix des panneaux solaires \u00e0 des niveaux sup\u00e9rieurs \u00e0 leurs valeurs r\u00e9elles \u00bb<\/em>, a d\u00e9clar\u00e9 le Dr Christian Westermeier, pr\u00e9sident de SolarPower Europe (association de l&rsquo;industrie solaire)<\/p>\n<p><em>\u00ab La Commission europ\u00e9enne reconnait que les prix du march\u00e9 international constat\u00e9s au cours du premier trimestre de 2017, ne seront atteints que dans l&rsquo;Union Europ\u00e9enne qu\u2019en septembre 2018. Cela implique un d\u00e9calage d\u2019un an et demi afin que les entreprises europ\u00e9ennes puissent b\u00e9n\u00e9ficier des vrais prix du march\u00e9. Ce qui est encore pire, c&rsquo;est que le niveau de \u00ab prix plancher \u00bb envisag\u00e9 pour juillet 2018 est sup\u00e9rieur au prix actuel du march\u00e9 mondial exprim\u00e9 en dollars US \/ Watt. Ce n&rsquo;est pas la m\u00e9thode la plus appropri\u00e9e pour permettre aux citoyens europ\u00e9ens de s\u2019engager de mani\u00e8re rentable dans la transition \u00e9nerg\u00e9tique \u00bb.<\/em><\/p>\n<p>&nbsp;<\/p>\n<p>Source et totalit\u00e9 de l&rsquo;article : Tecsol<br \/>\n<a href=\"http:\/\/tecsol.blogs.com\/mon_weblog\/2017\/07\/la-commission-europ\u00e9enne-pr\u00e9pare-une-sortie-de-lencadrement-des-prix-des-produits-solaires-chinois.html\" target=\"_blank\" rel=\"noopener noreferrer\">http:\/\/tecsol.blogs.com\/mon_weblog\/2017\/07\/la-commission-europ\u00e9enne-pr\u00e9pare-une-sortie-de-lencadrement-des-prix-des-produits-solaires-chinois.html<\/a><\/p>\n","protected":false},"excerpt":{"rendered":"<p>La Commission europ\u00e9enne a propos\u00e9 un nouveau m\u00e9canisme d\u2019encadrement des prix des produits solaires chinois, en remplacement des prix planchers actuellement en vigueur calcul\u00e9s \u00e0 partir de l\u2019indice Bloomberg en dollar qui rend les prix plancher sensibles aux fluctuations du taux de change.\u00a0Un document publi\u00e9 par la Direction du commerce mercredi 19 juillet, propose un [&hellip;]<\/p>\n","protected":false},"author":17,"featured_media":93627,"comment_status":"closed","ping_status":"closed","sticky":false,"template":"","format":"standard","meta":{"_et_pb_use_builder":"","_et_pb_old_content":"","_et_gb_content_width":"","footnotes":""},"categories":[10530,6351],"tags":[3872],"class_list":["post-96544","post","type-post","status-publish","format-standard","has-post-thumbnail","hentry","category-actualites","category-energie-environnement","tag-panneaux-photovoltaiques"],"yoast_head":"<!-- This site is optimized with the Yoast SEO plugin v27.4 - https:\/\/yoast.com\/product\/yoast-seo-wordpress\/ -->\n<title>Vers une sortie de l\u2019encadrement des prix des produits solaires chinois<\/title>\n<meta name=\"robots\" content=\"index, follow, max-snippet:-1, max-image-preview:large, max-video-preview:-1\" \/>\n<link rel=\"canonical\" href=\"https:\/\/batijournal.com\/index.php\/vers-sortie-de-lencadrement-prix-produits-solaires-chinois\/96544\/\" \/>\n<meta property=\"og:locale\" content=\"fr_FR\" \/>\n<meta property=\"og:type\" content=\"article\" \/>\n<meta property=\"og:title\" content=\"Vers une sortie de l\u2019encadrement des prix des produits solaires chinois\" \/>\n<meta property=\"og:description\" content=\"La Commission europ\u00e9enne a propos\u00e9 un nouveau m\u00e9canisme d\u2019encadrement des prix des produits solaires chinois, en remplacement des prix planchers actuellement en vigueur calcul\u00e9s \u00e0 partir de l\u2019indice Bloomberg en dollar qui rend les prix plancher sensibles aux fluctuations du taux de change.\u00a0Un document publi\u00e9 par la Direction du commerce mercredi 19 juillet, propose un [&hellip;]\" \/>\n<meta property=\"og:url\" content=\"https:\/\/batijournal.com\/index.php\/vers-sortie-de-lencadrement-prix-produits-solaires-chinois\/96544\/\" \/>\n<meta property=\"og:site_name\" content=\"Batijournal\" \/>\n<meta property=\"article:published_time\" content=\"2017-07-25T06:37:34+00:00\" \/>\n<meta property=\"article:modified_time\" content=\"2019-07-15T10:22:01+00:00\" \/>\n<meta property=\"og:image\" content=\"https:\/\/batijournal.com\/wp-content\/uploads\/2016\/09\/photovoltaique3.jpg\" \/>\n\t<meta property=\"og:image:width\" content=\"1000\" \/>\n\t<meta property=\"og:image:height\" content=\"485\" \/>\n\t<meta property=\"og:image:type\" content=\"image\/jpeg\" \/>\n<meta name=\"author\" content=\"St\u00e9phane Miget\" \/>\n<meta name=\"twitter:card\" content=\"summary_large_image\" \/>\n<meta name=\"twitter:creator\" content=\"@bati_journal\" \/>\n<meta name=\"twitter:site\" content=\"@bati_journal\" \/>\n<meta name=\"twitter:label1\" content=\"\u00c9crit par\" \/>\n\t<meta name=\"twitter:data1\" content=\"St\u00e9phane Miget\" \/>\n\t<meta name=\"twitter:label2\" content=\"Dur\u00e9e de lecture estim\u00e9e\" \/>\n\t<meta name=\"twitter:data2\" content=\"1 minute\" \/>\n<script type=\"application\/ld+json\" class=\"yoast-schema-graph\">{\"@context\":\"https:\\\/\\\/schema.org\",\"@graph\":[{\"@type\":\"Article\",\"@id\":\"https:\\\/\\\/batijournal.com\\\/index.php\\\/vers-sortie-de-lencadrement-prix-produits-solaires-chinois\\\/96544\\\/#article\",\"isPartOf\":{\"@id\":\"https:\\\/\\\/batijournal.com\\\/index.php\\\/vers-sortie-de-lencadrement-prix-produits-solaires-chinois\\\/96544\\\/\"},\"author\":{\"name\":\"St\u00e9phane Miget\",\"@id\":\"https:\\\/\\\/batijournal.com\\\/#\\\/schema\\\/person\\\/1dc96ec6957aa1ccb25ebe78bb19f100\"},\"headline\":\"Vers une sortie de l\u2019encadrement des prix des produits solaires chinois\",\"datePublished\":\"2017-07-25T06:37:34+00:00\",\"dateModified\":\"2019-07-15T10:22:01+00:00\",\"mainEntityOfPage\":{\"@id\":\"https:\\\/\\\/batijournal.com\\\/index.php\\\/vers-sortie-de-lencadrement-prix-produits-solaires-chinois\\\/96544\\\/\"},\"wordCount\":260,\"image\":{\"@id\":\"https:\\\/\\\/batijournal.com\\\/index.php\\\/vers-sortie-de-lencadrement-prix-produits-solaires-chinois\\\/96544\\\/#primaryimage\"},\"thumbnailUrl\":\"https:\\\/\\\/batijournal.com\\\/wp-content\\\/uploads\\\/2016\\\/09\\\/photovoltaique3.jpg\",\"keywords\":[\"panneaux photovolta\u00efques\"],\"articleSection\":[\"Actualit\u00e9s\",\"\u00c9nergie &amp; Environnement\"],\"inLanguage\":\"fr-FR\"},{\"@type\":\"WebPage\",\"@id\":\"https:\\\/\\\/batijournal.com\\\/index.php\\\/vers-sortie-de-lencadrement-prix-produits-solaires-chinois\\\/96544\\\/\",\"url\":\"https:\\\/\\\/batijournal.com\\\/index.php\\\/vers-sortie-de-lencadrement-prix-produits-solaires-chinois\\\/96544\\\/\",\"name\":\"Vers une sortie de l\u2019encadrement des prix des produits solaires chinois\",\"isPartOf\":{\"@id\":\"https:\\\/\\\/batijournal.com\\\/#website\"},\"primaryImageOfPage\":{\"@id\":\"https:\\\/\\\/batijournal.com\\\/index.php\\\/vers-sortie-de-lencadrement-prix-produits-solaires-chinois\\\/96544\\\/#primaryimage\"},\"image\":{\"@id\":\"https:\\\/\\\/batijournal.com\\\/index.php\\\/vers-sortie-de-lencadrement-prix-produits-solaires-chinois\\\/96544\\\/#primaryimage\"},\"thumbnailUrl\":\"https:\\\/\\\/batijournal.com\\\/wp-content\\\/uploads\\\/2016\\\/09\\\/photovoltaique3.jpg\",\"datePublished\":\"2017-07-25T06:37:34+00:00\",\"dateModified\":\"2019-07-15T10:22:01+00:00\",\"author\":{\"@id\":\"https:\\\/\\\/batijournal.com\\\/#\\\/schema\\\/person\\\/1dc96ec6957aa1ccb25ebe78bb19f100\"},\"breadcrumb\":{\"@id\":\"https:\\\/\\\/batijournal.com\\\/index.php\\\/vers-sortie-de-lencadrement-prix-produits-solaires-chinois\\\/96544\\\/#breadcrumb\"},\"inLanguage\":\"fr-FR\",\"potentialAction\":[{\"@type\":\"ReadAction\",\"target\":[\"https:\\\/\\\/batijournal.com\\\/index.php\\\/vers-sortie-de-lencadrement-prix-produits-solaires-chinois\\\/96544\\\/\"]}]},{\"@type\":\"ImageObject\",\"inLanguage\":\"fr-FR\",\"@id\":\"https:\\\/\\\/batijournal.com\\\/index.php\\\/vers-sortie-de-lencadrement-prix-produits-solaires-chinois\\\/96544\\\/#primaryimage\",\"url\":\"https:\\\/\\\/batijournal.com\\\/wp-content\\\/uploads\\\/2016\\\/09\\\/photovoltaique3.jpg\",\"contentUrl\":\"https:\\\/\\\/batijournal.com\\\/wp-content\\\/uploads\\\/2016\\\/09\\\/photovoltaique3.jpg\",\"width\":1000,\"height\":485},{\"@type\":\"BreadcrumbList\",\"@id\":\"https:\\\/\\\/batijournal.com\\\/index.php\\\/vers-sortie-de-lencadrement-prix-produits-solaires-chinois\\\/96544\\\/#breadcrumb\",\"itemListElement\":[{\"@type\":\"ListItem\",\"position\":1,\"name\":\"Accueil\",\"item\":\"https:\\\/\\\/batijournal.com\\\/\"},{\"@type\":\"ListItem\",\"position\":2,\"name\":\"Actualit\u00e9s\",\"item\":\"https:\\\/\\\/batijournal.com\\\/index.php\\\/category\\\/actualites\\\/\"},{\"@type\":\"ListItem\",\"position\":3,\"name\":\"Vers une sortie de l\u2019encadrement des prix des produits solaires chinois\"}]},{\"@type\":\"WebSite\",\"@id\":\"https:\\\/\\\/batijournal.com\\\/#website\",\"url\":\"https:\\\/\\\/batijournal.com\\\/\",\"name\":\"Batijournal\",\"description\":\"L&#039;actualit\u00e9 du b\u00e2timent\",\"potentialAction\":[{\"@type\":\"SearchAction\",\"target\":{\"@type\":\"EntryPoint\",\"urlTemplate\":\"https:\\\/\\\/batijournal.com\\\/?s={search_term_string}\"},\"query-input\":{\"@type\":\"PropertyValueSpecification\",\"valueRequired\":true,\"valueName\":\"search_term_string\"}}],\"inLanguage\":\"fr-FR\"},{\"@type\":\"Person\",\"@id\":\"https:\\\/\\\/batijournal.com\\\/#\\\/schema\\\/person\\\/1dc96ec6957aa1ccb25ebe78bb19f100\",\"name\":\"St\u00e9phane Miget\",\"image\":{\"@type\":\"ImageObject\",\"inLanguage\":\"fr-FR\",\"@id\":\"https:\\\/\\\/secure.gravatar.com\\\/avatar\\\/89915563d925342126b8ef0281b93d9d7fc337043e8df017f780908eb9644451?s=96&d=mm&r=g\",\"url\":\"https:\\\/\\\/secure.gravatar.com\\\/avatar\\\/89915563d925342126b8ef0281b93d9d7fc337043e8df017f780908eb9644451?s=96&d=mm&r=g\",\"contentUrl\":\"https:\\\/\\\/secure.gravatar.com\\\/avatar\\\/89915563d925342126b8ef0281b93d9d7fc337043e8df017f780908eb9644451?s=96&d=mm&r=g\",\"caption\":\"St\u00e9phane Miget\"},\"url\":\"https:\\\/\\\/batijournal.com\\\/index.php\\\/author\\\/stephane\\\/\"}]}<\/script>\n<!-- \/ Yoast SEO plugin. -->","yoast_head_json":{"title":"Vers une sortie de l\u2019encadrement des prix des produits solaires chinois","robots":{"index":"index","follow":"follow","max-snippet":"max-snippet:-1","max-image-preview":"max-image-preview:large","max-video-preview":"max-video-preview:-1"},"canonical":"https:\/\/batijournal.com\/index.php\/vers-sortie-de-lencadrement-prix-produits-solaires-chinois\/96544\/","og_locale":"fr_FR","og_type":"article","og_title":"Vers une sortie de l\u2019encadrement des prix des produits solaires chinois","og_description":"La Commission europ\u00e9enne a propos\u00e9 un nouveau m\u00e9canisme d\u2019encadrement des prix des produits solaires chinois, en remplacement des prix planchers actuellement en vigueur calcul\u00e9s \u00e0 partir de l\u2019indice Bloomberg en dollar qui rend les prix plancher sensibles aux fluctuations du taux de change.\u00a0Un document publi\u00e9 par la Direction du commerce mercredi 19 juillet, propose un [&hellip;]","og_url":"https:\/\/batijournal.com\/index.php\/vers-sortie-de-lencadrement-prix-produits-solaires-chinois\/96544\/","og_site_name":"Batijournal","article_published_time":"2017-07-25T06:37:34+00:00","article_modified_time":"2019-07-15T10:22:01+00:00","og_image":[{"width":1000,"height":485,"url":"https:\/\/batijournal.com\/wp-content\/uploads\/2016\/09\/photovoltaique3.jpg","type":"image\/jpeg"}],"author":"St\u00e9phane Miget","twitter_card":"summary_large_image","twitter_creator":"@bati_journal","twitter_site":"@bati_journal","twitter_misc":{"\u00c9crit par":"St\u00e9phane Miget","Dur\u00e9e de lecture estim\u00e9e":"1 minute"},"schema":{"@context":"https:\/\/schema.org","@graph":[{"@type":"Article","@id":"https:\/\/batijournal.com\/index.php\/vers-sortie-de-lencadrement-prix-produits-solaires-chinois\/96544\/#article","isPartOf":{"@id":"https:\/\/batijournal.com\/index.php\/vers-sortie-de-lencadrement-prix-produits-solaires-chinois\/96544\/"},"author":{"name":"St\u00e9phane Miget","@id":"https:\/\/batijournal.com\/#\/schema\/person\/1dc96ec6957aa1ccb25ebe78bb19f100"},"headline":"Vers une sortie de l\u2019encadrement des prix des produits solaires chinois","datePublished":"2017-07-25T06:37:34+00:00","dateModified":"2019-07-15T10:22:01+00:00","mainEntityOfPage":{"@id":"https:\/\/batijournal.com\/index.php\/vers-sortie-de-lencadrement-prix-produits-solaires-chinois\/96544\/"},"wordCount":260,"image":{"@id":"https:\/\/batijournal.com\/index.php\/vers-sortie-de-lencadrement-prix-produits-solaires-chinois\/96544\/#primaryimage"},"thumbnailUrl":"https:\/\/batijournal.com\/wp-content\/uploads\/2016\/09\/photovoltaique3.jpg","keywords":["panneaux photovolta\u00efques"],"articleSection":["Actualit\u00e9s","\u00c9nergie &amp; Environnement"],"inLanguage":"fr-FR"},{"@type":"WebPage","@id":"https:\/\/batijournal.com\/index.php\/vers-sortie-de-lencadrement-prix-produits-solaires-chinois\/96544\/","url":"https:\/\/batijournal.com\/index.php\/vers-sortie-de-lencadrement-prix-produits-solaires-chinois\/96544\/","name":"Vers une sortie de l\u2019encadrement des prix des produits solaires chinois","isPartOf":{"@id":"https:\/\/batijournal.com\/#website"},"primaryImageOfPage":{"@id":"https:\/\/batijournal.com\/index.php\/vers-sortie-de-lencadrement-prix-produits-solaires-chinois\/96544\/#primaryimage"},"image":{"@id":"https:\/\/batijournal.com\/index.php\/vers-sortie-de-lencadrement-prix-produits-solaires-chinois\/96544\/#primaryimage"},"thumbnailUrl":"https:\/\/batijournal.com\/wp-content\/uploads\/2016\/09\/photovoltaique3.jpg","datePublished":"2017-07-25T06:37:34+00:00","dateModified":"2019-07-15T10:22:01+00:00","author":{"@id":"https:\/\/batijournal.com\/#\/schema\/person\/1dc96ec6957aa1ccb25ebe78bb19f100"},"breadcrumb":{"@id":"https:\/\/batijournal.com\/index.php\/vers-sortie-de-lencadrement-prix-produits-solaires-chinois\/96544\/#breadcrumb"},"inLanguage":"fr-FR","potentialAction":[{"@type":"ReadAction","target":["https:\/\/batijournal.com\/index.php\/vers-sortie-de-lencadrement-prix-produits-solaires-chinois\/96544\/"]}]},{"@type":"ImageObject","inLanguage":"fr-FR","@id":"https:\/\/batijournal.com\/index.php\/vers-sortie-de-lencadrement-prix-produits-solaires-chinois\/96544\/#primaryimage","url":"https:\/\/batijournal.com\/wp-content\/uploads\/2016\/09\/photovoltaique3.jpg","contentUrl":"https:\/\/batijournal.com\/wp-content\/uploads\/2016\/09\/photovoltaique3.jpg","width":1000,"height":485},{"@type":"BreadcrumbList","@id":"https:\/\/batijournal.com\/index.php\/vers-sortie-de-lencadrement-prix-produits-solaires-chinois\/96544\/#breadcrumb","itemListElement":[{"@type":"ListItem","position":1,"name":"Accueil","item":"https:\/\/batijournal.com\/"},{"@type":"ListItem","position":2,"name":"Actualit\u00e9s","item":"https:\/\/batijournal.com\/index.php\/category\/actualites\/"},{"@type":"ListItem","position":3,"name":"Vers une sortie de l\u2019encadrement des prix des produits solaires chinois"}]},{"@type":"WebSite","@id":"https:\/\/batijournal.com\/#website","url":"https:\/\/batijournal.com\/","name":"Batijournal","description":"L&#039;actualit\u00e9 du b\u00e2timent","potentialAction":[{"@type":"SearchAction","target":{"@type":"EntryPoint","urlTemplate":"https:\/\/batijournal.com\/?s={search_term_string}"},"query-input":{"@type":"PropertyValueSpecification","valueRequired":true,"valueName":"search_term_string"}}],"inLanguage":"fr-FR"},{"@type":"Person","@id":"https:\/\/batijournal.com\/#\/schema\/person\/1dc96ec6957aa1ccb25ebe78bb19f100","name":"St\u00e9phane Miget","image":{"@type":"ImageObject","inLanguage":"fr-FR","@id":"https:\/\/secure.gravatar.com\/avatar\/89915563d925342126b8ef0281b93d9d7fc337043e8df017f780908eb9644451?s=96&d=mm&r=g","url":"https:\/\/secure.gravatar.com\/avatar\/89915563d925342126b8ef0281b93d9d7fc337043e8df017f780908eb9644451?s=96&d=mm&r=g","contentUrl":"https:\/\/secure.gravatar.com\/avatar\/89915563d925342126b8ef0281b93d9d7fc337043e8df017f780908eb9644451?s=96&d=mm&r=g","caption":"St\u00e9phane Miget"},"url":"https:\/\/batijournal.com\/index.php\/author\/stephane\/"}]}},"_links":{"self":[{"href":"https:\/\/batijournal.com\/index.php\/wp-json\/wp\/v2\/posts\/96544","targetHints":{"allow":["GET"]}}],"collection":[{"href":"https:\/\/batijournal.com\/index.php\/wp-json\/wp\/v2\/posts"}],"about":[{"href":"https:\/\/batijournal.com\/index.php\/wp-json\/wp\/v2\/types\/post"}],"author":[{"embeddable":true,"href":"https:\/\/batijournal.com\/index.php\/wp-json\/wp\/v2\/users\/17"}],"replies":[{"embeddable":true,"href":"https:\/\/batijournal.com\/index.php\/wp-json\/wp\/v2\/comments?post=96544"}],"version-history":[{"count":0,"href":"https:\/\/batijournal.com\/index.php\/wp-json\/wp\/v2\/posts\/96544\/revisions"}],"wp:featuredmedia":[{"embeddable":true,"href":"https:\/\/batijournal.com\/index.php\/wp-json\/wp\/v2\/media\/93627"}],"wp:attachment":[{"href":"https:\/\/batijournal.com\/index.php\/wp-json\/wp\/v2\/media?parent=96544"}],"wp:term":[{"taxonomy":"category","embeddable":true,"href":"https:\/\/batijournal.com\/index.php\/wp-json\/wp\/v2\/categories?post=96544"},{"taxonomy":"post_tag","embeddable":true,"href":"https:\/\/batijournal.com\/index.php\/wp-json\/wp\/v2\/tags?post=96544"}],"curies":[{"name":"wp","href":"https:\/\/api.w.org\/{rel}","templated":true}]}}