{"id":96553,"date":"2017-07-25T12:36:39","date_gmt":"2017-07-25T10:36:39","guid":{"rendered":"http:\/\/batijournal.com\/?p=96553"},"modified":"2019-07-15T12:03:50","modified_gmt":"2019-07-15T10:03:50","slug":"logement-choc-de-loffre-prevu-gouvernement-cet-automne","status":"publish","type":"post","link":"https:\/\/batijournal.com\/index.php\/logement-choc-de-loffre-prevu-gouvernement-cet-automne\/96553\/","title":{"rendered":"Logement : un choc de l&rsquo;offre pr\u00e9vu par le gouvernement cet automne"},"content":{"rendered":"<p>Alors que la baisse annonc\u00e9e de 5 euros mensuels des APL ne finit pas de provoquer des remous, que le gouvernement cherche \u00e0 faire des \u00e9conomies dans tous les secteurs, Jacques M\u00e9zard, ministre de la Coh\u00e9sion des territoires, invit\u00e9 de RTL ce 25 juillet, a donn\u00e9 des informations sur de futures r\u00e9formes de la politique en mati\u00e8re de logement. Batijournal avait d\u00e9j\u00e0 relev\u00e9 des indices de ce changement de politique \u00e0 travers la lecture du <strong><a href=\"https:\/\/batijournal.com\/cour-comptes-remet-question-aides-aux-logements\/96384\" target=\"_blank\" rel=\"noopener noreferrer\">rapport de la Cours des comptes<\/a><\/strong> et le <strong><a href=\"https:\/\/batijournal.com\/premier-ministre-laisse-planer-doute-aides-logement\/96420\" target=\"_blank\" rel=\"noopener noreferrer\">discours du Premier ministre<\/a><\/strong>. Jacques M\u00e9zard indique qu&rsquo;une r\u00e9forme globale des aides au logement va \u00eatre engag\u00e9e, avec des r\u00e9formes structurelles. Un projet de loi logement sera pr\u00e9sent\u00e9 \u00e0 l&rsquo;automne et d\u00e9battu le plus rapidement possible au parlement. L&rsquo;objectif de cette r\u00e9forme sera de permettre de construire plus vite, plus facilement, de simplifier toutes les formalit\u00e9s et de provoquer un choc de l&rsquo;offre. Le dispositif Pinel devrait \u00eatre arr\u00eat\u00e9 progressivement pour \u00e9viter de bloquer les investisseurs ! Le ministre souhaite construire davantage et construire plus. Reste \u00e0 savoir quelles seront les propositions de cet automne dans un contexte de rigueur budg\u00e9taire.<\/p>\n","protected":false},"excerpt":{"rendered":"<p>Alors que la baisse annonc\u00e9e de 5 euros mensuels des APL ne finit pas de provoquer des remous, que le gouvernement cherche \u00e0 faire des \u00e9conomies dans tous les secteurs, Jacques M\u00e9zard, ministre de la Coh\u00e9sion des territoires, invit\u00e9 de RTL ce 25 juillet, a donn\u00e9 des informations sur de futures r\u00e9formes de la politique [&hellip;]<\/p>\n","protected":false},"author":17,"featured_media":95957,"comment_status":"closed","ping_status":"closed","sticky":false,"template":"","format":"standard","meta":{"_et_pb_use_builder":"","_et_pb_old_content":"","_et_gb_content_width":"","footnotes":""},"categories":[10736,10530,6345],"tags":[2020,1189,1693],"class_list":["post-96553","post","type-post","status-publish","format-standard","has-post-thumbnail","hentry","category-a-la-une","category-actualites","category-economie-marches","tag-logement","tag-ptz","tag-tva"],"yoast_head":"<!-- This site is optimized with the Yoast SEO plugin v27.4 - https:\/\/yoast.com\/product\/yoast-seo-wordpress\/ -->\n<title>Logement : un choc de l&#039;offre pr\u00e9vu par le gouvernement cet automne<\/title>\n<meta name=\"robots\" content=\"index, follow, max-snippet:-1, max-image-preview:large, max-video-preview:-1\" \/>\n<link rel=\"canonical\" href=\"https:\/\/batijournal.com\/index.php\/logement-choc-de-loffre-prevu-gouvernement-cet-automne\/96553\/\" \/>\n<meta property=\"og:locale\" content=\"fr_FR\" \/>\n<meta property=\"og:type\" content=\"article\" \/>\n<meta property=\"og:title\" content=\"Logement : un choc de l&#039;offre pr\u00e9vu par le gouvernement cet automne\" \/>\n<meta property=\"og:description\" content=\"Alors que la baisse annonc\u00e9e de 5 euros mensuels des APL ne finit pas de provoquer des remous, que le gouvernement cherche \u00e0 faire des \u00e9conomies dans tous les secteurs, Jacques M\u00e9zard, ministre de la Coh\u00e9sion des territoires, invit\u00e9 de RTL ce 25 juillet, a donn\u00e9 des informations sur de futures r\u00e9formes de la politique [&hellip;]\" \/>\n<meta property=\"og:url\" content=\"https:\/\/batijournal.com\/index.php\/logement-choc-de-loffre-prevu-gouvernement-cet-automne\/96553\/\" \/>\n<meta property=\"og:site_name\" content=\"Batijournal\" \/>\n<meta property=\"article:published_time\" content=\"2017-07-25T10:36:39+00:00\" \/>\n<meta property=\"article:modified_time\" content=\"2019-07-15T10:03:50+00:00\" \/>\n<meta property=\"og:image\" content=\"https:\/\/batijournal.com\/wp-content\/uploads\/2017\/05\/chantier-batiment.jpg\" \/>\n\t<meta property=\"og:image:width\" content=\"1200\" \/>\n\t<meta property=\"og:image:height\" content=\"676\" \/>\n\t<meta property=\"og:image:type\" content=\"image\/jpeg\" \/>\n<meta name=\"author\" content=\"St\u00e9phane Miget\" \/>\n<meta name=\"twitter:card\" content=\"summary_large_image\" \/>\n<meta name=\"twitter:creator\" content=\"@bati_journal\" \/>\n<meta name=\"twitter:site\" content=\"@bati_journal\" \/>\n<meta name=\"twitter:label1\" content=\"\u00c9crit par\" \/>\n\t<meta name=\"twitter:data1\" content=\"St\u00e9phane Miget\" \/>\n\t<meta name=\"twitter:label2\" content=\"Dur\u00e9e de lecture estim\u00e9e\" \/>\n\t<meta name=\"twitter:data2\" content=\"1 minute\" \/>\n<script type=\"application\/ld+json\" class=\"yoast-schema-graph\">{\"@context\":\"https:\\\/\\\/schema.org\",\"@graph\":[{\"@type\":\"Article\",\"@id\":\"https:\\\/\\\/batijournal.com\\\/index.php\\\/logement-choc-de-loffre-prevu-gouvernement-cet-automne\\\/96553\\\/#article\",\"isPartOf\":{\"@id\":\"https:\\\/\\\/batijournal.com\\\/index.php\\\/logement-choc-de-loffre-prevu-gouvernement-cet-automne\\\/96553\\\/\"},\"author\":{\"name\":\"St\u00e9phane Miget\",\"@id\":\"https:\\\/\\\/batijournal.com\\\/#\\\/schema\\\/person\\\/1dc96ec6957aa1ccb25ebe78bb19f100\"},\"headline\":\"Logement : un choc de l&rsquo;offre pr\u00e9vu par le gouvernement cet automne\",\"datePublished\":\"2017-07-25T10:36:39+00:00\",\"dateModified\":\"2019-07-15T10:03:50+00:00\",\"mainEntityOfPage\":{\"@id\":\"https:\\\/\\\/batijournal.com\\\/index.php\\\/logement-choc-de-loffre-prevu-gouvernement-cet-automne\\\/96553\\\/\"},\"wordCount\":210,\"image\":{\"@id\":\"https:\\\/\\\/batijournal.com\\\/index.php\\\/logement-choc-de-loffre-prevu-gouvernement-cet-automne\\\/96553\\\/#primaryimage\"},\"thumbnailUrl\":\"https:\\\/\\\/batijournal.com\\\/wp-content\\\/uploads\\\/2017\\\/05\\\/chantier-batiment.jpg\",\"keywords\":[\"logement\",\"PTZ\",\"tva\"],\"articleSection\":[\"A la Une\",\"Actualit\u00e9s\",\"\u00c9conomie &amp; March\u00e9s\"],\"inLanguage\":\"fr-FR\"},{\"@type\":\"WebPage\",\"@id\":\"https:\\\/\\\/batijournal.com\\\/index.php\\\/logement-choc-de-loffre-prevu-gouvernement-cet-automne\\\/96553\\\/\",\"url\":\"https:\\\/\\\/batijournal.com\\\/index.php\\\/logement-choc-de-loffre-prevu-gouvernement-cet-automne\\\/96553\\\/\",\"name\":\"Logement : un choc de l'offre pr\u00e9vu par le gouvernement cet automne\",\"isPartOf\":{\"@id\":\"https:\\\/\\\/batijournal.com\\\/#website\"},\"primaryImageOfPage\":{\"@id\":\"https:\\\/\\\/batijournal.com\\\/index.php\\\/logement-choc-de-loffre-prevu-gouvernement-cet-automne\\\/96553\\\/#primaryimage\"},\"image\":{\"@id\":\"https:\\\/\\\/batijournal.com\\\/index.php\\\/logement-choc-de-loffre-prevu-gouvernement-cet-automne\\\/96553\\\/#primaryimage\"},\"thumbnailUrl\":\"https:\\\/\\\/batijournal.com\\\/wp-content\\\/uploads\\\/2017\\\/05\\\/chantier-batiment.jpg\",\"datePublished\":\"2017-07-25T10:36:39+00:00\",\"dateModified\":\"2019-07-15T10:03:50+00:00\",\"author\":{\"@id\":\"https:\\\/\\\/batijournal.com\\\/#\\\/schema\\\/person\\\/1dc96ec6957aa1ccb25ebe78bb19f100\"},\"breadcrumb\":{\"@id\":\"https:\\\/\\\/batijournal.com\\\/index.php\\\/logement-choc-de-loffre-prevu-gouvernement-cet-automne\\\/96553\\\/#breadcrumb\"},\"inLanguage\":\"fr-FR\",\"potentialAction\":[{\"@type\":\"ReadAction\",\"target\":[\"https:\\\/\\\/batijournal.com\\\/index.php\\\/logement-choc-de-loffre-prevu-gouvernement-cet-automne\\\/96553\\\/\"]}]},{\"@type\":\"ImageObject\",\"inLanguage\":\"fr-FR\",\"@id\":\"https:\\\/\\\/batijournal.com\\\/index.php\\\/logement-choc-de-loffre-prevu-gouvernement-cet-automne\\\/96553\\\/#primaryimage\",\"url\":\"https:\\\/\\\/batijournal.com\\\/wp-content\\\/uploads\\\/2017\\\/05\\\/chantier-batiment.jpg\",\"contentUrl\":\"https:\\\/\\\/batijournal.com\\\/wp-content\\\/uploads\\\/2017\\\/05\\\/chantier-batiment.jpg\",\"width\":1200,\"height\":676},{\"@type\":\"BreadcrumbList\",\"@id\":\"https:\\\/\\\/batijournal.com\\\/index.php\\\/logement-choc-de-loffre-prevu-gouvernement-cet-automne\\\/96553\\\/#breadcrumb\",\"itemListElement\":[{\"@type\":\"ListItem\",\"position\":1,\"name\":\"Accueil\",\"item\":\"https:\\\/\\\/batijournal.com\\\/\"},{\"@type\":\"ListItem\",\"position\":2,\"name\":\"A la Une\",\"item\":\"https:\\\/\\\/batijournal.com\\\/index.php\\\/category\\\/a-la-une\\\/\"},{\"@type\":\"ListItem\",\"position\":3,\"name\":\"Logement : un choc de l&rsquo;offre pr\u00e9vu par le gouvernement cet automne\"}]},{\"@type\":\"WebSite\",\"@id\":\"https:\\\/\\\/batijournal.com\\\/#website\",\"url\":\"https:\\\/\\\/batijournal.com\\\/\",\"name\":\"Batijournal\",\"description\":\"L&#039;actualit\u00e9 du b\u00e2timent\",\"potentialAction\":[{\"@type\":\"SearchAction\",\"target\":{\"@type\":\"EntryPoint\",\"urlTemplate\":\"https:\\\/\\\/batijournal.com\\\/?s={search_term_string}\"},\"query-input\":{\"@type\":\"PropertyValueSpecification\",\"valueRequired\":true,\"valueName\":\"search_term_string\"}}],\"inLanguage\":\"fr-FR\"},{\"@type\":\"Person\",\"@id\":\"https:\\\/\\\/batijournal.com\\\/#\\\/schema\\\/person\\\/1dc96ec6957aa1ccb25ebe78bb19f100\",\"name\":\"St\u00e9phane Miget\",\"image\":{\"@type\":\"ImageObject\",\"inLanguage\":\"fr-FR\",\"@id\":\"https:\\\/\\\/secure.gravatar.com\\\/avatar\\\/89915563d925342126b8ef0281b93d9d7fc337043e8df017f780908eb9644451?s=96&d=mm&r=g\",\"url\":\"https:\\\/\\\/secure.gravatar.com\\\/avatar\\\/89915563d925342126b8ef0281b93d9d7fc337043e8df017f780908eb9644451?s=96&d=mm&r=g\",\"contentUrl\":\"https:\\\/\\\/secure.gravatar.com\\\/avatar\\\/89915563d925342126b8ef0281b93d9d7fc337043e8df017f780908eb9644451?s=96&d=mm&r=g\",\"caption\":\"St\u00e9phane Miget\"},\"url\":\"https:\\\/\\\/batijournal.com\\\/index.php\\\/author\\\/stephane\\\/\"}]}<\/script>\n<!-- \/ Yoast SEO plugin. -->","yoast_head_json":{"title":"Logement : un choc de l'offre pr\u00e9vu par le gouvernement cet automne","robots":{"index":"index","follow":"follow","max-snippet":"max-snippet:-1","max-image-preview":"max-image-preview:large","max-video-preview":"max-video-preview:-1"},"canonical":"https:\/\/batijournal.com\/index.php\/logement-choc-de-loffre-prevu-gouvernement-cet-automne\/96553\/","og_locale":"fr_FR","og_type":"article","og_title":"Logement : un choc de l'offre pr\u00e9vu par le gouvernement cet automne","og_description":"Alors que la baisse annonc\u00e9e de 5 euros mensuels des APL ne finit pas de provoquer des remous, que le gouvernement cherche \u00e0 faire des \u00e9conomies dans tous les secteurs, Jacques M\u00e9zard, ministre de la Coh\u00e9sion des territoires, invit\u00e9 de RTL ce 25 juillet, a donn\u00e9 des informations sur de futures r\u00e9formes de la politique [&hellip;]","og_url":"https:\/\/batijournal.com\/index.php\/logement-choc-de-loffre-prevu-gouvernement-cet-automne\/96553\/","og_site_name":"Batijournal","article_published_time":"2017-07-25T10:36:39+00:00","article_modified_time":"2019-07-15T10:03:50+00:00","og_image":[{"width":1200,"height":676,"url":"https:\/\/batijournal.com\/wp-content\/uploads\/2017\/05\/chantier-batiment.jpg","type":"image\/jpeg"}],"author":"St\u00e9phane Miget","twitter_card":"summary_large_image","twitter_creator":"@bati_journal","twitter_site":"@bati_journal","twitter_misc":{"\u00c9crit par":"St\u00e9phane Miget","Dur\u00e9e de lecture estim\u00e9e":"1 minute"},"schema":{"@context":"https:\/\/schema.org","@graph":[{"@type":"Article","@id":"https:\/\/batijournal.com\/index.php\/logement-choc-de-loffre-prevu-gouvernement-cet-automne\/96553\/#article","isPartOf":{"@id":"https:\/\/batijournal.com\/index.php\/logement-choc-de-loffre-prevu-gouvernement-cet-automne\/96553\/"},"author":{"name":"St\u00e9phane Miget","@id":"https:\/\/batijournal.com\/#\/schema\/person\/1dc96ec6957aa1ccb25ebe78bb19f100"},"headline":"Logement : un choc de l&rsquo;offre pr\u00e9vu par le gouvernement cet automne","datePublished":"2017-07-25T10:36:39+00:00","dateModified":"2019-07-15T10:03:50+00:00","mainEntityOfPage":{"@id":"https:\/\/batijournal.com\/index.php\/logement-choc-de-loffre-prevu-gouvernement-cet-automne\/96553\/"},"wordCount":210,"image":{"@id":"https:\/\/batijournal.com\/index.php\/logement-choc-de-loffre-prevu-gouvernement-cet-automne\/96553\/#primaryimage"},"thumbnailUrl":"https:\/\/batijournal.com\/wp-content\/uploads\/2017\/05\/chantier-batiment.jpg","keywords":["logement","PTZ","tva"],"articleSection":["A la Une","Actualit\u00e9s","\u00c9conomie &amp; March\u00e9s"],"inLanguage":"fr-FR"},{"@type":"WebPage","@id":"https:\/\/batijournal.com\/index.php\/logement-choc-de-loffre-prevu-gouvernement-cet-automne\/96553\/","url":"https:\/\/batijournal.com\/index.php\/logement-choc-de-loffre-prevu-gouvernement-cet-automne\/96553\/","name":"Logement : un choc de l'offre pr\u00e9vu par le gouvernement cet automne","isPartOf":{"@id":"https:\/\/batijournal.com\/#website"},"primaryImageOfPage":{"@id":"https:\/\/batijournal.com\/index.php\/logement-choc-de-loffre-prevu-gouvernement-cet-automne\/96553\/#primaryimage"},"image":{"@id":"https:\/\/batijournal.com\/index.php\/logement-choc-de-loffre-prevu-gouvernement-cet-automne\/96553\/#primaryimage"},"thumbnailUrl":"https:\/\/batijournal.com\/wp-content\/uploads\/2017\/05\/chantier-batiment.jpg","datePublished":"2017-07-25T10:36:39+00:00","dateModified":"2019-07-15T10:03:50+00:00","author":{"@id":"https:\/\/batijournal.com\/#\/schema\/person\/1dc96ec6957aa1ccb25ebe78bb19f100"},"breadcrumb":{"@id":"https:\/\/batijournal.com\/index.php\/logement-choc-de-loffre-prevu-gouvernement-cet-automne\/96553\/#breadcrumb"},"inLanguage":"fr-FR","potentialAction":[{"@type":"ReadAction","target":["https:\/\/batijournal.com\/index.php\/logement-choc-de-loffre-prevu-gouvernement-cet-automne\/96553\/"]}]},{"@type":"ImageObject","inLanguage":"fr-FR","@id":"https:\/\/batijournal.com\/index.php\/logement-choc-de-loffre-prevu-gouvernement-cet-automne\/96553\/#primaryimage","url":"https:\/\/batijournal.com\/wp-content\/uploads\/2017\/05\/chantier-batiment.jpg","contentUrl":"https:\/\/batijournal.com\/wp-content\/uploads\/2017\/05\/chantier-batiment.jpg","width":1200,"height":676},{"@type":"BreadcrumbList","@id":"https:\/\/batijournal.com\/index.php\/logement-choc-de-loffre-prevu-gouvernement-cet-automne\/96553\/#breadcrumb","itemListElement":[{"@type":"ListItem","position":1,"name":"Accueil","item":"https:\/\/batijournal.com\/"},{"@type":"ListItem","position":2,"name":"A la Une","item":"https:\/\/batijournal.com\/index.php\/category\/a-la-une\/"},{"@type":"ListItem","position":3,"name":"Logement : un choc de l&rsquo;offre pr\u00e9vu par le gouvernement cet automne"}]},{"@type":"WebSite","@id":"https:\/\/batijournal.com\/#website","url":"https:\/\/batijournal.com\/","name":"Batijournal","description":"L&#039;actualit\u00e9 du b\u00e2timent","potentialAction":[{"@type":"SearchAction","target":{"@type":"EntryPoint","urlTemplate":"https:\/\/batijournal.com\/?s={search_term_string}"},"query-input":{"@type":"PropertyValueSpecification","valueRequired":true,"valueName":"search_term_string"}}],"inLanguage":"fr-FR"},{"@type":"Person","@id":"https:\/\/batijournal.com\/#\/schema\/person\/1dc96ec6957aa1ccb25ebe78bb19f100","name":"St\u00e9phane Miget","image":{"@type":"ImageObject","inLanguage":"fr-FR","@id":"https:\/\/secure.gravatar.com\/avatar\/89915563d925342126b8ef0281b93d9d7fc337043e8df017f780908eb9644451?s=96&d=mm&r=g","url":"https:\/\/secure.gravatar.com\/avatar\/89915563d925342126b8ef0281b93d9d7fc337043e8df017f780908eb9644451?s=96&d=mm&r=g","contentUrl":"https:\/\/secure.gravatar.com\/avatar\/89915563d925342126b8ef0281b93d9d7fc337043e8df017f780908eb9644451?s=96&d=mm&r=g","caption":"St\u00e9phane Miget"},"url":"https:\/\/batijournal.com\/index.php\/author\/stephane\/"}]}},"_links":{"self":[{"href":"https:\/\/batijournal.com\/index.php\/wp-json\/wp\/v2\/posts\/96553","targetHints":{"allow":["GET"]}}],"collection":[{"href":"https:\/\/batijournal.com\/index.php\/wp-json\/wp\/v2\/posts"}],"about":[{"href":"https:\/\/batijournal.com\/index.php\/wp-json\/wp\/v2\/types\/post"}],"author":[{"embeddable":true,"href":"https:\/\/batijournal.com\/index.php\/wp-json\/wp\/v2\/users\/17"}],"replies":[{"embeddable":true,"href":"https:\/\/batijournal.com\/index.php\/wp-json\/wp\/v2\/comments?post=96553"}],"version-history":[{"count":0,"href":"https:\/\/batijournal.com\/index.php\/wp-json\/wp\/v2\/posts\/96553\/revisions"}],"wp:featuredmedia":[{"embeddable":true,"href":"https:\/\/batijournal.com\/index.php\/wp-json\/wp\/v2\/media\/95957"}],"wp:attachment":[{"href":"https:\/\/batijournal.com\/index.php\/wp-json\/wp\/v2\/media?parent=96553"}],"wp:term":[{"taxonomy":"category","embeddable":true,"href":"https:\/\/batijournal.com\/index.php\/wp-json\/wp\/v2\/categories?post=96553"},{"taxonomy":"post_tag","embeddable":true,"href":"https:\/\/batijournal.com\/index.php\/wp-json\/wp\/v2\/tags?post=96553"}],"curies":[{"name":"wp","href":"https:\/\/api.w.org\/{rel}","templated":true}]}}