{"id":96576,"date":"2017-07-31T09:06:29","date_gmt":"2017-07-31T07:06:29","guid":{"rendered":"http:\/\/batijournal.com\/?p=96576"},"modified":"2019-07-15T12:02:02","modified_gmt":"2019-07-15T10:02:02","slug":"bonne-conjoncture-granulats-beton-pret-a-lemploi","status":"publish","type":"post","link":"https:\/\/batijournal.com\/index.php\/bonne-conjoncture-granulats-beton-pret-a-lemploi\/96576\/","title":{"rendered":"Bonne conjoncture pour les granulats et le b\u00e9ton pr\u00eat \u00e0 l\u2019emploi"},"content":{"rendered":"<p>Le premier semestre 2017 confirme le mouvement de reprise de l\u2019activit\u00e9 des granulats, avec un rythme enfin plus soutenu pour le BPE. Fin juin, les volumes produits affichaient une progression de + 7,6 % sur un an dans le secteur du b\u00e9ton pr\u00eat \u00e0 l\u2019emploi contre une hausse de + 4,4 % dans celui des granulats. Cette progression des volumes plut\u00f4t encourageante masque toutefois des dynamiques assez distinctes. En effet, comme pour les deux mois pr\u00e9c\u00e9dents, la production de granulats l\u2019an pass\u00e9 (+ 6,7 %) mais peine \u00e0 progresser d\u2019un mois sur l\u2019autre (+ 0,1 % par rapport \u00e0 mai, donn\u00e9es cvs-cjo). Au deuxi\u00e8me trimestre, l\u2019activit\u00e9 granulats est quasi-stable par rapport au trimestre pr\u00e9c\u00e9dent (- 0,3 %) m\u00eame si elle reste sup\u00e9rieure de 6 % \u00e0 celle du deuxi\u00e8me trimestre 2016. Du c\u00f4t\u00e9 du BPE en revanche, les volumes continuent de cro\u00eetre. Ainsi, apr\u00e8s une l\u00e9g\u00e8re progression en juin (+ 0,3 % entre mai et juin et + 11,1 % par rapport \u00e0 juin 2016), les livraisons de BPE ont affich\u00e9 une hausse de + 2,2 % au deuxi\u00e8me trimestre 2017 au regard du trimestre pr\u00e9c\u00e9dent et de + 10 % par rapport \u00e0 il y a un an. Si la reprise s\u2019est bien enclench\u00e9e dans les deux segments, elle manque encore de fermet\u00e9 et de vigueur dans les granulats. L&rsquo;am\u00e9lioration conjoncturelle constat\u00e9e depuis plusieurs trimestres dans le secteur du b\u00e2timent se traduit enfin dans la demande de BPE. Le maintien de la bonne orientation des indicateurs et enqu\u00eates d\u2019opinion sur l\u2019activit\u00e9 \u00e0 venir ainsi que l\u2019augmentation des carnets de commandes dans tous les segments d\u2019activit\u00e9 de la construction plaident pour une consolidation de ces tendances dans le secteur des mat\u00e9riaux pour les mois \u00e0 venir.<\/p>\n<p>Source : UNICEM<\/p>\n<p>&nbsp;<\/p>\n","protected":false},"excerpt":{"rendered":"<p>Le premier semestre 2017 confirme le mouvement de reprise de l\u2019activit\u00e9 des granulats, avec un rythme enfin plus soutenu pour le BPE. Fin juin, les volumes produits affichaient une progression de + 7,6 % sur un an dans le secteur du b\u00e9ton pr\u00eat \u00e0 l\u2019emploi contre une hausse de + 4,4 % dans celui des [&hellip;]<\/p>\n","protected":false},"author":17,"featured_media":89118,"comment_status":"closed","ping_status":"closed","sticky":false,"template":"","format":"standard","meta":{"_et_pb_use_builder":"","_et_pb_old_content":"","_et_gb_content_width":"","footnotes":""},"categories":[10530,6345],"tags":[11893,4840,1338,6669],"class_list":["post-96576","post","type-post","status-publish","format-standard","has-post-thumbnail","hentry","category-actualites","category-economie-marches","tag-bpe","tag-granulats","tag-statistiques","tag-unicem"],"yoast_head":"<!-- This site is optimized with the Yoast SEO plugin v27.4 - https:\/\/yoast.com\/product\/yoast-seo-wordpress\/ -->\n<title>Bonne conjoncture pour les granulats et le b\u00e9ton pr\u00eat \u00e0 l\u2019emploi<\/title>\n<meta name=\"robots\" content=\"index, follow, max-snippet:-1, max-image-preview:large, max-video-preview:-1\" \/>\n<link rel=\"canonical\" href=\"https:\/\/batijournal.com\/index.php\/bonne-conjoncture-granulats-beton-pret-a-lemploi\/96576\/\" \/>\n<meta property=\"og:locale\" content=\"fr_FR\" \/>\n<meta property=\"og:type\" content=\"article\" \/>\n<meta property=\"og:title\" content=\"Bonne conjoncture pour les granulats et le b\u00e9ton pr\u00eat \u00e0 l\u2019emploi\" \/>\n<meta property=\"og:description\" content=\"Le premier semestre 2017 confirme le mouvement de reprise de l\u2019activit\u00e9 des granulats, avec un rythme enfin plus soutenu pour le BPE. Fin juin, les volumes produits affichaient une progression de + 7,6 % sur un an dans le secteur du b\u00e9ton pr\u00eat \u00e0 l\u2019emploi contre une hausse de + 4,4 % dans celui des [&hellip;]\" \/>\n<meta property=\"og:url\" content=\"https:\/\/batijournal.com\/index.php\/bonne-conjoncture-granulats-beton-pret-a-lemploi\/96576\/\" \/>\n<meta property=\"og:site_name\" content=\"Batijournal\" \/>\n<meta property=\"article:published_time\" content=\"2017-07-31T07:06:29+00:00\" \/>\n<meta property=\"article:modified_time\" content=\"2019-07-15T10:02:02+00:00\" \/>\n<meta property=\"og:image\" content=\"https:\/\/batijournal.com\/wp-content\/uploads\/2015\/09\/materiaux-de-construction.jpg\" \/>\n\t<meta property=\"og:image:width\" content=\"961\" \/>\n\t<meta property=\"og:image:height\" content=\"1024\" \/>\n\t<meta property=\"og:image:type\" content=\"image\/jpeg\" \/>\n<meta name=\"author\" content=\"St\u00e9phane Miget\" \/>\n<meta name=\"twitter:card\" content=\"summary_large_image\" \/>\n<meta name=\"twitter:creator\" content=\"@bati_journal\" \/>\n<meta name=\"twitter:site\" content=\"@bati_journal\" \/>\n<meta name=\"twitter:label1\" content=\"\u00c9crit par\" \/>\n\t<meta name=\"twitter:data1\" content=\"St\u00e9phane Miget\" \/>\n\t<meta name=\"twitter:label2\" content=\"Dur\u00e9e de lecture estim\u00e9e\" \/>\n\t<meta name=\"twitter:data2\" content=\"1 minute\" \/>\n<script type=\"application\/ld+json\" class=\"yoast-schema-graph\">{\"@context\":\"https:\\\/\\\/schema.org\",\"@graph\":[{\"@type\":\"Article\",\"@id\":\"https:\\\/\\\/batijournal.com\\\/index.php\\\/bonne-conjoncture-granulats-beton-pret-a-lemploi\\\/96576\\\/#article\",\"isPartOf\":{\"@id\":\"https:\\\/\\\/batijournal.com\\\/index.php\\\/bonne-conjoncture-granulats-beton-pret-a-lemploi\\\/96576\\\/\"},\"author\":{\"name\":\"St\u00e9phane Miget\",\"@id\":\"https:\\\/\\\/batijournal.com\\\/#\\\/schema\\\/person\\\/1dc96ec6957aa1ccb25ebe78bb19f100\"},\"headline\":\"Bonne conjoncture pour les granulats et le b\u00e9ton pr\u00eat \u00e0 l\u2019emploi\",\"datePublished\":\"2017-07-31T07:06:29+00:00\",\"dateModified\":\"2019-07-15T10:02:02+00:00\",\"mainEntityOfPage\":{\"@id\":\"https:\\\/\\\/batijournal.com\\\/index.php\\\/bonne-conjoncture-granulats-beton-pret-a-lemploi\\\/96576\\\/\"},\"wordCount\":300,\"image\":{\"@id\":\"https:\\\/\\\/batijournal.com\\\/index.php\\\/bonne-conjoncture-granulats-beton-pret-a-lemploi\\\/96576\\\/#primaryimage\"},\"thumbnailUrl\":\"https:\\\/\\\/batijournal.com\\\/wp-content\\\/uploads\\\/2015\\\/09\\\/materiaux-de-construction.jpg\",\"keywords\":[\"BPE\",\"granulats\",\"statistiques\",\"unicem\"],\"articleSection\":[\"Actualit\u00e9s\",\"\u00c9conomie &amp; March\u00e9s\"],\"inLanguage\":\"fr-FR\"},{\"@type\":\"WebPage\",\"@id\":\"https:\\\/\\\/batijournal.com\\\/index.php\\\/bonne-conjoncture-granulats-beton-pret-a-lemploi\\\/96576\\\/\",\"url\":\"https:\\\/\\\/batijournal.com\\\/index.php\\\/bonne-conjoncture-granulats-beton-pret-a-lemploi\\\/96576\\\/\",\"name\":\"Bonne conjoncture pour les granulats et le b\u00e9ton pr\u00eat \u00e0 l\u2019emploi\",\"isPartOf\":{\"@id\":\"https:\\\/\\\/batijournal.com\\\/#website\"},\"primaryImageOfPage\":{\"@id\":\"https:\\\/\\\/batijournal.com\\\/index.php\\\/bonne-conjoncture-granulats-beton-pret-a-lemploi\\\/96576\\\/#primaryimage\"},\"image\":{\"@id\":\"https:\\\/\\\/batijournal.com\\\/index.php\\\/bonne-conjoncture-granulats-beton-pret-a-lemploi\\\/96576\\\/#primaryimage\"},\"thumbnailUrl\":\"https:\\\/\\\/batijournal.com\\\/wp-content\\\/uploads\\\/2015\\\/09\\\/materiaux-de-construction.jpg\",\"datePublished\":\"2017-07-31T07:06:29+00:00\",\"dateModified\":\"2019-07-15T10:02:02+00:00\",\"author\":{\"@id\":\"https:\\\/\\\/batijournal.com\\\/#\\\/schema\\\/person\\\/1dc96ec6957aa1ccb25ebe78bb19f100\"},\"breadcrumb\":{\"@id\":\"https:\\\/\\\/batijournal.com\\\/index.php\\\/bonne-conjoncture-granulats-beton-pret-a-lemploi\\\/96576\\\/#breadcrumb\"},\"inLanguage\":\"fr-FR\",\"potentialAction\":[{\"@type\":\"ReadAction\",\"target\":[\"https:\\\/\\\/batijournal.com\\\/index.php\\\/bonne-conjoncture-granulats-beton-pret-a-lemploi\\\/96576\\\/\"]}]},{\"@type\":\"ImageObject\",\"inLanguage\":\"fr-FR\",\"@id\":\"https:\\\/\\\/batijournal.com\\\/index.php\\\/bonne-conjoncture-granulats-beton-pret-a-lemploi\\\/96576\\\/#primaryimage\",\"url\":\"https:\\\/\\\/batijournal.com\\\/wp-content\\\/uploads\\\/2015\\\/09\\\/materiaux-de-construction.jpg\",\"contentUrl\":\"https:\\\/\\\/batijournal.com\\\/wp-content\\\/uploads\\\/2015\\\/09\\\/materiaux-de-construction.jpg\",\"width\":961,\"height\":1024},{\"@type\":\"BreadcrumbList\",\"@id\":\"https:\\\/\\\/batijournal.com\\\/index.php\\\/bonne-conjoncture-granulats-beton-pret-a-lemploi\\\/96576\\\/#breadcrumb\",\"itemListElement\":[{\"@type\":\"ListItem\",\"position\":1,\"name\":\"Accueil\",\"item\":\"https:\\\/\\\/batijournal.com\\\/\"},{\"@type\":\"ListItem\",\"position\":2,\"name\":\"Actualit\u00e9s\",\"item\":\"https:\\\/\\\/batijournal.com\\\/index.php\\\/category\\\/actualites\\\/\"},{\"@type\":\"ListItem\",\"position\":3,\"name\":\"Bonne conjoncture pour les granulats et le b\u00e9ton pr\u00eat \u00e0 l\u2019emploi\"}]},{\"@type\":\"WebSite\",\"@id\":\"https:\\\/\\\/batijournal.com\\\/#website\",\"url\":\"https:\\\/\\\/batijournal.com\\\/\",\"name\":\"Batijournal\",\"description\":\"L&#039;actualit\u00e9 du b\u00e2timent\",\"potentialAction\":[{\"@type\":\"SearchAction\",\"target\":{\"@type\":\"EntryPoint\",\"urlTemplate\":\"https:\\\/\\\/batijournal.com\\\/?s={search_term_string}\"},\"query-input\":{\"@type\":\"PropertyValueSpecification\",\"valueRequired\":true,\"valueName\":\"search_term_string\"}}],\"inLanguage\":\"fr-FR\"},{\"@type\":\"Person\",\"@id\":\"https:\\\/\\\/batijournal.com\\\/#\\\/schema\\\/person\\\/1dc96ec6957aa1ccb25ebe78bb19f100\",\"name\":\"St\u00e9phane Miget\",\"image\":{\"@type\":\"ImageObject\",\"inLanguage\":\"fr-FR\",\"@id\":\"https:\\\/\\\/secure.gravatar.com\\\/avatar\\\/89915563d925342126b8ef0281b93d9d7fc337043e8df017f780908eb9644451?s=96&d=mm&r=g\",\"url\":\"https:\\\/\\\/secure.gravatar.com\\\/avatar\\\/89915563d925342126b8ef0281b93d9d7fc337043e8df017f780908eb9644451?s=96&d=mm&r=g\",\"contentUrl\":\"https:\\\/\\\/secure.gravatar.com\\\/avatar\\\/89915563d925342126b8ef0281b93d9d7fc337043e8df017f780908eb9644451?s=96&d=mm&r=g\",\"caption\":\"St\u00e9phane Miget\"},\"url\":\"https:\\\/\\\/batijournal.com\\\/index.php\\\/author\\\/stephane\\\/\"}]}<\/script>\n<!-- \/ Yoast SEO plugin. -->","yoast_head_json":{"title":"Bonne conjoncture pour les granulats et le b\u00e9ton pr\u00eat \u00e0 l\u2019emploi","robots":{"index":"index","follow":"follow","max-snippet":"max-snippet:-1","max-image-preview":"max-image-preview:large","max-video-preview":"max-video-preview:-1"},"canonical":"https:\/\/batijournal.com\/index.php\/bonne-conjoncture-granulats-beton-pret-a-lemploi\/96576\/","og_locale":"fr_FR","og_type":"article","og_title":"Bonne conjoncture pour les granulats et le b\u00e9ton pr\u00eat \u00e0 l\u2019emploi","og_description":"Le premier semestre 2017 confirme le mouvement de reprise de l\u2019activit\u00e9 des granulats, avec un rythme enfin plus soutenu pour le BPE. Fin juin, les volumes produits affichaient une progression de + 7,6 % sur un an dans le secteur du b\u00e9ton pr\u00eat \u00e0 l\u2019emploi contre une hausse de + 4,4 % dans celui des [&hellip;]","og_url":"https:\/\/batijournal.com\/index.php\/bonne-conjoncture-granulats-beton-pret-a-lemploi\/96576\/","og_site_name":"Batijournal","article_published_time":"2017-07-31T07:06:29+00:00","article_modified_time":"2019-07-15T10:02:02+00:00","og_image":[{"width":961,"height":1024,"url":"https:\/\/batijournal.com\/wp-content\/uploads\/2015\/09\/materiaux-de-construction.jpg","type":"image\/jpeg"}],"author":"St\u00e9phane Miget","twitter_card":"summary_large_image","twitter_creator":"@bati_journal","twitter_site":"@bati_journal","twitter_misc":{"\u00c9crit par":"St\u00e9phane Miget","Dur\u00e9e de lecture estim\u00e9e":"1 minute"},"schema":{"@context":"https:\/\/schema.org","@graph":[{"@type":"Article","@id":"https:\/\/batijournal.com\/index.php\/bonne-conjoncture-granulats-beton-pret-a-lemploi\/96576\/#article","isPartOf":{"@id":"https:\/\/batijournal.com\/index.php\/bonne-conjoncture-granulats-beton-pret-a-lemploi\/96576\/"},"author":{"name":"St\u00e9phane Miget","@id":"https:\/\/batijournal.com\/#\/schema\/person\/1dc96ec6957aa1ccb25ebe78bb19f100"},"headline":"Bonne conjoncture pour les granulats et le b\u00e9ton pr\u00eat \u00e0 l\u2019emploi","datePublished":"2017-07-31T07:06:29+00:00","dateModified":"2019-07-15T10:02:02+00:00","mainEntityOfPage":{"@id":"https:\/\/batijournal.com\/index.php\/bonne-conjoncture-granulats-beton-pret-a-lemploi\/96576\/"},"wordCount":300,"image":{"@id":"https:\/\/batijournal.com\/index.php\/bonne-conjoncture-granulats-beton-pret-a-lemploi\/96576\/#primaryimage"},"thumbnailUrl":"https:\/\/batijournal.com\/wp-content\/uploads\/2015\/09\/materiaux-de-construction.jpg","keywords":["BPE","granulats","statistiques","unicem"],"articleSection":["Actualit\u00e9s","\u00c9conomie &amp; March\u00e9s"],"inLanguage":"fr-FR"},{"@type":"WebPage","@id":"https:\/\/batijournal.com\/index.php\/bonne-conjoncture-granulats-beton-pret-a-lemploi\/96576\/","url":"https:\/\/batijournal.com\/index.php\/bonne-conjoncture-granulats-beton-pret-a-lemploi\/96576\/","name":"Bonne conjoncture pour les granulats et le b\u00e9ton pr\u00eat \u00e0 l\u2019emploi","isPartOf":{"@id":"https:\/\/batijournal.com\/#website"},"primaryImageOfPage":{"@id":"https:\/\/batijournal.com\/index.php\/bonne-conjoncture-granulats-beton-pret-a-lemploi\/96576\/#primaryimage"},"image":{"@id":"https:\/\/batijournal.com\/index.php\/bonne-conjoncture-granulats-beton-pret-a-lemploi\/96576\/#primaryimage"},"thumbnailUrl":"https:\/\/batijournal.com\/wp-content\/uploads\/2015\/09\/materiaux-de-construction.jpg","datePublished":"2017-07-31T07:06:29+00:00","dateModified":"2019-07-15T10:02:02+00:00","author":{"@id":"https:\/\/batijournal.com\/#\/schema\/person\/1dc96ec6957aa1ccb25ebe78bb19f100"},"breadcrumb":{"@id":"https:\/\/batijournal.com\/index.php\/bonne-conjoncture-granulats-beton-pret-a-lemploi\/96576\/#breadcrumb"},"inLanguage":"fr-FR","potentialAction":[{"@type":"ReadAction","target":["https:\/\/batijournal.com\/index.php\/bonne-conjoncture-granulats-beton-pret-a-lemploi\/96576\/"]}]},{"@type":"ImageObject","inLanguage":"fr-FR","@id":"https:\/\/batijournal.com\/index.php\/bonne-conjoncture-granulats-beton-pret-a-lemploi\/96576\/#primaryimage","url":"https:\/\/batijournal.com\/wp-content\/uploads\/2015\/09\/materiaux-de-construction.jpg","contentUrl":"https:\/\/batijournal.com\/wp-content\/uploads\/2015\/09\/materiaux-de-construction.jpg","width":961,"height":1024},{"@type":"BreadcrumbList","@id":"https:\/\/batijournal.com\/index.php\/bonne-conjoncture-granulats-beton-pret-a-lemploi\/96576\/#breadcrumb","itemListElement":[{"@type":"ListItem","position":1,"name":"Accueil","item":"https:\/\/batijournal.com\/"},{"@type":"ListItem","position":2,"name":"Actualit\u00e9s","item":"https:\/\/batijournal.com\/index.php\/category\/actualites\/"},{"@type":"ListItem","position":3,"name":"Bonne conjoncture pour les granulats et le b\u00e9ton pr\u00eat \u00e0 l\u2019emploi"}]},{"@type":"WebSite","@id":"https:\/\/batijournal.com\/#website","url":"https:\/\/batijournal.com\/","name":"Batijournal","description":"L&#039;actualit\u00e9 du b\u00e2timent","potentialAction":[{"@type":"SearchAction","target":{"@type":"EntryPoint","urlTemplate":"https:\/\/batijournal.com\/?s={search_term_string}"},"query-input":{"@type":"PropertyValueSpecification","valueRequired":true,"valueName":"search_term_string"}}],"inLanguage":"fr-FR"},{"@type":"Person","@id":"https:\/\/batijournal.com\/#\/schema\/person\/1dc96ec6957aa1ccb25ebe78bb19f100","name":"St\u00e9phane Miget","image":{"@type":"ImageObject","inLanguage":"fr-FR","@id":"https:\/\/secure.gravatar.com\/avatar\/89915563d925342126b8ef0281b93d9d7fc337043e8df017f780908eb9644451?s=96&d=mm&r=g","url":"https:\/\/secure.gravatar.com\/avatar\/89915563d925342126b8ef0281b93d9d7fc337043e8df017f780908eb9644451?s=96&d=mm&r=g","contentUrl":"https:\/\/secure.gravatar.com\/avatar\/89915563d925342126b8ef0281b93d9d7fc337043e8df017f780908eb9644451?s=96&d=mm&r=g","caption":"St\u00e9phane Miget"},"url":"https:\/\/batijournal.com\/index.php\/author\/stephane\/"}]}},"_links":{"self":[{"href":"https:\/\/batijournal.com\/index.php\/wp-json\/wp\/v2\/posts\/96576","targetHints":{"allow":["GET"]}}],"collection":[{"href":"https:\/\/batijournal.com\/index.php\/wp-json\/wp\/v2\/posts"}],"about":[{"href":"https:\/\/batijournal.com\/index.php\/wp-json\/wp\/v2\/types\/post"}],"author":[{"embeddable":true,"href":"https:\/\/batijournal.com\/index.php\/wp-json\/wp\/v2\/users\/17"}],"replies":[{"embeddable":true,"href":"https:\/\/batijournal.com\/index.php\/wp-json\/wp\/v2\/comments?post=96576"}],"version-history":[{"count":0,"href":"https:\/\/batijournal.com\/index.php\/wp-json\/wp\/v2\/posts\/96576\/revisions"}],"wp:featuredmedia":[{"embeddable":true,"href":"https:\/\/batijournal.com\/index.php\/wp-json\/wp\/v2\/media\/89118"}],"wp:attachment":[{"href":"https:\/\/batijournal.com\/index.php\/wp-json\/wp\/v2\/media?parent=96576"}],"wp:term":[{"taxonomy":"category","embeddable":true,"href":"https:\/\/batijournal.com\/index.php\/wp-json\/wp\/v2\/categories?post=96576"},{"taxonomy":"post_tag","embeddable":true,"href":"https:\/\/batijournal.com\/index.php\/wp-json\/wp\/v2\/tags?post=96576"}],"curies":[{"name":"wp","href":"https:\/\/api.w.org\/{rel}","templated":true}]}}