{"id":96589,"date":"2017-08-07T05:46:48","date_gmt":"2017-08-07T03:46:48","guid":{"rendered":"http:\/\/batijournal.com\/?p=96589"},"modified":"2019-07-15T12:22:00","modified_gmt":"2019-07-15T10:22:00","slug":"77-nouveaux-laureats-installations-photovoltaiques-sol-de-grande-puissance","status":"publish","type":"post","link":"https:\/\/batijournal.com\/index.php\/77-nouveaux-laureats-installations-photovoltaiques-sol-de-grande-puissance\/96589\/","title":{"rendered":"77 nouveaux laur\u00e9ats pour les installations photovolta\u00efques au sol de grande puissance"},"content":{"rendered":"<p>Nicolas Hulot a d\u00e9sign\u00e9 77 nouveaux laur\u00e9ats pour d\u00e9velopper des installations photovolta\u00efques au sol de grande puissance, pour un volume de 500 MW. Lanc\u00e9 en 2016 pour un volume total de 3 000 MW, l\u2019appel d\u2019offres pour installations solaires de grande puissance comporte 6 p\u00e9riodes de candidature r\u00e9parties en 3 ans. Les projets laur\u00e9ats de cette seconde p\u00e9riode valoriseront l\u2019\u00e9lectricit\u00e9 produite \u00e0 un prix historiquement bas, symbole de la comp\u00e9titivit\u00e9 de la fili\u00e8re solaire : le prix moyen propos\u00e9 par les laur\u00e9ats est de 55,5 \u20ac\/MWh pour les installations de plus grande puissance (entre 5 et 17 MWc) et de 63,9 \u20ac\/MWh pour l\u2019ensemble des projets.<\/p>\n<p>Parmi ces laur\u00e9ats, 82% se sont engag\u00e9s \u00e0 l\u2019investissement participatif et verront leur prime major\u00e9e de 3 \u20ac\/MWh. Ce niveau d\u2019engagement, reflet de la volont\u00e9 des citoyens et collectivit\u00e9s de s\u2019approprier la production \u00e9nerg\u00e9tique, est \u00e9galement en hausse par rapport \u00e0 la premi\u00e8re p\u00e9riode de cet appel d\u2019offres. Par ailleurs, pr\u00e8s de la moiti\u00e9 des projets seront implant\u00e9s sur des terrains d\u00e9grad\u00e9s (friches industrielles, d\u00e9charges, anciennes carri\u00e8res) et permettront ainsi de valoriser un foncier d\u00e9laiss\u00e9.<\/p>\n<p><a href=\"http:\/\/www.ecologique-solidaire.gouv.fr\/solaire\" target=\"_blank\" rel=\"noopener noreferrer\">http:\/\/www.ecologique-solidaire.gouv.fr\/solaire<\/a><\/p>\n<p>&nbsp;<\/p>\n<p>&nbsp;<\/p>\n","protected":false},"excerpt":{"rendered":"<p>Nicolas Hulot a d\u00e9sign\u00e9 77 nouveaux laur\u00e9ats pour d\u00e9velopper des installations photovolta\u00efques au sol de grande puissance, pour un volume de 500 MW. Lanc\u00e9 en 2016 pour un volume total de 3 000 MW, l\u2019appel d\u2019offres pour installations solaires de grande puissance comporte 6 p\u00e9riodes de candidature r\u00e9parties en 3 ans. Les projets laur\u00e9ats de [&hellip;]<\/p>\n","protected":false},"author":17,"featured_media":91814,"comment_status":"closed","ping_status":"closed","sticky":false,"template":"","format":"standard","meta":{"_et_pb_use_builder":"","_et_pb_old_content":"","_et_gb_content_width":"","footnotes":""},"categories":[10530,6351],"tags":[10733],"class_list":["post-96589","post","type-post","status-publish","format-standard","has-post-thumbnail","hentry","category-actualites","category-energie-environnement","tag-electricite-photovoltaique"],"yoast_head":"<!-- This site is optimized with the Yoast SEO plugin v27.4 - https:\/\/yoast.com\/product\/yoast-seo-wordpress\/ -->\n<title>77 nouveaux laur\u00e9ats pour les installations photovolta\u00efques au sol de grande puissance<\/title>\n<meta name=\"robots\" content=\"index, follow, max-snippet:-1, max-image-preview:large, max-video-preview:-1\" \/>\n<link rel=\"canonical\" href=\"https:\/\/batijournal.com\/index.php\/77-nouveaux-laureats-installations-photovoltaiques-sol-de-grande-puissance\/96589\/\" \/>\n<meta property=\"og:locale\" content=\"fr_FR\" \/>\n<meta property=\"og:type\" content=\"article\" \/>\n<meta property=\"og:title\" content=\"77 nouveaux laur\u00e9ats pour les installations photovolta\u00efques au sol de grande puissance\" \/>\n<meta property=\"og:description\" content=\"Nicolas Hulot a d\u00e9sign\u00e9 77 nouveaux laur\u00e9ats pour d\u00e9velopper des installations photovolta\u00efques au sol de grande puissance, pour un volume de 500 MW. Lanc\u00e9 en 2016 pour un volume total de 3 000 MW, l\u2019appel d\u2019offres pour installations solaires de grande puissance comporte 6 p\u00e9riodes de candidature r\u00e9parties en 3 ans. Les projets laur\u00e9ats de [&hellip;]\" \/>\n<meta property=\"og:url\" content=\"https:\/\/batijournal.com\/index.php\/77-nouveaux-laureats-installations-photovoltaiques-sol-de-grande-puissance\/96589\/\" \/>\n<meta property=\"og:site_name\" content=\"Batijournal\" \/>\n<meta property=\"article:published_time\" content=\"2017-08-07T03:46:48+00:00\" \/>\n<meta property=\"article:modified_time\" content=\"2019-07-15T10:22:00+00:00\" \/>\n<meta property=\"og:image\" content=\"https:\/\/batijournal.com\/wp-content\/uploads\/2016\/03\/installations-photovoltaiques-de-moyenne-puissance.jpg\" \/>\n\t<meta property=\"og:image:width\" content=\"800\" \/>\n\t<meta property=\"og:image:height\" content=\"600\" \/>\n\t<meta property=\"og:image:type\" content=\"image\/jpeg\" \/>\n<meta name=\"author\" content=\"St\u00e9phane Miget\" \/>\n<meta name=\"twitter:card\" content=\"summary_large_image\" \/>\n<meta name=\"twitter:creator\" content=\"@bati_journal\" \/>\n<meta name=\"twitter:site\" content=\"@bati_journal\" \/>\n<meta name=\"twitter:label1\" content=\"\u00c9crit par\" \/>\n\t<meta name=\"twitter:data1\" content=\"St\u00e9phane Miget\" \/>\n\t<meta name=\"twitter:label2\" content=\"Dur\u00e9e de lecture estim\u00e9e\" \/>\n\t<meta name=\"twitter:data2\" content=\"1 minute\" \/>\n<script type=\"application\/ld+json\" class=\"yoast-schema-graph\">{\"@context\":\"https:\\\/\\\/schema.org\",\"@graph\":[{\"@type\":\"Article\",\"@id\":\"https:\\\/\\\/batijournal.com\\\/index.php\\\/77-nouveaux-laureats-installations-photovoltaiques-sol-de-grande-puissance\\\/96589\\\/#article\",\"isPartOf\":{\"@id\":\"https:\\\/\\\/batijournal.com\\\/index.php\\\/77-nouveaux-laureats-installations-photovoltaiques-sol-de-grande-puissance\\\/96589\\\/\"},\"author\":{\"name\":\"St\u00e9phane Miget\",\"@id\":\"https:\\\/\\\/batijournal.com\\\/#\\\/schema\\\/person\\\/1dc96ec6957aa1ccb25ebe78bb19f100\"},\"headline\":\"77 nouveaux laur\u00e9ats pour les installations photovolta\u00efques au sol de grande puissance\",\"datePublished\":\"2017-08-07T03:46:48+00:00\",\"dateModified\":\"2019-07-15T10:22:00+00:00\",\"mainEntityOfPage\":{\"@id\":\"https:\\\/\\\/batijournal.com\\\/index.php\\\/77-nouveaux-laureats-installations-photovoltaiques-sol-de-grande-puissance\\\/96589\\\/\"},\"wordCount\":218,\"image\":{\"@id\":\"https:\\\/\\\/batijournal.com\\\/index.php\\\/77-nouveaux-laureats-installations-photovoltaiques-sol-de-grande-puissance\\\/96589\\\/#primaryimage\"},\"thumbnailUrl\":\"https:\\\/\\\/batijournal.com\\\/wp-content\\\/uploads\\\/2016\\\/03\\\/installations-photovoltaiques-de-moyenne-puissance.jpg\",\"keywords\":[\"\u00e9lectricit\u00e9 photovolta\u00efque\"],\"articleSection\":[\"Actualit\u00e9s\",\"\u00c9nergie &amp; Environnement\"],\"inLanguage\":\"fr-FR\"},{\"@type\":\"WebPage\",\"@id\":\"https:\\\/\\\/batijournal.com\\\/index.php\\\/77-nouveaux-laureats-installations-photovoltaiques-sol-de-grande-puissance\\\/96589\\\/\",\"url\":\"https:\\\/\\\/batijournal.com\\\/index.php\\\/77-nouveaux-laureats-installations-photovoltaiques-sol-de-grande-puissance\\\/96589\\\/\",\"name\":\"77 nouveaux laur\u00e9ats pour les installations photovolta\u00efques au sol de grande puissance\",\"isPartOf\":{\"@id\":\"https:\\\/\\\/batijournal.com\\\/#website\"},\"primaryImageOfPage\":{\"@id\":\"https:\\\/\\\/batijournal.com\\\/index.php\\\/77-nouveaux-laureats-installations-photovoltaiques-sol-de-grande-puissance\\\/96589\\\/#primaryimage\"},\"image\":{\"@id\":\"https:\\\/\\\/batijournal.com\\\/index.php\\\/77-nouveaux-laureats-installations-photovoltaiques-sol-de-grande-puissance\\\/96589\\\/#primaryimage\"},\"thumbnailUrl\":\"https:\\\/\\\/batijournal.com\\\/wp-content\\\/uploads\\\/2016\\\/03\\\/installations-photovoltaiques-de-moyenne-puissance.jpg\",\"datePublished\":\"2017-08-07T03:46:48+00:00\",\"dateModified\":\"2019-07-15T10:22:00+00:00\",\"author\":{\"@id\":\"https:\\\/\\\/batijournal.com\\\/#\\\/schema\\\/person\\\/1dc96ec6957aa1ccb25ebe78bb19f100\"},\"breadcrumb\":{\"@id\":\"https:\\\/\\\/batijournal.com\\\/index.php\\\/77-nouveaux-laureats-installations-photovoltaiques-sol-de-grande-puissance\\\/96589\\\/#breadcrumb\"},\"inLanguage\":\"fr-FR\",\"potentialAction\":[{\"@type\":\"ReadAction\",\"target\":[\"https:\\\/\\\/batijournal.com\\\/index.php\\\/77-nouveaux-laureats-installations-photovoltaiques-sol-de-grande-puissance\\\/96589\\\/\"]}]},{\"@type\":\"ImageObject\",\"inLanguage\":\"fr-FR\",\"@id\":\"https:\\\/\\\/batijournal.com\\\/index.php\\\/77-nouveaux-laureats-installations-photovoltaiques-sol-de-grande-puissance\\\/96589\\\/#primaryimage\",\"url\":\"https:\\\/\\\/batijournal.com\\\/wp-content\\\/uploads\\\/2016\\\/03\\\/installations-photovoltaiques-de-moyenne-puissance.jpg\",\"contentUrl\":\"https:\\\/\\\/batijournal.com\\\/wp-content\\\/uploads\\\/2016\\\/03\\\/installations-photovoltaiques-de-moyenne-puissance.jpg\",\"width\":800,\"height\":600},{\"@type\":\"BreadcrumbList\",\"@id\":\"https:\\\/\\\/batijournal.com\\\/index.php\\\/77-nouveaux-laureats-installations-photovoltaiques-sol-de-grande-puissance\\\/96589\\\/#breadcrumb\",\"itemListElement\":[{\"@type\":\"ListItem\",\"position\":1,\"name\":\"Accueil\",\"item\":\"https:\\\/\\\/batijournal.com\\\/\"},{\"@type\":\"ListItem\",\"position\":2,\"name\":\"Actualit\u00e9s\",\"item\":\"https:\\\/\\\/batijournal.com\\\/index.php\\\/category\\\/actualites\\\/\"},{\"@type\":\"ListItem\",\"position\":3,\"name\":\"77 nouveaux laur\u00e9ats pour les installations photovolta\u00efques au sol de grande puissance\"}]},{\"@type\":\"WebSite\",\"@id\":\"https:\\\/\\\/batijournal.com\\\/#website\",\"url\":\"https:\\\/\\\/batijournal.com\\\/\",\"name\":\"Batijournal\",\"description\":\"L&#039;actualit\u00e9 du b\u00e2timent\",\"potentialAction\":[{\"@type\":\"SearchAction\",\"target\":{\"@type\":\"EntryPoint\",\"urlTemplate\":\"https:\\\/\\\/batijournal.com\\\/?s={search_term_string}\"},\"query-input\":{\"@type\":\"PropertyValueSpecification\",\"valueRequired\":true,\"valueName\":\"search_term_string\"}}],\"inLanguage\":\"fr-FR\"},{\"@type\":\"Person\",\"@id\":\"https:\\\/\\\/batijournal.com\\\/#\\\/schema\\\/person\\\/1dc96ec6957aa1ccb25ebe78bb19f100\",\"name\":\"St\u00e9phane Miget\",\"image\":{\"@type\":\"ImageObject\",\"inLanguage\":\"fr-FR\",\"@id\":\"https:\\\/\\\/secure.gravatar.com\\\/avatar\\\/89915563d925342126b8ef0281b93d9d7fc337043e8df017f780908eb9644451?s=96&d=mm&r=g\",\"url\":\"https:\\\/\\\/secure.gravatar.com\\\/avatar\\\/89915563d925342126b8ef0281b93d9d7fc337043e8df017f780908eb9644451?s=96&d=mm&r=g\",\"contentUrl\":\"https:\\\/\\\/secure.gravatar.com\\\/avatar\\\/89915563d925342126b8ef0281b93d9d7fc337043e8df017f780908eb9644451?s=96&d=mm&r=g\",\"caption\":\"St\u00e9phane Miget\"},\"url\":\"https:\\\/\\\/batijournal.com\\\/index.php\\\/author\\\/stephane\\\/\"}]}<\/script>\n<!-- \/ Yoast SEO plugin. -->","yoast_head_json":{"title":"77 nouveaux laur\u00e9ats pour les installations photovolta\u00efques au sol de grande puissance","robots":{"index":"index","follow":"follow","max-snippet":"max-snippet:-1","max-image-preview":"max-image-preview:large","max-video-preview":"max-video-preview:-1"},"canonical":"https:\/\/batijournal.com\/index.php\/77-nouveaux-laureats-installations-photovoltaiques-sol-de-grande-puissance\/96589\/","og_locale":"fr_FR","og_type":"article","og_title":"77 nouveaux laur\u00e9ats pour les installations photovolta\u00efques au sol de grande puissance","og_description":"Nicolas Hulot a d\u00e9sign\u00e9 77 nouveaux laur\u00e9ats pour d\u00e9velopper des installations photovolta\u00efques au sol de grande puissance, pour un volume de 500 MW. Lanc\u00e9 en 2016 pour un volume total de 3 000 MW, l\u2019appel d\u2019offres pour installations solaires de grande puissance comporte 6 p\u00e9riodes de candidature r\u00e9parties en 3 ans. Les projets laur\u00e9ats de [&hellip;]","og_url":"https:\/\/batijournal.com\/index.php\/77-nouveaux-laureats-installations-photovoltaiques-sol-de-grande-puissance\/96589\/","og_site_name":"Batijournal","article_published_time":"2017-08-07T03:46:48+00:00","article_modified_time":"2019-07-15T10:22:00+00:00","og_image":[{"width":800,"height":600,"url":"https:\/\/batijournal.com\/wp-content\/uploads\/2016\/03\/installations-photovoltaiques-de-moyenne-puissance.jpg","type":"image\/jpeg"}],"author":"St\u00e9phane Miget","twitter_card":"summary_large_image","twitter_creator":"@bati_journal","twitter_site":"@bati_journal","twitter_misc":{"\u00c9crit par":"St\u00e9phane Miget","Dur\u00e9e de lecture estim\u00e9e":"1 minute"},"schema":{"@context":"https:\/\/schema.org","@graph":[{"@type":"Article","@id":"https:\/\/batijournal.com\/index.php\/77-nouveaux-laureats-installations-photovoltaiques-sol-de-grande-puissance\/96589\/#article","isPartOf":{"@id":"https:\/\/batijournal.com\/index.php\/77-nouveaux-laureats-installations-photovoltaiques-sol-de-grande-puissance\/96589\/"},"author":{"name":"St\u00e9phane Miget","@id":"https:\/\/batijournal.com\/#\/schema\/person\/1dc96ec6957aa1ccb25ebe78bb19f100"},"headline":"77 nouveaux laur\u00e9ats pour les installations photovolta\u00efques au sol de grande puissance","datePublished":"2017-08-07T03:46:48+00:00","dateModified":"2019-07-15T10:22:00+00:00","mainEntityOfPage":{"@id":"https:\/\/batijournal.com\/index.php\/77-nouveaux-laureats-installations-photovoltaiques-sol-de-grande-puissance\/96589\/"},"wordCount":218,"image":{"@id":"https:\/\/batijournal.com\/index.php\/77-nouveaux-laureats-installations-photovoltaiques-sol-de-grande-puissance\/96589\/#primaryimage"},"thumbnailUrl":"https:\/\/batijournal.com\/wp-content\/uploads\/2016\/03\/installations-photovoltaiques-de-moyenne-puissance.jpg","keywords":["\u00e9lectricit\u00e9 photovolta\u00efque"],"articleSection":["Actualit\u00e9s","\u00c9nergie &amp; Environnement"],"inLanguage":"fr-FR"},{"@type":"WebPage","@id":"https:\/\/batijournal.com\/index.php\/77-nouveaux-laureats-installations-photovoltaiques-sol-de-grande-puissance\/96589\/","url":"https:\/\/batijournal.com\/index.php\/77-nouveaux-laureats-installations-photovoltaiques-sol-de-grande-puissance\/96589\/","name":"77 nouveaux laur\u00e9ats pour les installations photovolta\u00efques au sol de grande puissance","isPartOf":{"@id":"https:\/\/batijournal.com\/#website"},"primaryImageOfPage":{"@id":"https:\/\/batijournal.com\/index.php\/77-nouveaux-laureats-installations-photovoltaiques-sol-de-grande-puissance\/96589\/#primaryimage"},"image":{"@id":"https:\/\/batijournal.com\/index.php\/77-nouveaux-laureats-installations-photovoltaiques-sol-de-grande-puissance\/96589\/#primaryimage"},"thumbnailUrl":"https:\/\/batijournal.com\/wp-content\/uploads\/2016\/03\/installations-photovoltaiques-de-moyenne-puissance.jpg","datePublished":"2017-08-07T03:46:48+00:00","dateModified":"2019-07-15T10:22:00+00:00","author":{"@id":"https:\/\/batijournal.com\/#\/schema\/person\/1dc96ec6957aa1ccb25ebe78bb19f100"},"breadcrumb":{"@id":"https:\/\/batijournal.com\/index.php\/77-nouveaux-laureats-installations-photovoltaiques-sol-de-grande-puissance\/96589\/#breadcrumb"},"inLanguage":"fr-FR","potentialAction":[{"@type":"ReadAction","target":["https:\/\/batijournal.com\/index.php\/77-nouveaux-laureats-installations-photovoltaiques-sol-de-grande-puissance\/96589\/"]}]},{"@type":"ImageObject","inLanguage":"fr-FR","@id":"https:\/\/batijournal.com\/index.php\/77-nouveaux-laureats-installations-photovoltaiques-sol-de-grande-puissance\/96589\/#primaryimage","url":"https:\/\/batijournal.com\/wp-content\/uploads\/2016\/03\/installations-photovoltaiques-de-moyenne-puissance.jpg","contentUrl":"https:\/\/batijournal.com\/wp-content\/uploads\/2016\/03\/installations-photovoltaiques-de-moyenne-puissance.jpg","width":800,"height":600},{"@type":"BreadcrumbList","@id":"https:\/\/batijournal.com\/index.php\/77-nouveaux-laureats-installations-photovoltaiques-sol-de-grande-puissance\/96589\/#breadcrumb","itemListElement":[{"@type":"ListItem","position":1,"name":"Accueil","item":"https:\/\/batijournal.com\/"},{"@type":"ListItem","position":2,"name":"Actualit\u00e9s","item":"https:\/\/batijournal.com\/index.php\/category\/actualites\/"},{"@type":"ListItem","position":3,"name":"77 nouveaux laur\u00e9ats pour les installations photovolta\u00efques au sol de grande puissance"}]},{"@type":"WebSite","@id":"https:\/\/batijournal.com\/#website","url":"https:\/\/batijournal.com\/","name":"Batijournal","description":"L&#039;actualit\u00e9 du b\u00e2timent","potentialAction":[{"@type":"SearchAction","target":{"@type":"EntryPoint","urlTemplate":"https:\/\/batijournal.com\/?s={search_term_string}"},"query-input":{"@type":"PropertyValueSpecification","valueRequired":true,"valueName":"search_term_string"}}],"inLanguage":"fr-FR"},{"@type":"Person","@id":"https:\/\/batijournal.com\/#\/schema\/person\/1dc96ec6957aa1ccb25ebe78bb19f100","name":"St\u00e9phane Miget","image":{"@type":"ImageObject","inLanguage":"fr-FR","@id":"https:\/\/secure.gravatar.com\/avatar\/89915563d925342126b8ef0281b93d9d7fc337043e8df017f780908eb9644451?s=96&d=mm&r=g","url":"https:\/\/secure.gravatar.com\/avatar\/89915563d925342126b8ef0281b93d9d7fc337043e8df017f780908eb9644451?s=96&d=mm&r=g","contentUrl":"https:\/\/secure.gravatar.com\/avatar\/89915563d925342126b8ef0281b93d9d7fc337043e8df017f780908eb9644451?s=96&d=mm&r=g","caption":"St\u00e9phane Miget"},"url":"https:\/\/batijournal.com\/index.php\/author\/stephane\/"}]}},"_links":{"self":[{"href":"https:\/\/batijournal.com\/index.php\/wp-json\/wp\/v2\/posts\/96589","targetHints":{"allow":["GET"]}}],"collection":[{"href":"https:\/\/batijournal.com\/index.php\/wp-json\/wp\/v2\/posts"}],"about":[{"href":"https:\/\/batijournal.com\/index.php\/wp-json\/wp\/v2\/types\/post"}],"author":[{"embeddable":true,"href":"https:\/\/batijournal.com\/index.php\/wp-json\/wp\/v2\/users\/17"}],"replies":[{"embeddable":true,"href":"https:\/\/batijournal.com\/index.php\/wp-json\/wp\/v2\/comments?post=96589"}],"version-history":[{"count":0,"href":"https:\/\/batijournal.com\/index.php\/wp-json\/wp\/v2\/posts\/96589\/revisions"}],"wp:featuredmedia":[{"embeddable":true,"href":"https:\/\/batijournal.com\/index.php\/wp-json\/wp\/v2\/media\/91814"}],"wp:attachment":[{"href":"https:\/\/batijournal.com\/index.php\/wp-json\/wp\/v2\/media?parent=96589"}],"wp:term":[{"taxonomy":"category","embeddable":true,"href":"https:\/\/batijournal.com\/index.php\/wp-json\/wp\/v2\/categories?post=96589"},{"taxonomy":"post_tag","embeddable":true,"href":"https:\/\/batijournal.com\/index.php\/wp-json\/wp\/v2\/tags?post=96589"}],"curies":[{"name":"wp","href":"https:\/\/api.w.org\/{rel}","templated":true}]}}