{"id":96590,"date":"2017-08-07T06:14:16","date_gmt":"2017-08-07T04:14:16","guid":{"rendered":"http:\/\/batijournal.com\/?p=96590"},"modified":"2019-07-15T11:15:41","modified_gmt":"2019-07-15T09:15:41","slug":"petite-pompei-mise-jour-a-vienne-rhone","status":"publish","type":"post","link":"https:\/\/batijournal.com\/index.php\/petite-pompei-mise-jour-a-vienne-rhone\/96590\/","title":{"rendered":"Une petite Pomp\u00e9i mise au jour \u00e0 Vienne dans le Rh\u00f4ne"},"content":{"rendered":"<p><strong>Archeodunum, entreprise fran\u00e7aise sp\u00e9cialis\u00e9e dans l\u2019arch\u00e9ologie pr\u00e9ventive, m\u00e8ne des fouilles prescrites par la DRAC Auvergne-Rh\u00f4ne-Alpes depuis le 3 avril 2017 sur la commune de Sainte-Colombe (Rh\u00f4ne) en pr\u00e9alable \u00e0 la construction d\u2019immeubles sur une parcelle de 5500 m2. Le site est implant\u00e9 dans un quartier suburbain de la ville antique de Vienne situ\u00e9 sur la rive droite du Rh\u00f4ne. Les investigations ont r\u00e9v\u00e9l\u00e9 un quartier entier de la ville romaine de Vienne o\u00f9 se m\u00eale espaces publics, riches demeures et espaces artisanaux. \u00c0 l\u2019origine pr\u00e9vue pour durer 6 mois, la fouille va \u00eatre prolong\u00e9e jusqu\u2019au 15 d\u00e9cembre 2017 suite au classement du site en \u00ab d\u00e9couverte exceptionnelle \u00bb par le minist\u00e8re de la culture.<\/strong><\/p>\n<p>Un premier espace public est am\u00e9nag\u00e9 dans la seconde moiti\u00e9 du Ier si\u00e8cle. Ce complexe public prend la forme de s\u00e9ries de boutiques d\u00e9di\u00e9es \u00e0 la production artisanale (m\u00e9tallurgie, vente de denr\u00e9es alimentaires, etc&#8230;) et situ\u00e9es en arri\u00e8re d\u2019un puissant portique qui entoure une place de 2500 m2 dot\u00e9e d\u2019un bassin d\u2019agr\u00e9ment. Un r\u00e9seau hydraulique complexe vient compl\u00e9ter ces am\u00e9nagements et permet le nettoyage des tabernae et le drainage de la place. Un entrep\u00f4t est \u00e9galement \u00e9difi\u00e9 sur la place. Incendi\u00e9 au d\u00e9but du IIe si\u00e8cle, il est encore plein des marchandises qu\u2019il contenait : cruches et amphores \u00e0 vin de la vall\u00e9e du Rh\u00f4ne. Cet ensemble architectural correspond sans doute \u00e0 une place de march\u00e9 de 4500 m2 entour\u00e9e de boutiques d\u00e9di\u00e9es \u00e0 la production artisanale, et destin\u00e9e \u00e0 accueillir les marchants itin\u00e9rants qui venaient vendre leurs productions. L\u2019incendie qui a d\u00e9truit cet ensemble a permis de pr\u00e9server les sols du rez-de-chauss\u00e9e et des \u00e9tages effondr\u00e9s, ainsi que le mobilier abandonn\u00e9 en place lorsque les occupants ont fui la catastrophe, transformant ce secteur en une v\u00e9ritable petite Pomp\u00e9i viennoise.<\/p>\n<p>\u00c0 la suite de l\u2019incendie violent qui ravage le quartier au d\u00e9but du IIe si\u00e8cle, un nouvel \u00e9difice public vient supplanter la place de march\u00e9. Il est constitu\u00e9 d\u2019une fontaine monumentale dispos\u00e9e au centre d\u2019une place bord\u00e9e de portiques\/basiliques (20 m de large) soutenus par de puissants piliers. Ce complexe, qui se d\u00e9veloppait en bordure du Rh\u00f4ne sur une superficie de pr\u00e8s de 7000 m2, correspond sans doute \u00e0 une schola qui accueillait probablement une \u00e9cole philosophique et\/ou rh\u00e9torique d\u00e9j\u00e0 connue \u00e0 Vienne par les inscriptions, mais jamais localis\u00e9e. Elle a \u00e9t\u00e9 reconnue dans son int\u00e9gralit\u00e9 et nous livre une d\u00e9coration soign\u00e9e, comme en t\u00e9moigne la d\u00e9couverte d\u2019une vingtaine de mosa\u00efques et de sols en marbres. Le pavement d\u2019un cubiculum (bureau) de 16 m2 constitue sans doute le plus bel exemple puisqu\u2019il est dot\u00e9 d\u2019une mosa\u00efque dont le m\u00e9daillon central repr\u00e9sente l\u2019enl\u00e8vement de Thalie, la muse de la com\u00e9die, par Pan, une divinit\u00e9 de la suite bachique.<\/p>\n<p><img loading=\"lazy\" decoding=\"async\" class=\"aligncenter size-full wp-image-96592\" src=\"https:\/\/batijournal.com\/wp-content\/uploads\/2017\/08\/stecolombe1.jpg\" alt=\"\" width=\"624\" height=\"720\" srcset=\"https:\/\/batijournal.com\/wp-content\/uploads\/2017\/08\/stecolombe1.jpg 624w, https:\/\/batijournal.com\/wp-content\/uploads\/2017\/08\/stecolombe1-130x150.jpg 130w, https:\/\/batijournal.com\/wp-content\/uploads\/2017\/08\/stecolombe1-260x300.jpg 260w, https:\/\/batijournal.com\/wp-content\/uploads\/2017\/08\/stecolombe1-600x692.jpg 600w\" sizes=\"(max-width: 624px) 100vw, 624px\" \/><\/p>\n<p>Une seconde domus organis\u00e9e autour d\u2019un vaste jardin est en cours d\u2019exploration plus au nord. Elle a \u00e9t\u00e9 d\u00e9truite par un incendie dans la premi\u00e8re moiti\u00e9 du IIe si\u00e8cle, pr\u00e9servant sa riche d\u00e9coration ainsi que ses \u00e9tages effondr\u00e9s sur les sols du rez-de-chauss\u00e9e. Le p\u00e9ristyle est bord\u00e9 de galeries ouvertes sur un jardin avec un bassin \u00e0 abside et couvertes d\u2019une terrasse au sol mosa\u00efqu\u00e9 effondr\u00e9e en place. Son triclinium (salle de banquet) est d\u00e9cor\u00e9 d\u2019une mosa\u00efque du Ier si\u00e8cle repr\u00e9sentant les fameuses bacchanales, cort\u00e8ge de bacchantes et de satyres enivr\u00e9s autour de Bacchus, illustr\u00e9e par 15 tableaux.<\/p>\n<p>Les abords de la voie de Narbonnaise sont bord\u00e9s par un portique monumental donnant sur des immeubles de rapport particuli\u00e8rement bien pr\u00e9serv\u00e9s. Les incendies successifs et l\u2019encaissement de ces \u00e9difices par rapport au quartier ont permis de pr\u00e9server leur \u00e9l\u00e9vation sur pr\u00e8s de 1,60 m, avec plus de 3 m de stratigraphie couvrant presque trois si\u00e8cles d\u2019occupation. Ces espaces constituent une occasion unique de documenter avec pr\u00e9cision l\u2019architecture, les activit\u00e9s \u00e9conomiques et domestiques, ainsi que le mobilier employ\u00e9 dans ces \u00e9difices, qui devaient constituer l\u2019essentiel des b\u00e2timents domestiques des grandes villes antiques.<\/p>\n<p>Photos :\u00a0Archeodunum<\/p>\n<p>&nbsp;<\/p>\n","protected":false},"excerpt":{"rendered":"<p>Archeodunum, entreprise fran\u00e7aise sp\u00e9cialis\u00e9e dans l\u2019arch\u00e9ologie pr\u00e9ventive, m\u00e8ne des fouilles prescrites par la DRAC Auvergne-Rh\u00f4ne-Alpes depuis le 3 avril 2017 sur la commune de Sainte-Colombe (Rh\u00f4ne) en pr\u00e9alable \u00e0 la construction d\u2019immeubles sur une parcelle de 5500 m2. Le site est implant\u00e9 dans un quartier suburbain de la ville antique de Vienne situ\u00e9 sur la [&hellip;]<\/p>\n","protected":false},"author":17,"featured_media":96591,"comment_status":"closed","ping_status":"closed","sticky":false,"template":"","format":"standard","meta":{"_et_pb_use_builder":"","_et_pb_old_content":"","_et_gb_content_width":"","footnotes":""},"categories":[10530,6340],"tags":[],"class_list":["post-96590","post","type-post","status-publish","format-standard","has-post-thumbnail","hentry","category-actualites","category-architecture-conception"],"yoast_head":"<!-- This site is optimized with the Yoast SEO plugin v27.4 - https:\/\/yoast.com\/product\/yoast-seo-wordpress\/ -->\n<title>Une petite Pomp\u00e9i mise au jour \u00e0 Vienne dans le Rh\u00f4ne<\/title>\n<meta name=\"robots\" content=\"index, follow, max-snippet:-1, max-image-preview:large, max-video-preview:-1\" \/>\n<link rel=\"canonical\" href=\"https:\/\/batijournal.com\/index.php\/petite-pompei-mise-jour-a-vienne-rhone\/96590\/\" \/>\n<meta property=\"og:locale\" content=\"fr_FR\" \/>\n<meta property=\"og:type\" content=\"article\" \/>\n<meta property=\"og:title\" content=\"Une petite Pomp\u00e9i mise au jour \u00e0 Vienne dans le Rh\u00f4ne\" \/>\n<meta property=\"og:description\" content=\"Archeodunum, entreprise fran\u00e7aise sp\u00e9cialis\u00e9e dans l\u2019arch\u00e9ologie pr\u00e9ventive, m\u00e8ne des fouilles prescrites par la DRAC Auvergne-Rh\u00f4ne-Alpes depuis le 3 avril 2017 sur la commune de Sainte-Colombe (Rh\u00f4ne) en pr\u00e9alable \u00e0 la construction d\u2019immeubles sur une parcelle de 5500 m2. Le site est implant\u00e9 dans un quartier suburbain de la ville antique de Vienne situ\u00e9 sur la [&hellip;]\" \/>\n<meta property=\"og:url\" content=\"https:\/\/batijournal.com\/index.php\/petite-pompei-mise-jour-a-vienne-rhone\/96590\/\" \/>\n<meta property=\"og:site_name\" content=\"Batijournal\" \/>\n<meta property=\"article:published_time\" content=\"2017-08-07T04:14:16+00:00\" \/>\n<meta property=\"article:modified_time\" content=\"2019-07-15T09:15:41+00:00\" \/>\n<meta property=\"og:image\" content=\"https:\/\/batijournal.com\/wp-content\/uploads\/2017\/08\/stecolombe_0.jpg\" \/>\n\t<meta property=\"og:image:width\" content=\"624\" \/>\n\t<meta property=\"og:image:height\" content=\"365\" \/>\n\t<meta property=\"og:image:type\" content=\"image\/jpeg\" \/>\n<meta name=\"author\" content=\"St\u00e9phane Miget\" \/>\n<meta name=\"twitter:card\" content=\"summary_large_image\" \/>\n<meta name=\"twitter:creator\" content=\"@bati_journal\" \/>\n<meta name=\"twitter:site\" content=\"@bati_journal\" \/>\n<meta name=\"twitter:label1\" content=\"\u00c9crit par\" \/>\n\t<meta name=\"twitter:data1\" content=\"St\u00e9phane Miget\" \/>\n\t<meta name=\"twitter:label2\" content=\"Dur\u00e9e de lecture estim\u00e9e\" \/>\n\t<meta name=\"twitter:data2\" content=\"4 minutes\" \/>\n<script type=\"application\/ld+json\" class=\"yoast-schema-graph\">{\"@context\":\"https:\\\/\\\/schema.org\",\"@graph\":[{\"@type\":\"Article\",\"@id\":\"https:\\\/\\\/batijournal.com\\\/index.php\\\/petite-pompei-mise-jour-a-vienne-rhone\\\/96590\\\/#article\",\"isPartOf\":{\"@id\":\"https:\\\/\\\/batijournal.com\\\/index.php\\\/petite-pompei-mise-jour-a-vienne-rhone\\\/96590\\\/\"},\"author\":{\"name\":\"St\u00e9phane Miget\",\"@id\":\"https:\\\/\\\/batijournal.com\\\/#\\\/schema\\\/person\\\/1dc96ec6957aa1ccb25ebe78bb19f100\"},\"headline\":\"Une petite Pomp\u00e9i mise au jour \u00e0 Vienne dans le Rh\u00f4ne\",\"datePublished\":\"2017-08-07T04:14:16+00:00\",\"dateModified\":\"2019-07-15T09:15:41+00:00\",\"mainEntityOfPage\":{\"@id\":\"https:\\\/\\\/batijournal.com\\\/index.php\\\/petite-pompei-mise-jour-a-vienne-rhone\\\/96590\\\/\"},\"wordCount\":753,\"image\":{\"@id\":\"https:\\\/\\\/batijournal.com\\\/index.php\\\/petite-pompei-mise-jour-a-vienne-rhone\\\/96590\\\/#primaryimage\"},\"thumbnailUrl\":\"https:\\\/\\\/batijournal.com\\\/wp-content\\\/uploads\\\/2017\\\/08\\\/stecolombe_0.jpg\",\"articleSection\":[\"Actualit\u00e9s\",\"Architecture &amp; Conception\"],\"inLanguage\":\"fr-FR\"},{\"@type\":\"WebPage\",\"@id\":\"https:\\\/\\\/batijournal.com\\\/index.php\\\/petite-pompei-mise-jour-a-vienne-rhone\\\/96590\\\/\",\"url\":\"https:\\\/\\\/batijournal.com\\\/index.php\\\/petite-pompei-mise-jour-a-vienne-rhone\\\/96590\\\/\",\"name\":\"Une petite Pomp\u00e9i mise au jour \u00e0 Vienne dans le Rh\u00f4ne\",\"isPartOf\":{\"@id\":\"https:\\\/\\\/batijournal.com\\\/#website\"},\"primaryImageOfPage\":{\"@id\":\"https:\\\/\\\/batijournal.com\\\/index.php\\\/petite-pompei-mise-jour-a-vienne-rhone\\\/96590\\\/#primaryimage\"},\"image\":{\"@id\":\"https:\\\/\\\/batijournal.com\\\/index.php\\\/petite-pompei-mise-jour-a-vienne-rhone\\\/96590\\\/#primaryimage\"},\"thumbnailUrl\":\"https:\\\/\\\/batijournal.com\\\/wp-content\\\/uploads\\\/2017\\\/08\\\/stecolombe_0.jpg\",\"datePublished\":\"2017-08-07T04:14:16+00:00\",\"dateModified\":\"2019-07-15T09:15:41+00:00\",\"author\":{\"@id\":\"https:\\\/\\\/batijournal.com\\\/#\\\/schema\\\/person\\\/1dc96ec6957aa1ccb25ebe78bb19f100\"},\"breadcrumb\":{\"@id\":\"https:\\\/\\\/batijournal.com\\\/index.php\\\/petite-pompei-mise-jour-a-vienne-rhone\\\/96590\\\/#breadcrumb\"},\"inLanguage\":\"fr-FR\",\"potentialAction\":[{\"@type\":\"ReadAction\",\"target\":[\"https:\\\/\\\/batijournal.com\\\/index.php\\\/petite-pompei-mise-jour-a-vienne-rhone\\\/96590\\\/\"]}]},{\"@type\":\"ImageObject\",\"inLanguage\":\"fr-FR\",\"@id\":\"https:\\\/\\\/batijournal.com\\\/index.php\\\/petite-pompei-mise-jour-a-vienne-rhone\\\/96590\\\/#primaryimage\",\"url\":\"https:\\\/\\\/batijournal.com\\\/wp-content\\\/uploads\\\/2017\\\/08\\\/stecolombe_0.jpg\",\"contentUrl\":\"https:\\\/\\\/batijournal.com\\\/wp-content\\\/uploads\\\/2017\\\/08\\\/stecolombe_0.jpg\",\"width\":624,\"height\":365},{\"@type\":\"BreadcrumbList\",\"@id\":\"https:\\\/\\\/batijournal.com\\\/index.php\\\/petite-pompei-mise-jour-a-vienne-rhone\\\/96590\\\/#breadcrumb\",\"itemListElement\":[{\"@type\":\"ListItem\",\"position\":1,\"name\":\"Accueil\",\"item\":\"https:\\\/\\\/batijournal.com\\\/\"},{\"@type\":\"ListItem\",\"position\":2,\"name\":\"Actualit\u00e9s\",\"item\":\"https:\\\/\\\/batijournal.com\\\/index.php\\\/category\\\/actualites\\\/\"},{\"@type\":\"ListItem\",\"position\":3,\"name\":\"Une petite Pomp\u00e9i mise au jour \u00e0 Vienne dans le Rh\u00f4ne\"}]},{\"@type\":\"WebSite\",\"@id\":\"https:\\\/\\\/batijournal.com\\\/#website\",\"url\":\"https:\\\/\\\/batijournal.com\\\/\",\"name\":\"Batijournal\",\"description\":\"L&#039;actualit\u00e9 du b\u00e2timent\",\"potentialAction\":[{\"@type\":\"SearchAction\",\"target\":{\"@type\":\"EntryPoint\",\"urlTemplate\":\"https:\\\/\\\/batijournal.com\\\/?s={search_term_string}\"},\"query-input\":{\"@type\":\"PropertyValueSpecification\",\"valueRequired\":true,\"valueName\":\"search_term_string\"}}],\"inLanguage\":\"fr-FR\"},{\"@type\":\"Person\",\"@id\":\"https:\\\/\\\/batijournal.com\\\/#\\\/schema\\\/person\\\/1dc96ec6957aa1ccb25ebe78bb19f100\",\"name\":\"St\u00e9phane Miget\",\"image\":{\"@type\":\"ImageObject\",\"inLanguage\":\"fr-FR\",\"@id\":\"https:\\\/\\\/secure.gravatar.com\\\/avatar\\\/89915563d925342126b8ef0281b93d9d7fc337043e8df017f780908eb9644451?s=96&d=mm&r=g\",\"url\":\"https:\\\/\\\/secure.gravatar.com\\\/avatar\\\/89915563d925342126b8ef0281b93d9d7fc337043e8df017f780908eb9644451?s=96&d=mm&r=g\",\"contentUrl\":\"https:\\\/\\\/secure.gravatar.com\\\/avatar\\\/89915563d925342126b8ef0281b93d9d7fc337043e8df017f780908eb9644451?s=96&d=mm&r=g\",\"caption\":\"St\u00e9phane Miget\"},\"url\":\"https:\\\/\\\/batijournal.com\\\/index.php\\\/author\\\/stephane\\\/\"}]}<\/script>\n<!-- \/ Yoast SEO plugin. -->","yoast_head_json":{"title":"Une petite Pomp\u00e9i mise au jour \u00e0 Vienne dans le Rh\u00f4ne","robots":{"index":"index","follow":"follow","max-snippet":"max-snippet:-1","max-image-preview":"max-image-preview:large","max-video-preview":"max-video-preview:-1"},"canonical":"https:\/\/batijournal.com\/index.php\/petite-pompei-mise-jour-a-vienne-rhone\/96590\/","og_locale":"fr_FR","og_type":"article","og_title":"Une petite Pomp\u00e9i mise au jour \u00e0 Vienne dans le Rh\u00f4ne","og_description":"Archeodunum, entreprise fran\u00e7aise sp\u00e9cialis\u00e9e dans l\u2019arch\u00e9ologie pr\u00e9ventive, m\u00e8ne des fouilles prescrites par la DRAC Auvergne-Rh\u00f4ne-Alpes depuis le 3 avril 2017 sur la commune de Sainte-Colombe (Rh\u00f4ne) en pr\u00e9alable \u00e0 la construction d\u2019immeubles sur une parcelle de 5500 m2. Le site est implant\u00e9 dans un quartier suburbain de la ville antique de Vienne situ\u00e9 sur la [&hellip;]","og_url":"https:\/\/batijournal.com\/index.php\/petite-pompei-mise-jour-a-vienne-rhone\/96590\/","og_site_name":"Batijournal","article_published_time":"2017-08-07T04:14:16+00:00","article_modified_time":"2019-07-15T09:15:41+00:00","og_image":[{"width":624,"height":365,"url":"https:\/\/batijournal.com\/wp-content\/uploads\/2017\/08\/stecolombe_0.jpg","type":"image\/jpeg"}],"author":"St\u00e9phane Miget","twitter_card":"summary_large_image","twitter_creator":"@bati_journal","twitter_site":"@bati_journal","twitter_misc":{"\u00c9crit par":"St\u00e9phane Miget","Dur\u00e9e de lecture estim\u00e9e":"4 minutes"},"schema":{"@context":"https:\/\/schema.org","@graph":[{"@type":"Article","@id":"https:\/\/batijournal.com\/index.php\/petite-pompei-mise-jour-a-vienne-rhone\/96590\/#article","isPartOf":{"@id":"https:\/\/batijournal.com\/index.php\/petite-pompei-mise-jour-a-vienne-rhone\/96590\/"},"author":{"name":"St\u00e9phane Miget","@id":"https:\/\/batijournal.com\/#\/schema\/person\/1dc96ec6957aa1ccb25ebe78bb19f100"},"headline":"Une petite Pomp\u00e9i mise au jour \u00e0 Vienne dans le Rh\u00f4ne","datePublished":"2017-08-07T04:14:16+00:00","dateModified":"2019-07-15T09:15:41+00:00","mainEntityOfPage":{"@id":"https:\/\/batijournal.com\/index.php\/petite-pompei-mise-jour-a-vienne-rhone\/96590\/"},"wordCount":753,"image":{"@id":"https:\/\/batijournal.com\/index.php\/petite-pompei-mise-jour-a-vienne-rhone\/96590\/#primaryimage"},"thumbnailUrl":"https:\/\/batijournal.com\/wp-content\/uploads\/2017\/08\/stecolombe_0.jpg","articleSection":["Actualit\u00e9s","Architecture &amp; Conception"],"inLanguage":"fr-FR"},{"@type":"WebPage","@id":"https:\/\/batijournal.com\/index.php\/petite-pompei-mise-jour-a-vienne-rhone\/96590\/","url":"https:\/\/batijournal.com\/index.php\/petite-pompei-mise-jour-a-vienne-rhone\/96590\/","name":"Une petite Pomp\u00e9i mise au jour \u00e0 Vienne dans le Rh\u00f4ne","isPartOf":{"@id":"https:\/\/batijournal.com\/#website"},"primaryImageOfPage":{"@id":"https:\/\/batijournal.com\/index.php\/petite-pompei-mise-jour-a-vienne-rhone\/96590\/#primaryimage"},"image":{"@id":"https:\/\/batijournal.com\/index.php\/petite-pompei-mise-jour-a-vienne-rhone\/96590\/#primaryimage"},"thumbnailUrl":"https:\/\/batijournal.com\/wp-content\/uploads\/2017\/08\/stecolombe_0.jpg","datePublished":"2017-08-07T04:14:16+00:00","dateModified":"2019-07-15T09:15:41+00:00","author":{"@id":"https:\/\/batijournal.com\/#\/schema\/person\/1dc96ec6957aa1ccb25ebe78bb19f100"},"breadcrumb":{"@id":"https:\/\/batijournal.com\/index.php\/petite-pompei-mise-jour-a-vienne-rhone\/96590\/#breadcrumb"},"inLanguage":"fr-FR","potentialAction":[{"@type":"ReadAction","target":["https:\/\/batijournal.com\/index.php\/petite-pompei-mise-jour-a-vienne-rhone\/96590\/"]}]},{"@type":"ImageObject","inLanguage":"fr-FR","@id":"https:\/\/batijournal.com\/index.php\/petite-pompei-mise-jour-a-vienne-rhone\/96590\/#primaryimage","url":"https:\/\/batijournal.com\/wp-content\/uploads\/2017\/08\/stecolombe_0.jpg","contentUrl":"https:\/\/batijournal.com\/wp-content\/uploads\/2017\/08\/stecolombe_0.jpg","width":624,"height":365},{"@type":"BreadcrumbList","@id":"https:\/\/batijournal.com\/index.php\/petite-pompei-mise-jour-a-vienne-rhone\/96590\/#breadcrumb","itemListElement":[{"@type":"ListItem","position":1,"name":"Accueil","item":"https:\/\/batijournal.com\/"},{"@type":"ListItem","position":2,"name":"Actualit\u00e9s","item":"https:\/\/batijournal.com\/index.php\/category\/actualites\/"},{"@type":"ListItem","position":3,"name":"Une petite Pomp\u00e9i mise au jour \u00e0 Vienne dans le Rh\u00f4ne"}]},{"@type":"WebSite","@id":"https:\/\/batijournal.com\/#website","url":"https:\/\/batijournal.com\/","name":"Batijournal","description":"L&#039;actualit\u00e9 du b\u00e2timent","potentialAction":[{"@type":"SearchAction","target":{"@type":"EntryPoint","urlTemplate":"https:\/\/batijournal.com\/?s={search_term_string}"},"query-input":{"@type":"PropertyValueSpecification","valueRequired":true,"valueName":"search_term_string"}}],"inLanguage":"fr-FR"},{"@type":"Person","@id":"https:\/\/batijournal.com\/#\/schema\/person\/1dc96ec6957aa1ccb25ebe78bb19f100","name":"St\u00e9phane Miget","image":{"@type":"ImageObject","inLanguage":"fr-FR","@id":"https:\/\/secure.gravatar.com\/avatar\/89915563d925342126b8ef0281b93d9d7fc337043e8df017f780908eb9644451?s=96&d=mm&r=g","url":"https:\/\/secure.gravatar.com\/avatar\/89915563d925342126b8ef0281b93d9d7fc337043e8df017f780908eb9644451?s=96&d=mm&r=g","contentUrl":"https:\/\/secure.gravatar.com\/avatar\/89915563d925342126b8ef0281b93d9d7fc337043e8df017f780908eb9644451?s=96&d=mm&r=g","caption":"St\u00e9phane Miget"},"url":"https:\/\/batijournal.com\/index.php\/author\/stephane\/"}]}},"_links":{"self":[{"href":"https:\/\/batijournal.com\/index.php\/wp-json\/wp\/v2\/posts\/96590","targetHints":{"allow":["GET"]}}],"collection":[{"href":"https:\/\/batijournal.com\/index.php\/wp-json\/wp\/v2\/posts"}],"about":[{"href":"https:\/\/batijournal.com\/index.php\/wp-json\/wp\/v2\/types\/post"}],"author":[{"embeddable":true,"href":"https:\/\/batijournal.com\/index.php\/wp-json\/wp\/v2\/users\/17"}],"replies":[{"embeddable":true,"href":"https:\/\/batijournal.com\/index.php\/wp-json\/wp\/v2\/comments?post=96590"}],"version-history":[{"count":0,"href":"https:\/\/batijournal.com\/index.php\/wp-json\/wp\/v2\/posts\/96590\/revisions"}],"wp:featuredmedia":[{"embeddable":true,"href":"https:\/\/batijournal.com\/index.php\/wp-json\/wp\/v2\/media\/96591"}],"wp:attachment":[{"href":"https:\/\/batijournal.com\/index.php\/wp-json\/wp\/v2\/media?parent=96590"}],"wp:term":[{"taxonomy":"category","embeddable":true,"href":"https:\/\/batijournal.com\/index.php\/wp-json\/wp\/v2\/categories?post=96590"},{"taxonomy":"post_tag","embeddable":true,"href":"https:\/\/batijournal.com\/index.php\/wp-json\/wp\/v2\/tags?post=96590"}],"curies":[{"name":"wp","href":"https:\/\/api.w.org\/{rel}","templated":true}]}}