{"id":96596,"date":"2017-08-17T15:23:52","date_gmt":"2017-08-17T13:23:52","guid":{"rendered":"http:\/\/batijournal.com\/?p=96596"},"modified":"2017-08-17T15:23:52","modified_gmt":"2017-08-17T13:23:52","slug":"habiter-bois-pays-de-loire","status":"publish","type":"post","link":"https:\/\/batijournal.com\/index.php\/habiter-bois-pays-de-loire\/96596\/","title":{"rendered":"Habiter bois en Pays de la Loire"},"content":{"rendered":"<p><span style=\"color: #000000\"><span style=\"font-family: Arial, sans-serif\"><span style=\"font-size: medium\">Atlanbois, l\u2019interprofession pour la promotion du Bois en Pays de Loire, offre au grand public la possibilit\u00e9 de d\u00e9couvrir les atouts du bois dans la construction dans le cadre du projet \u00ab\u00a0Habiter bois\u00a0\u00bb. Du 15 septembre au 15 octobre 2017, l\u2019\u00e9v\u00e9nement proposera des visites de maisons, extensions, am\u00e9nagements, entreprises sur les 5 d\u00e9partements des Pays de la Loire et sera \u00e9galement l\u2019occasion de retrouver Atlanbois sur des points conseils ou lors de conf\u00e9rences sur les salons partenaires. Le site web d\u00e9di\u00e9, habiterbois.fr, donne des informations pratiques, articles et conseils pour bien utiliser le bois, une liste de professionnels sur le territoire ainsi que tout le programme des visites.<\/span><\/span><\/span><\/p>\n<p><a href=\"http:\/\/www.habiterbois.fr\">www.habiterbois.fr<\/a><\/p>\n<p>Photo : Patrick Miara<\/p>\n","protected":false},"excerpt":{"rendered":"<p>Atlanbois, l\u2019interprofession pour la promotion du Bois en Pays de Loire, offre au grand public la possibilit\u00e9 de d\u00e9couvrir les atouts du bois dans la construction dans le cadre du projet \u00ab\u00a0Habiter bois\u00a0\u00bb. Du 15 septembre au 15 octobre 2017, l\u2019\u00e9v\u00e9nement proposera des visites de maisons, extensions, am\u00e9nagements, entreprises sur les 5 d\u00e9partements des Pays [&hellip;]<\/p>\n","protected":false},"author":17,"featured_media":96599,"comment_status":"closed","ping_status":"closed","sticky":false,"template":"","format":"standard","meta":{"_et_pb_use_builder":"","_et_pb_old_content":"","_et_gb_content_width":"","footnotes":""},"categories":[10530,9192,10764],"tags":[],"class_list":["post-96596","post","type-post","status-publish","format-standard","has-post-thumbnail","hentry","category-actualites","category-evenements","category-woodsurfer"],"yoast_head":"<!-- This site is optimized with the Yoast SEO plugin v27.4 - https:\/\/yoast.com\/product\/yoast-seo-wordpress\/ -->\n<title>Habiter bois en Pays de la Loire<\/title>\n<meta name=\"robots\" content=\"index, follow, max-snippet:-1, max-image-preview:large, max-video-preview:-1\" \/>\n<link rel=\"canonical\" href=\"https:\/\/batijournal.com\/index.php\/habiter-bois-pays-de-loire\/96596\/\" \/>\n<meta property=\"og:locale\" content=\"fr_FR\" \/>\n<meta property=\"og:type\" content=\"article\" \/>\n<meta property=\"og:title\" content=\"Habiter bois en Pays de la Loire\" \/>\n<meta property=\"og:description\" content=\"Atlanbois, l\u2019interprofession pour la promotion du Bois en Pays de Loire, offre au grand public la possibilit\u00e9 de d\u00e9couvrir les atouts du bois dans la construction dans le cadre du projet \u00ab\u00a0Habiter bois\u00a0\u00bb. Du 15 septembre au 15 octobre 2017, l\u2019\u00e9v\u00e9nement proposera des visites de maisons, extensions, am\u00e9nagements, entreprises sur les 5 d\u00e9partements des Pays [&hellip;]\" \/>\n<meta property=\"og:url\" content=\"https:\/\/batijournal.com\/index.php\/habiter-bois-pays-de-loire\/96596\/\" \/>\n<meta property=\"og:site_name\" content=\"Batijournal\" \/>\n<meta property=\"article:published_time\" content=\"2017-08-17T13:23:52+00:00\" \/>\n<meta property=\"og:image\" content=\"https:\/\/batijournal.com\/wp-content\/uploads\/2017\/08\/esamint426_b_patrickmiara_0-2000x721.jpg\" \/>\n\t<meta property=\"og:image:width\" content=\"2000\" \/>\n\t<meta property=\"og:image:height\" content=\"721\" \/>\n\t<meta property=\"og:image:type\" content=\"image\/jpeg\" \/>\n<meta name=\"author\" content=\"St\u00e9phane Miget\" \/>\n<meta name=\"twitter:card\" content=\"summary_large_image\" \/>\n<meta name=\"twitter:creator\" content=\"@bati_journal\" \/>\n<meta name=\"twitter:site\" content=\"@bati_journal\" \/>\n<meta name=\"twitter:label1\" content=\"\u00c9crit par\" \/>\n\t<meta name=\"twitter:data1\" content=\"St\u00e9phane Miget\" \/>\n\t<meta name=\"twitter:label2\" content=\"Dur\u00e9e de lecture estim\u00e9e\" \/>\n\t<meta name=\"twitter:data2\" content=\"1 minute\" \/>\n<script type=\"application\/ld+json\" class=\"yoast-schema-graph\">{\"@context\":\"https:\\\/\\\/schema.org\",\"@graph\":[{\"@type\":\"Article\",\"@id\":\"https:\\\/\\\/batijournal.com\\\/index.php\\\/habiter-bois-pays-de-loire\\\/96596\\\/#article\",\"isPartOf\":{\"@id\":\"https:\\\/\\\/batijournal.com\\\/index.php\\\/habiter-bois-pays-de-loire\\\/96596\\\/\"},\"author\":{\"name\":\"St\u00e9phane Miget\",\"@id\":\"https:\\\/\\\/batijournal.com\\\/#\\\/schema\\\/person\\\/1dc96ec6957aa1ccb25ebe78bb19f100\"},\"headline\":\"Habiter bois en Pays de la Loire\",\"datePublished\":\"2017-08-17T13:23:52+00:00\",\"mainEntityOfPage\":{\"@id\":\"https:\\\/\\\/batijournal.com\\\/index.php\\\/habiter-bois-pays-de-loire\\\/96596\\\/\"},\"wordCount\":127,\"image\":{\"@id\":\"https:\\\/\\\/batijournal.com\\\/index.php\\\/habiter-bois-pays-de-loire\\\/96596\\\/#primaryimage\"},\"thumbnailUrl\":\"https:\\\/\\\/batijournal.com\\\/wp-content\\\/uploads\\\/2017\\\/08\\\/esamint426_b_patrickmiara_0-2000x721.jpg\",\"articleSection\":[\"Actualit\u00e9s\",\"\u00c9v\u00e9nements\",\"zz_Woodsurfer\"],\"inLanguage\":\"fr-FR\"},{\"@type\":\"WebPage\",\"@id\":\"https:\\\/\\\/batijournal.com\\\/index.php\\\/habiter-bois-pays-de-loire\\\/96596\\\/\",\"url\":\"https:\\\/\\\/batijournal.com\\\/index.php\\\/habiter-bois-pays-de-loire\\\/96596\\\/\",\"name\":\"Habiter bois en Pays de la Loire\",\"isPartOf\":{\"@id\":\"https:\\\/\\\/batijournal.com\\\/#website\"},\"primaryImageOfPage\":{\"@id\":\"https:\\\/\\\/batijournal.com\\\/index.php\\\/habiter-bois-pays-de-loire\\\/96596\\\/#primaryimage\"},\"image\":{\"@id\":\"https:\\\/\\\/batijournal.com\\\/index.php\\\/habiter-bois-pays-de-loire\\\/96596\\\/#primaryimage\"},\"thumbnailUrl\":\"https:\\\/\\\/batijournal.com\\\/wp-content\\\/uploads\\\/2017\\\/08\\\/esamint426_b_patrickmiara_0-2000x721.jpg\",\"datePublished\":\"2017-08-17T13:23:52+00:00\",\"author\":{\"@id\":\"https:\\\/\\\/batijournal.com\\\/#\\\/schema\\\/person\\\/1dc96ec6957aa1ccb25ebe78bb19f100\"},\"breadcrumb\":{\"@id\":\"https:\\\/\\\/batijournal.com\\\/index.php\\\/habiter-bois-pays-de-loire\\\/96596\\\/#breadcrumb\"},\"inLanguage\":\"fr-FR\",\"potentialAction\":[{\"@type\":\"ReadAction\",\"target\":[\"https:\\\/\\\/batijournal.com\\\/index.php\\\/habiter-bois-pays-de-loire\\\/96596\\\/\"]}]},{\"@type\":\"ImageObject\",\"inLanguage\":\"fr-FR\",\"@id\":\"https:\\\/\\\/batijournal.com\\\/index.php\\\/habiter-bois-pays-de-loire\\\/96596\\\/#primaryimage\",\"url\":\"https:\\\/\\\/batijournal.com\\\/wp-content\\\/uploads\\\/2017\\\/08\\\/esamint426_b_patrickmiara_0-2000x721.jpg\",\"contentUrl\":\"https:\\\/\\\/batijournal.com\\\/wp-content\\\/uploads\\\/2017\\\/08\\\/esamint426_b_patrickmiara_0-2000x721.jpg\",\"width\":2000,\"height\":721},{\"@type\":\"BreadcrumbList\",\"@id\":\"https:\\\/\\\/batijournal.com\\\/index.php\\\/habiter-bois-pays-de-loire\\\/96596\\\/#breadcrumb\",\"itemListElement\":[{\"@type\":\"ListItem\",\"position\":1,\"name\":\"Accueil\",\"item\":\"https:\\\/\\\/batijournal.com\\\/\"},{\"@type\":\"ListItem\",\"position\":2,\"name\":\"Actualit\u00e9s\",\"item\":\"https:\\\/\\\/batijournal.com\\\/index.php\\\/category\\\/actualites\\\/\"},{\"@type\":\"ListItem\",\"position\":3,\"name\":\"Habiter bois en Pays de la Loire\"}]},{\"@type\":\"WebSite\",\"@id\":\"https:\\\/\\\/batijournal.com\\\/#website\",\"url\":\"https:\\\/\\\/batijournal.com\\\/\",\"name\":\"Batijournal\",\"description\":\"L&#039;actualit\u00e9 du b\u00e2timent\",\"potentialAction\":[{\"@type\":\"SearchAction\",\"target\":{\"@type\":\"EntryPoint\",\"urlTemplate\":\"https:\\\/\\\/batijournal.com\\\/?s={search_term_string}\"},\"query-input\":{\"@type\":\"PropertyValueSpecification\",\"valueRequired\":true,\"valueName\":\"search_term_string\"}}],\"inLanguage\":\"fr-FR\"},{\"@type\":\"Person\",\"@id\":\"https:\\\/\\\/batijournal.com\\\/#\\\/schema\\\/person\\\/1dc96ec6957aa1ccb25ebe78bb19f100\",\"name\":\"St\u00e9phane Miget\",\"image\":{\"@type\":\"ImageObject\",\"inLanguage\":\"fr-FR\",\"@id\":\"https:\\\/\\\/secure.gravatar.com\\\/avatar\\\/89915563d925342126b8ef0281b93d9d7fc337043e8df017f780908eb9644451?s=96&d=mm&r=g\",\"url\":\"https:\\\/\\\/secure.gravatar.com\\\/avatar\\\/89915563d925342126b8ef0281b93d9d7fc337043e8df017f780908eb9644451?s=96&d=mm&r=g\",\"contentUrl\":\"https:\\\/\\\/secure.gravatar.com\\\/avatar\\\/89915563d925342126b8ef0281b93d9d7fc337043e8df017f780908eb9644451?s=96&d=mm&r=g\",\"caption\":\"St\u00e9phane Miget\"},\"url\":\"https:\\\/\\\/batijournal.com\\\/index.php\\\/author\\\/stephane\\\/\"}]}<\/script>\n<!-- \/ Yoast SEO plugin. -->","yoast_head_json":{"title":"Habiter bois en Pays de la Loire","robots":{"index":"index","follow":"follow","max-snippet":"max-snippet:-1","max-image-preview":"max-image-preview:large","max-video-preview":"max-video-preview:-1"},"canonical":"https:\/\/batijournal.com\/index.php\/habiter-bois-pays-de-loire\/96596\/","og_locale":"fr_FR","og_type":"article","og_title":"Habiter bois en Pays de la Loire","og_description":"Atlanbois, l\u2019interprofession pour la promotion du Bois en Pays de Loire, offre au grand public la possibilit\u00e9 de d\u00e9couvrir les atouts du bois dans la construction dans le cadre du projet \u00ab\u00a0Habiter bois\u00a0\u00bb. Du 15 septembre au 15 octobre 2017, l\u2019\u00e9v\u00e9nement proposera des visites de maisons, extensions, am\u00e9nagements, entreprises sur les 5 d\u00e9partements des Pays [&hellip;]","og_url":"https:\/\/batijournal.com\/index.php\/habiter-bois-pays-de-loire\/96596\/","og_site_name":"Batijournal","article_published_time":"2017-08-17T13:23:52+00:00","og_image":[{"width":2000,"height":721,"url":"https:\/\/batijournal.com\/wp-content\/uploads\/2017\/08\/esamint426_b_patrickmiara_0-2000x721.jpg","type":"image\/jpeg"}],"author":"St\u00e9phane Miget","twitter_card":"summary_large_image","twitter_creator":"@bati_journal","twitter_site":"@bati_journal","twitter_misc":{"\u00c9crit par":"St\u00e9phane Miget","Dur\u00e9e de lecture estim\u00e9e":"1 minute"},"schema":{"@context":"https:\/\/schema.org","@graph":[{"@type":"Article","@id":"https:\/\/batijournal.com\/index.php\/habiter-bois-pays-de-loire\/96596\/#article","isPartOf":{"@id":"https:\/\/batijournal.com\/index.php\/habiter-bois-pays-de-loire\/96596\/"},"author":{"name":"St\u00e9phane Miget","@id":"https:\/\/batijournal.com\/#\/schema\/person\/1dc96ec6957aa1ccb25ebe78bb19f100"},"headline":"Habiter bois en Pays de la Loire","datePublished":"2017-08-17T13:23:52+00:00","mainEntityOfPage":{"@id":"https:\/\/batijournal.com\/index.php\/habiter-bois-pays-de-loire\/96596\/"},"wordCount":127,"image":{"@id":"https:\/\/batijournal.com\/index.php\/habiter-bois-pays-de-loire\/96596\/#primaryimage"},"thumbnailUrl":"https:\/\/batijournal.com\/wp-content\/uploads\/2017\/08\/esamint426_b_patrickmiara_0-2000x721.jpg","articleSection":["Actualit\u00e9s","\u00c9v\u00e9nements","zz_Woodsurfer"],"inLanguage":"fr-FR"},{"@type":"WebPage","@id":"https:\/\/batijournal.com\/index.php\/habiter-bois-pays-de-loire\/96596\/","url":"https:\/\/batijournal.com\/index.php\/habiter-bois-pays-de-loire\/96596\/","name":"Habiter bois en Pays de la Loire","isPartOf":{"@id":"https:\/\/batijournal.com\/#website"},"primaryImageOfPage":{"@id":"https:\/\/batijournal.com\/index.php\/habiter-bois-pays-de-loire\/96596\/#primaryimage"},"image":{"@id":"https:\/\/batijournal.com\/index.php\/habiter-bois-pays-de-loire\/96596\/#primaryimage"},"thumbnailUrl":"https:\/\/batijournal.com\/wp-content\/uploads\/2017\/08\/esamint426_b_patrickmiara_0-2000x721.jpg","datePublished":"2017-08-17T13:23:52+00:00","author":{"@id":"https:\/\/batijournal.com\/#\/schema\/person\/1dc96ec6957aa1ccb25ebe78bb19f100"},"breadcrumb":{"@id":"https:\/\/batijournal.com\/index.php\/habiter-bois-pays-de-loire\/96596\/#breadcrumb"},"inLanguage":"fr-FR","potentialAction":[{"@type":"ReadAction","target":["https:\/\/batijournal.com\/index.php\/habiter-bois-pays-de-loire\/96596\/"]}]},{"@type":"ImageObject","inLanguage":"fr-FR","@id":"https:\/\/batijournal.com\/index.php\/habiter-bois-pays-de-loire\/96596\/#primaryimage","url":"https:\/\/batijournal.com\/wp-content\/uploads\/2017\/08\/esamint426_b_patrickmiara_0-2000x721.jpg","contentUrl":"https:\/\/batijournal.com\/wp-content\/uploads\/2017\/08\/esamint426_b_patrickmiara_0-2000x721.jpg","width":2000,"height":721},{"@type":"BreadcrumbList","@id":"https:\/\/batijournal.com\/index.php\/habiter-bois-pays-de-loire\/96596\/#breadcrumb","itemListElement":[{"@type":"ListItem","position":1,"name":"Accueil","item":"https:\/\/batijournal.com\/"},{"@type":"ListItem","position":2,"name":"Actualit\u00e9s","item":"https:\/\/batijournal.com\/index.php\/category\/actualites\/"},{"@type":"ListItem","position":3,"name":"Habiter bois en Pays de la Loire"}]},{"@type":"WebSite","@id":"https:\/\/batijournal.com\/#website","url":"https:\/\/batijournal.com\/","name":"Batijournal","description":"L&#039;actualit\u00e9 du b\u00e2timent","potentialAction":[{"@type":"SearchAction","target":{"@type":"EntryPoint","urlTemplate":"https:\/\/batijournal.com\/?s={search_term_string}"},"query-input":{"@type":"PropertyValueSpecification","valueRequired":true,"valueName":"search_term_string"}}],"inLanguage":"fr-FR"},{"@type":"Person","@id":"https:\/\/batijournal.com\/#\/schema\/person\/1dc96ec6957aa1ccb25ebe78bb19f100","name":"St\u00e9phane Miget","image":{"@type":"ImageObject","inLanguage":"fr-FR","@id":"https:\/\/secure.gravatar.com\/avatar\/89915563d925342126b8ef0281b93d9d7fc337043e8df017f780908eb9644451?s=96&d=mm&r=g","url":"https:\/\/secure.gravatar.com\/avatar\/89915563d925342126b8ef0281b93d9d7fc337043e8df017f780908eb9644451?s=96&d=mm&r=g","contentUrl":"https:\/\/secure.gravatar.com\/avatar\/89915563d925342126b8ef0281b93d9d7fc337043e8df017f780908eb9644451?s=96&d=mm&r=g","caption":"St\u00e9phane Miget"},"url":"https:\/\/batijournal.com\/index.php\/author\/stephane\/"}]}},"_links":{"self":[{"href":"https:\/\/batijournal.com\/index.php\/wp-json\/wp\/v2\/posts\/96596","targetHints":{"allow":["GET"]}}],"collection":[{"href":"https:\/\/batijournal.com\/index.php\/wp-json\/wp\/v2\/posts"}],"about":[{"href":"https:\/\/batijournal.com\/index.php\/wp-json\/wp\/v2\/types\/post"}],"author":[{"embeddable":true,"href":"https:\/\/batijournal.com\/index.php\/wp-json\/wp\/v2\/users\/17"}],"replies":[{"embeddable":true,"href":"https:\/\/batijournal.com\/index.php\/wp-json\/wp\/v2\/comments?post=96596"}],"version-history":[{"count":0,"href":"https:\/\/batijournal.com\/index.php\/wp-json\/wp\/v2\/posts\/96596\/revisions"}],"wp:featuredmedia":[{"embeddable":true,"href":"https:\/\/batijournal.com\/index.php\/wp-json\/wp\/v2\/media\/96599"}],"wp:attachment":[{"href":"https:\/\/batijournal.com\/index.php\/wp-json\/wp\/v2\/media?parent=96596"}],"wp:term":[{"taxonomy":"category","embeddable":true,"href":"https:\/\/batijournal.com\/index.php\/wp-json\/wp\/v2\/categories?post=96596"},{"taxonomy":"post_tag","embeddable":true,"href":"https:\/\/batijournal.com\/index.php\/wp-json\/wp\/v2\/tags?post=96596"}],"curies":[{"name":"wp","href":"https:\/\/api.w.org\/{rel}","templated":true}]}}