{"id":96602,"date":"2017-08-22T09:52:33","date_gmt":"2017-08-22T07:52:33","guid":{"rendered":"http:\/\/batijournal.com\/?p=96602"},"modified":"2019-07-15T12:02:02","modified_gmt":"2019-07-15T10:02:02","slug":"diminution-de-consommation-denergie-logements-contrebalancee-plusieurs-facteurs","status":"publish","type":"post","link":"https:\/\/batijournal.com\/index.php\/diminution-de-consommation-denergie-logements-contrebalancee-plusieurs-facteurs\/96602\/","title":{"rendered":"La diminution de la consommation d&rsquo;\u00e9nergie des logements contrebalanc\u00e9e par plusieurs facteurs"},"content":{"rendered":"<p>Une synth\u00e8se du Commissariat g\u00e9n\u00e9ral au d\u00e9veloppement durable fait le point sur l&rsquo;ef cacit\u00e9 \u00e9nerg\u00e9tique en France entre 2000 et 2016 sur plusieurs secteurs. Pour le r\u00e9sidentiel, elle montre que la consommation d\u2019\u00e9nergie a diminu\u00e9 de 0,1 % par an en moyenne entre 2000 et 2015. La baisse de la consommation par m\u00e8tre carr\u00e9 est de &#8211; 1,4 % par an, gr\u00e2ce aux meilleures performances thermiques des nouveaux logements et aux efforts de r\u00e9novation des logements existants. Plusieurs facteurs mod\u00e8rent ce gain et contribuent, \u00e0 l&rsquo;inverse, \u00e0 accro\u00eetre les besoins en \u00e9nergie : la hausse de la population (+ 0,6 % par an), la hausse du nombre de logements par habitant (+ 0,4 % par an) et la hausse de la surface moyenne des logements (+ 0,3 % par an).<\/p>\n<p>&nbsp;<\/p>\n","protected":false},"excerpt":{"rendered":"<p>Une synth\u00e8se du Commissariat g\u00e9n\u00e9ral au d\u00e9veloppement durable fait le point sur l&rsquo;ef cacit\u00e9 \u00e9nerg\u00e9tique en France entre 2000 et 2016 sur plusieurs secteurs. Pour le r\u00e9sidentiel, elle montre que la consommation d\u2019\u00e9nergie a diminu\u00e9 de 0,1 % par an en moyenne entre 2000 et 2015. La baisse de la consommation par m\u00e8tre carr\u00e9 est [&hellip;]<\/p>\n","protected":false},"author":17,"featured_media":96603,"comment_status":"closed","ping_status":"closed","sticky":false,"template":"","format":"standard","meta":{"_et_pb_use_builder":"","_et_pb_old_content":"","_et_gb_content_width":"","footnotes":""},"categories":[10736,10530,6345],"tags":[1683],"class_list":["post-96602","post","type-post","status-publish","format-standard","has-post-thumbnail","hentry","category-a-la-une","category-actualites","category-economie-marches","tag-renovation-energetique"],"yoast_head":"<!-- This site is optimized with the Yoast SEO plugin v27.4 - https:\/\/yoast.com\/product\/yoast-seo-wordpress\/ -->\n<title>La diminution de la consommation d&#039;\u00e9nergie des logements contrebalanc\u00e9e par plusieurs facteurs<\/title>\n<meta name=\"robots\" content=\"index, follow, max-snippet:-1, max-image-preview:large, max-video-preview:-1\" \/>\n<link rel=\"canonical\" href=\"https:\/\/batijournal.com\/index.php\/diminution-de-consommation-denergie-logements-contrebalancee-plusieurs-facteurs\/96602\/\" \/>\n<meta property=\"og:locale\" content=\"fr_FR\" \/>\n<meta property=\"og:type\" content=\"article\" \/>\n<meta property=\"og:title\" content=\"La diminution de la consommation d&#039;\u00e9nergie des logements contrebalanc\u00e9e par plusieurs facteurs\" \/>\n<meta property=\"og:description\" content=\"Une synth\u00e8se du Commissariat g\u00e9n\u00e9ral au d\u00e9veloppement durable fait le point sur l&rsquo;ef cacit\u00e9 \u00e9nerg\u00e9tique en France entre 2000 et 2016 sur plusieurs secteurs. Pour le r\u00e9sidentiel, elle montre que la consommation d\u2019\u00e9nergie a diminu\u00e9 de 0,1 % par an en moyenne entre 2000 et 2015. La baisse de la consommation par m\u00e8tre carr\u00e9 est [&hellip;]\" \/>\n<meta property=\"og:url\" content=\"https:\/\/batijournal.com\/index.php\/diminution-de-consommation-denergie-logements-contrebalancee-plusieurs-facteurs\/96602\/\" \/>\n<meta property=\"og:site_name\" content=\"Batijournal\" \/>\n<meta property=\"article:published_time\" content=\"2017-08-22T07:52:33+00:00\" \/>\n<meta property=\"article:modified_time\" content=\"2019-07-15T10:02:02+00:00\" \/>\n<meta property=\"og:image\" content=\"https:\/\/batijournal.com\/wp-content\/uploads\/2017\/08\/evolution-de-la-consommation-energie-residentielle-en-France.png\" \/>\n\t<meta property=\"og:image:width\" content=\"874\" \/>\n\t<meta property=\"og:image:height\" content=\"609\" \/>\n\t<meta property=\"og:image:type\" content=\"image\/png\" \/>\n<meta name=\"author\" content=\"St\u00e9phane Miget\" \/>\n<meta name=\"twitter:card\" content=\"summary_large_image\" \/>\n<meta name=\"twitter:creator\" content=\"@bati_journal\" \/>\n<meta name=\"twitter:site\" content=\"@bati_journal\" \/>\n<meta name=\"twitter:label1\" content=\"\u00c9crit par\" \/>\n\t<meta name=\"twitter:data1\" content=\"St\u00e9phane Miget\" \/>\n\t<meta name=\"twitter:label2\" content=\"Dur\u00e9e de lecture estim\u00e9e\" \/>\n\t<meta name=\"twitter:data2\" content=\"1 minute\" \/>\n<script type=\"application\/ld+json\" class=\"yoast-schema-graph\">{\"@context\":\"https:\\\/\\\/schema.org\",\"@graph\":[{\"@type\":\"Article\",\"@id\":\"https:\\\/\\\/batijournal.com\\\/index.php\\\/diminution-de-consommation-denergie-logements-contrebalancee-plusieurs-facteurs\\\/96602\\\/#article\",\"isPartOf\":{\"@id\":\"https:\\\/\\\/batijournal.com\\\/index.php\\\/diminution-de-consommation-denergie-logements-contrebalancee-plusieurs-facteurs\\\/96602\\\/\"},\"author\":{\"name\":\"St\u00e9phane Miget\",\"@id\":\"https:\\\/\\\/batijournal.com\\\/#\\\/schema\\\/person\\\/1dc96ec6957aa1ccb25ebe78bb19f100\"},\"headline\":\"La diminution de la consommation d&rsquo;\u00e9nergie des logements contrebalanc\u00e9e par plusieurs facteurs\",\"datePublished\":\"2017-08-22T07:52:33+00:00\",\"dateModified\":\"2019-07-15T10:02:02+00:00\",\"mainEntityOfPage\":{\"@id\":\"https:\\\/\\\/batijournal.com\\\/index.php\\\/diminution-de-consommation-denergie-logements-contrebalancee-plusieurs-facteurs\\\/96602\\\/\"},\"wordCount\":139,\"image\":{\"@id\":\"https:\\\/\\\/batijournal.com\\\/index.php\\\/diminution-de-consommation-denergie-logements-contrebalancee-plusieurs-facteurs\\\/96602\\\/#primaryimage\"},\"thumbnailUrl\":\"https:\\\/\\\/batijournal.com\\\/wp-content\\\/uploads\\\/2017\\\/08\\\/evolution-de-la-consommation-energie-residentielle-en-France.png\",\"keywords\":[\"renovation energetique\"],\"articleSection\":[\"A la Une\",\"Actualit\u00e9s\",\"\u00c9conomie &amp; March\u00e9s\"],\"inLanguage\":\"fr-FR\"},{\"@type\":\"WebPage\",\"@id\":\"https:\\\/\\\/batijournal.com\\\/index.php\\\/diminution-de-consommation-denergie-logements-contrebalancee-plusieurs-facteurs\\\/96602\\\/\",\"url\":\"https:\\\/\\\/batijournal.com\\\/index.php\\\/diminution-de-consommation-denergie-logements-contrebalancee-plusieurs-facteurs\\\/96602\\\/\",\"name\":\"La diminution de la consommation d'\u00e9nergie des logements contrebalanc\u00e9e par plusieurs facteurs\",\"isPartOf\":{\"@id\":\"https:\\\/\\\/batijournal.com\\\/#website\"},\"primaryImageOfPage\":{\"@id\":\"https:\\\/\\\/batijournal.com\\\/index.php\\\/diminution-de-consommation-denergie-logements-contrebalancee-plusieurs-facteurs\\\/96602\\\/#primaryimage\"},\"image\":{\"@id\":\"https:\\\/\\\/batijournal.com\\\/index.php\\\/diminution-de-consommation-denergie-logements-contrebalancee-plusieurs-facteurs\\\/96602\\\/#primaryimage\"},\"thumbnailUrl\":\"https:\\\/\\\/batijournal.com\\\/wp-content\\\/uploads\\\/2017\\\/08\\\/evolution-de-la-consommation-energie-residentielle-en-France.png\",\"datePublished\":\"2017-08-22T07:52:33+00:00\",\"dateModified\":\"2019-07-15T10:02:02+00:00\",\"author\":{\"@id\":\"https:\\\/\\\/batijournal.com\\\/#\\\/schema\\\/person\\\/1dc96ec6957aa1ccb25ebe78bb19f100\"},\"breadcrumb\":{\"@id\":\"https:\\\/\\\/batijournal.com\\\/index.php\\\/diminution-de-consommation-denergie-logements-contrebalancee-plusieurs-facteurs\\\/96602\\\/#breadcrumb\"},\"inLanguage\":\"fr-FR\",\"potentialAction\":[{\"@type\":\"ReadAction\",\"target\":[\"https:\\\/\\\/batijournal.com\\\/index.php\\\/diminution-de-consommation-denergie-logements-contrebalancee-plusieurs-facteurs\\\/96602\\\/\"]}]},{\"@type\":\"ImageObject\",\"inLanguage\":\"fr-FR\",\"@id\":\"https:\\\/\\\/batijournal.com\\\/index.php\\\/diminution-de-consommation-denergie-logements-contrebalancee-plusieurs-facteurs\\\/96602\\\/#primaryimage\",\"url\":\"https:\\\/\\\/batijournal.com\\\/wp-content\\\/uploads\\\/2017\\\/08\\\/evolution-de-la-consommation-energie-residentielle-en-France.png\",\"contentUrl\":\"https:\\\/\\\/batijournal.com\\\/wp-content\\\/uploads\\\/2017\\\/08\\\/evolution-de-la-consommation-energie-residentielle-en-France.png\",\"width\":874,\"height\":609},{\"@type\":\"BreadcrumbList\",\"@id\":\"https:\\\/\\\/batijournal.com\\\/index.php\\\/diminution-de-consommation-denergie-logements-contrebalancee-plusieurs-facteurs\\\/96602\\\/#breadcrumb\",\"itemListElement\":[{\"@type\":\"ListItem\",\"position\":1,\"name\":\"Accueil\",\"item\":\"https:\\\/\\\/batijournal.com\\\/\"},{\"@type\":\"ListItem\",\"position\":2,\"name\":\"A la Une\",\"item\":\"https:\\\/\\\/batijournal.com\\\/index.php\\\/category\\\/a-la-une\\\/\"},{\"@type\":\"ListItem\",\"position\":3,\"name\":\"La diminution de la consommation d&rsquo;\u00e9nergie des logements contrebalanc\u00e9e par plusieurs facteurs\"}]},{\"@type\":\"WebSite\",\"@id\":\"https:\\\/\\\/batijournal.com\\\/#website\",\"url\":\"https:\\\/\\\/batijournal.com\\\/\",\"name\":\"Batijournal\",\"description\":\"L&#039;actualit\u00e9 du b\u00e2timent\",\"potentialAction\":[{\"@type\":\"SearchAction\",\"target\":{\"@type\":\"EntryPoint\",\"urlTemplate\":\"https:\\\/\\\/batijournal.com\\\/?s={search_term_string}\"},\"query-input\":{\"@type\":\"PropertyValueSpecification\",\"valueRequired\":true,\"valueName\":\"search_term_string\"}}],\"inLanguage\":\"fr-FR\"},{\"@type\":\"Person\",\"@id\":\"https:\\\/\\\/batijournal.com\\\/#\\\/schema\\\/person\\\/1dc96ec6957aa1ccb25ebe78bb19f100\",\"name\":\"St\u00e9phane Miget\",\"image\":{\"@type\":\"ImageObject\",\"inLanguage\":\"fr-FR\",\"@id\":\"https:\\\/\\\/secure.gravatar.com\\\/avatar\\\/89915563d925342126b8ef0281b93d9d7fc337043e8df017f780908eb9644451?s=96&d=mm&r=g\",\"url\":\"https:\\\/\\\/secure.gravatar.com\\\/avatar\\\/89915563d925342126b8ef0281b93d9d7fc337043e8df017f780908eb9644451?s=96&d=mm&r=g\",\"contentUrl\":\"https:\\\/\\\/secure.gravatar.com\\\/avatar\\\/89915563d925342126b8ef0281b93d9d7fc337043e8df017f780908eb9644451?s=96&d=mm&r=g\",\"caption\":\"St\u00e9phane Miget\"},\"url\":\"https:\\\/\\\/batijournal.com\\\/index.php\\\/author\\\/stephane\\\/\"}]}<\/script>\n<!-- \/ Yoast SEO plugin. -->","yoast_head_json":{"title":"La diminution de la consommation d'\u00e9nergie des logements contrebalanc\u00e9e par plusieurs facteurs","robots":{"index":"index","follow":"follow","max-snippet":"max-snippet:-1","max-image-preview":"max-image-preview:large","max-video-preview":"max-video-preview:-1"},"canonical":"https:\/\/batijournal.com\/index.php\/diminution-de-consommation-denergie-logements-contrebalancee-plusieurs-facteurs\/96602\/","og_locale":"fr_FR","og_type":"article","og_title":"La diminution de la consommation d'\u00e9nergie des logements contrebalanc\u00e9e par plusieurs facteurs","og_description":"Une synth\u00e8se du Commissariat g\u00e9n\u00e9ral au d\u00e9veloppement durable fait le point sur l&rsquo;ef cacit\u00e9 \u00e9nerg\u00e9tique en France entre 2000 et 2016 sur plusieurs secteurs. Pour le r\u00e9sidentiel, elle montre que la consommation d\u2019\u00e9nergie a diminu\u00e9 de 0,1 % par an en moyenne entre 2000 et 2015. La baisse de la consommation par m\u00e8tre carr\u00e9 est [&hellip;]","og_url":"https:\/\/batijournal.com\/index.php\/diminution-de-consommation-denergie-logements-contrebalancee-plusieurs-facteurs\/96602\/","og_site_name":"Batijournal","article_published_time":"2017-08-22T07:52:33+00:00","article_modified_time":"2019-07-15T10:02:02+00:00","og_image":[{"width":874,"height":609,"url":"https:\/\/batijournal.com\/wp-content\/uploads\/2017\/08\/evolution-de-la-consommation-energie-residentielle-en-France.png","type":"image\/png"}],"author":"St\u00e9phane Miget","twitter_card":"summary_large_image","twitter_creator":"@bati_journal","twitter_site":"@bati_journal","twitter_misc":{"\u00c9crit par":"St\u00e9phane Miget","Dur\u00e9e de lecture estim\u00e9e":"1 minute"},"schema":{"@context":"https:\/\/schema.org","@graph":[{"@type":"Article","@id":"https:\/\/batijournal.com\/index.php\/diminution-de-consommation-denergie-logements-contrebalancee-plusieurs-facteurs\/96602\/#article","isPartOf":{"@id":"https:\/\/batijournal.com\/index.php\/diminution-de-consommation-denergie-logements-contrebalancee-plusieurs-facteurs\/96602\/"},"author":{"name":"St\u00e9phane Miget","@id":"https:\/\/batijournal.com\/#\/schema\/person\/1dc96ec6957aa1ccb25ebe78bb19f100"},"headline":"La diminution de la consommation d&rsquo;\u00e9nergie des logements contrebalanc\u00e9e par plusieurs facteurs","datePublished":"2017-08-22T07:52:33+00:00","dateModified":"2019-07-15T10:02:02+00:00","mainEntityOfPage":{"@id":"https:\/\/batijournal.com\/index.php\/diminution-de-consommation-denergie-logements-contrebalancee-plusieurs-facteurs\/96602\/"},"wordCount":139,"image":{"@id":"https:\/\/batijournal.com\/index.php\/diminution-de-consommation-denergie-logements-contrebalancee-plusieurs-facteurs\/96602\/#primaryimage"},"thumbnailUrl":"https:\/\/batijournal.com\/wp-content\/uploads\/2017\/08\/evolution-de-la-consommation-energie-residentielle-en-France.png","keywords":["renovation energetique"],"articleSection":["A la Une","Actualit\u00e9s","\u00c9conomie &amp; March\u00e9s"],"inLanguage":"fr-FR"},{"@type":"WebPage","@id":"https:\/\/batijournal.com\/index.php\/diminution-de-consommation-denergie-logements-contrebalancee-plusieurs-facteurs\/96602\/","url":"https:\/\/batijournal.com\/index.php\/diminution-de-consommation-denergie-logements-contrebalancee-plusieurs-facteurs\/96602\/","name":"La diminution de la consommation d'\u00e9nergie des logements contrebalanc\u00e9e par plusieurs facteurs","isPartOf":{"@id":"https:\/\/batijournal.com\/#website"},"primaryImageOfPage":{"@id":"https:\/\/batijournal.com\/index.php\/diminution-de-consommation-denergie-logements-contrebalancee-plusieurs-facteurs\/96602\/#primaryimage"},"image":{"@id":"https:\/\/batijournal.com\/index.php\/diminution-de-consommation-denergie-logements-contrebalancee-plusieurs-facteurs\/96602\/#primaryimage"},"thumbnailUrl":"https:\/\/batijournal.com\/wp-content\/uploads\/2017\/08\/evolution-de-la-consommation-energie-residentielle-en-France.png","datePublished":"2017-08-22T07:52:33+00:00","dateModified":"2019-07-15T10:02:02+00:00","author":{"@id":"https:\/\/batijournal.com\/#\/schema\/person\/1dc96ec6957aa1ccb25ebe78bb19f100"},"breadcrumb":{"@id":"https:\/\/batijournal.com\/index.php\/diminution-de-consommation-denergie-logements-contrebalancee-plusieurs-facteurs\/96602\/#breadcrumb"},"inLanguage":"fr-FR","potentialAction":[{"@type":"ReadAction","target":["https:\/\/batijournal.com\/index.php\/diminution-de-consommation-denergie-logements-contrebalancee-plusieurs-facteurs\/96602\/"]}]},{"@type":"ImageObject","inLanguage":"fr-FR","@id":"https:\/\/batijournal.com\/index.php\/diminution-de-consommation-denergie-logements-contrebalancee-plusieurs-facteurs\/96602\/#primaryimage","url":"https:\/\/batijournal.com\/wp-content\/uploads\/2017\/08\/evolution-de-la-consommation-energie-residentielle-en-France.png","contentUrl":"https:\/\/batijournal.com\/wp-content\/uploads\/2017\/08\/evolution-de-la-consommation-energie-residentielle-en-France.png","width":874,"height":609},{"@type":"BreadcrumbList","@id":"https:\/\/batijournal.com\/index.php\/diminution-de-consommation-denergie-logements-contrebalancee-plusieurs-facteurs\/96602\/#breadcrumb","itemListElement":[{"@type":"ListItem","position":1,"name":"Accueil","item":"https:\/\/batijournal.com\/"},{"@type":"ListItem","position":2,"name":"A la Une","item":"https:\/\/batijournal.com\/index.php\/category\/a-la-une\/"},{"@type":"ListItem","position":3,"name":"La diminution de la consommation d&rsquo;\u00e9nergie des logements contrebalanc\u00e9e par plusieurs facteurs"}]},{"@type":"WebSite","@id":"https:\/\/batijournal.com\/#website","url":"https:\/\/batijournal.com\/","name":"Batijournal","description":"L&#039;actualit\u00e9 du b\u00e2timent","potentialAction":[{"@type":"SearchAction","target":{"@type":"EntryPoint","urlTemplate":"https:\/\/batijournal.com\/?s={search_term_string}"},"query-input":{"@type":"PropertyValueSpecification","valueRequired":true,"valueName":"search_term_string"}}],"inLanguage":"fr-FR"},{"@type":"Person","@id":"https:\/\/batijournal.com\/#\/schema\/person\/1dc96ec6957aa1ccb25ebe78bb19f100","name":"St\u00e9phane Miget","image":{"@type":"ImageObject","inLanguage":"fr-FR","@id":"https:\/\/secure.gravatar.com\/avatar\/89915563d925342126b8ef0281b93d9d7fc337043e8df017f780908eb9644451?s=96&d=mm&r=g","url":"https:\/\/secure.gravatar.com\/avatar\/89915563d925342126b8ef0281b93d9d7fc337043e8df017f780908eb9644451?s=96&d=mm&r=g","contentUrl":"https:\/\/secure.gravatar.com\/avatar\/89915563d925342126b8ef0281b93d9d7fc337043e8df017f780908eb9644451?s=96&d=mm&r=g","caption":"St\u00e9phane Miget"},"url":"https:\/\/batijournal.com\/index.php\/author\/stephane\/"}]}},"_links":{"self":[{"href":"https:\/\/batijournal.com\/index.php\/wp-json\/wp\/v2\/posts\/96602","targetHints":{"allow":["GET"]}}],"collection":[{"href":"https:\/\/batijournal.com\/index.php\/wp-json\/wp\/v2\/posts"}],"about":[{"href":"https:\/\/batijournal.com\/index.php\/wp-json\/wp\/v2\/types\/post"}],"author":[{"embeddable":true,"href":"https:\/\/batijournal.com\/index.php\/wp-json\/wp\/v2\/users\/17"}],"replies":[{"embeddable":true,"href":"https:\/\/batijournal.com\/index.php\/wp-json\/wp\/v2\/comments?post=96602"}],"version-history":[{"count":0,"href":"https:\/\/batijournal.com\/index.php\/wp-json\/wp\/v2\/posts\/96602\/revisions"}],"wp:featuredmedia":[{"embeddable":true,"href":"https:\/\/batijournal.com\/index.php\/wp-json\/wp\/v2\/media\/96603"}],"wp:attachment":[{"href":"https:\/\/batijournal.com\/index.php\/wp-json\/wp\/v2\/media?parent=96602"}],"wp:term":[{"taxonomy":"category","embeddable":true,"href":"https:\/\/batijournal.com\/index.php\/wp-json\/wp\/v2\/categories?post=96602"},{"taxonomy":"post_tag","embeddable":true,"href":"https:\/\/batijournal.com\/index.php\/wp-json\/wp\/v2\/tags?post=96602"}],"curies":[{"name":"wp","href":"https:\/\/api.w.org\/{rel}","templated":true}]}}