{"id":96604,"date":"2017-08-22T10:01:44","date_gmt":"2017-08-22T08:01:44","guid":{"rendered":"http:\/\/batijournal.com\/?p=96604"},"modified":"2019-07-15T12:10:52","modified_gmt":"2019-07-15T10:10:52","slug":"ecosysteme-de-5-m-de-diametre-presente-a-bordeaux","status":"publish","type":"post","link":"https:\/\/batijournal.com\/index.php\/ecosysteme-de-5-m-de-diametre-presente-a-bordeaux\/96604\/","title":{"rendered":"Un \u00e9cosyst\u00e8me de 5 m de diam\u00e8tre pr\u00e9sent\u00e9 \u00e0 Bordeaux"},"content":{"rendered":"<p>Lors de l&rsquo;AGORA biennale de Bordeaux architecture-urbanisme-design, le collectif Breathe.earth va pr\u00e9senter son pavillon mobile \u00ab Airship.01 : Kulturwald \u00bb, une installation mobile de paysage-climat cr\u00e9\u00e9e pour l\u2019Agence Nationale Autrichienne du Tourisme \u00e0 Milan. Airship01 est une for\u00eat circulaire d\u2019environ 5 m\u00e8tres de diam\u00e8tre, \u00e9quip\u00e9e d\u2019une ventilation et d\u2019un syst\u00e8me d\u2019eau vaporis\u00e9e, envelopp\u00e9e d\u2019une membrane vierge et brillante. En entrant dans l\u2019installation, les visiteurs exposent leurs corps \u00e0 une exp\u00e9rience sensuelle dense et peuvent se rafra\u00eechir au milieu d\u2019une clairi\u00e8re arbor\u00e9e, ouverte au ciel \u2013 en plein c\u0153ur de ville. La nuit venue, la membrane translucide devient \u00e9clatante. Les arbres, arbustes et feuilles de la for\u00eat int\u00e9rieure apparaissent \u00e0 la surface. De jour, la membrane m\u00e9tallique refl\u00e8te les rayons du soleil et cr\u00e9e ainsi une atmosph\u00e8re int\u00e9rieure fra\u00eeche, dans laquelle une s\u00e9lection d\u2019\u00e9cotypes Autrichiens en contact avec l\u2019installation climatique cr\u00e9ent une exp\u00e9rience sensuelle unique. Le syst\u00e8me fonctionne de mani\u00e8re autonome et peut \u00eatre mont\u00e9 en tout lieu en deux jours. Installation sur le parvis du Hangar 14 \u00e0 Bordeaux, du 20 au 24 septembre 2017, de 10 heures \u00e0 21 heures.<\/p>\n<p>&nbsp;<\/p>\n<p><a href=\"http:\/\/www.agorabordeaux.fr\/programmes\/airship-01-une-foret-culturelle\" target=\"_blank\" rel=\"noopener noreferrer\">www.agorabordeaux.fr\/programmes\/airship-01-une-foret-culturelle<\/a><\/p>\n<p>&nbsp;<\/p>\n<p>Photo : Airship 01.Kulturwald in Milan, 2016 designed by Breathe Earth Collective &#8211; \u00a9 Michelle Novaga<\/p>\n<p>&nbsp;<\/p>\n","protected":false},"excerpt":{"rendered":"<p>Lors de l&rsquo;AGORA biennale de Bordeaux architecture-urbanisme-design, le collectif Breathe.earth va pr\u00e9senter son pavillon mobile \u00ab Airship.01 : Kulturwald \u00bb, une installation mobile de paysage-climat cr\u00e9\u00e9e pour l\u2019Agence Nationale Autrichienne du Tourisme \u00e0 Milan. Airship01 est une for\u00eat circulaire d\u2019environ 5 m\u00e8tres de diam\u00e8tre, \u00e9quip\u00e9e d\u2019une ventilation et d\u2019un syst\u00e8me d\u2019eau vaporis\u00e9e, envelopp\u00e9e d\u2019une membrane [&hellip;]<\/p>\n","protected":false},"author":17,"featured_media":96605,"comment_status":"closed","ping_status":"closed","sticky":false,"template":"","format":"standard","meta":{"_et_pb_use_builder":"","_et_pb_old_content":"","_et_gb_content_width":"","footnotes":""},"categories":[10530,6340],"tags":[],"class_list":["post-96604","post","type-post","status-publish","format-standard","has-post-thumbnail","hentry","category-actualites","category-architecture-conception"],"yoast_head":"<!-- This site is optimized with the Yoast SEO plugin v27.4 - https:\/\/yoast.com\/product\/yoast-seo-wordpress\/ -->\n<title>Un \u00e9cosyst\u00e8me de 5 m de diam\u00e8tre pr\u00e9sent\u00e9 \u00e0 Bordeaux<\/title>\n<meta name=\"robots\" content=\"index, follow, max-snippet:-1, max-image-preview:large, max-video-preview:-1\" \/>\n<link rel=\"canonical\" href=\"https:\/\/batijournal.com\/index.php\/ecosysteme-de-5-m-de-diametre-presente-a-bordeaux\/96604\/\" \/>\n<meta property=\"og:locale\" content=\"fr_FR\" \/>\n<meta property=\"og:type\" content=\"article\" \/>\n<meta property=\"og:title\" content=\"Un \u00e9cosyst\u00e8me de 5 m de diam\u00e8tre pr\u00e9sent\u00e9 \u00e0 Bordeaux\" \/>\n<meta property=\"og:description\" content=\"Lors de l&rsquo;AGORA biennale de Bordeaux architecture-urbanisme-design, le collectif Breathe.earth va pr\u00e9senter son pavillon mobile \u00ab Airship.01 : Kulturwald \u00bb, une installation mobile de paysage-climat cr\u00e9\u00e9e pour l\u2019Agence Nationale Autrichienne du Tourisme \u00e0 Milan. Airship01 est une for\u00eat circulaire d\u2019environ 5 m\u00e8tres de diam\u00e8tre, \u00e9quip\u00e9e d\u2019une ventilation et d\u2019un syst\u00e8me d\u2019eau vaporis\u00e9e, envelopp\u00e9e d\u2019une membrane [&hellip;]\" \/>\n<meta property=\"og:url\" content=\"https:\/\/batijournal.com\/index.php\/ecosysteme-de-5-m-de-diametre-presente-a-bordeaux\/96604\/\" \/>\n<meta property=\"og:site_name\" content=\"Batijournal\" \/>\n<meta property=\"article:published_time\" content=\"2017-08-22T08:01:44+00:00\" \/>\n<meta property=\"article:modified_time\" content=\"2019-07-15T10:10:52+00:00\" \/>\n<meta property=\"og:image\" content=\"https:\/\/batijournal.com\/wp-content\/uploads\/2017\/08\/Airship-01-Kulturwald.png\" \/>\n\t<meta property=\"og:image:width\" content=\"584\" \/>\n\t<meta property=\"og:image:height\" content=\"486\" \/>\n\t<meta property=\"og:image:type\" content=\"image\/png\" \/>\n<meta name=\"author\" content=\"St\u00e9phane Miget\" \/>\n<meta name=\"twitter:card\" content=\"summary_large_image\" \/>\n<meta name=\"twitter:creator\" content=\"@bati_journal\" \/>\n<meta name=\"twitter:site\" content=\"@bati_journal\" \/>\n<meta name=\"twitter:label1\" content=\"\u00c9crit par\" \/>\n\t<meta name=\"twitter:data1\" content=\"St\u00e9phane Miget\" \/>\n\t<meta name=\"twitter:label2\" content=\"Dur\u00e9e de lecture estim\u00e9e\" \/>\n\t<meta name=\"twitter:data2\" content=\"1 minute\" \/>\n<script type=\"application\/ld+json\" class=\"yoast-schema-graph\">{\"@context\":\"https:\\\/\\\/schema.org\",\"@graph\":[{\"@type\":\"Article\",\"@id\":\"https:\\\/\\\/batijournal.com\\\/index.php\\\/ecosysteme-de-5-m-de-diametre-presente-a-bordeaux\\\/96604\\\/#article\",\"isPartOf\":{\"@id\":\"https:\\\/\\\/batijournal.com\\\/index.php\\\/ecosysteme-de-5-m-de-diametre-presente-a-bordeaux\\\/96604\\\/\"},\"author\":{\"name\":\"St\u00e9phane Miget\",\"@id\":\"https:\\\/\\\/batijournal.com\\\/#\\\/schema\\\/person\\\/1dc96ec6957aa1ccb25ebe78bb19f100\"},\"headline\":\"Un \u00e9cosyst\u00e8me de 5 m de diam\u00e8tre pr\u00e9sent\u00e9 \u00e0 Bordeaux\",\"datePublished\":\"2017-08-22T08:01:44+00:00\",\"dateModified\":\"2019-07-15T10:10:52+00:00\",\"mainEntityOfPage\":{\"@id\":\"https:\\\/\\\/batijournal.com\\\/index.php\\\/ecosysteme-de-5-m-de-diametre-presente-a-bordeaux\\\/96604\\\/\"},\"wordCount\":237,\"image\":{\"@id\":\"https:\\\/\\\/batijournal.com\\\/index.php\\\/ecosysteme-de-5-m-de-diametre-presente-a-bordeaux\\\/96604\\\/#primaryimage\"},\"thumbnailUrl\":\"https:\\\/\\\/batijournal.com\\\/wp-content\\\/uploads\\\/2017\\\/08\\\/Airship-01-Kulturwald.png\",\"articleSection\":[\"Actualit\u00e9s\",\"Architecture &amp; Conception\"],\"inLanguage\":\"fr-FR\"},{\"@type\":\"WebPage\",\"@id\":\"https:\\\/\\\/batijournal.com\\\/index.php\\\/ecosysteme-de-5-m-de-diametre-presente-a-bordeaux\\\/96604\\\/\",\"url\":\"https:\\\/\\\/batijournal.com\\\/index.php\\\/ecosysteme-de-5-m-de-diametre-presente-a-bordeaux\\\/96604\\\/\",\"name\":\"Un \u00e9cosyst\u00e8me de 5 m de diam\u00e8tre pr\u00e9sent\u00e9 \u00e0 Bordeaux\",\"isPartOf\":{\"@id\":\"https:\\\/\\\/batijournal.com\\\/#website\"},\"primaryImageOfPage\":{\"@id\":\"https:\\\/\\\/batijournal.com\\\/index.php\\\/ecosysteme-de-5-m-de-diametre-presente-a-bordeaux\\\/96604\\\/#primaryimage\"},\"image\":{\"@id\":\"https:\\\/\\\/batijournal.com\\\/index.php\\\/ecosysteme-de-5-m-de-diametre-presente-a-bordeaux\\\/96604\\\/#primaryimage\"},\"thumbnailUrl\":\"https:\\\/\\\/batijournal.com\\\/wp-content\\\/uploads\\\/2017\\\/08\\\/Airship-01-Kulturwald.png\",\"datePublished\":\"2017-08-22T08:01:44+00:00\",\"dateModified\":\"2019-07-15T10:10:52+00:00\",\"author\":{\"@id\":\"https:\\\/\\\/batijournal.com\\\/#\\\/schema\\\/person\\\/1dc96ec6957aa1ccb25ebe78bb19f100\"},\"breadcrumb\":{\"@id\":\"https:\\\/\\\/batijournal.com\\\/index.php\\\/ecosysteme-de-5-m-de-diametre-presente-a-bordeaux\\\/96604\\\/#breadcrumb\"},\"inLanguage\":\"fr-FR\",\"potentialAction\":[{\"@type\":\"ReadAction\",\"target\":[\"https:\\\/\\\/batijournal.com\\\/index.php\\\/ecosysteme-de-5-m-de-diametre-presente-a-bordeaux\\\/96604\\\/\"]}]},{\"@type\":\"ImageObject\",\"inLanguage\":\"fr-FR\",\"@id\":\"https:\\\/\\\/batijournal.com\\\/index.php\\\/ecosysteme-de-5-m-de-diametre-presente-a-bordeaux\\\/96604\\\/#primaryimage\",\"url\":\"https:\\\/\\\/batijournal.com\\\/wp-content\\\/uploads\\\/2017\\\/08\\\/Airship-01-Kulturwald.png\",\"contentUrl\":\"https:\\\/\\\/batijournal.com\\\/wp-content\\\/uploads\\\/2017\\\/08\\\/Airship-01-Kulturwald.png\",\"width\":584,\"height\":486},{\"@type\":\"BreadcrumbList\",\"@id\":\"https:\\\/\\\/batijournal.com\\\/index.php\\\/ecosysteme-de-5-m-de-diametre-presente-a-bordeaux\\\/96604\\\/#breadcrumb\",\"itemListElement\":[{\"@type\":\"ListItem\",\"position\":1,\"name\":\"Accueil\",\"item\":\"https:\\\/\\\/batijournal.com\\\/\"},{\"@type\":\"ListItem\",\"position\":2,\"name\":\"Actualit\u00e9s\",\"item\":\"https:\\\/\\\/batijournal.com\\\/index.php\\\/category\\\/actualites\\\/\"},{\"@type\":\"ListItem\",\"position\":3,\"name\":\"Un \u00e9cosyst\u00e8me de 5 m de diam\u00e8tre pr\u00e9sent\u00e9 \u00e0 Bordeaux\"}]},{\"@type\":\"WebSite\",\"@id\":\"https:\\\/\\\/batijournal.com\\\/#website\",\"url\":\"https:\\\/\\\/batijournal.com\\\/\",\"name\":\"Batijournal\",\"description\":\"L&#039;actualit\u00e9 du b\u00e2timent\",\"potentialAction\":[{\"@type\":\"SearchAction\",\"target\":{\"@type\":\"EntryPoint\",\"urlTemplate\":\"https:\\\/\\\/batijournal.com\\\/?s={search_term_string}\"},\"query-input\":{\"@type\":\"PropertyValueSpecification\",\"valueRequired\":true,\"valueName\":\"search_term_string\"}}],\"inLanguage\":\"fr-FR\"},{\"@type\":\"Person\",\"@id\":\"https:\\\/\\\/batijournal.com\\\/#\\\/schema\\\/person\\\/1dc96ec6957aa1ccb25ebe78bb19f100\",\"name\":\"St\u00e9phane Miget\",\"image\":{\"@type\":\"ImageObject\",\"inLanguage\":\"fr-FR\",\"@id\":\"https:\\\/\\\/secure.gravatar.com\\\/avatar\\\/89915563d925342126b8ef0281b93d9d7fc337043e8df017f780908eb9644451?s=96&d=mm&r=g\",\"url\":\"https:\\\/\\\/secure.gravatar.com\\\/avatar\\\/89915563d925342126b8ef0281b93d9d7fc337043e8df017f780908eb9644451?s=96&d=mm&r=g\",\"contentUrl\":\"https:\\\/\\\/secure.gravatar.com\\\/avatar\\\/89915563d925342126b8ef0281b93d9d7fc337043e8df017f780908eb9644451?s=96&d=mm&r=g\",\"caption\":\"St\u00e9phane Miget\"},\"url\":\"https:\\\/\\\/batijournal.com\\\/index.php\\\/author\\\/stephane\\\/\"}]}<\/script>\n<!-- \/ Yoast SEO plugin. -->","yoast_head_json":{"title":"Un \u00e9cosyst\u00e8me de 5 m de diam\u00e8tre pr\u00e9sent\u00e9 \u00e0 Bordeaux","robots":{"index":"index","follow":"follow","max-snippet":"max-snippet:-1","max-image-preview":"max-image-preview:large","max-video-preview":"max-video-preview:-1"},"canonical":"https:\/\/batijournal.com\/index.php\/ecosysteme-de-5-m-de-diametre-presente-a-bordeaux\/96604\/","og_locale":"fr_FR","og_type":"article","og_title":"Un \u00e9cosyst\u00e8me de 5 m de diam\u00e8tre pr\u00e9sent\u00e9 \u00e0 Bordeaux","og_description":"Lors de l&rsquo;AGORA biennale de Bordeaux architecture-urbanisme-design, le collectif Breathe.earth va pr\u00e9senter son pavillon mobile \u00ab Airship.01 : Kulturwald \u00bb, une installation mobile de paysage-climat cr\u00e9\u00e9e pour l\u2019Agence Nationale Autrichienne du Tourisme \u00e0 Milan. Airship01 est une for\u00eat circulaire d\u2019environ 5 m\u00e8tres de diam\u00e8tre, \u00e9quip\u00e9e d\u2019une ventilation et d\u2019un syst\u00e8me d\u2019eau vaporis\u00e9e, envelopp\u00e9e d\u2019une membrane [&hellip;]","og_url":"https:\/\/batijournal.com\/index.php\/ecosysteme-de-5-m-de-diametre-presente-a-bordeaux\/96604\/","og_site_name":"Batijournal","article_published_time":"2017-08-22T08:01:44+00:00","article_modified_time":"2019-07-15T10:10:52+00:00","og_image":[{"width":584,"height":486,"url":"https:\/\/batijournal.com\/wp-content\/uploads\/2017\/08\/Airship-01-Kulturwald.png","type":"image\/png"}],"author":"St\u00e9phane Miget","twitter_card":"summary_large_image","twitter_creator":"@bati_journal","twitter_site":"@bati_journal","twitter_misc":{"\u00c9crit par":"St\u00e9phane Miget","Dur\u00e9e de lecture estim\u00e9e":"1 minute"},"schema":{"@context":"https:\/\/schema.org","@graph":[{"@type":"Article","@id":"https:\/\/batijournal.com\/index.php\/ecosysteme-de-5-m-de-diametre-presente-a-bordeaux\/96604\/#article","isPartOf":{"@id":"https:\/\/batijournal.com\/index.php\/ecosysteme-de-5-m-de-diametre-presente-a-bordeaux\/96604\/"},"author":{"name":"St\u00e9phane Miget","@id":"https:\/\/batijournal.com\/#\/schema\/person\/1dc96ec6957aa1ccb25ebe78bb19f100"},"headline":"Un \u00e9cosyst\u00e8me de 5 m de diam\u00e8tre pr\u00e9sent\u00e9 \u00e0 Bordeaux","datePublished":"2017-08-22T08:01:44+00:00","dateModified":"2019-07-15T10:10:52+00:00","mainEntityOfPage":{"@id":"https:\/\/batijournal.com\/index.php\/ecosysteme-de-5-m-de-diametre-presente-a-bordeaux\/96604\/"},"wordCount":237,"image":{"@id":"https:\/\/batijournal.com\/index.php\/ecosysteme-de-5-m-de-diametre-presente-a-bordeaux\/96604\/#primaryimage"},"thumbnailUrl":"https:\/\/batijournal.com\/wp-content\/uploads\/2017\/08\/Airship-01-Kulturwald.png","articleSection":["Actualit\u00e9s","Architecture &amp; Conception"],"inLanguage":"fr-FR"},{"@type":"WebPage","@id":"https:\/\/batijournal.com\/index.php\/ecosysteme-de-5-m-de-diametre-presente-a-bordeaux\/96604\/","url":"https:\/\/batijournal.com\/index.php\/ecosysteme-de-5-m-de-diametre-presente-a-bordeaux\/96604\/","name":"Un \u00e9cosyst\u00e8me de 5 m de diam\u00e8tre pr\u00e9sent\u00e9 \u00e0 Bordeaux","isPartOf":{"@id":"https:\/\/batijournal.com\/#website"},"primaryImageOfPage":{"@id":"https:\/\/batijournal.com\/index.php\/ecosysteme-de-5-m-de-diametre-presente-a-bordeaux\/96604\/#primaryimage"},"image":{"@id":"https:\/\/batijournal.com\/index.php\/ecosysteme-de-5-m-de-diametre-presente-a-bordeaux\/96604\/#primaryimage"},"thumbnailUrl":"https:\/\/batijournal.com\/wp-content\/uploads\/2017\/08\/Airship-01-Kulturwald.png","datePublished":"2017-08-22T08:01:44+00:00","dateModified":"2019-07-15T10:10:52+00:00","author":{"@id":"https:\/\/batijournal.com\/#\/schema\/person\/1dc96ec6957aa1ccb25ebe78bb19f100"},"breadcrumb":{"@id":"https:\/\/batijournal.com\/index.php\/ecosysteme-de-5-m-de-diametre-presente-a-bordeaux\/96604\/#breadcrumb"},"inLanguage":"fr-FR","potentialAction":[{"@type":"ReadAction","target":["https:\/\/batijournal.com\/index.php\/ecosysteme-de-5-m-de-diametre-presente-a-bordeaux\/96604\/"]}]},{"@type":"ImageObject","inLanguage":"fr-FR","@id":"https:\/\/batijournal.com\/index.php\/ecosysteme-de-5-m-de-diametre-presente-a-bordeaux\/96604\/#primaryimage","url":"https:\/\/batijournal.com\/wp-content\/uploads\/2017\/08\/Airship-01-Kulturwald.png","contentUrl":"https:\/\/batijournal.com\/wp-content\/uploads\/2017\/08\/Airship-01-Kulturwald.png","width":584,"height":486},{"@type":"BreadcrumbList","@id":"https:\/\/batijournal.com\/index.php\/ecosysteme-de-5-m-de-diametre-presente-a-bordeaux\/96604\/#breadcrumb","itemListElement":[{"@type":"ListItem","position":1,"name":"Accueil","item":"https:\/\/batijournal.com\/"},{"@type":"ListItem","position":2,"name":"Actualit\u00e9s","item":"https:\/\/batijournal.com\/index.php\/category\/actualites\/"},{"@type":"ListItem","position":3,"name":"Un \u00e9cosyst\u00e8me de 5 m de diam\u00e8tre pr\u00e9sent\u00e9 \u00e0 Bordeaux"}]},{"@type":"WebSite","@id":"https:\/\/batijournal.com\/#website","url":"https:\/\/batijournal.com\/","name":"Batijournal","description":"L&#039;actualit\u00e9 du b\u00e2timent","potentialAction":[{"@type":"SearchAction","target":{"@type":"EntryPoint","urlTemplate":"https:\/\/batijournal.com\/?s={search_term_string}"},"query-input":{"@type":"PropertyValueSpecification","valueRequired":true,"valueName":"search_term_string"}}],"inLanguage":"fr-FR"},{"@type":"Person","@id":"https:\/\/batijournal.com\/#\/schema\/person\/1dc96ec6957aa1ccb25ebe78bb19f100","name":"St\u00e9phane Miget","image":{"@type":"ImageObject","inLanguage":"fr-FR","@id":"https:\/\/secure.gravatar.com\/avatar\/89915563d925342126b8ef0281b93d9d7fc337043e8df017f780908eb9644451?s=96&d=mm&r=g","url":"https:\/\/secure.gravatar.com\/avatar\/89915563d925342126b8ef0281b93d9d7fc337043e8df017f780908eb9644451?s=96&d=mm&r=g","contentUrl":"https:\/\/secure.gravatar.com\/avatar\/89915563d925342126b8ef0281b93d9d7fc337043e8df017f780908eb9644451?s=96&d=mm&r=g","caption":"St\u00e9phane Miget"},"url":"https:\/\/batijournal.com\/index.php\/author\/stephane\/"}]}},"_links":{"self":[{"href":"https:\/\/batijournal.com\/index.php\/wp-json\/wp\/v2\/posts\/96604","targetHints":{"allow":["GET"]}}],"collection":[{"href":"https:\/\/batijournal.com\/index.php\/wp-json\/wp\/v2\/posts"}],"about":[{"href":"https:\/\/batijournal.com\/index.php\/wp-json\/wp\/v2\/types\/post"}],"author":[{"embeddable":true,"href":"https:\/\/batijournal.com\/index.php\/wp-json\/wp\/v2\/users\/17"}],"replies":[{"embeddable":true,"href":"https:\/\/batijournal.com\/index.php\/wp-json\/wp\/v2\/comments?post=96604"}],"version-history":[{"count":0,"href":"https:\/\/batijournal.com\/index.php\/wp-json\/wp\/v2\/posts\/96604\/revisions"}],"wp:featuredmedia":[{"embeddable":true,"href":"https:\/\/batijournal.com\/index.php\/wp-json\/wp\/v2\/media\/96605"}],"wp:attachment":[{"href":"https:\/\/batijournal.com\/index.php\/wp-json\/wp\/v2\/media?parent=96604"}],"wp:term":[{"taxonomy":"category","embeddable":true,"href":"https:\/\/batijournal.com\/index.php\/wp-json\/wp\/v2\/categories?post=96604"},{"taxonomy":"post_tag","embeddable":true,"href":"https:\/\/batijournal.com\/index.php\/wp-json\/wp\/v2\/tags?post=96604"}],"curies":[{"name":"wp","href":"https:\/\/api.w.org\/{rel}","templated":true}]}}