{"id":96611,"date":"2017-08-22T12:06:44","date_gmt":"2017-08-22T10:06:44","guid":{"rendered":"http:\/\/batijournal.com\/?p=96611"},"modified":"2017-08-22T14:41:02","modified_gmt":"2017-08-22T12:41:02","slug":"vibratoire-enjeux-filiere-bois","status":"publish","type":"post","link":"https:\/\/batijournal.com\/index.php\/vibratoire-enjeux-filiere-bois\/96611\/","title":{"rendered":"Le vibratoire\u00a0: les enjeux pour la fili\u00e8re bois"},"content":{"rendered":"<p align=\"LEFT\"><span style=\"color: #000000;\"><span style=\"font-family: Arial, sans-serif;\"><span style=\"font-size: small;\">FCBA organise le 7 d\u00e9cembre 2017 la 3\u00e8me \u00e9dition des rencontres avec les laboratoires bois. Consacr\u00e9 cette fois aux ph\u00e9nom\u00e8nes vibratoires, ce rendez-vous s&rsquo;adresse aux professionnels de la construction, aux prescripteurs, l\u2019emballage, aux am\u00e9nageurs int\u00e9rieurs et \u00e0 l\u2019amont forestier. Les organisateurs rappellent que le vibratoire est un axe de d\u00e9veloppement majeur pour la fili\u00e8re construction tant sur les aspects li\u00e9s \u00e0 la r\u00e9sistance des structures aux s\u00e9ismes que sur les aspects li\u00e9s \u00e0 l\u2019acoustique. Au-del\u00e0 des b\u00e2timents, le vibratoire int\u00e9resse \u00e9galement divers secteurs de la fili\u00e8re bois : c\u2019est le cas de l\u2019am\u00e9nagement int\u00e9rieur, du secteur de l\u2019emballage et des transports de marchandises ainsi que le secteur des machines vibrantes ou bruyantes utilis\u00e9es en sylviculture par exemple.<\/span><\/span><\/span><\/p>\n<p><a href=\"http:\/\/www.fcba.fr\/sites\/default\/files\/files\/vibratoire%20RV.pdf\">Programme et inscriptions<\/a><\/p>\n","protected":false},"excerpt":{"rendered":"<p>FCBA organise le 7 d\u00e9cembre 2017 la 3\u00e8me \u00e9dition des rencontres avec les laboratoires bois. Consacr\u00e9 cette fois aux ph\u00e9nom\u00e8nes vibratoires, ce rendez-vous s&rsquo;adresse aux professionnels de la construction, aux prescripteurs, l\u2019emballage, aux am\u00e9nageurs int\u00e9rieurs et \u00e0 l\u2019amont forestier. Les organisateurs rappellent que le vibratoire est un axe de d\u00e9veloppement majeur pour la fili\u00e8re construction [&hellip;]<\/p>\n","protected":false},"author":17,"featured_media":96616,"comment_status":"closed","ping_status":"closed","sticky":false,"template":"","format":"standard","meta":{"_et_pb_use_builder":"","_et_pb_old_content":"","_et_gb_content_width":"","footnotes":""},"categories":[10530,10764],"tags":[],"class_list":["post-96611","post","type-post","status-publish","format-standard","has-post-thumbnail","hentry","category-actualites","category-woodsurfer"],"yoast_head":"<!-- This site is optimized with the Yoast SEO plugin v27.4 - https:\/\/yoast.com\/product\/yoast-seo-wordpress\/ -->\n<title>Le vibratoire\u00a0: les enjeux pour la fili\u00e8re bois<\/title>\n<meta name=\"robots\" content=\"index, follow, max-snippet:-1, max-image-preview:large, max-video-preview:-1\" \/>\n<link rel=\"canonical\" href=\"https:\/\/batijournal.com\/index.php\/vibratoire-enjeux-filiere-bois\/96611\/\" \/>\n<meta property=\"og:locale\" content=\"fr_FR\" \/>\n<meta property=\"og:type\" content=\"article\" \/>\n<meta property=\"og:title\" content=\"Le vibratoire\u00a0: les enjeux pour la fili\u00e8re bois\" \/>\n<meta property=\"og:description\" content=\"FCBA organise le 7 d\u00e9cembre 2017 la 3\u00e8me \u00e9dition des rencontres avec les laboratoires bois. Consacr\u00e9 cette fois aux ph\u00e9nom\u00e8nes vibratoires, ce rendez-vous s&rsquo;adresse aux professionnels de la construction, aux prescripteurs, l\u2019emballage, aux am\u00e9nageurs int\u00e9rieurs et \u00e0 l\u2019amont forestier. Les organisateurs rappellent que le vibratoire est un axe de d\u00e9veloppement majeur pour la fili\u00e8re construction [&hellip;]\" \/>\n<meta property=\"og:url\" content=\"https:\/\/batijournal.com\/index.php\/vibratoire-enjeux-filiere-bois\/96611\/\" \/>\n<meta property=\"og:site_name\" content=\"Batijournal\" \/>\n<meta property=\"article:published_time\" content=\"2017-08-22T10:06:44+00:00\" \/>\n<meta property=\"article:modified_time\" content=\"2017-08-22T12:41:02+00:00\" \/>\n<meta property=\"og:image\" content=\"https:\/\/batijournal.com\/wp-content\/uploads\/2017\/08\/fcba-labo-1.jpg\" \/>\n\t<meta property=\"og:image:width\" content=\"3264\" \/>\n\t<meta property=\"og:image:height\" content=\"1836\" \/>\n\t<meta property=\"og:image:type\" content=\"image\/jpeg\" \/>\n<meta name=\"author\" content=\"St\u00e9phane Miget\" \/>\n<meta name=\"twitter:card\" content=\"summary_large_image\" \/>\n<meta name=\"twitter:creator\" content=\"@bati_journal\" \/>\n<meta name=\"twitter:site\" content=\"@bati_journal\" \/>\n<meta name=\"twitter:label1\" content=\"\u00c9crit par\" \/>\n\t<meta name=\"twitter:data1\" content=\"St\u00e9phane Miget\" \/>\n\t<meta name=\"twitter:label2\" content=\"Dur\u00e9e de lecture estim\u00e9e\" \/>\n\t<meta name=\"twitter:data2\" content=\"1 minute\" \/>\n<script type=\"application\/ld+json\" class=\"yoast-schema-graph\">{\"@context\":\"https:\\\/\\\/schema.org\",\"@graph\":[{\"@type\":\"Article\",\"@id\":\"https:\\\/\\\/batijournal.com\\\/index.php\\\/vibratoire-enjeux-filiere-bois\\\/96611\\\/#article\",\"isPartOf\":{\"@id\":\"https:\\\/\\\/batijournal.com\\\/index.php\\\/vibratoire-enjeux-filiere-bois\\\/96611\\\/\"},\"author\":{\"name\":\"St\u00e9phane Miget\",\"@id\":\"https:\\\/\\\/batijournal.com\\\/#\\\/schema\\\/person\\\/1dc96ec6957aa1ccb25ebe78bb19f100\"},\"headline\":\"Le vibratoire\u00a0: les enjeux pour la fili\u00e8re bois\",\"datePublished\":\"2017-08-22T10:06:44+00:00\",\"dateModified\":\"2017-08-22T12:41:02+00:00\",\"mainEntityOfPage\":{\"@id\":\"https:\\\/\\\/batijournal.com\\\/index.php\\\/vibratoire-enjeux-filiere-bois\\\/96611\\\/\"},\"wordCount\":147,\"image\":{\"@id\":\"https:\\\/\\\/batijournal.com\\\/index.php\\\/vibratoire-enjeux-filiere-bois\\\/96611\\\/#primaryimage\"},\"thumbnailUrl\":\"https:\\\/\\\/batijournal.com\\\/wp-content\\\/uploads\\\/2017\\\/08\\\/fcba-labo-1.jpg\",\"articleSection\":[\"Actualit\u00e9s\",\"zz_Woodsurfer\"],\"inLanguage\":\"fr-FR\"},{\"@type\":\"WebPage\",\"@id\":\"https:\\\/\\\/batijournal.com\\\/index.php\\\/vibratoire-enjeux-filiere-bois\\\/96611\\\/\",\"url\":\"https:\\\/\\\/batijournal.com\\\/index.php\\\/vibratoire-enjeux-filiere-bois\\\/96611\\\/\",\"name\":\"Le vibratoire\u00a0: les enjeux pour la fili\u00e8re bois\",\"isPartOf\":{\"@id\":\"https:\\\/\\\/batijournal.com\\\/#website\"},\"primaryImageOfPage\":{\"@id\":\"https:\\\/\\\/batijournal.com\\\/index.php\\\/vibratoire-enjeux-filiere-bois\\\/96611\\\/#primaryimage\"},\"image\":{\"@id\":\"https:\\\/\\\/batijournal.com\\\/index.php\\\/vibratoire-enjeux-filiere-bois\\\/96611\\\/#primaryimage\"},\"thumbnailUrl\":\"https:\\\/\\\/batijournal.com\\\/wp-content\\\/uploads\\\/2017\\\/08\\\/fcba-labo-1.jpg\",\"datePublished\":\"2017-08-22T10:06:44+00:00\",\"dateModified\":\"2017-08-22T12:41:02+00:00\",\"author\":{\"@id\":\"https:\\\/\\\/batijournal.com\\\/#\\\/schema\\\/person\\\/1dc96ec6957aa1ccb25ebe78bb19f100\"},\"breadcrumb\":{\"@id\":\"https:\\\/\\\/batijournal.com\\\/index.php\\\/vibratoire-enjeux-filiere-bois\\\/96611\\\/#breadcrumb\"},\"inLanguage\":\"fr-FR\",\"potentialAction\":[{\"@type\":\"ReadAction\",\"target\":[\"https:\\\/\\\/batijournal.com\\\/index.php\\\/vibratoire-enjeux-filiere-bois\\\/96611\\\/\"]}]},{\"@type\":\"ImageObject\",\"inLanguage\":\"fr-FR\",\"@id\":\"https:\\\/\\\/batijournal.com\\\/index.php\\\/vibratoire-enjeux-filiere-bois\\\/96611\\\/#primaryimage\",\"url\":\"https:\\\/\\\/batijournal.com\\\/wp-content\\\/uploads\\\/2017\\\/08\\\/fcba-labo-1.jpg\",\"contentUrl\":\"https:\\\/\\\/batijournal.com\\\/wp-content\\\/uploads\\\/2017\\\/08\\\/fcba-labo-1.jpg\",\"width\":3264,\"height\":1836},{\"@type\":\"BreadcrumbList\",\"@id\":\"https:\\\/\\\/batijournal.com\\\/index.php\\\/vibratoire-enjeux-filiere-bois\\\/96611\\\/#breadcrumb\",\"itemListElement\":[{\"@type\":\"ListItem\",\"position\":1,\"name\":\"Accueil\",\"item\":\"https:\\\/\\\/batijournal.com\\\/\"},{\"@type\":\"ListItem\",\"position\":2,\"name\":\"Actualit\u00e9s\",\"item\":\"https:\\\/\\\/batijournal.com\\\/index.php\\\/category\\\/actualites\\\/\"},{\"@type\":\"ListItem\",\"position\":3,\"name\":\"Le vibratoire\u00a0: les enjeux pour la fili\u00e8re bois\"}]},{\"@type\":\"WebSite\",\"@id\":\"https:\\\/\\\/batijournal.com\\\/#website\",\"url\":\"https:\\\/\\\/batijournal.com\\\/\",\"name\":\"Batijournal\",\"description\":\"L&#039;actualit\u00e9 du b\u00e2timent\",\"potentialAction\":[{\"@type\":\"SearchAction\",\"target\":{\"@type\":\"EntryPoint\",\"urlTemplate\":\"https:\\\/\\\/batijournal.com\\\/?s={search_term_string}\"},\"query-input\":{\"@type\":\"PropertyValueSpecification\",\"valueRequired\":true,\"valueName\":\"search_term_string\"}}],\"inLanguage\":\"fr-FR\"},{\"@type\":\"Person\",\"@id\":\"https:\\\/\\\/batijournal.com\\\/#\\\/schema\\\/person\\\/1dc96ec6957aa1ccb25ebe78bb19f100\",\"name\":\"St\u00e9phane Miget\",\"image\":{\"@type\":\"ImageObject\",\"inLanguage\":\"fr-FR\",\"@id\":\"https:\\\/\\\/secure.gravatar.com\\\/avatar\\\/89915563d925342126b8ef0281b93d9d7fc337043e8df017f780908eb9644451?s=96&d=mm&r=g\",\"url\":\"https:\\\/\\\/secure.gravatar.com\\\/avatar\\\/89915563d925342126b8ef0281b93d9d7fc337043e8df017f780908eb9644451?s=96&d=mm&r=g\",\"contentUrl\":\"https:\\\/\\\/secure.gravatar.com\\\/avatar\\\/89915563d925342126b8ef0281b93d9d7fc337043e8df017f780908eb9644451?s=96&d=mm&r=g\",\"caption\":\"St\u00e9phane Miget\"},\"url\":\"https:\\\/\\\/batijournal.com\\\/index.php\\\/author\\\/stephane\\\/\"}]}<\/script>\n<!-- \/ Yoast SEO plugin. -->","yoast_head_json":{"title":"Le vibratoire\u00a0: les enjeux pour la fili\u00e8re bois","robots":{"index":"index","follow":"follow","max-snippet":"max-snippet:-1","max-image-preview":"max-image-preview:large","max-video-preview":"max-video-preview:-1"},"canonical":"https:\/\/batijournal.com\/index.php\/vibratoire-enjeux-filiere-bois\/96611\/","og_locale":"fr_FR","og_type":"article","og_title":"Le vibratoire\u00a0: les enjeux pour la fili\u00e8re bois","og_description":"FCBA organise le 7 d\u00e9cembre 2017 la 3\u00e8me \u00e9dition des rencontres avec les laboratoires bois. Consacr\u00e9 cette fois aux ph\u00e9nom\u00e8nes vibratoires, ce rendez-vous s&rsquo;adresse aux professionnels de la construction, aux prescripteurs, l\u2019emballage, aux am\u00e9nageurs int\u00e9rieurs et \u00e0 l\u2019amont forestier. Les organisateurs rappellent que le vibratoire est un axe de d\u00e9veloppement majeur pour la fili\u00e8re construction [&hellip;]","og_url":"https:\/\/batijournal.com\/index.php\/vibratoire-enjeux-filiere-bois\/96611\/","og_site_name":"Batijournal","article_published_time":"2017-08-22T10:06:44+00:00","article_modified_time":"2017-08-22T12:41:02+00:00","og_image":[{"width":3264,"height":1836,"url":"https:\/\/batijournal.com\/wp-content\/uploads\/2017\/08\/fcba-labo-1.jpg","type":"image\/jpeg"}],"author":"St\u00e9phane Miget","twitter_card":"summary_large_image","twitter_creator":"@bati_journal","twitter_site":"@bati_journal","twitter_misc":{"\u00c9crit par":"St\u00e9phane Miget","Dur\u00e9e de lecture estim\u00e9e":"1 minute"},"schema":{"@context":"https:\/\/schema.org","@graph":[{"@type":"Article","@id":"https:\/\/batijournal.com\/index.php\/vibratoire-enjeux-filiere-bois\/96611\/#article","isPartOf":{"@id":"https:\/\/batijournal.com\/index.php\/vibratoire-enjeux-filiere-bois\/96611\/"},"author":{"name":"St\u00e9phane Miget","@id":"https:\/\/batijournal.com\/#\/schema\/person\/1dc96ec6957aa1ccb25ebe78bb19f100"},"headline":"Le vibratoire\u00a0: les enjeux pour la fili\u00e8re bois","datePublished":"2017-08-22T10:06:44+00:00","dateModified":"2017-08-22T12:41:02+00:00","mainEntityOfPage":{"@id":"https:\/\/batijournal.com\/index.php\/vibratoire-enjeux-filiere-bois\/96611\/"},"wordCount":147,"image":{"@id":"https:\/\/batijournal.com\/index.php\/vibratoire-enjeux-filiere-bois\/96611\/#primaryimage"},"thumbnailUrl":"https:\/\/batijournal.com\/wp-content\/uploads\/2017\/08\/fcba-labo-1.jpg","articleSection":["Actualit\u00e9s","zz_Woodsurfer"],"inLanguage":"fr-FR"},{"@type":"WebPage","@id":"https:\/\/batijournal.com\/index.php\/vibratoire-enjeux-filiere-bois\/96611\/","url":"https:\/\/batijournal.com\/index.php\/vibratoire-enjeux-filiere-bois\/96611\/","name":"Le vibratoire\u00a0: les enjeux pour la fili\u00e8re bois","isPartOf":{"@id":"https:\/\/batijournal.com\/#website"},"primaryImageOfPage":{"@id":"https:\/\/batijournal.com\/index.php\/vibratoire-enjeux-filiere-bois\/96611\/#primaryimage"},"image":{"@id":"https:\/\/batijournal.com\/index.php\/vibratoire-enjeux-filiere-bois\/96611\/#primaryimage"},"thumbnailUrl":"https:\/\/batijournal.com\/wp-content\/uploads\/2017\/08\/fcba-labo-1.jpg","datePublished":"2017-08-22T10:06:44+00:00","dateModified":"2017-08-22T12:41:02+00:00","author":{"@id":"https:\/\/batijournal.com\/#\/schema\/person\/1dc96ec6957aa1ccb25ebe78bb19f100"},"breadcrumb":{"@id":"https:\/\/batijournal.com\/index.php\/vibratoire-enjeux-filiere-bois\/96611\/#breadcrumb"},"inLanguage":"fr-FR","potentialAction":[{"@type":"ReadAction","target":["https:\/\/batijournal.com\/index.php\/vibratoire-enjeux-filiere-bois\/96611\/"]}]},{"@type":"ImageObject","inLanguage":"fr-FR","@id":"https:\/\/batijournal.com\/index.php\/vibratoire-enjeux-filiere-bois\/96611\/#primaryimage","url":"https:\/\/batijournal.com\/wp-content\/uploads\/2017\/08\/fcba-labo-1.jpg","contentUrl":"https:\/\/batijournal.com\/wp-content\/uploads\/2017\/08\/fcba-labo-1.jpg","width":3264,"height":1836},{"@type":"BreadcrumbList","@id":"https:\/\/batijournal.com\/index.php\/vibratoire-enjeux-filiere-bois\/96611\/#breadcrumb","itemListElement":[{"@type":"ListItem","position":1,"name":"Accueil","item":"https:\/\/batijournal.com\/"},{"@type":"ListItem","position":2,"name":"Actualit\u00e9s","item":"https:\/\/batijournal.com\/index.php\/category\/actualites\/"},{"@type":"ListItem","position":3,"name":"Le vibratoire\u00a0: les enjeux pour la fili\u00e8re bois"}]},{"@type":"WebSite","@id":"https:\/\/batijournal.com\/#website","url":"https:\/\/batijournal.com\/","name":"Batijournal","description":"L&#039;actualit\u00e9 du b\u00e2timent","potentialAction":[{"@type":"SearchAction","target":{"@type":"EntryPoint","urlTemplate":"https:\/\/batijournal.com\/?s={search_term_string}"},"query-input":{"@type":"PropertyValueSpecification","valueRequired":true,"valueName":"search_term_string"}}],"inLanguage":"fr-FR"},{"@type":"Person","@id":"https:\/\/batijournal.com\/#\/schema\/person\/1dc96ec6957aa1ccb25ebe78bb19f100","name":"St\u00e9phane Miget","image":{"@type":"ImageObject","inLanguage":"fr-FR","@id":"https:\/\/secure.gravatar.com\/avatar\/89915563d925342126b8ef0281b93d9d7fc337043e8df017f780908eb9644451?s=96&d=mm&r=g","url":"https:\/\/secure.gravatar.com\/avatar\/89915563d925342126b8ef0281b93d9d7fc337043e8df017f780908eb9644451?s=96&d=mm&r=g","contentUrl":"https:\/\/secure.gravatar.com\/avatar\/89915563d925342126b8ef0281b93d9d7fc337043e8df017f780908eb9644451?s=96&d=mm&r=g","caption":"St\u00e9phane Miget"},"url":"https:\/\/batijournal.com\/index.php\/author\/stephane\/"}]}},"_links":{"self":[{"href":"https:\/\/batijournal.com\/index.php\/wp-json\/wp\/v2\/posts\/96611","targetHints":{"allow":["GET"]}}],"collection":[{"href":"https:\/\/batijournal.com\/index.php\/wp-json\/wp\/v2\/posts"}],"about":[{"href":"https:\/\/batijournal.com\/index.php\/wp-json\/wp\/v2\/types\/post"}],"author":[{"embeddable":true,"href":"https:\/\/batijournal.com\/index.php\/wp-json\/wp\/v2\/users\/17"}],"replies":[{"embeddable":true,"href":"https:\/\/batijournal.com\/index.php\/wp-json\/wp\/v2\/comments?post=96611"}],"version-history":[{"count":0,"href":"https:\/\/batijournal.com\/index.php\/wp-json\/wp\/v2\/posts\/96611\/revisions"}],"wp:featuredmedia":[{"embeddable":true,"href":"https:\/\/batijournal.com\/index.php\/wp-json\/wp\/v2\/media\/96616"}],"wp:attachment":[{"href":"https:\/\/batijournal.com\/index.php\/wp-json\/wp\/v2\/media?parent=96611"}],"wp:term":[{"taxonomy":"category","embeddable":true,"href":"https:\/\/batijournal.com\/index.php\/wp-json\/wp\/v2\/categories?post=96611"},{"taxonomy":"post_tag","embeddable":true,"href":"https:\/\/batijournal.com\/index.php\/wp-json\/wp\/v2\/tags?post=96611"}],"curies":[{"name":"wp","href":"https:\/\/api.w.org\/{rel}","templated":true}]}}