{"id":96626,"date":"2017-08-23T11:55:20","date_gmt":"2017-08-23T09:55:20","guid":{"rendered":"http:\/\/batijournal.com\/?p=96626"},"modified":"2019-07-15T11:27:13","modified_gmt":"2019-07-15T09:27:13","slug":"ite-mesure-orgues-de-flandres","status":"publish","type":"post","link":"https:\/\/batijournal.com\/index.php\/ite-mesure-orgues-de-flandres\/96626\/","title":{"rendered":"ITE sur mesure pour les orgues de Flandres"},"content":{"rendered":"<p>Les Orgues de Flandres est un ensemble immobilier du 19e arrondissement parisien, compos\u00e9 de quatre immeubles dont deux IGH de 100 et 123 m\u00e8tres de hauteur comptant 464 logements.<\/p>\n<p>La r\u00e9habilitation de ces \u00a0b\u00e2timents construits en 1873 a \u00e9t\u00e9 confi\u00e9e \u00e0 l&rsquo;atelier Lion Architectures Associ\u00e9s. \u00a0L&rsquo;entreprise Zolpan a \u00e9t\u00e9 s\u00e9lectionn\u00e9e pour trouver un traitement ITE permettant de conserver l&rsquo;architecture en arr\u00eates verticales des immeubles. 9 400 m2 de surfaces ont \u00e9t\u00e9 trait\u00e9s en ITE enduit sur isolant, le reste \u00e9tant trait\u00e9 en bardage.<\/p>\n<p>Zolpan a pr\u00e9conis\u00e9 l&rsquo;utilisation du syst\u00e8me Armaterm Poudre Roche et le fa\u00e7onnage de l&rsquo;isolant avant pose mis en place en six phases :<\/p>\n<p>&#8211; pr\u00e9d\u00e9coupe arrondie des panneaux isolants pour conserver les arrondis des arr\u00eates verticales<br \/>\n&#8211; pose de l&rsquo;isolant en joints d\u00e9cal\u00e9s fix\u00e9s sur le support par l&rsquo;interm\u00e9diaire d&rsquo;un mortier colle chaux\/ciment Armaterm<br \/>\n&#8211; sous-enduit Armaterm mis en oeuvre sur les zones horizontales et utilisation d&rsquo;armature pr\u00e9d\u00e9coup\u00e9e et pr\u00e9form\u00e9e pour les arrondis<br \/>\n&#8211; impression des fonds Armafond<br \/>\n&#8211; finition Armaterm aspect taloch\u00e9<\/p>\n<p><a href=\"http:\/\/www.zolpan.fr\" target=\"_blank\" rel=\"noopener noreferrer\">www.zolpan.fr<\/a><\/p>\n<p>Photo :\u00a0Maxim Pouska via Wikim\u00e9dia Commons<\/p>\n","protected":false},"excerpt":{"rendered":"<p>Les Orgues de Flandres est un ensemble immobilier du 19e arrondissement parisien, compos\u00e9 de quatre immeubles dont deux IGH de 100 et 123 m\u00e8tres de hauteur comptant 464 logements. La r\u00e9habilitation de ces \u00a0b\u00e2timents construits en 1873 a \u00e9t\u00e9 confi\u00e9e \u00e0 l&rsquo;atelier Lion Architectures Associ\u00e9s. \u00a0L&rsquo;entreprise Zolpan a \u00e9t\u00e9 s\u00e9lectionn\u00e9e pour trouver un traitement ITE [&hellip;]<\/p>\n","protected":false},"author":1,"featured_media":96627,"comment_status":"closed","ping_status":"closed","sticky":false,"template":"","format":"standard","meta":{"_et_pb_use_builder":"","_et_pb_old_content":"","_et_gb_content_width":"","footnotes":""},"categories":[6340,10775],"tags":[],"class_list":["post-96626","post","type-post","status-publish","format-standard","has-post-thumbnail","hentry","category-architecture-conception","category-actualites-5facades"],"yoast_head":"<!-- This site is optimized with the Yoast SEO plugin v27.4 - https:\/\/yoast.com\/product\/yoast-seo-wordpress\/ -->\n<title>ITE sur mesure pour les orgues de Flandres<\/title>\n<meta name=\"robots\" content=\"index, follow, max-snippet:-1, max-image-preview:large, max-video-preview:-1\" \/>\n<link rel=\"canonical\" href=\"https:\/\/batijournal.com\/index.php\/ite-mesure-orgues-de-flandres\/96626\/\" \/>\n<meta property=\"og:locale\" content=\"fr_FR\" \/>\n<meta property=\"og:type\" content=\"article\" \/>\n<meta property=\"og:title\" content=\"ITE sur mesure pour les orgues de Flandres\" \/>\n<meta property=\"og:description\" content=\"Les Orgues de Flandres est un ensemble immobilier du 19e arrondissement parisien, compos\u00e9 de quatre immeubles dont deux IGH de 100 et 123 m\u00e8tres de hauteur comptant 464 logements. La r\u00e9habilitation de ces \u00a0b\u00e2timents construits en 1873 a \u00e9t\u00e9 confi\u00e9e \u00e0 l&rsquo;atelier Lion Architectures Associ\u00e9s. \u00a0L&rsquo;entreprise Zolpan a \u00e9t\u00e9 s\u00e9lectionn\u00e9e pour trouver un traitement ITE [&hellip;]\" \/>\n<meta property=\"og:url\" content=\"https:\/\/batijournal.com\/index.php\/ite-mesure-orgues-de-flandres\/96626\/\" \/>\n<meta property=\"og:site_name\" content=\"Batijournal\" \/>\n<meta property=\"article:published_time\" content=\"2017-08-23T09:55:20+00:00\" \/>\n<meta property=\"article:modified_time\" content=\"2019-07-15T09:27:13+00:00\" \/>\n<meta property=\"og:image\" content=\"https:\/\/batijournal.com\/wp-content\/uploads\/2017\/08\/Orgues_de_Flandre_-_Paris_-_Martin_Schulz_van_Treeck_Photo_Maxim_Pouska.jpg\" \/>\n\t<meta property=\"og:image:width\" content=\"742\" \/>\n\t<meta property=\"og:image:height\" content=\"497\" \/>\n\t<meta property=\"og:image:type\" content=\"image\/jpeg\" \/>\n<meta name=\"author\" content=\"Bati-journal\" \/>\n<meta name=\"twitter:card\" content=\"summary_large_image\" \/>\n<meta name=\"twitter:creator\" content=\"@bati_journal\" \/>\n<meta name=\"twitter:site\" content=\"@bati_journal\" \/>\n<meta name=\"twitter:label1\" content=\"\u00c9crit par\" \/>\n\t<meta name=\"twitter:data1\" content=\"Bati-journal\" \/>\n\t<meta name=\"twitter:label2\" content=\"Dur\u00e9e de lecture estim\u00e9e\" \/>\n\t<meta name=\"twitter:data2\" content=\"1 minute\" \/>\n<script type=\"application\/ld+json\" class=\"yoast-schema-graph\">{\"@context\":\"https:\\\/\\\/schema.org\",\"@graph\":[{\"@type\":\"Article\",\"@id\":\"https:\\\/\\\/batijournal.com\\\/index.php\\\/ite-mesure-orgues-de-flandres\\\/96626\\\/#article\",\"isPartOf\":{\"@id\":\"https:\\\/\\\/batijournal.com\\\/index.php\\\/ite-mesure-orgues-de-flandres\\\/96626\\\/\"},\"author\":{\"name\":\"Bati-journal\",\"@id\":\"https:\\\/\\\/batijournal.com\\\/#\\\/schema\\\/person\\\/6a657e8967569e1b299972574848aa76\"},\"headline\":\"ITE sur mesure pour les orgues de Flandres\",\"datePublished\":\"2017-08-23T09:55:20+00:00\",\"dateModified\":\"2019-07-15T09:27:13+00:00\",\"mainEntityOfPage\":{\"@id\":\"https:\\\/\\\/batijournal.com\\\/index.php\\\/ite-mesure-orgues-de-flandres\\\/96626\\\/\"},\"wordCount\":210,\"image\":{\"@id\":\"https:\\\/\\\/batijournal.com\\\/index.php\\\/ite-mesure-orgues-de-flandres\\\/96626\\\/#primaryimage\"},\"thumbnailUrl\":\"https:\\\/\\\/batijournal.com\\\/wp-content\\\/uploads\\\/2017\\\/08\\\/Orgues_de_Flandre_-_Paris_-_Martin_Schulz_van_Treeck_Photo_Maxim_Pouska.jpg\",\"articleSection\":[\"Architecture &amp; Conception\",\"zz_Actualit\u00e9s - 5fa\u00e7ades\"],\"inLanguage\":\"fr-FR\"},{\"@type\":\"WebPage\",\"@id\":\"https:\\\/\\\/batijournal.com\\\/index.php\\\/ite-mesure-orgues-de-flandres\\\/96626\\\/\",\"url\":\"https:\\\/\\\/batijournal.com\\\/index.php\\\/ite-mesure-orgues-de-flandres\\\/96626\\\/\",\"name\":\"ITE sur mesure pour les orgues de Flandres\",\"isPartOf\":{\"@id\":\"https:\\\/\\\/batijournal.com\\\/#website\"},\"primaryImageOfPage\":{\"@id\":\"https:\\\/\\\/batijournal.com\\\/index.php\\\/ite-mesure-orgues-de-flandres\\\/96626\\\/#primaryimage\"},\"image\":{\"@id\":\"https:\\\/\\\/batijournal.com\\\/index.php\\\/ite-mesure-orgues-de-flandres\\\/96626\\\/#primaryimage\"},\"thumbnailUrl\":\"https:\\\/\\\/batijournal.com\\\/wp-content\\\/uploads\\\/2017\\\/08\\\/Orgues_de_Flandre_-_Paris_-_Martin_Schulz_van_Treeck_Photo_Maxim_Pouska.jpg\",\"datePublished\":\"2017-08-23T09:55:20+00:00\",\"dateModified\":\"2019-07-15T09:27:13+00:00\",\"author\":{\"@id\":\"https:\\\/\\\/batijournal.com\\\/#\\\/schema\\\/person\\\/6a657e8967569e1b299972574848aa76\"},\"breadcrumb\":{\"@id\":\"https:\\\/\\\/batijournal.com\\\/index.php\\\/ite-mesure-orgues-de-flandres\\\/96626\\\/#breadcrumb\"},\"inLanguage\":\"fr-FR\",\"potentialAction\":[{\"@type\":\"ReadAction\",\"target\":[\"https:\\\/\\\/batijournal.com\\\/index.php\\\/ite-mesure-orgues-de-flandres\\\/96626\\\/\"]}]},{\"@type\":\"ImageObject\",\"inLanguage\":\"fr-FR\",\"@id\":\"https:\\\/\\\/batijournal.com\\\/index.php\\\/ite-mesure-orgues-de-flandres\\\/96626\\\/#primaryimage\",\"url\":\"https:\\\/\\\/batijournal.com\\\/wp-content\\\/uploads\\\/2017\\\/08\\\/Orgues_de_Flandre_-_Paris_-_Martin_Schulz_van_Treeck_Photo_Maxim_Pouska.jpg\",\"contentUrl\":\"https:\\\/\\\/batijournal.com\\\/wp-content\\\/uploads\\\/2017\\\/08\\\/Orgues_de_Flandre_-_Paris_-_Martin_Schulz_van_Treeck_Photo_Maxim_Pouska.jpg\",\"width\":742,\"height\":497},{\"@type\":\"BreadcrumbList\",\"@id\":\"https:\\\/\\\/batijournal.com\\\/index.php\\\/ite-mesure-orgues-de-flandres\\\/96626\\\/#breadcrumb\",\"itemListElement\":[{\"@type\":\"ListItem\",\"position\":1,\"name\":\"Accueil\",\"item\":\"https:\\\/\\\/batijournal.com\\\/\"},{\"@type\":\"ListItem\",\"position\":2,\"name\":\"Actualit\u00e9s\",\"item\":\"https:\\\/\\\/batijournal.com\\\/index.php\\\/category\\\/actualites\\\/\"},{\"@type\":\"ListItem\",\"position\":3,\"name\":\"Architecture &amp; Conception\",\"item\":\"https:\\\/\\\/batijournal.com\\\/index.php\\\/category\\\/actualites\\\/architecture-conception\\\/\"},{\"@type\":\"ListItem\",\"position\":4,\"name\":\"ITE sur mesure pour les orgues de Flandres\"}]},{\"@type\":\"WebSite\",\"@id\":\"https:\\\/\\\/batijournal.com\\\/#website\",\"url\":\"https:\\\/\\\/batijournal.com\\\/\",\"name\":\"Batijournal\",\"description\":\"L&#039;actualit\u00e9 du b\u00e2timent\",\"potentialAction\":[{\"@type\":\"SearchAction\",\"target\":{\"@type\":\"EntryPoint\",\"urlTemplate\":\"https:\\\/\\\/batijournal.com\\\/?s={search_term_string}\"},\"query-input\":{\"@type\":\"PropertyValueSpecification\",\"valueRequired\":true,\"valueName\":\"search_term_string\"}}],\"inLanguage\":\"fr-FR\"},{\"@type\":\"Person\",\"@id\":\"https:\\\/\\\/batijournal.com\\\/#\\\/schema\\\/person\\\/6a657e8967569e1b299972574848aa76\",\"name\":\"Bati-journal\",\"image\":{\"@type\":\"ImageObject\",\"inLanguage\":\"fr-FR\",\"@id\":\"https:\\\/\\\/secure.gravatar.com\\\/avatar\\\/a64364ea26392f9b4dd47e017ddaec74ff03aefc073b49e492e847201258f777?s=96&d=mm&r=g\",\"url\":\"https:\\\/\\\/secure.gravatar.com\\\/avatar\\\/a64364ea26392f9b4dd47e017ddaec74ff03aefc073b49e492e847201258f777?s=96&d=mm&r=g\",\"contentUrl\":\"https:\\\/\\\/secure.gravatar.com\\\/avatar\\\/a64364ea26392f9b4dd47e017ddaec74ff03aefc073b49e492e847201258f777?s=96&d=mm&r=g\",\"caption\":\"Bati-journal\"},\"url\":\"https:\\\/\\\/batijournal.com\\\/index.php\\\/author\\\/elodie\\\/\"}]}<\/script>\n<!-- \/ Yoast SEO plugin. -->","yoast_head_json":{"title":"ITE sur mesure pour les orgues de Flandres","robots":{"index":"index","follow":"follow","max-snippet":"max-snippet:-1","max-image-preview":"max-image-preview:large","max-video-preview":"max-video-preview:-1"},"canonical":"https:\/\/batijournal.com\/index.php\/ite-mesure-orgues-de-flandres\/96626\/","og_locale":"fr_FR","og_type":"article","og_title":"ITE sur mesure pour les orgues de Flandres","og_description":"Les Orgues de Flandres est un ensemble immobilier du 19e arrondissement parisien, compos\u00e9 de quatre immeubles dont deux IGH de 100 et 123 m\u00e8tres de hauteur comptant 464 logements. La r\u00e9habilitation de ces \u00a0b\u00e2timents construits en 1873 a \u00e9t\u00e9 confi\u00e9e \u00e0 l&rsquo;atelier Lion Architectures Associ\u00e9s. \u00a0L&rsquo;entreprise Zolpan a \u00e9t\u00e9 s\u00e9lectionn\u00e9e pour trouver un traitement ITE [&hellip;]","og_url":"https:\/\/batijournal.com\/index.php\/ite-mesure-orgues-de-flandres\/96626\/","og_site_name":"Batijournal","article_published_time":"2017-08-23T09:55:20+00:00","article_modified_time":"2019-07-15T09:27:13+00:00","og_image":[{"width":742,"height":497,"url":"https:\/\/batijournal.com\/wp-content\/uploads\/2017\/08\/Orgues_de_Flandre_-_Paris_-_Martin_Schulz_van_Treeck_Photo_Maxim_Pouska.jpg","type":"image\/jpeg"}],"author":"Bati-journal","twitter_card":"summary_large_image","twitter_creator":"@bati_journal","twitter_site":"@bati_journal","twitter_misc":{"\u00c9crit par":"Bati-journal","Dur\u00e9e de lecture estim\u00e9e":"1 minute"},"schema":{"@context":"https:\/\/schema.org","@graph":[{"@type":"Article","@id":"https:\/\/batijournal.com\/index.php\/ite-mesure-orgues-de-flandres\/96626\/#article","isPartOf":{"@id":"https:\/\/batijournal.com\/index.php\/ite-mesure-orgues-de-flandres\/96626\/"},"author":{"name":"Bati-journal","@id":"https:\/\/batijournal.com\/#\/schema\/person\/6a657e8967569e1b299972574848aa76"},"headline":"ITE sur mesure pour les orgues de Flandres","datePublished":"2017-08-23T09:55:20+00:00","dateModified":"2019-07-15T09:27:13+00:00","mainEntityOfPage":{"@id":"https:\/\/batijournal.com\/index.php\/ite-mesure-orgues-de-flandres\/96626\/"},"wordCount":210,"image":{"@id":"https:\/\/batijournal.com\/index.php\/ite-mesure-orgues-de-flandres\/96626\/#primaryimage"},"thumbnailUrl":"https:\/\/batijournal.com\/wp-content\/uploads\/2017\/08\/Orgues_de_Flandre_-_Paris_-_Martin_Schulz_van_Treeck_Photo_Maxim_Pouska.jpg","articleSection":["Architecture &amp; Conception","zz_Actualit\u00e9s - 5fa\u00e7ades"],"inLanguage":"fr-FR"},{"@type":"WebPage","@id":"https:\/\/batijournal.com\/index.php\/ite-mesure-orgues-de-flandres\/96626\/","url":"https:\/\/batijournal.com\/index.php\/ite-mesure-orgues-de-flandres\/96626\/","name":"ITE sur mesure pour les orgues de Flandres","isPartOf":{"@id":"https:\/\/batijournal.com\/#website"},"primaryImageOfPage":{"@id":"https:\/\/batijournal.com\/index.php\/ite-mesure-orgues-de-flandres\/96626\/#primaryimage"},"image":{"@id":"https:\/\/batijournal.com\/index.php\/ite-mesure-orgues-de-flandres\/96626\/#primaryimage"},"thumbnailUrl":"https:\/\/batijournal.com\/wp-content\/uploads\/2017\/08\/Orgues_de_Flandre_-_Paris_-_Martin_Schulz_van_Treeck_Photo_Maxim_Pouska.jpg","datePublished":"2017-08-23T09:55:20+00:00","dateModified":"2019-07-15T09:27:13+00:00","author":{"@id":"https:\/\/batijournal.com\/#\/schema\/person\/6a657e8967569e1b299972574848aa76"},"breadcrumb":{"@id":"https:\/\/batijournal.com\/index.php\/ite-mesure-orgues-de-flandres\/96626\/#breadcrumb"},"inLanguage":"fr-FR","potentialAction":[{"@type":"ReadAction","target":["https:\/\/batijournal.com\/index.php\/ite-mesure-orgues-de-flandres\/96626\/"]}]},{"@type":"ImageObject","inLanguage":"fr-FR","@id":"https:\/\/batijournal.com\/index.php\/ite-mesure-orgues-de-flandres\/96626\/#primaryimage","url":"https:\/\/batijournal.com\/wp-content\/uploads\/2017\/08\/Orgues_de_Flandre_-_Paris_-_Martin_Schulz_van_Treeck_Photo_Maxim_Pouska.jpg","contentUrl":"https:\/\/batijournal.com\/wp-content\/uploads\/2017\/08\/Orgues_de_Flandre_-_Paris_-_Martin_Schulz_van_Treeck_Photo_Maxim_Pouska.jpg","width":742,"height":497},{"@type":"BreadcrumbList","@id":"https:\/\/batijournal.com\/index.php\/ite-mesure-orgues-de-flandres\/96626\/#breadcrumb","itemListElement":[{"@type":"ListItem","position":1,"name":"Accueil","item":"https:\/\/batijournal.com\/"},{"@type":"ListItem","position":2,"name":"Actualit\u00e9s","item":"https:\/\/batijournal.com\/index.php\/category\/actualites\/"},{"@type":"ListItem","position":3,"name":"Architecture &amp; Conception","item":"https:\/\/batijournal.com\/index.php\/category\/actualites\/architecture-conception\/"},{"@type":"ListItem","position":4,"name":"ITE sur mesure pour les orgues de Flandres"}]},{"@type":"WebSite","@id":"https:\/\/batijournal.com\/#website","url":"https:\/\/batijournal.com\/","name":"Batijournal","description":"L&#039;actualit\u00e9 du b\u00e2timent","potentialAction":[{"@type":"SearchAction","target":{"@type":"EntryPoint","urlTemplate":"https:\/\/batijournal.com\/?s={search_term_string}"},"query-input":{"@type":"PropertyValueSpecification","valueRequired":true,"valueName":"search_term_string"}}],"inLanguage":"fr-FR"},{"@type":"Person","@id":"https:\/\/batijournal.com\/#\/schema\/person\/6a657e8967569e1b299972574848aa76","name":"Bati-journal","image":{"@type":"ImageObject","inLanguage":"fr-FR","@id":"https:\/\/secure.gravatar.com\/avatar\/a64364ea26392f9b4dd47e017ddaec74ff03aefc073b49e492e847201258f777?s=96&d=mm&r=g","url":"https:\/\/secure.gravatar.com\/avatar\/a64364ea26392f9b4dd47e017ddaec74ff03aefc073b49e492e847201258f777?s=96&d=mm&r=g","contentUrl":"https:\/\/secure.gravatar.com\/avatar\/a64364ea26392f9b4dd47e017ddaec74ff03aefc073b49e492e847201258f777?s=96&d=mm&r=g","caption":"Bati-journal"},"url":"https:\/\/batijournal.com\/index.php\/author\/elodie\/"}]}},"_links":{"self":[{"href":"https:\/\/batijournal.com\/index.php\/wp-json\/wp\/v2\/posts\/96626","targetHints":{"allow":["GET"]}}],"collection":[{"href":"https:\/\/batijournal.com\/index.php\/wp-json\/wp\/v2\/posts"}],"about":[{"href":"https:\/\/batijournal.com\/index.php\/wp-json\/wp\/v2\/types\/post"}],"author":[{"embeddable":true,"href":"https:\/\/batijournal.com\/index.php\/wp-json\/wp\/v2\/users\/1"}],"replies":[{"embeddable":true,"href":"https:\/\/batijournal.com\/index.php\/wp-json\/wp\/v2\/comments?post=96626"}],"version-history":[{"count":0,"href":"https:\/\/batijournal.com\/index.php\/wp-json\/wp\/v2\/posts\/96626\/revisions"}],"wp:featuredmedia":[{"embeddable":true,"href":"https:\/\/batijournal.com\/index.php\/wp-json\/wp\/v2\/media\/96627"}],"wp:attachment":[{"href":"https:\/\/batijournal.com\/index.php\/wp-json\/wp\/v2\/media?parent=96626"}],"wp:term":[{"taxonomy":"category","embeddable":true,"href":"https:\/\/batijournal.com\/index.php\/wp-json\/wp\/v2\/categories?post=96626"},{"taxonomy":"post_tag","embeddable":true,"href":"https:\/\/batijournal.com\/index.php\/wp-json\/wp\/v2\/tags?post=96626"}],"curies":[{"name":"wp","href":"https:\/\/api.w.org\/{rel}","templated":true}]}}