{"id":96628,"date":"2017-08-23T17:06:40","date_gmt":"2017-08-23T15:06:40","guid":{"rendered":"http:\/\/batijournal.com\/?p=96628"},"modified":"2019-07-15T11:27:13","modified_gmt":"2019-07-15T09:27:13","slug":"nouveau-siege-de-microsoft-allemagne-se-pare-de-corian","status":"publish","type":"post","link":"https:\/\/batijournal.com\/index.php\/nouveau-siege-de-microsoft-allemagne-se-pare-de-corian\/96628\/","title":{"rendered":"Le nouveau si\u00e8ge de Microsoft en Allemagne se pare de Corian"},"content":{"rendered":"<p>Le nouveau si\u00e8ge de Microsoft, implant\u00e9 au nord de Munich, est un b\u00e2timent de sept \u00e9tages sur une surface de 26 000 m2 con\u00e7u comme un lieu de travail intelligent pour les 1 900 employ\u00e9s.<\/p>\n<p>Le b\u00e2timent est compos\u00e9 d&rsquo;une fa\u00e7ade ventil\u00e9e antipluie blanche en Corian. Ce mat\u00e9riau a \u00e9t\u00e9 s\u00e9lectionn\u00e9 pour son aspect doux et homog\u00e8ne, sa r\u00e9sistance aux intemp\u00e9ries et aux UV.<\/p>\n<p>5 200 m2 ont \u00e9t\u00e9 livr\u00e9s en 1400 pi\u00e8ces individuelles. Les fa\u00e7ades int\u00e8grent des fen\u00eatres pivotantes \u00e9troites pour une ventilation directe.<\/p>\n<p><a href=\"http:\/\/www.corian.fr\" target=\"_blank\" rel=\"noopener noreferrer\">www.corian.fr<\/a><\/p>\n","protected":false},"excerpt":{"rendered":"<p>Le nouveau si\u00e8ge de Microsoft, implant\u00e9 au nord de Munich, est un b\u00e2timent de sept \u00e9tages sur une surface de 26 000 m2 con\u00e7u comme un lieu de travail intelligent pour les 1 900 employ\u00e9s. Le b\u00e2timent est compos\u00e9 d&rsquo;une fa\u00e7ade ventil\u00e9e antipluie blanche en Corian. Ce mat\u00e9riau a \u00e9t\u00e9 s\u00e9lectionn\u00e9 pour son aspect doux [&hellip;]<\/p>\n","protected":false},"author":1,"featured_media":96629,"comment_status":"closed","ping_status":"closed","sticky":false,"template":"","format":"standard","meta":{"_et_pb_use_builder":"","_et_pb_old_content":"","_et_gb_content_width":"","footnotes":""},"categories":[6340,10774],"tags":[3235,126],"class_list":["post-96628","post","type-post","status-publish","format-standard","has-post-thumbnail","hentry","category-architecture-conception","category-produits-5facades","tag-corian","tag-facade"],"yoast_head":"<!-- This site is optimized with the Yoast SEO plugin v27.4 - https:\/\/yoast.com\/product\/yoast-seo-wordpress\/ -->\n<title>Le nouveau si\u00e8ge de Microsoft en Allemagne se pare de Corian<\/title>\n<meta name=\"robots\" content=\"index, follow, max-snippet:-1, max-image-preview:large, max-video-preview:-1\" \/>\n<link rel=\"canonical\" href=\"https:\/\/batijournal.com\/index.php\/nouveau-siege-de-microsoft-allemagne-se-pare-de-corian\/96628\/\" \/>\n<meta property=\"og:locale\" content=\"fr_FR\" \/>\n<meta property=\"og:type\" content=\"article\" \/>\n<meta property=\"og:title\" content=\"Le nouveau si\u00e8ge de Microsoft en Allemagne se pare de Corian\" \/>\n<meta property=\"og:description\" content=\"Le nouveau si\u00e8ge de Microsoft, implant\u00e9 au nord de Munich, est un b\u00e2timent de sept \u00e9tages sur une surface de 26 000 m2 con\u00e7u comme un lieu de travail intelligent pour les 1 900 employ\u00e9s. Le b\u00e2timent est compos\u00e9 d&rsquo;une fa\u00e7ade ventil\u00e9e antipluie blanche en Corian. Ce mat\u00e9riau a \u00e9t\u00e9 s\u00e9lectionn\u00e9 pour son aspect doux [&hellip;]\" \/>\n<meta property=\"og:url\" content=\"https:\/\/batijournal.com\/index.php\/nouveau-siege-de-microsoft-allemagne-se-pare-de-corian\/96628\/\" \/>\n<meta property=\"og:site_name\" content=\"Batijournal\" \/>\n<meta property=\"article:published_time\" content=\"2017-08-23T15:06:40+00:00\" \/>\n<meta property=\"article:modified_time\" content=\"2019-07-15T09:27:13+00:00\" \/>\n<meta property=\"og:image\" content=\"https:\/\/batijournal.com\/wp-content\/uploads\/2017\/08\/siege-microsoft-munich-corian.jpg\" \/>\n\t<meta property=\"og:image:width\" content=\"768\" \/>\n\t<meta property=\"og:image:height\" content=\"768\" \/>\n\t<meta property=\"og:image:type\" content=\"image\/jpeg\" \/>\n<meta name=\"author\" content=\"Bati-journal\" \/>\n<meta name=\"twitter:card\" content=\"summary_large_image\" \/>\n<meta name=\"twitter:creator\" content=\"@bati_journal\" \/>\n<meta name=\"twitter:site\" content=\"@bati_journal\" \/>\n<meta name=\"twitter:label1\" content=\"\u00c9crit par\" \/>\n\t<meta name=\"twitter:data1\" content=\"Bati-journal\" \/>\n<script type=\"application\/ld+json\" class=\"yoast-schema-graph\">{\"@context\":\"https:\\\/\\\/schema.org\",\"@graph\":[{\"@type\":\"Article\",\"@id\":\"https:\\\/\\\/batijournal.com\\\/index.php\\\/nouveau-siege-de-microsoft-allemagne-se-pare-de-corian\\\/96628\\\/#article\",\"isPartOf\":{\"@id\":\"https:\\\/\\\/batijournal.com\\\/index.php\\\/nouveau-siege-de-microsoft-allemagne-se-pare-de-corian\\\/96628\\\/\"},\"author\":{\"name\":\"Bati-journal\",\"@id\":\"https:\\\/\\\/batijournal.com\\\/#\\\/schema\\\/person\\\/6a657e8967569e1b299972574848aa76\"},\"headline\":\"Le nouveau si\u00e8ge de Microsoft en Allemagne se pare de Corian\",\"datePublished\":\"2017-08-23T15:06:40+00:00\",\"dateModified\":\"2019-07-15T09:27:13+00:00\",\"mainEntityOfPage\":{\"@id\":\"https:\\\/\\\/batijournal.com\\\/index.php\\\/nouveau-siege-de-microsoft-allemagne-se-pare-de-corian\\\/96628\\\/\"},\"wordCount\":111,\"image\":{\"@id\":\"https:\\\/\\\/batijournal.com\\\/index.php\\\/nouveau-siege-de-microsoft-allemagne-se-pare-de-corian\\\/96628\\\/#primaryimage\"},\"thumbnailUrl\":\"https:\\\/\\\/batijournal.com\\\/wp-content\\\/uploads\\\/2017\\\/08\\\/siege-microsoft-munich-corian.jpg\",\"keywords\":[\"Corian\",\"fa\u00e7ade\"],\"articleSection\":[\"Architecture &amp; Conception\",\"zz_Nouveaut\u00e9s Produits - 5fa\u00e7ades\"],\"inLanguage\":\"fr-FR\"},{\"@type\":\"WebPage\",\"@id\":\"https:\\\/\\\/batijournal.com\\\/index.php\\\/nouveau-siege-de-microsoft-allemagne-se-pare-de-corian\\\/96628\\\/\",\"url\":\"https:\\\/\\\/batijournal.com\\\/index.php\\\/nouveau-siege-de-microsoft-allemagne-se-pare-de-corian\\\/96628\\\/\",\"name\":\"Le nouveau si\u00e8ge de Microsoft en Allemagne se pare de Corian\",\"isPartOf\":{\"@id\":\"https:\\\/\\\/batijournal.com\\\/#website\"},\"primaryImageOfPage\":{\"@id\":\"https:\\\/\\\/batijournal.com\\\/index.php\\\/nouveau-siege-de-microsoft-allemagne-se-pare-de-corian\\\/96628\\\/#primaryimage\"},\"image\":{\"@id\":\"https:\\\/\\\/batijournal.com\\\/index.php\\\/nouveau-siege-de-microsoft-allemagne-se-pare-de-corian\\\/96628\\\/#primaryimage\"},\"thumbnailUrl\":\"https:\\\/\\\/batijournal.com\\\/wp-content\\\/uploads\\\/2017\\\/08\\\/siege-microsoft-munich-corian.jpg\",\"datePublished\":\"2017-08-23T15:06:40+00:00\",\"dateModified\":\"2019-07-15T09:27:13+00:00\",\"author\":{\"@id\":\"https:\\\/\\\/batijournal.com\\\/#\\\/schema\\\/person\\\/6a657e8967569e1b299972574848aa76\"},\"breadcrumb\":{\"@id\":\"https:\\\/\\\/batijournal.com\\\/index.php\\\/nouveau-siege-de-microsoft-allemagne-se-pare-de-corian\\\/96628\\\/#breadcrumb\"},\"inLanguage\":\"fr-FR\",\"potentialAction\":[{\"@type\":\"ReadAction\",\"target\":[\"https:\\\/\\\/batijournal.com\\\/index.php\\\/nouveau-siege-de-microsoft-allemagne-se-pare-de-corian\\\/96628\\\/\"]}]},{\"@type\":\"ImageObject\",\"inLanguage\":\"fr-FR\",\"@id\":\"https:\\\/\\\/batijournal.com\\\/index.php\\\/nouveau-siege-de-microsoft-allemagne-se-pare-de-corian\\\/96628\\\/#primaryimage\",\"url\":\"https:\\\/\\\/batijournal.com\\\/wp-content\\\/uploads\\\/2017\\\/08\\\/siege-microsoft-munich-corian.jpg\",\"contentUrl\":\"https:\\\/\\\/batijournal.com\\\/wp-content\\\/uploads\\\/2017\\\/08\\\/siege-microsoft-munich-corian.jpg\",\"width\":768,\"height\":768},{\"@type\":\"BreadcrumbList\",\"@id\":\"https:\\\/\\\/batijournal.com\\\/index.php\\\/nouveau-siege-de-microsoft-allemagne-se-pare-de-corian\\\/96628\\\/#breadcrumb\",\"itemListElement\":[{\"@type\":\"ListItem\",\"position\":1,\"name\":\"Accueil\",\"item\":\"https:\\\/\\\/batijournal.com\\\/\"},{\"@type\":\"ListItem\",\"position\":2,\"name\":\"Actualit\u00e9s\",\"item\":\"https:\\\/\\\/batijournal.com\\\/index.php\\\/category\\\/actualites\\\/\"},{\"@type\":\"ListItem\",\"position\":3,\"name\":\"Architecture &amp; Conception\",\"item\":\"https:\\\/\\\/batijournal.com\\\/index.php\\\/category\\\/actualites\\\/architecture-conception\\\/\"},{\"@type\":\"ListItem\",\"position\":4,\"name\":\"Le nouveau si\u00e8ge de Microsoft en Allemagne se pare de Corian\"}]},{\"@type\":\"WebSite\",\"@id\":\"https:\\\/\\\/batijournal.com\\\/#website\",\"url\":\"https:\\\/\\\/batijournal.com\\\/\",\"name\":\"Batijournal\",\"description\":\"L&#039;actualit\u00e9 du b\u00e2timent\",\"potentialAction\":[{\"@type\":\"SearchAction\",\"target\":{\"@type\":\"EntryPoint\",\"urlTemplate\":\"https:\\\/\\\/batijournal.com\\\/?s={search_term_string}\"},\"query-input\":{\"@type\":\"PropertyValueSpecification\",\"valueRequired\":true,\"valueName\":\"search_term_string\"}}],\"inLanguage\":\"fr-FR\"},{\"@type\":\"Person\",\"@id\":\"https:\\\/\\\/batijournal.com\\\/#\\\/schema\\\/person\\\/6a657e8967569e1b299972574848aa76\",\"name\":\"Bati-journal\",\"image\":{\"@type\":\"ImageObject\",\"inLanguage\":\"fr-FR\",\"@id\":\"https:\\\/\\\/secure.gravatar.com\\\/avatar\\\/a64364ea26392f9b4dd47e017ddaec74ff03aefc073b49e492e847201258f777?s=96&d=mm&r=g\",\"url\":\"https:\\\/\\\/secure.gravatar.com\\\/avatar\\\/a64364ea26392f9b4dd47e017ddaec74ff03aefc073b49e492e847201258f777?s=96&d=mm&r=g\",\"contentUrl\":\"https:\\\/\\\/secure.gravatar.com\\\/avatar\\\/a64364ea26392f9b4dd47e017ddaec74ff03aefc073b49e492e847201258f777?s=96&d=mm&r=g\",\"caption\":\"Bati-journal\"},\"url\":\"https:\\\/\\\/batijournal.com\\\/index.php\\\/author\\\/elodie\\\/\"}]}<\/script>\n<!-- \/ Yoast SEO plugin. -->","yoast_head_json":{"title":"Le nouveau si\u00e8ge de Microsoft en Allemagne se pare de Corian","robots":{"index":"index","follow":"follow","max-snippet":"max-snippet:-1","max-image-preview":"max-image-preview:large","max-video-preview":"max-video-preview:-1"},"canonical":"https:\/\/batijournal.com\/index.php\/nouveau-siege-de-microsoft-allemagne-se-pare-de-corian\/96628\/","og_locale":"fr_FR","og_type":"article","og_title":"Le nouveau si\u00e8ge de Microsoft en Allemagne se pare de Corian","og_description":"Le nouveau si\u00e8ge de Microsoft, implant\u00e9 au nord de Munich, est un b\u00e2timent de sept \u00e9tages sur une surface de 26 000 m2 con\u00e7u comme un lieu de travail intelligent pour les 1 900 employ\u00e9s. Le b\u00e2timent est compos\u00e9 d&rsquo;une fa\u00e7ade ventil\u00e9e antipluie blanche en Corian. Ce mat\u00e9riau a \u00e9t\u00e9 s\u00e9lectionn\u00e9 pour son aspect doux [&hellip;]","og_url":"https:\/\/batijournal.com\/index.php\/nouveau-siege-de-microsoft-allemagne-se-pare-de-corian\/96628\/","og_site_name":"Batijournal","article_published_time":"2017-08-23T15:06:40+00:00","article_modified_time":"2019-07-15T09:27:13+00:00","og_image":[{"width":768,"height":768,"url":"https:\/\/batijournal.com\/wp-content\/uploads\/2017\/08\/siege-microsoft-munich-corian.jpg","type":"image\/jpeg"}],"author":"Bati-journal","twitter_card":"summary_large_image","twitter_creator":"@bati_journal","twitter_site":"@bati_journal","twitter_misc":{"\u00c9crit par":"Bati-journal"},"schema":{"@context":"https:\/\/schema.org","@graph":[{"@type":"Article","@id":"https:\/\/batijournal.com\/index.php\/nouveau-siege-de-microsoft-allemagne-se-pare-de-corian\/96628\/#article","isPartOf":{"@id":"https:\/\/batijournal.com\/index.php\/nouveau-siege-de-microsoft-allemagne-se-pare-de-corian\/96628\/"},"author":{"name":"Bati-journal","@id":"https:\/\/batijournal.com\/#\/schema\/person\/6a657e8967569e1b299972574848aa76"},"headline":"Le nouveau si\u00e8ge de Microsoft en Allemagne se pare de Corian","datePublished":"2017-08-23T15:06:40+00:00","dateModified":"2019-07-15T09:27:13+00:00","mainEntityOfPage":{"@id":"https:\/\/batijournal.com\/index.php\/nouveau-siege-de-microsoft-allemagne-se-pare-de-corian\/96628\/"},"wordCount":111,"image":{"@id":"https:\/\/batijournal.com\/index.php\/nouveau-siege-de-microsoft-allemagne-se-pare-de-corian\/96628\/#primaryimage"},"thumbnailUrl":"https:\/\/batijournal.com\/wp-content\/uploads\/2017\/08\/siege-microsoft-munich-corian.jpg","keywords":["Corian","fa\u00e7ade"],"articleSection":["Architecture &amp; Conception","zz_Nouveaut\u00e9s Produits - 5fa\u00e7ades"],"inLanguage":"fr-FR"},{"@type":"WebPage","@id":"https:\/\/batijournal.com\/index.php\/nouveau-siege-de-microsoft-allemagne-se-pare-de-corian\/96628\/","url":"https:\/\/batijournal.com\/index.php\/nouveau-siege-de-microsoft-allemagne-se-pare-de-corian\/96628\/","name":"Le nouveau si\u00e8ge de Microsoft en Allemagne se pare de Corian","isPartOf":{"@id":"https:\/\/batijournal.com\/#website"},"primaryImageOfPage":{"@id":"https:\/\/batijournal.com\/index.php\/nouveau-siege-de-microsoft-allemagne-se-pare-de-corian\/96628\/#primaryimage"},"image":{"@id":"https:\/\/batijournal.com\/index.php\/nouveau-siege-de-microsoft-allemagne-se-pare-de-corian\/96628\/#primaryimage"},"thumbnailUrl":"https:\/\/batijournal.com\/wp-content\/uploads\/2017\/08\/siege-microsoft-munich-corian.jpg","datePublished":"2017-08-23T15:06:40+00:00","dateModified":"2019-07-15T09:27:13+00:00","author":{"@id":"https:\/\/batijournal.com\/#\/schema\/person\/6a657e8967569e1b299972574848aa76"},"breadcrumb":{"@id":"https:\/\/batijournal.com\/index.php\/nouveau-siege-de-microsoft-allemagne-se-pare-de-corian\/96628\/#breadcrumb"},"inLanguage":"fr-FR","potentialAction":[{"@type":"ReadAction","target":["https:\/\/batijournal.com\/index.php\/nouveau-siege-de-microsoft-allemagne-se-pare-de-corian\/96628\/"]}]},{"@type":"ImageObject","inLanguage":"fr-FR","@id":"https:\/\/batijournal.com\/index.php\/nouveau-siege-de-microsoft-allemagne-se-pare-de-corian\/96628\/#primaryimage","url":"https:\/\/batijournal.com\/wp-content\/uploads\/2017\/08\/siege-microsoft-munich-corian.jpg","contentUrl":"https:\/\/batijournal.com\/wp-content\/uploads\/2017\/08\/siege-microsoft-munich-corian.jpg","width":768,"height":768},{"@type":"BreadcrumbList","@id":"https:\/\/batijournal.com\/index.php\/nouveau-siege-de-microsoft-allemagne-se-pare-de-corian\/96628\/#breadcrumb","itemListElement":[{"@type":"ListItem","position":1,"name":"Accueil","item":"https:\/\/batijournal.com\/"},{"@type":"ListItem","position":2,"name":"Actualit\u00e9s","item":"https:\/\/batijournal.com\/index.php\/category\/actualites\/"},{"@type":"ListItem","position":3,"name":"Architecture &amp; Conception","item":"https:\/\/batijournal.com\/index.php\/category\/actualites\/architecture-conception\/"},{"@type":"ListItem","position":4,"name":"Le nouveau si\u00e8ge de Microsoft en Allemagne se pare de Corian"}]},{"@type":"WebSite","@id":"https:\/\/batijournal.com\/#website","url":"https:\/\/batijournal.com\/","name":"Batijournal","description":"L&#039;actualit\u00e9 du b\u00e2timent","potentialAction":[{"@type":"SearchAction","target":{"@type":"EntryPoint","urlTemplate":"https:\/\/batijournal.com\/?s={search_term_string}"},"query-input":{"@type":"PropertyValueSpecification","valueRequired":true,"valueName":"search_term_string"}}],"inLanguage":"fr-FR"},{"@type":"Person","@id":"https:\/\/batijournal.com\/#\/schema\/person\/6a657e8967569e1b299972574848aa76","name":"Bati-journal","image":{"@type":"ImageObject","inLanguage":"fr-FR","@id":"https:\/\/secure.gravatar.com\/avatar\/a64364ea26392f9b4dd47e017ddaec74ff03aefc073b49e492e847201258f777?s=96&d=mm&r=g","url":"https:\/\/secure.gravatar.com\/avatar\/a64364ea26392f9b4dd47e017ddaec74ff03aefc073b49e492e847201258f777?s=96&d=mm&r=g","contentUrl":"https:\/\/secure.gravatar.com\/avatar\/a64364ea26392f9b4dd47e017ddaec74ff03aefc073b49e492e847201258f777?s=96&d=mm&r=g","caption":"Bati-journal"},"url":"https:\/\/batijournal.com\/index.php\/author\/elodie\/"}]}},"_links":{"self":[{"href":"https:\/\/batijournal.com\/index.php\/wp-json\/wp\/v2\/posts\/96628","targetHints":{"allow":["GET"]}}],"collection":[{"href":"https:\/\/batijournal.com\/index.php\/wp-json\/wp\/v2\/posts"}],"about":[{"href":"https:\/\/batijournal.com\/index.php\/wp-json\/wp\/v2\/types\/post"}],"author":[{"embeddable":true,"href":"https:\/\/batijournal.com\/index.php\/wp-json\/wp\/v2\/users\/1"}],"replies":[{"embeddable":true,"href":"https:\/\/batijournal.com\/index.php\/wp-json\/wp\/v2\/comments?post=96628"}],"version-history":[{"count":0,"href":"https:\/\/batijournal.com\/index.php\/wp-json\/wp\/v2\/posts\/96628\/revisions"}],"wp:featuredmedia":[{"embeddable":true,"href":"https:\/\/batijournal.com\/index.php\/wp-json\/wp\/v2\/media\/96629"}],"wp:attachment":[{"href":"https:\/\/batijournal.com\/index.php\/wp-json\/wp\/v2\/media?parent=96628"}],"wp:term":[{"taxonomy":"category","embeddable":true,"href":"https:\/\/batijournal.com\/index.php\/wp-json\/wp\/v2\/categories?post=96628"},{"taxonomy":"post_tag","embeddable":true,"href":"https:\/\/batijournal.com\/index.php\/wp-json\/wp\/v2\/tags?post=96628"}],"curies":[{"name":"wp","href":"https:\/\/api.w.org\/{rel}","templated":true}]}}