{"id":96637,"date":"2017-08-23T16:45:53","date_gmt":"2017-08-23T14:45:53","guid":{"rendered":"http:\/\/batijournal.com\/?p=96637"},"modified":"2019-07-15T11:27:13","modified_gmt":"2019-07-15T09:27:13","slug":"futur-complexe-sportif-dorleans-devoile","status":"publish","type":"post","link":"https:\/\/batijournal.com\/index.php\/futur-complexe-sportif-dorleans-devoile\/96637\/","title":{"rendered":"Le futur complexe sportif d&rsquo;Orl\u00e9ans d\u00e9voil\u00e9"},"content":{"rendered":"<p>CO&rsquo;MET pour Centre Orl\u00e9ans M\u00e9tropole est le nom du futur complexe sportif d&rsquo;Orl\u00e9ans qui sera implant\u00e9 le long de la nationale 20. Le groupement compos\u00e9 des architectes Jacques Ferrier et Populous et le constructeur Bouygues ont pr\u00e9sent\u00e9 leur projet. CO&rsquo;MET regroupera une salle de sport ultramoderne de 10 000 places, un parc des expositions de 16 000 m2 ainsi qu&rsquo;un palais des congr\u00e8s avec un auditorium de 1000 places. Les trois \u00e9quipements seront accol\u00e9s et pourront fonctionner ensemble pour des \u00e9v\u00e9nements de tr\u00e8s grande ampleur. La fa\u00e7ade du b\u00e2timent sera en aluminium bross\u00e9 form\u00e9e de plusieurs vagues de 400 m. Vertueux sur plan environnemental, le b\u00e2timent vise la RT 2012 moins 50%. Les architectes ont opt\u00e9 pour la g\u00e9othermie et le photovolta\u00efque pour qu&rsquo;il soit le moins \u00e9nergivore possible.<\/p>\n<p>La construction d\u00e9butera \u00e0 l&rsquo;\u00e9t\u00e9 2018 pour une ouverture pr\u00e9vue en 2020 pour la salle de sport, le palais des congr\u00e8s et la premi\u00e8re partie du parc des expositions. La seconde partie sera, quant \u00e0 elle, livr\u00e9e en 2021 apr\u00e8s d\u00e9molition de l&rsquo;existant.<\/p>\n<p>&#8211; Constructeur : Bouygues b\u00e2timent Centre Sud Ouest<br \/>\n&#8211; Architecture &#8211; Paysage :<br \/>\n&#8211; Jacques Ferrier architectures (coordination architecturale d&rsquo;ensemble)<br \/>\n&#8211; Populous (conception de la salle de sport)<\/p>\n<p>&#8211; Entretien exploitation maintenance : Bouygues \u00e9nergies et services<\/p>\n<p>Photo : Orl\u00e9ans M\u00e9tropole<\/p>\n","protected":false},"excerpt":{"rendered":"<p>CO&rsquo;MET pour Centre Orl\u00e9ans M\u00e9tropole est le nom du futur complexe sportif d&rsquo;Orl\u00e9ans qui sera implant\u00e9 le long de la nationale 20. Le groupement compos\u00e9 des architectes Jacques Ferrier et Populous et le constructeur Bouygues ont pr\u00e9sent\u00e9 leur projet. CO&rsquo;MET regroupera une salle de sport ultramoderne de 10 000 places, un parc des expositions de [&hellip;]<\/p>\n","protected":false},"author":1,"featured_media":96639,"comment_status":"closed","ping_status":"closed","sticky":false,"template":"","format":"standard","meta":{"_et_pb_use_builder":"","_et_pb_old_content":"","_et_gb_content_width":"","footnotes":""},"categories":[6340],"tags":[],"class_list":["post-96637","post","type-post","status-publish","format-standard","has-post-thumbnail","hentry","category-architecture-conception"],"yoast_head":"<!-- This site is optimized with the Yoast SEO plugin v27.4 - https:\/\/yoast.com\/product\/yoast-seo-wordpress\/ -->\n<title>Le futur complexe sportif d&#039;Orl\u00e9ans d\u00e9voil\u00e9<\/title>\n<meta name=\"robots\" content=\"index, follow, max-snippet:-1, max-image-preview:large, max-video-preview:-1\" \/>\n<link rel=\"canonical\" href=\"https:\/\/batijournal.com\/index.php\/futur-complexe-sportif-dorleans-devoile\/96637\/\" \/>\n<meta property=\"og:locale\" content=\"fr_FR\" \/>\n<meta property=\"og:type\" content=\"article\" \/>\n<meta property=\"og:title\" content=\"Le futur complexe sportif d&#039;Orl\u00e9ans d\u00e9voil\u00e9\" \/>\n<meta property=\"og:description\" content=\"CO&rsquo;MET pour Centre Orl\u00e9ans M\u00e9tropole est le nom du futur complexe sportif d&rsquo;Orl\u00e9ans qui sera implant\u00e9 le long de la nationale 20. Le groupement compos\u00e9 des architectes Jacques Ferrier et Populous et le constructeur Bouygues ont pr\u00e9sent\u00e9 leur projet. CO&rsquo;MET regroupera une salle de sport ultramoderne de 10 000 places, un parc des expositions de [&hellip;]\" \/>\n<meta property=\"og:url\" content=\"https:\/\/batijournal.com\/index.php\/futur-complexe-sportif-dorleans-devoile\/96637\/\" \/>\n<meta property=\"og:site_name\" content=\"Batijournal\" \/>\n<meta property=\"article:published_time\" content=\"2017-08-23T14:45:53+00:00\" \/>\n<meta property=\"article:modified_time\" content=\"2019-07-15T09:27:13+00:00\" \/>\n<meta property=\"og:image\" content=\"https:\/\/batijournal.com\/wp-content\/uploads\/2017\/08\/870x489_comet.jpg\" \/>\n\t<meta property=\"og:image:width\" content=\"870\" \/>\n\t<meta property=\"og:image:height\" content=\"489\" \/>\n\t<meta property=\"og:image:type\" content=\"image\/jpeg\" \/>\n<meta name=\"author\" content=\"Bati-journal\" \/>\n<meta name=\"twitter:card\" content=\"summary_large_image\" \/>\n<meta name=\"twitter:creator\" content=\"@bati_journal\" \/>\n<meta name=\"twitter:site\" content=\"@bati_journal\" \/>\n<meta name=\"twitter:label1\" content=\"\u00c9crit par\" \/>\n\t<meta name=\"twitter:data1\" content=\"Bati-journal\" \/>\n\t<meta name=\"twitter:label2\" content=\"Dur\u00e9e de lecture estim\u00e9e\" \/>\n\t<meta name=\"twitter:data2\" content=\"1 minute\" \/>\n<script type=\"application\/ld+json\" class=\"yoast-schema-graph\">{\"@context\":\"https:\\\/\\\/schema.org\",\"@graph\":[{\"@type\":\"Article\",\"@id\":\"https:\\\/\\\/batijournal.com\\\/index.php\\\/futur-complexe-sportif-dorleans-devoile\\\/96637\\\/#article\",\"isPartOf\":{\"@id\":\"https:\\\/\\\/batijournal.com\\\/index.php\\\/futur-complexe-sportif-dorleans-devoile\\\/96637\\\/\"},\"author\":{\"name\":\"Bati-journal\",\"@id\":\"https:\\\/\\\/batijournal.com\\\/#\\\/schema\\\/person\\\/6a657e8967569e1b299972574848aa76\"},\"headline\":\"Le futur complexe sportif d&rsquo;Orl\u00e9ans d\u00e9voil\u00e9\",\"datePublished\":\"2017-08-23T14:45:53+00:00\",\"dateModified\":\"2019-07-15T09:27:13+00:00\",\"mainEntityOfPage\":{\"@id\":\"https:\\\/\\\/batijournal.com\\\/index.php\\\/futur-complexe-sportif-dorleans-devoile\\\/96637\\\/\"},\"wordCount\":236,\"image\":{\"@id\":\"https:\\\/\\\/batijournal.com\\\/index.php\\\/futur-complexe-sportif-dorleans-devoile\\\/96637\\\/#primaryimage\"},\"thumbnailUrl\":\"https:\\\/\\\/batijournal.com\\\/wp-content\\\/uploads\\\/2017\\\/08\\\/870x489_comet.jpg\",\"articleSection\":[\"Architecture &amp; Conception\"],\"inLanguage\":\"fr-FR\"},{\"@type\":\"WebPage\",\"@id\":\"https:\\\/\\\/batijournal.com\\\/index.php\\\/futur-complexe-sportif-dorleans-devoile\\\/96637\\\/\",\"url\":\"https:\\\/\\\/batijournal.com\\\/index.php\\\/futur-complexe-sportif-dorleans-devoile\\\/96637\\\/\",\"name\":\"Le futur complexe sportif d'Orl\u00e9ans d\u00e9voil\u00e9\",\"isPartOf\":{\"@id\":\"https:\\\/\\\/batijournal.com\\\/#website\"},\"primaryImageOfPage\":{\"@id\":\"https:\\\/\\\/batijournal.com\\\/index.php\\\/futur-complexe-sportif-dorleans-devoile\\\/96637\\\/#primaryimage\"},\"image\":{\"@id\":\"https:\\\/\\\/batijournal.com\\\/index.php\\\/futur-complexe-sportif-dorleans-devoile\\\/96637\\\/#primaryimage\"},\"thumbnailUrl\":\"https:\\\/\\\/batijournal.com\\\/wp-content\\\/uploads\\\/2017\\\/08\\\/870x489_comet.jpg\",\"datePublished\":\"2017-08-23T14:45:53+00:00\",\"dateModified\":\"2019-07-15T09:27:13+00:00\",\"author\":{\"@id\":\"https:\\\/\\\/batijournal.com\\\/#\\\/schema\\\/person\\\/6a657e8967569e1b299972574848aa76\"},\"breadcrumb\":{\"@id\":\"https:\\\/\\\/batijournal.com\\\/index.php\\\/futur-complexe-sportif-dorleans-devoile\\\/96637\\\/#breadcrumb\"},\"inLanguage\":\"fr-FR\",\"potentialAction\":[{\"@type\":\"ReadAction\",\"target\":[\"https:\\\/\\\/batijournal.com\\\/index.php\\\/futur-complexe-sportif-dorleans-devoile\\\/96637\\\/\"]}]},{\"@type\":\"ImageObject\",\"inLanguage\":\"fr-FR\",\"@id\":\"https:\\\/\\\/batijournal.com\\\/index.php\\\/futur-complexe-sportif-dorleans-devoile\\\/96637\\\/#primaryimage\",\"url\":\"https:\\\/\\\/batijournal.com\\\/wp-content\\\/uploads\\\/2017\\\/08\\\/870x489_comet.jpg\",\"contentUrl\":\"https:\\\/\\\/batijournal.com\\\/wp-content\\\/uploads\\\/2017\\\/08\\\/870x489_comet.jpg\",\"width\":870,\"height\":489},{\"@type\":\"BreadcrumbList\",\"@id\":\"https:\\\/\\\/batijournal.com\\\/index.php\\\/futur-complexe-sportif-dorleans-devoile\\\/96637\\\/#breadcrumb\",\"itemListElement\":[{\"@type\":\"ListItem\",\"position\":1,\"name\":\"Accueil\",\"item\":\"https:\\\/\\\/batijournal.com\\\/\"},{\"@type\":\"ListItem\",\"position\":2,\"name\":\"Actualit\u00e9s\",\"item\":\"https:\\\/\\\/batijournal.com\\\/index.php\\\/category\\\/actualites\\\/\"},{\"@type\":\"ListItem\",\"position\":3,\"name\":\"Architecture &amp; Conception\",\"item\":\"https:\\\/\\\/batijournal.com\\\/index.php\\\/category\\\/actualites\\\/architecture-conception\\\/\"},{\"@type\":\"ListItem\",\"position\":4,\"name\":\"Le futur complexe sportif d&rsquo;Orl\u00e9ans d\u00e9voil\u00e9\"}]},{\"@type\":\"WebSite\",\"@id\":\"https:\\\/\\\/batijournal.com\\\/#website\",\"url\":\"https:\\\/\\\/batijournal.com\\\/\",\"name\":\"Batijournal\",\"description\":\"L&#039;actualit\u00e9 du b\u00e2timent\",\"potentialAction\":[{\"@type\":\"SearchAction\",\"target\":{\"@type\":\"EntryPoint\",\"urlTemplate\":\"https:\\\/\\\/batijournal.com\\\/?s={search_term_string}\"},\"query-input\":{\"@type\":\"PropertyValueSpecification\",\"valueRequired\":true,\"valueName\":\"search_term_string\"}}],\"inLanguage\":\"fr-FR\"},{\"@type\":\"Person\",\"@id\":\"https:\\\/\\\/batijournal.com\\\/#\\\/schema\\\/person\\\/6a657e8967569e1b299972574848aa76\",\"name\":\"Bati-journal\",\"image\":{\"@type\":\"ImageObject\",\"inLanguage\":\"fr-FR\",\"@id\":\"https:\\\/\\\/secure.gravatar.com\\\/avatar\\\/a64364ea26392f9b4dd47e017ddaec74ff03aefc073b49e492e847201258f777?s=96&d=mm&r=g\",\"url\":\"https:\\\/\\\/secure.gravatar.com\\\/avatar\\\/a64364ea26392f9b4dd47e017ddaec74ff03aefc073b49e492e847201258f777?s=96&d=mm&r=g\",\"contentUrl\":\"https:\\\/\\\/secure.gravatar.com\\\/avatar\\\/a64364ea26392f9b4dd47e017ddaec74ff03aefc073b49e492e847201258f777?s=96&d=mm&r=g\",\"caption\":\"Bati-journal\"},\"url\":\"https:\\\/\\\/batijournal.com\\\/index.php\\\/author\\\/elodie\\\/\"}]}<\/script>\n<!-- \/ Yoast SEO plugin. -->","yoast_head_json":{"title":"Le futur complexe sportif d'Orl\u00e9ans d\u00e9voil\u00e9","robots":{"index":"index","follow":"follow","max-snippet":"max-snippet:-1","max-image-preview":"max-image-preview:large","max-video-preview":"max-video-preview:-1"},"canonical":"https:\/\/batijournal.com\/index.php\/futur-complexe-sportif-dorleans-devoile\/96637\/","og_locale":"fr_FR","og_type":"article","og_title":"Le futur complexe sportif d'Orl\u00e9ans d\u00e9voil\u00e9","og_description":"CO&rsquo;MET pour Centre Orl\u00e9ans M\u00e9tropole est le nom du futur complexe sportif d&rsquo;Orl\u00e9ans qui sera implant\u00e9 le long de la nationale 20. Le groupement compos\u00e9 des architectes Jacques Ferrier et Populous et le constructeur Bouygues ont pr\u00e9sent\u00e9 leur projet. CO&rsquo;MET regroupera une salle de sport ultramoderne de 10 000 places, un parc des expositions de [&hellip;]","og_url":"https:\/\/batijournal.com\/index.php\/futur-complexe-sportif-dorleans-devoile\/96637\/","og_site_name":"Batijournal","article_published_time":"2017-08-23T14:45:53+00:00","article_modified_time":"2019-07-15T09:27:13+00:00","og_image":[{"width":870,"height":489,"url":"https:\/\/batijournal.com\/wp-content\/uploads\/2017\/08\/870x489_comet.jpg","type":"image\/jpeg"}],"author":"Bati-journal","twitter_card":"summary_large_image","twitter_creator":"@bati_journal","twitter_site":"@bati_journal","twitter_misc":{"\u00c9crit par":"Bati-journal","Dur\u00e9e de lecture estim\u00e9e":"1 minute"},"schema":{"@context":"https:\/\/schema.org","@graph":[{"@type":"Article","@id":"https:\/\/batijournal.com\/index.php\/futur-complexe-sportif-dorleans-devoile\/96637\/#article","isPartOf":{"@id":"https:\/\/batijournal.com\/index.php\/futur-complexe-sportif-dorleans-devoile\/96637\/"},"author":{"name":"Bati-journal","@id":"https:\/\/batijournal.com\/#\/schema\/person\/6a657e8967569e1b299972574848aa76"},"headline":"Le futur complexe sportif d&rsquo;Orl\u00e9ans d\u00e9voil\u00e9","datePublished":"2017-08-23T14:45:53+00:00","dateModified":"2019-07-15T09:27:13+00:00","mainEntityOfPage":{"@id":"https:\/\/batijournal.com\/index.php\/futur-complexe-sportif-dorleans-devoile\/96637\/"},"wordCount":236,"image":{"@id":"https:\/\/batijournal.com\/index.php\/futur-complexe-sportif-dorleans-devoile\/96637\/#primaryimage"},"thumbnailUrl":"https:\/\/batijournal.com\/wp-content\/uploads\/2017\/08\/870x489_comet.jpg","articleSection":["Architecture &amp; Conception"],"inLanguage":"fr-FR"},{"@type":"WebPage","@id":"https:\/\/batijournal.com\/index.php\/futur-complexe-sportif-dorleans-devoile\/96637\/","url":"https:\/\/batijournal.com\/index.php\/futur-complexe-sportif-dorleans-devoile\/96637\/","name":"Le futur complexe sportif d'Orl\u00e9ans d\u00e9voil\u00e9","isPartOf":{"@id":"https:\/\/batijournal.com\/#website"},"primaryImageOfPage":{"@id":"https:\/\/batijournal.com\/index.php\/futur-complexe-sportif-dorleans-devoile\/96637\/#primaryimage"},"image":{"@id":"https:\/\/batijournal.com\/index.php\/futur-complexe-sportif-dorleans-devoile\/96637\/#primaryimage"},"thumbnailUrl":"https:\/\/batijournal.com\/wp-content\/uploads\/2017\/08\/870x489_comet.jpg","datePublished":"2017-08-23T14:45:53+00:00","dateModified":"2019-07-15T09:27:13+00:00","author":{"@id":"https:\/\/batijournal.com\/#\/schema\/person\/6a657e8967569e1b299972574848aa76"},"breadcrumb":{"@id":"https:\/\/batijournal.com\/index.php\/futur-complexe-sportif-dorleans-devoile\/96637\/#breadcrumb"},"inLanguage":"fr-FR","potentialAction":[{"@type":"ReadAction","target":["https:\/\/batijournal.com\/index.php\/futur-complexe-sportif-dorleans-devoile\/96637\/"]}]},{"@type":"ImageObject","inLanguage":"fr-FR","@id":"https:\/\/batijournal.com\/index.php\/futur-complexe-sportif-dorleans-devoile\/96637\/#primaryimage","url":"https:\/\/batijournal.com\/wp-content\/uploads\/2017\/08\/870x489_comet.jpg","contentUrl":"https:\/\/batijournal.com\/wp-content\/uploads\/2017\/08\/870x489_comet.jpg","width":870,"height":489},{"@type":"BreadcrumbList","@id":"https:\/\/batijournal.com\/index.php\/futur-complexe-sportif-dorleans-devoile\/96637\/#breadcrumb","itemListElement":[{"@type":"ListItem","position":1,"name":"Accueil","item":"https:\/\/batijournal.com\/"},{"@type":"ListItem","position":2,"name":"Actualit\u00e9s","item":"https:\/\/batijournal.com\/index.php\/category\/actualites\/"},{"@type":"ListItem","position":3,"name":"Architecture &amp; Conception","item":"https:\/\/batijournal.com\/index.php\/category\/actualites\/architecture-conception\/"},{"@type":"ListItem","position":4,"name":"Le futur complexe sportif d&rsquo;Orl\u00e9ans d\u00e9voil\u00e9"}]},{"@type":"WebSite","@id":"https:\/\/batijournal.com\/#website","url":"https:\/\/batijournal.com\/","name":"Batijournal","description":"L&#039;actualit\u00e9 du b\u00e2timent","potentialAction":[{"@type":"SearchAction","target":{"@type":"EntryPoint","urlTemplate":"https:\/\/batijournal.com\/?s={search_term_string}"},"query-input":{"@type":"PropertyValueSpecification","valueRequired":true,"valueName":"search_term_string"}}],"inLanguage":"fr-FR"},{"@type":"Person","@id":"https:\/\/batijournal.com\/#\/schema\/person\/6a657e8967569e1b299972574848aa76","name":"Bati-journal","image":{"@type":"ImageObject","inLanguage":"fr-FR","@id":"https:\/\/secure.gravatar.com\/avatar\/a64364ea26392f9b4dd47e017ddaec74ff03aefc073b49e492e847201258f777?s=96&d=mm&r=g","url":"https:\/\/secure.gravatar.com\/avatar\/a64364ea26392f9b4dd47e017ddaec74ff03aefc073b49e492e847201258f777?s=96&d=mm&r=g","contentUrl":"https:\/\/secure.gravatar.com\/avatar\/a64364ea26392f9b4dd47e017ddaec74ff03aefc073b49e492e847201258f777?s=96&d=mm&r=g","caption":"Bati-journal"},"url":"https:\/\/batijournal.com\/index.php\/author\/elodie\/"}]}},"_links":{"self":[{"href":"https:\/\/batijournal.com\/index.php\/wp-json\/wp\/v2\/posts\/96637","targetHints":{"allow":["GET"]}}],"collection":[{"href":"https:\/\/batijournal.com\/index.php\/wp-json\/wp\/v2\/posts"}],"about":[{"href":"https:\/\/batijournal.com\/index.php\/wp-json\/wp\/v2\/types\/post"}],"author":[{"embeddable":true,"href":"https:\/\/batijournal.com\/index.php\/wp-json\/wp\/v2\/users\/1"}],"replies":[{"embeddable":true,"href":"https:\/\/batijournal.com\/index.php\/wp-json\/wp\/v2\/comments?post=96637"}],"version-history":[{"count":0,"href":"https:\/\/batijournal.com\/index.php\/wp-json\/wp\/v2\/posts\/96637\/revisions"}],"wp:featuredmedia":[{"embeddable":true,"href":"https:\/\/batijournal.com\/index.php\/wp-json\/wp\/v2\/media\/96639"}],"wp:attachment":[{"href":"https:\/\/batijournal.com\/index.php\/wp-json\/wp\/v2\/media?parent=96637"}],"wp:term":[{"taxonomy":"category","embeddable":true,"href":"https:\/\/batijournal.com\/index.php\/wp-json\/wp\/v2\/categories?post=96637"},{"taxonomy":"post_tag","embeddable":true,"href":"https:\/\/batijournal.com\/index.php\/wp-json\/wp\/v2\/tags?post=96637"}],"curies":[{"name":"wp","href":"https:\/\/api.w.org\/{rel}","templated":true}]}}