{"id":96644,"date":"2017-08-24T07:29:59","date_gmt":"2017-08-24T05:29:59","guid":{"rendered":"http:\/\/batijournal.com\/?p=96644"},"modified":"2019-07-15T12:08:43","modified_gmt":"2019-07-15T10:08:43","slug":"directive-travailleurs-detaches-trahison-de-lesprit-europeen","status":"publish","type":"post","link":"https:\/\/batijournal.com\/index.php\/directive-travailleurs-detaches-trahison-de-lesprit-europeen\/96644\/","title":{"rendered":"\u00ab\u00a0La directive travailleurs d\u00e9tach\u00e9s est une trahison de l\u2019esprit europ\u00e9en\u00a0\u00bb"},"content":{"rendered":"<p>Le Pr\u00e9sident de la R\u00e9publique, Emmanuel MACRON, a entam\u00e9 une tourn\u00e9e europ\u00e9enne, en R\u00e9publique d\u2019Autriche, en Roumanie et en R\u00e9publique de Bulgarie. Lors de ce d\u00e9placement, il a pr\u00e9vu d\u2019\u00e9voquer les enjeux \u00e9conomiques et sociaux et notamment la directive \u00ab\u00a0travailleurs d\u00e9tach\u00e9s\u00a0\u00bb. Selon lui : <em>\u00ab\u00a0la directive telle qu\u2019elle fonctionne est une trahison de l\u2019esprit europ\u00e9en dans ses fondamentaux. Le march\u00e9 unique europ\u00e9en et la libre circulation des travailleurs n\u2019ont pas pour but de favoriser les pays qui font la promotion du moindre droit social\u00a0\u00bb<\/em>. Le pr\u00e9sident de la R\u00e9publique d\u00e9fend un projet qui vise \u00e0 limiter le temps d\u2019utilisation du travailleur d\u00e9tach\u00e9 \u00e0 un an, \u00e0 renforcer les contr\u00f4les, \u00e0 d\u00e9velopper les coop\u00e9rations en mati\u00e8re de contr\u00f4le sur le plan bilat\u00e9ral. Il propose qu&rsquo;\u00e0 travail \u00e9gal, une r\u00e9mun\u00e9ration \u00e9gale, ce qui \u00e9vite toutes ces distorsions et donc de permettre d\u2019avoir une refonte en profondeur du syst\u00e8me actuel.<\/p>\n<p>La part du BTP repr\u00e9sentait 27 % des d\u00e9clarations de travail d\u00e9tach\u00e9 en 2015 selon un rapport de la commission nationale de lutte contre le travail ill\u00e9gal. La Pologne \u00e9tant le principal pays d\u2019origine des salari\u00e9s d\u00e9tach\u00e9s en France (48 816 salari\u00e9s en 2015), suivie du Portugal (44 446), de l\u2019Espagne (35 231) et de la Roumanie (30 594). Le BTP est de tr\u00e8s loin le premier secteur concern\u00e9 par les inspections (76% des interventions), en raison des fraudes particuli\u00e8rement importantes dans ce secteur, des alertes de la profession et de la multiplicit\u00e9 des intervenants faisant l\u2019objet d\u2019investigations (ma\u00eetres d\u2019ouvrages et donneurs d\u2019ordre, multiples rangs de sous-traitance&#8230;).<\/p>\n","protected":false},"excerpt":{"rendered":"<p>Le Pr\u00e9sident de la R\u00e9publique, Emmanuel MACRON, a entam\u00e9 une tourn\u00e9e europ\u00e9enne, en R\u00e9publique d\u2019Autriche, en Roumanie et en R\u00e9publique de Bulgarie. Lors de ce d\u00e9placement, il a pr\u00e9vu d\u2019\u00e9voquer les enjeux \u00e9conomiques et sociaux et notamment la directive \u00ab\u00a0travailleurs d\u00e9tach\u00e9s\u00a0\u00bb. Selon lui : \u00ab\u00a0la directive telle qu\u2019elle fonctionne est une trahison de l\u2019esprit europ\u00e9en [&hellip;]<\/p>\n","protected":false},"author":17,"featured_media":92851,"comment_status":"closed","ping_status":"closed","sticky":false,"template":"","format":"standard","meta":{"_et_pb_use_builder":"","_et_pb_old_content":"","_et_gb_content_width":"","footnotes":""},"categories":[10736,10530,6345],"tags":[6029],"class_list":["post-96644","post","type-post","status-publish","format-standard","has-post-thumbnail","hentry","category-a-la-une","category-actualites","category-economie-marches","tag-travailleurs-detaches"],"yoast_head":"<!-- This site is optimized with the Yoast SEO plugin v27.4 - https:\/\/yoast.com\/product\/yoast-seo-wordpress\/ -->\n<title>&quot;La directive travailleurs d\u00e9tach\u00e9s est une trahison de l\u2019esprit europ\u00e9en&quot;<\/title>\n<meta name=\"robots\" content=\"index, follow, max-snippet:-1, max-image-preview:large, max-video-preview:-1\" \/>\n<link rel=\"canonical\" href=\"https:\/\/batijournal.com\/index.php\/directive-travailleurs-detaches-trahison-de-lesprit-europeen\/96644\/\" \/>\n<meta property=\"og:locale\" content=\"fr_FR\" \/>\n<meta property=\"og:type\" content=\"article\" \/>\n<meta property=\"og:title\" content=\"&quot;La directive travailleurs d\u00e9tach\u00e9s est une trahison de l\u2019esprit europ\u00e9en&quot;\" \/>\n<meta property=\"og:description\" content=\"Le Pr\u00e9sident de la R\u00e9publique, Emmanuel MACRON, a entam\u00e9 une tourn\u00e9e europ\u00e9enne, en R\u00e9publique d\u2019Autriche, en Roumanie et en R\u00e9publique de Bulgarie. Lors de ce d\u00e9placement, il a pr\u00e9vu d\u2019\u00e9voquer les enjeux \u00e9conomiques et sociaux et notamment la directive \u00ab\u00a0travailleurs d\u00e9tach\u00e9s\u00a0\u00bb. Selon lui : \u00ab\u00a0la directive telle qu\u2019elle fonctionne est une trahison de l\u2019esprit europ\u00e9en [&hellip;]\" \/>\n<meta property=\"og:url\" content=\"https:\/\/batijournal.com\/index.php\/directive-travailleurs-detaches-trahison-de-lesprit-europeen\/96644\/\" \/>\n<meta property=\"og:site_name\" content=\"Batijournal\" \/>\n<meta property=\"article:published_time\" content=\"2017-08-24T05:29:59+00:00\" \/>\n<meta property=\"article:modified_time\" content=\"2019-07-15T10:08:43+00:00\" \/>\n<meta property=\"og:image\" content=\"https:\/\/batijournal.com\/wp-content\/uploads\/2016\/05\/chantier-panneau.jpg\" \/>\n\t<meta property=\"og:image:width\" content=\"1000\" \/>\n\t<meta property=\"og:image:height\" content=\"496\" \/>\n\t<meta property=\"og:image:type\" content=\"image\/jpeg\" \/>\n<meta name=\"author\" content=\"St\u00e9phane Miget\" \/>\n<meta name=\"twitter:card\" content=\"summary_large_image\" \/>\n<meta name=\"twitter:creator\" content=\"@bati_journal\" \/>\n<meta name=\"twitter:site\" content=\"@bati_journal\" \/>\n<meta name=\"twitter:label1\" content=\"\u00c9crit par\" \/>\n\t<meta name=\"twitter:data1\" content=\"St\u00e9phane Miget\" \/>\n\t<meta name=\"twitter:label2\" content=\"Dur\u00e9e de lecture estim\u00e9e\" \/>\n\t<meta name=\"twitter:data2\" content=\"1 minute\" \/>\n<script type=\"application\/ld+json\" class=\"yoast-schema-graph\">{\"@context\":\"https:\\\/\\\/schema.org\",\"@graph\":[{\"@type\":\"Article\",\"@id\":\"https:\\\/\\\/batijournal.com\\\/index.php\\\/directive-travailleurs-detaches-trahison-de-lesprit-europeen\\\/96644\\\/#article\",\"isPartOf\":{\"@id\":\"https:\\\/\\\/batijournal.com\\\/index.php\\\/directive-travailleurs-detaches-trahison-de-lesprit-europeen\\\/96644\\\/\"},\"author\":{\"name\":\"St\u00e9phane Miget\",\"@id\":\"https:\\\/\\\/batijournal.com\\\/#\\\/schema\\\/person\\\/1dc96ec6957aa1ccb25ebe78bb19f100\"},\"headline\":\"\u00ab\u00a0La directive travailleurs d\u00e9tach\u00e9s est une trahison de l\u2019esprit europ\u00e9en\u00a0\u00bb\",\"datePublished\":\"2017-08-24T05:29:59+00:00\",\"dateModified\":\"2019-07-15T10:08:43+00:00\",\"mainEntityOfPage\":{\"@id\":\"https:\\\/\\\/batijournal.com\\\/index.php\\\/directive-travailleurs-detaches-trahison-de-lesprit-europeen\\\/96644\\\/\"},\"wordCount\":299,\"image\":{\"@id\":\"https:\\\/\\\/batijournal.com\\\/index.php\\\/directive-travailleurs-detaches-trahison-de-lesprit-europeen\\\/96644\\\/#primaryimage\"},\"thumbnailUrl\":\"https:\\\/\\\/batijournal.com\\\/wp-content\\\/uploads\\\/2016\\\/05\\\/chantier-panneau.jpg\",\"keywords\":[\"travailleurs d\u00e9tach\u00e9s\"],\"articleSection\":[\"A la Une\",\"Actualit\u00e9s\",\"\u00c9conomie &amp; March\u00e9s\"],\"inLanguage\":\"fr-FR\"},{\"@type\":\"WebPage\",\"@id\":\"https:\\\/\\\/batijournal.com\\\/index.php\\\/directive-travailleurs-detaches-trahison-de-lesprit-europeen\\\/96644\\\/\",\"url\":\"https:\\\/\\\/batijournal.com\\\/index.php\\\/directive-travailleurs-detaches-trahison-de-lesprit-europeen\\\/96644\\\/\",\"name\":\"\\\"La directive travailleurs d\u00e9tach\u00e9s est une trahison de l\u2019esprit europ\u00e9en\\\"\",\"isPartOf\":{\"@id\":\"https:\\\/\\\/batijournal.com\\\/#website\"},\"primaryImageOfPage\":{\"@id\":\"https:\\\/\\\/batijournal.com\\\/index.php\\\/directive-travailleurs-detaches-trahison-de-lesprit-europeen\\\/96644\\\/#primaryimage\"},\"image\":{\"@id\":\"https:\\\/\\\/batijournal.com\\\/index.php\\\/directive-travailleurs-detaches-trahison-de-lesprit-europeen\\\/96644\\\/#primaryimage\"},\"thumbnailUrl\":\"https:\\\/\\\/batijournal.com\\\/wp-content\\\/uploads\\\/2016\\\/05\\\/chantier-panneau.jpg\",\"datePublished\":\"2017-08-24T05:29:59+00:00\",\"dateModified\":\"2019-07-15T10:08:43+00:00\",\"author\":{\"@id\":\"https:\\\/\\\/batijournal.com\\\/#\\\/schema\\\/person\\\/1dc96ec6957aa1ccb25ebe78bb19f100\"},\"breadcrumb\":{\"@id\":\"https:\\\/\\\/batijournal.com\\\/index.php\\\/directive-travailleurs-detaches-trahison-de-lesprit-europeen\\\/96644\\\/#breadcrumb\"},\"inLanguage\":\"fr-FR\",\"potentialAction\":[{\"@type\":\"ReadAction\",\"target\":[\"https:\\\/\\\/batijournal.com\\\/index.php\\\/directive-travailleurs-detaches-trahison-de-lesprit-europeen\\\/96644\\\/\"]}]},{\"@type\":\"ImageObject\",\"inLanguage\":\"fr-FR\",\"@id\":\"https:\\\/\\\/batijournal.com\\\/index.php\\\/directive-travailleurs-detaches-trahison-de-lesprit-europeen\\\/96644\\\/#primaryimage\",\"url\":\"https:\\\/\\\/batijournal.com\\\/wp-content\\\/uploads\\\/2016\\\/05\\\/chantier-panneau.jpg\",\"contentUrl\":\"https:\\\/\\\/batijournal.com\\\/wp-content\\\/uploads\\\/2016\\\/05\\\/chantier-panneau.jpg\",\"width\":1000,\"height\":496},{\"@type\":\"BreadcrumbList\",\"@id\":\"https:\\\/\\\/batijournal.com\\\/index.php\\\/directive-travailleurs-detaches-trahison-de-lesprit-europeen\\\/96644\\\/#breadcrumb\",\"itemListElement\":[{\"@type\":\"ListItem\",\"position\":1,\"name\":\"Accueil\",\"item\":\"https:\\\/\\\/batijournal.com\\\/\"},{\"@type\":\"ListItem\",\"position\":2,\"name\":\"A la Une\",\"item\":\"https:\\\/\\\/batijournal.com\\\/index.php\\\/category\\\/a-la-une\\\/\"},{\"@type\":\"ListItem\",\"position\":3,\"name\":\"\u00ab\u00a0La directive travailleurs d\u00e9tach\u00e9s est une trahison de l\u2019esprit europ\u00e9en\u00a0\u00bb\"}]},{\"@type\":\"WebSite\",\"@id\":\"https:\\\/\\\/batijournal.com\\\/#website\",\"url\":\"https:\\\/\\\/batijournal.com\\\/\",\"name\":\"Batijournal\",\"description\":\"L&#039;actualit\u00e9 du b\u00e2timent\",\"potentialAction\":[{\"@type\":\"SearchAction\",\"target\":{\"@type\":\"EntryPoint\",\"urlTemplate\":\"https:\\\/\\\/batijournal.com\\\/?s={search_term_string}\"},\"query-input\":{\"@type\":\"PropertyValueSpecification\",\"valueRequired\":true,\"valueName\":\"search_term_string\"}}],\"inLanguage\":\"fr-FR\"},{\"@type\":\"Person\",\"@id\":\"https:\\\/\\\/batijournal.com\\\/#\\\/schema\\\/person\\\/1dc96ec6957aa1ccb25ebe78bb19f100\",\"name\":\"St\u00e9phane Miget\",\"image\":{\"@type\":\"ImageObject\",\"inLanguage\":\"fr-FR\",\"@id\":\"https:\\\/\\\/secure.gravatar.com\\\/avatar\\\/89915563d925342126b8ef0281b93d9d7fc337043e8df017f780908eb9644451?s=96&d=mm&r=g\",\"url\":\"https:\\\/\\\/secure.gravatar.com\\\/avatar\\\/89915563d925342126b8ef0281b93d9d7fc337043e8df017f780908eb9644451?s=96&d=mm&r=g\",\"contentUrl\":\"https:\\\/\\\/secure.gravatar.com\\\/avatar\\\/89915563d925342126b8ef0281b93d9d7fc337043e8df017f780908eb9644451?s=96&d=mm&r=g\",\"caption\":\"St\u00e9phane Miget\"},\"url\":\"https:\\\/\\\/batijournal.com\\\/index.php\\\/author\\\/stephane\\\/\"}]}<\/script>\n<!-- \/ Yoast SEO plugin. -->","yoast_head_json":{"title":"\"La directive travailleurs d\u00e9tach\u00e9s est une trahison de l\u2019esprit europ\u00e9en\"","robots":{"index":"index","follow":"follow","max-snippet":"max-snippet:-1","max-image-preview":"max-image-preview:large","max-video-preview":"max-video-preview:-1"},"canonical":"https:\/\/batijournal.com\/index.php\/directive-travailleurs-detaches-trahison-de-lesprit-europeen\/96644\/","og_locale":"fr_FR","og_type":"article","og_title":"\"La directive travailleurs d\u00e9tach\u00e9s est une trahison de l\u2019esprit europ\u00e9en\"","og_description":"Le Pr\u00e9sident de la R\u00e9publique, Emmanuel MACRON, a entam\u00e9 une tourn\u00e9e europ\u00e9enne, en R\u00e9publique d\u2019Autriche, en Roumanie et en R\u00e9publique de Bulgarie. Lors de ce d\u00e9placement, il a pr\u00e9vu d\u2019\u00e9voquer les enjeux \u00e9conomiques et sociaux et notamment la directive \u00ab\u00a0travailleurs d\u00e9tach\u00e9s\u00a0\u00bb. Selon lui : \u00ab\u00a0la directive telle qu\u2019elle fonctionne est une trahison de l\u2019esprit europ\u00e9en [&hellip;]","og_url":"https:\/\/batijournal.com\/index.php\/directive-travailleurs-detaches-trahison-de-lesprit-europeen\/96644\/","og_site_name":"Batijournal","article_published_time":"2017-08-24T05:29:59+00:00","article_modified_time":"2019-07-15T10:08:43+00:00","og_image":[{"width":1000,"height":496,"url":"https:\/\/batijournal.com\/wp-content\/uploads\/2016\/05\/chantier-panneau.jpg","type":"image\/jpeg"}],"author":"St\u00e9phane Miget","twitter_card":"summary_large_image","twitter_creator":"@bati_journal","twitter_site":"@bati_journal","twitter_misc":{"\u00c9crit par":"St\u00e9phane Miget","Dur\u00e9e de lecture estim\u00e9e":"1 minute"},"schema":{"@context":"https:\/\/schema.org","@graph":[{"@type":"Article","@id":"https:\/\/batijournal.com\/index.php\/directive-travailleurs-detaches-trahison-de-lesprit-europeen\/96644\/#article","isPartOf":{"@id":"https:\/\/batijournal.com\/index.php\/directive-travailleurs-detaches-trahison-de-lesprit-europeen\/96644\/"},"author":{"name":"St\u00e9phane Miget","@id":"https:\/\/batijournal.com\/#\/schema\/person\/1dc96ec6957aa1ccb25ebe78bb19f100"},"headline":"\u00ab\u00a0La directive travailleurs d\u00e9tach\u00e9s est une trahison de l\u2019esprit europ\u00e9en\u00a0\u00bb","datePublished":"2017-08-24T05:29:59+00:00","dateModified":"2019-07-15T10:08:43+00:00","mainEntityOfPage":{"@id":"https:\/\/batijournal.com\/index.php\/directive-travailleurs-detaches-trahison-de-lesprit-europeen\/96644\/"},"wordCount":299,"image":{"@id":"https:\/\/batijournal.com\/index.php\/directive-travailleurs-detaches-trahison-de-lesprit-europeen\/96644\/#primaryimage"},"thumbnailUrl":"https:\/\/batijournal.com\/wp-content\/uploads\/2016\/05\/chantier-panneau.jpg","keywords":["travailleurs d\u00e9tach\u00e9s"],"articleSection":["A la Une","Actualit\u00e9s","\u00c9conomie &amp; March\u00e9s"],"inLanguage":"fr-FR"},{"@type":"WebPage","@id":"https:\/\/batijournal.com\/index.php\/directive-travailleurs-detaches-trahison-de-lesprit-europeen\/96644\/","url":"https:\/\/batijournal.com\/index.php\/directive-travailleurs-detaches-trahison-de-lesprit-europeen\/96644\/","name":"\"La directive travailleurs d\u00e9tach\u00e9s est une trahison de l\u2019esprit europ\u00e9en\"","isPartOf":{"@id":"https:\/\/batijournal.com\/#website"},"primaryImageOfPage":{"@id":"https:\/\/batijournal.com\/index.php\/directive-travailleurs-detaches-trahison-de-lesprit-europeen\/96644\/#primaryimage"},"image":{"@id":"https:\/\/batijournal.com\/index.php\/directive-travailleurs-detaches-trahison-de-lesprit-europeen\/96644\/#primaryimage"},"thumbnailUrl":"https:\/\/batijournal.com\/wp-content\/uploads\/2016\/05\/chantier-panneau.jpg","datePublished":"2017-08-24T05:29:59+00:00","dateModified":"2019-07-15T10:08:43+00:00","author":{"@id":"https:\/\/batijournal.com\/#\/schema\/person\/1dc96ec6957aa1ccb25ebe78bb19f100"},"breadcrumb":{"@id":"https:\/\/batijournal.com\/index.php\/directive-travailleurs-detaches-trahison-de-lesprit-europeen\/96644\/#breadcrumb"},"inLanguage":"fr-FR","potentialAction":[{"@type":"ReadAction","target":["https:\/\/batijournal.com\/index.php\/directive-travailleurs-detaches-trahison-de-lesprit-europeen\/96644\/"]}]},{"@type":"ImageObject","inLanguage":"fr-FR","@id":"https:\/\/batijournal.com\/index.php\/directive-travailleurs-detaches-trahison-de-lesprit-europeen\/96644\/#primaryimage","url":"https:\/\/batijournal.com\/wp-content\/uploads\/2016\/05\/chantier-panneau.jpg","contentUrl":"https:\/\/batijournal.com\/wp-content\/uploads\/2016\/05\/chantier-panneau.jpg","width":1000,"height":496},{"@type":"BreadcrumbList","@id":"https:\/\/batijournal.com\/index.php\/directive-travailleurs-detaches-trahison-de-lesprit-europeen\/96644\/#breadcrumb","itemListElement":[{"@type":"ListItem","position":1,"name":"Accueil","item":"https:\/\/batijournal.com\/"},{"@type":"ListItem","position":2,"name":"A la Une","item":"https:\/\/batijournal.com\/index.php\/category\/a-la-une\/"},{"@type":"ListItem","position":3,"name":"\u00ab\u00a0La directive travailleurs d\u00e9tach\u00e9s est une trahison de l\u2019esprit europ\u00e9en\u00a0\u00bb"}]},{"@type":"WebSite","@id":"https:\/\/batijournal.com\/#website","url":"https:\/\/batijournal.com\/","name":"Batijournal","description":"L&#039;actualit\u00e9 du b\u00e2timent","potentialAction":[{"@type":"SearchAction","target":{"@type":"EntryPoint","urlTemplate":"https:\/\/batijournal.com\/?s={search_term_string}"},"query-input":{"@type":"PropertyValueSpecification","valueRequired":true,"valueName":"search_term_string"}}],"inLanguage":"fr-FR"},{"@type":"Person","@id":"https:\/\/batijournal.com\/#\/schema\/person\/1dc96ec6957aa1ccb25ebe78bb19f100","name":"St\u00e9phane Miget","image":{"@type":"ImageObject","inLanguage":"fr-FR","@id":"https:\/\/secure.gravatar.com\/avatar\/89915563d925342126b8ef0281b93d9d7fc337043e8df017f780908eb9644451?s=96&d=mm&r=g","url":"https:\/\/secure.gravatar.com\/avatar\/89915563d925342126b8ef0281b93d9d7fc337043e8df017f780908eb9644451?s=96&d=mm&r=g","contentUrl":"https:\/\/secure.gravatar.com\/avatar\/89915563d925342126b8ef0281b93d9d7fc337043e8df017f780908eb9644451?s=96&d=mm&r=g","caption":"St\u00e9phane Miget"},"url":"https:\/\/batijournal.com\/index.php\/author\/stephane\/"}]}},"_links":{"self":[{"href":"https:\/\/batijournal.com\/index.php\/wp-json\/wp\/v2\/posts\/96644","targetHints":{"allow":["GET"]}}],"collection":[{"href":"https:\/\/batijournal.com\/index.php\/wp-json\/wp\/v2\/posts"}],"about":[{"href":"https:\/\/batijournal.com\/index.php\/wp-json\/wp\/v2\/types\/post"}],"author":[{"embeddable":true,"href":"https:\/\/batijournal.com\/index.php\/wp-json\/wp\/v2\/users\/17"}],"replies":[{"embeddable":true,"href":"https:\/\/batijournal.com\/index.php\/wp-json\/wp\/v2\/comments?post=96644"}],"version-history":[{"count":0,"href":"https:\/\/batijournal.com\/index.php\/wp-json\/wp\/v2\/posts\/96644\/revisions"}],"wp:featuredmedia":[{"embeddable":true,"href":"https:\/\/batijournal.com\/index.php\/wp-json\/wp\/v2\/media\/92851"}],"wp:attachment":[{"href":"https:\/\/batijournal.com\/index.php\/wp-json\/wp\/v2\/media?parent=96644"}],"wp:term":[{"taxonomy":"category","embeddable":true,"href":"https:\/\/batijournal.com\/index.php\/wp-json\/wp\/v2\/categories?post=96644"},{"taxonomy":"post_tag","embeddable":true,"href":"https:\/\/batijournal.com\/index.php\/wp-json\/wp\/v2\/tags?post=96644"}],"curies":[{"name":"wp","href":"https:\/\/api.w.org\/{rel}","templated":true}]}}