{"id":96660,"date":"2017-08-29T15:56:07","date_gmt":"2017-08-29T13:56:07","guid":{"rendered":"http:\/\/batijournal.com\/?p=96660"},"modified":"2017-08-29T15:56:07","modified_gmt":"2017-08-29T13:56:07","slug":"facades-batiments-bois","status":"publish","type":"post","link":"https:\/\/batijournal.com\/index.php\/facades-batiments-bois\/96660\/","title":{"rendered":"Fa\u00e7ades des b\u00e2timents bois"},"content":{"rendered":"<p align=\"LEFT\"><span style=\"color: #000000\"><span style=\"font-family: Arial, sans-serif\"><span style=\"font-size: medium\">Les interprofessions Midi-Pyr\u00e9n\u00e9es Bois et Arfobois publient le guide technique \u00ab\u00a0Le rev\u00eatement ext\u00e9rieur des b\u00e2timents bois\u00a0\u00bb. L&rsquo;ouvrage de 80 pages aborde de fa\u00e7on pr\u00e9cise les diff\u00e9rents points tels que la durabilit\u00e9 des bois, les traitements, l\u2019aspect et le vieillissement du bois, la prise en compte des \u00e9l\u00e9ments ext\u00e9rieurs et la gestion de l\u2019eau. Les informations donn\u00e9es permettent d\u2019anticiper l\u2019\u00e9volution de la fa\u00e7ade bois dans le temps et d\u2019\u00e9viter les principaux pi\u00e8ges dans la conception du rev\u00eatement ext\u00e9rieur. Le guide propose \u00e9galement de nombreux exemples de b\u00e2timents bois rev\u00eatus d\u2019un autre mat\u00e9riau : cuivre, aluminium, pierre, toile&#8230; D<\/span><span style=\"font-size: medium\">estin\u00e9 aux professionnels, ma\u00eetres d\u2019ouvrage, architectes et entreprises, l&rsquo;ouvrage est disponible <\/span><span style=\"font-size: medium\">en t\u00e9l\u00e9chargement sur le site de Midi-Pyr\u00e9n\u00e9es Bois www.mpbois.net et Arfobois www.arfobois.com.\u00a0Il sera distribu\u00e9 lors des prochains \u00e9v\u00e9nements organis\u00e9s par la nouvelle interprofession d\u2019Occitanie sur ce th\u00e8me.<\/span><\/span><\/span><\/p>\n<p align=\"LEFT\"><a href=\"http:\/\/www.mpbois.net\/documents\/23\/3897guide9.pdf\">T\u00e9l\u00e9charger le guide<\/a><\/p>\n<p>&nbsp;<\/p>\n","protected":false},"excerpt":{"rendered":"<p>Les interprofessions Midi-Pyr\u00e9n\u00e9es Bois et Arfobois publient le guide technique \u00ab\u00a0Le rev\u00eatement ext\u00e9rieur des b\u00e2timents bois\u00a0\u00bb. L&rsquo;ouvrage de 80 pages aborde de fa\u00e7on pr\u00e9cise les diff\u00e9rents points tels que la durabilit\u00e9 des bois, les traitements, l\u2019aspect et le vieillissement du bois, la prise en compte des \u00e9l\u00e9ments ext\u00e9rieurs et la gestion de l\u2019eau. Les informations [&hellip;]<\/p>\n","protected":false},"author":17,"featured_media":96661,"comment_status":"closed","ping_status":"closed","sticky":false,"template":"","format":"standard","meta":{"_et_pb_use_builder":"","_et_pb_old_content":"","_et_gb_content_width":"","footnotes":""},"categories":[10530,10769,10764],"tags":[],"class_list":["post-96660","post","type-post","status-publish","format-standard","has-post-thumbnail","hentry","category-actualites","category-publications","category-woodsurfer"],"yoast_head":"<!-- This site is optimized with the Yoast SEO plugin v27.4 - https:\/\/yoast.com\/product\/yoast-seo-wordpress\/ -->\n<title>Fa\u00e7ades des b\u00e2timents bois<\/title>\n<meta name=\"robots\" content=\"index, follow, max-snippet:-1, max-image-preview:large, max-video-preview:-1\" \/>\n<link rel=\"canonical\" href=\"https:\/\/batijournal.com\/index.php\/facades-batiments-bois\/96660\/\" \/>\n<meta property=\"og:locale\" content=\"fr_FR\" \/>\n<meta property=\"og:type\" content=\"article\" \/>\n<meta property=\"og:title\" content=\"Fa\u00e7ades des b\u00e2timents bois\" \/>\n<meta property=\"og:description\" content=\"Les interprofessions Midi-Pyr\u00e9n\u00e9es Bois et Arfobois publient le guide technique \u00ab\u00a0Le rev\u00eatement ext\u00e9rieur des b\u00e2timents bois\u00a0\u00bb. L&rsquo;ouvrage de 80 pages aborde de fa\u00e7on pr\u00e9cise les diff\u00e9rents points tels que la durabilit\u00e9 des bois, les traitements, l\u2019aspect et le vieillissement du bois, la prise en compte des \u00e9l\u00e9ments ext\u00e9rieurs et la gestion de l\u2019eau. Les informations [&hellip;]\" \/>\n<meta property=\"og:url\" content=\"https:\/\/batijournal.com\/index.php\/facades-batiments-bois\/96660\/\" \/>\n<meta property=\"og:site_name\" content=\"Batijournal\" \/>\n<meta property=\"article:published_time\" content=\"2017-08-29T13:56:07+00:00\" \/>\n<meta property=\"og:image\" content=\"https:\/\/batijournal.com\/wp-content\/uploads\/2017\/08\/Couverture-guide-des-rev\u00eatements-ext-des-b\u00e2timents-bois.jpg\" \/>\n\t<meta property=\"og:image:width\" content=\"2480\" \/>\n\t<meta property=\"og:image:height\" content=\"2480\" \/>\n\t<meta property=\"og:image:type\" content=\"image\/jpeg\" \/>\n<meta name=\"author\" content=\"St\u00e9phane Miget\" \/>\n<meta name=\"twitter:card\" content=\"summary_large_image\" \/>\n<meta name=\"twitter:creator\" content=\"@bati_journal\" \/>\n<meta name=\"twitter:site\" content=\"@bati_journal\" \/>\n<meta name=\"twitter:label1\" content=\"\u00c9crit par\" \/>\n\t<meta name=\"twitter:data1\" content=\"St\u00e9phane Miget\" \/>\n\t<meta name=\"twitter:label2\" content=\"Dur\u00e9e de lecture estim\u00e9e\" \/>\n\t<meta name=\"twitter:data2\" content=\"1 minute\" \/>\n<script type=\"application\/ld+json\" class=\"yoast-schema-graph\">{\"@context\":\"https:\\\/\\\/schema.org\",\"@graph\":[{\"@type\":\"Article\",\"@id\":\"https:\\\/\\\/batijournal.com\\\/index.php\\\/facades-batiments-bois\\\/96660\\\/#article\",\"isPartOf\":{\"@id\":\"https:\\\/\\\/batijournal.com\\\/index.php\\\/facades-batiments-bois\\\/96660\\\/\"},\"author\":{\"name\":\"St\u00e9phane Miget\",\"@id\":\"https:\\\/\\\/batijournal.com\\\/#\\\/schema\\\/person\\\/1dc96ec6957aa1ccb25ebe78bb19f100\"},\"headline\":\"Fa\u00e7ades des b\u00e2timents bois\",\"datePublished\":\"2017-08-29T13:56:07+00:00\",\"mainEntityOfPage\":{\"@id\":\"https:\\\/\\\/batijournal.com\\\/index.php\\\/facades-batiments-bois\\\/96660\\\/\"},\"wordCount\":186,\"image\":{\"@id\":\"https:\\\/\\\/batijournal.com\\\/index.php\\\/facades-batiments-bois\\\/96660\\\/#primaryimage\"},\"thumbnailUrl\":\"https:\\\/\\\/batijournal.com\\\/wp-content\\\/uploads\\\/2017\\\/08\\\/Couverture-guide-des-rev\u00eatements-ext-des-b\u00e2timents-bois.jpg\",\"articleSection\":[\"Actualit\u00e9s\",\"zz_Actualit\u00e9s - Woodsurfer\",\"zz_Woodsurfer\"],\"inLanguage\":\"fr-FR\"},{\"@type\":\"WebPage\",\"@id\":\"https:\\\/\\\/batijournal.com\\\/index.php\\\/facades-batiments-bois\\\/96660\\\/\",\"url\":\"https:\\\/\\\/batijournal.com\\\/index.php\\\/facades-batiments-bois\\\/96660\\\/\",\"name\":\"Fa\u00e7ades des b\u00e2timents bois\",\"isPartOf\":{\"@id\":\"https:\\\/\\\/batijournal.com\\\/#website\"},\"primaryImageOfPage\":{\"@id\":\"https:\\\/\\\/batijournal.com\\\/index.php\\\/facades-batiments-bois\\\/96660\\\/#primaryimage\"},\"image\":{\"@id\":\"https:\\\/\\\/batijournal.com\\\/index.php\\\/facades-batiments-bois\\\/96660\\\/#primaryimage\"},\"thumbnailUrl\":\"https:\\\/\\\/batijournal.com\\\/wp-content\\\/uploads\\\/2017\\\/08\\\/Couverture-guide-des-rev\u00eatements-ext-des-b\u00e2timents-bois.jpg\",\"datePublished\":\"2017-08-29T13:56:07+00:00\",\"author\":{\"@id\":\"https:\\\/\\\/batijournal.com\\\/#\\\/schema\\\/person\\\/1dc96ec6957aa1ccb25ebe78bb19f100\"},\"breadcrumb\":{\"@id\":\"https:\\\/\\\/batijournal.com\\\/index.php\\\/facades-batiments-bois\\\/96660\\\/#breadcrumb\"},\"inLanguage\":\"fr-FR\",\"potentialAction\":[{\"@type\":\"ReadAction\",\"target\":[\"https:\\\/\\\/batijournal.com\\\/index.php\\\/facades-batiments-bois\\\/96660\\\/\"]}]},{\"@type\":\"ImageObject\",\"inLanguage\":\"fr-FR\",\"@id\":\"https:\\\/\\\/batijournal.com\\\/index.php\\\/facades-batiments-bois\\\/96660\\\/#primaryimage\",\"url\":\"https:\\\/\\\/batijournal.com\\\/wp-content\\\/uploads\\\/2017\\\/08\\\/Couverture-guide-des-rev\u00eatements-ext-des-b\u00e2timents-bois.jpg\",\"contentUrl\":\"https:\\\/\\\/batijournal.com\\\/wp-content\\\/uploads\\\/2017\\\/08\\\/Couverture-guide-des-rev\u00eatements-ext-des-b\u00e2timents-bois.jpg\",\"width\":2480,\"height\":2480},{\"@type\":\"BreadcrumbList\",\"@id\":\"https:\\\/\\\/batijournal.com\\\/index.php\\\/facades-batiments-bois\\\/96660\\\/#breadcrumb\",\"itemListElement\":[{\"@type\":\"ListItem\",\"position\":1,\"name\":\"Accueil\",\"item\":\"https:\\\/\\\/batijournal.com\\\/\"},{\"@type\":\"ListItem\",\"position\":2,\"name\":\"Actualit\u00e9s\",\"item\":\"https:\\\/\\\/batijournal.com\\\/index.php\\\/category\\\/actualites\\\/\"},{\"@type\":\"ListItem\",\"position\":3,\"name\":\"Fa\u00e7ades des b\u00e2timents bois\"}]},{\"@type\":\"WebSite\",\"@id\":\"https:\\\/\\\/batijournal.com\\\/#website\",\"url\":\"https:\\\/\\\/batijournal.com\\\/\",\"name\":\"Batijournal\",\"description\":\"L&#039;actualit\u00e9 du b\u00e2timent\",\"potentialAction\":[{\"@type\":\"SearchAction\",\"target\":{\"@type\":\"EntryPoint\",\"urlTemplate\":\"https:\\\/\\\/batijournal.com\\\/?s={search_term_string}\"},\"query-input\":{\"@type\":\"PropertyValueSpecification\",\"valueRequired\":true,\"valueName\":\"search_term_string\"}}],\"inLanguage\":\"fr-FR\"},{\"@type\":\"Person\",\"@id\":\"https:\\\/\\\/batijournal.com\\\/#\\\/schema\\\/person\\\/1dc96ec6957aa1ccb25ebe78bb19f100\",\"name\":\"St\u00e9phane Miget\",\"image\":{\"@type\":\"ImageObject\",\"inLanguage\":\"fr-FR\",\"@id\":\"https:\\\/\\\/secure.gravatar.com\\\/avatar\\\/89915563d925342126b8ef0281b93d9d7fc337043e8df017f780908eb9644451?s=96&d=mm&r=g\",\"url\":\"https:\\\/\\\/secure.gravatar.com\\\/avatar\\\/89915563d925342126b8ef0281b93d9d7fc337043e8df017f780908eb9644451?s=96&d=mm&r=g\",\"contentUrl\":\"https:\\\/\\\/secure.gravatar.com\\\/avatar\\\/89915563d925342126b8ef0281b93d9d7fc337043e8df017f780908eb9644451?s=96&d=mm&r=g\",\"caption\":\"St\u00e9phane Miget\"},\"url\":\"https:\\\/\\\/batijournal.com\\\/index.php\\\/author\\\/stephane\\\/\"}]}<\/script>\n<!-- \/ Yoast SEO plugin. -->","yoast_head_json":{"title":"Fa\u00e7ades des b\u00e2timents bois","robots":{"index":"index","follow":"follow","max-snippet":"max-snippet:-1","max-image-preview":"max-image-preview:large","max-video-preview":"max-video-preview:-1"},"canonical":"https:\/\/batijournal.com\/index.php\/facades-batiments-bois\/96660\/","og_locale":"fr_FR","og_type":"article","og_title":"Fa\u00e7ades des b\u00e2timents bois","og_description":"Les interprofessions Midi-Pyr\u00e9n\u00e9es Bois et Arfobois publient le guide technique \u00ab\u00a0Le rev\u00eatement ext\u00e9rieur des b\u00e2timents bois\u00a0\u00bb. L&rsquo;ouvrage de 80 pages aborde de fa\u00e7on pr\u00e9cise les diff\u00e9rents points tels que la durabilit\u00e9 des bois, les traitements, l\u2019aspect et le vieillissement du bois, la prise en compte des \u00e9l\u00e9ments ext\u00e9rieurs et la gestion de l\u2019eau. Les informations [&hellip;]","og_url":"https:\/\/batijournal.com\/index.php\/facades-batiments-bois\/96660\/","og_site_name":"Batijournal","article_published_time":"2017-08-29T13:56:07+00:00","og_image":[{"width":2480,"height":2480,"url":"https:\/\/batijournal.com\/wp-content\/uploads\/2017\/08\/Couverture-guide-des-rev\u00eatements-ext-des-b\u00e2timents-bois.jpg","type":"image\/jpeg"}],"author":"St\u00e9phane Miget","twitter_card":"summary_large_image","twitter_creator":"@bati_journal","twitter_site":"@bati_journal","twitter_misc":{"\u00c9crit par":"St\u00e9phane Miget","Dur\u00e9e de lecture estim\u00e9e":"1 minute"},"schema":{"@context":"https:\/\/schema.org","@graph":[{"@type":"Article","@id":"https:\/\/batijournal.com\/index.php\/facades-batiments-bois\/96660\/#article","isPartOf":{"@id":"https:\/\/batijournal.com\/index.php\/facades-batiments-bois\/96660\/"},"author":{"name":"St\u00e9phane Miget","@id":"https:\/\/batijournal.com\/#\/schema\/person\/1dc96ec6957aa1ccb25ebe78bb19f100"},"headline":"Fa\u00e7ades des b\u00e2timents bois","datePublished":"2017-08-29T13:56:07+00:00","mainEntityOfPage":{"@id":"https:\/\/batijournal.com\/index.php\/facades-batiments-bois\/96660\/"},"wordCount":186,"image":{"@id":"https:\/\/batijournal.com\/index.php\/facades-batiments-bois\/96660\/#primaryimage"},"thumbnailUrl":"https:\/\/batijournal.com\/wp-content\/uploads\/2017\/08\/Couverture-guide-des-rev\u00eatements-ext-des-b\u00e2timents-bois.jpg","articleSection":["Actualit\u00e9s","zz_Actualit\u00e9s - Woodsurfer","zz_Woodsurfer"],"inLanguage":"fr-FR"},{"@type":"WebPage","@id":"https:\/\/batijournal.com\/index.php\/facades-batiments-bois\/96660\/","url":"https:\/\/batijournal.com\/index.php\/facades-batiments-bois\/96660\/","name":"Fa\u00e7ades des b\u00e2timents bois","isPartOf":{"@id":"https:\/\/batijournal.com\/#website"},"primaryImageOfPage":{"@id":"https:\/\/batijournal.com\/index.php\/facades-batiments-bois\/96660\/#primaryimage"},"image":{"@id":"https:\/\/batijournal.com\/index.php\/facades-batiments-bois\/96660\/#primaryimage"},"thumbnailUrl":"https:\/\/batijournal.com\/wp-content\/uploads\/2017\/08\/Couverture-guide-des-rev\u00eatements-ext-des-b\u00e2timents-bois.jpg","datePublished":"2017-08-29T13:56:07+00:00","author":{"@id":"https:\/\/batijournal.com\/#\/schema\/person\/1dc96ec6957aa1ccb25ebe78bb19f100"},"breadcrumb":{"@id":"https:\/\/batijournal.com\/index.php\/facades-batiments-bois\/96660\/#breadcrumb"},"inLanguage":"fr-FR","potentialAction":[{"@type":"ReadAction","target":["https:\/\/batijournal.com\/index.php\/facades-batiments-bois\/96660\/"]}]},{"@type":"ImageObject","inLanguage":"fr-FR","@id":"https:\/\/batijournal.com\/index.php\/facades-batiments-bois\/96660\/#primaryimage","url":"https:\/\/batijournal.com\/wp-content\/uploads\/2017\/08\/Couverture-guide-des-rev\u00eatements-ext-des-b\u00e2timents-bois.jpg","contentUrl":"https:\/\/batijournal.com\/wp-content\/uploads\/2017\/08\/Couverture-guide-des-rev\u00eatements-ext-des-b\u00e2timents-bois.jpg","width":2480,"height":2480},{"@type":"BreadcrumbList","@id":"https:\/\/batijournal.com\/index.php\/facades-batiments-bois\/96660\/#breadcrumb","itemListElement":[{"@type":"ListItem","position":1,"name":"Accueil","item":"https:\/\/batijournal.com\/"},{"@type":"ListItem","position":2,"name":"Actualit\u00e9s","item":"https:\/\/batijournal.com\/index.php\/category\/actualites\/"},{"@type":"ListItem","position":3,"name":"Fa\u00e7ades des b\u00e2timents bois"}]},{"@type":"WebSite","@id":"https:\/\/batijournal.com\/#website","url":"https:\/\/batijournal.com\/","name":"Batijournal","description":"L&#039;actualit\u00e9 du b\u00e2timent","potentialAction":[{"@type":"SearchAction","target":{"@type":"EntryPoint","urlTemplate":"https:\/\/batijournal.com\/?s={search_term_string}"},"query-input":{"@type":"PropertyValueSpecification","valueRequired":true,"valueName":"search_term_string"}}],"inLanguage":"fr-FR"},{"@type":"Person","@id":"https:\/\/batijournal.com\/#\/schema\/person\/1dc96ec6957aa1ccb25ebe78bb19f100","name":"St\u00e9phane Miget","image":{"@type":"ImageObject","inLanguage":"fr-FR","@id":"https:\/\/secure.gravatar.com\/avatar\/89915563d925342126b8ef0281b93d9d7fc337043e8df017f780908eb9644451?s=96&d=mm&r=g","url":"https:\/\/secure.gravatar.com\/avatar\/89915563d925342126b8ef0281b93d9d7fc337043e8df017f780908eb9644451?s=96&d=mm&r=g","contentUrl":"https:\/\/secure.gravatar.com\/avatar\/89915563d925342126b8ef0281b93d9d7fc337043e8df017f780908eb9644451?s=96&d=mm&r=g","caption":"St\u00e9phane Miget"},"url":"https:\/\/batijournal.com\/index.php\/author\/stephane\/"}]}},"_links":{"self":[{"href":"https:\/\/batijournal.com\/index.php\/wp-json\/wp\/v2\/posts\/96660","targetHints":{"allow":["GET"]}}],"collection":[{"href":"https:\/\/batijournal.com\/index.php\/wp-json\/wp\/v2\/posts"}],"about":[{"href":"https:\/\/batijournal.com\/index.php\/wp-json\/wp\/v2\/types\/post"}],"author":[{"embeddable":true,"href":"https:\/\/batijournal.com\/index.php\/wp-json\/wp\/v2\/users\/17"}],"replies":[{"embeddable":true,"href":"https:\/\/batijournal.com\/index.php\/wp-json\/wp\/v2\/comments?post=96660"}],"version-history":[{"count":0,"href":"https:\/\/batijournal.com\/index.php\/wp-json\/wp\/v2\/posts\/96660\/revisions"}],"wp:featuredmedia":[{"embeddable":true,"href":"https:\/\/batijournal.com\/index.php\/wp-json\/wp\/v2\/media\/96661"}],"wp:attachment":[{"href":"https:\/\/batijournal.com\/index.php\/wp-json\/wp\/v2\/media?parent=96660"}],"wp:term":[{"taxonomy":"category","embeddable":true,"href":"https:\/\/batijournal.com\/index.php\/wp-json\/wp\/v2\/categories?post=96660"},{"taxonomy":"post_tag","embeddable":true,"href":"https:\/\/batijournal.com\/index.php\/wp-json\/wp\/v2\/tags?post=96660"}],"curies":[{"name":"wp","href":"https:\/\/api.w.org\/{rel}","templated":true}]}}