{"id":96716,"date":"2017-09-05T08:00:22","date_gmt":"2017-09-05T06:00:22","guid":{"rendered":"http:\/\/batijournal.com\/?p=96716"},"modified":"2019-07-15T12:22:00","modified_gmt":"2019-07-15T10:22:00","slug":"chiffres-du-photovoltaique","status":"publish","type":"post","link":"https:\/\/batijournal.com\/index.php\/chiffres-du-photovoltaique\/96716\/","title":{"rendered":"Chiffres du photovolta\u00efque"},"content":{"rendered":"<p>Au 30 juin 2017, la puissance raccord\u00e9e du parc solaire photovolta\u00efque atteint 7,4\u00a0GW. Au cours du premier semestre 2017, 8 558 nouvelles installations ont \u00e9t\u00e9 mises en service, d\u2019une capacit\u00e9 totale de 233 MW. Le rythme de raccordement est plus faible que l\u2019an dernier (343 MW mis en service au premier semestre 2016). En revanche, la puissance des projets en file d&rsquo;attente continue de progresser. Elle augmente de 8 % au cours du seul deuxi\u00e8me trimestre 2017.<br \/>\nLa production d&rsquo;\u00e9lectricit\u00e9 d&rsquo;origine solaire photovolta\u00efque s&rsquo;\u00e9l\u00e8ve \u00e0\u00a04,2\u00a0TWh au premier semestre\u00a02017, en hausse de\u00a010\u00a0% par rapport au premier semestre\u00a02016. Elle couvre 1,7\u00a0% de la consommation \u00e9lectrique fran\u00e7aise.<br \/>\nLes installations mises en service depuis le d\u00e9but d&rsquo;ann\u00e9e se concentrent dans la moiti\u00e9 sud de la France continentale, principalement dans les r\u00e9gions Occitanie, Nouvelle-Aquitaine et Provence-Alpes-C\u00f4tes d&rsquo;Azur.<\/p>\n<div id=\"sourceTable_sectionB_graphe1\" class=\"sourceTable\">Source : SDES d&rsquo;apr\u00e8s Enedis, RTE, EDF-SEI, CRE et les principales ELD<\/div>\n<div><\/div>\n","protected":false},"excerpt":{"rendered":"<p>Au 30 juin 2017, la puissance raccord\u00e9e du parc solaire photovolta\u00efque atteint 7,4\u00a0GW. Au cours du premier semestre 2017, 8 558 nouvelles installations ont \u00e9t\u00e9 mises en service, d\u2019une capacit\u00e9 totale de 233 MW. Le rythme de raccordement est plus faible que l\u2019an dernier (343 MW mis en service au premier semestre 2016). En revanche, [&hellip;]<\/p>\n","protected":false},"author":17,"featured_media":87010,"comment_status":"closed","ping_status":"closed","sticky":false,"template":"","format":"standard","meta":{"_et_pb_use_builder":"","_et_pb_old_content":"","_et_gb_content_width":"","footnotes":""},"categories":[10530,6351],"tags":[10733],"class_list":["post-96716","post","type-post","status-publish","format-standard","has-post-thumbnail","hentry","category-actualites","category-energie-environnement","tag-electricite-photovoltaique"],"yoast_head":"<!-- This site is optimized with the Yoast SEO plugin v27.4 - https:\/\/yoast.com\/product\/yoast-seo-wordpress\/ -->\n<title>Chiffres du photovolta\u00efque<\/title>\n<meta name=\"robots\" content=\"index, follow, max-snippet:-1, max-image-preview:large, max-video-preview:-1\" \/>\n<link rel=\"canonical\" href=\"https:\/\/batijournal.com\/index.php\/chiffres-du-photovoltaique\/96716\/\" \/>\n<meta property=\"og:locale\" content=\"fr_FR\" \/>\n<meta property=\"og:type\" content=\"article\" \/>\n<meta property=\"og:title\" content=\"Chiffres du photovolta\u00efque\" \/>\n<meta property=\"og:description\" content=\"Au 30 juin 2017, la puissance raccord\u00e9e du parc solaire photovolta\u00efque atteint 7,4\u00a0GW. Au cours du premier semestre 2017, 8 558 nouvelles installations ont \u00e9t\u00e9 mises en service, d\u2019une capacit\u00e9 totale de 233 MW. Le rythme de raccordement est plus faible que l\u2019an dernier (343 MW mis en service au premier semestre 2016). En revanche, [&hellip;]\" \/>\n<meta property=\"og:url\" content=\"https:\/\/batijournal.com\/index.php\/chiffres-du-photovoltaique\/96716\/\" \/>\n<meta property=\"og:site_name\" content=\"Batijournal\" \/>\n<meta property=\"article:published_time\" content=\"2017-09-05T06:00:22+00:00\" \/>\n<meta property=\"article:modified_time\" content=\"2019-07-15T10:22:00+00:00\" \/>\n<meta property=\"og:image\" content=\"https:\/\/batijournal.com\/wp-content\/uploads\/2015\/05\/98635406.jpg\" \/>\n\t<meta property=\"og:image:width\" content=\"600\" \/>\n\t<meta property=\"og:image:height\" content=\"316\" \/>\n\t<meta property=\"og:image:type\" content=\"image\/jpeg\" \/>\n<meta name=\"author\" content=\"St\u00e9phane Miget\" \/>\n<meta name=\"twitter:card\" content=\"summary_large_image\" \/>\n<meta name=\"twitter:creator\" content=\"@bati_journal\" \/>\n<meta name=\"twitter:site\" content=\"@bati_journal\" \/>\n<meta name=\"twitter:label1\" content=\"\u00c9crit par\" \/>\n\t<meta name=\"twitter:data1\" content=\"St\u00e9phane Miget\" \/>\n\t<meta name=\"twitter:label2\" content=\"Dur\u00e9e de lecture estim\u00e9e\" \/>\n\t<meta name=\"twitter:data2\" content=\"1 minute\" \/>\n<script type=\"application\/ld+json\" class=\"yoast-schema-graph\">{\"@context\":\"https:\\\/\\\/schema.org\",\"@graph\":[{\"@type\":\"Article\",\"@id\":\"https:\\\/\\\/batijournal.com\\\/index.php\\\/chiffres-du-photovoltaique\\\/96716\\\/#article\",\"isPartOf\":{\"@id\":\"https:\\\/\\\/batijournal.com\\\/index.php\\\/chiffres-du-photovoltaique\\\/96716\\\/\"},\"author\":{\"name\":\"St\u00e9phane Miget\",\"@id\":\"https:\\\/\\\/batijournal.com\\\/#\\\/schema\\\/person\\\/1dc96ec6957aa1ccb25ebe78bb19f100\"},\"headline\":\"Chiffres du photovolta\u00efque\",\"datePublished\":\"2017-09-05T06:00:22+00:00\",\"dateModified\":\"2019-07-15T10:22:00+00:00\",\"mainEntityOfPage\":{\"@id\":\"https:\\\/\\\/batijournal.com\\\/index.php\\\/chiffres-du-photovoltaique\\\/96716\\\/\"},\"wordCount\":155,\"image\":{\"@id\":\"https:\\\/\\\/batijournal.com\\\/index.php\\\/chiffres-du-photovoltaique\\\/96716\\\/#primaryimage\"},\"thumbnailUrl\":\"https:\\\/\\\/batijournal.com\\\/wp-content\\\/uploads\\\/2015\\\/05\\\/98635406.jpg\",\"keywords\":[\"\u00e9lectricit\u00e9 photovolta\u00efque\"],\"articleSection\":[\"Actualit\u00e9s\",\"\u00c9nergie &amp; Environnement\"],\"inLanguage\":\"fr-FR\"},{\"@type\":\"WebPage\",\"@id\":\"https:\\\/\\\/batijournal.com\\\/index.php\\\/chiffres-du-photovoltaique\\\/96716\\\/\",\"url\":\"https:\\\/\\\/batijournal.com\\\/index.php\\\/chiffres-du-photovoltaique\\\/96716\\\/\",\"name\":\"Chiffres du photovolta\u00efque\",\"isPartOf\":{\"@id\":\"https:\\\/\\\/batijournal.com\\\/#website\"},\"primaryImageOfPage\":{\"@id\":\"https:\\\/\\\/batijournal.com\\\/index.php\\\/chiffres-du-photovoltaique\\\/96716\\\/#primaryimage\"},\"image\":{\"@id\":\"https:\\\/\\\/batijournal.com\\\/index.php\\\/chiffres-du-photovoltaique\\\/96716\\\/#primaryimage\"},\"thumbnailUrl\":\"https:\\\/\\\/batijournal.com\\\/wp-content\\\/uploads\\\/2015\\\/05\\\/98635406.jpg\",\"datePublished\":\"2017-09-05T06:00:22+00:00\",\"dateModified\":\"2019-07-15T10:22:00+00:00\",\"author\":{\"@id\":\"https:\\\/\\\/batijournal.com\\\/#\\\/schema\\\/person\\\/1dc96ec6957aa1ccb25ebe78bb19f100\"},\"breadcrumb\":{\"@id\":\"https:\\\/\\\/batijournal.com\\\/index.php\\\/chiffres-du-photovoltaique\\\/96716\\\/#breadcrumb\"},\"inLanguage\":\"fr-FR\",\"potentialAction\":[{\"@type\":\"ReadAction\",\"target\":[\"https:\\\/\\\/batijournal.com\\\/index.php\\\/chiffres-du-photovoltaique\\\/96716\\\/\"]}]},{\"@type\":\"ImageObject\",\"inLanguage\":\"fr-FR\",\"@id\":\"https:\\\/\\\/batijournal.com\\\/index.php\\\/chiffres-du-photovoltaique\\\/96716\\\/#primaryimage\",\"url\":\"https:\\\/\\\/batijournal.com\\\/wp-content\\\/uploads\\\/2015\\\/05\\\/98635406.jpg\",\"contentUrl\":\"https:\\\/\\\/batijournal.com\\\/wp-content\\\/uploads\\\/2015\\\/05\\\/98635406.jpg\",\"width\":600,\"height\":316,\"caption\":\"photovolta\u00efque\"},{\"@type\":\"BreadcrumbList\",\"@id\":\"https:\\\/\\\/batijournal.com\\\/index.php\\\/chiffres-du-photovoltaique\\\/96716\\\/#breadcrumb\",\"itemListElement\":[{\"@type\":\"ListItem\",\"position\":1,\"name\":\"Accueil\",\"item\":\"https:\\\/\\\/batijournal.com\\\/\"},{\"@type\":\"ListItem\",\"position\":2,\"name\":\"Actualit\u00e9s\",\"item\":\"https:\\\/\\\/batijournal.com\\\/index.php\\\/category\\\/actualites\\\/\"},{\"@type\":\"ListItem\",\"position\":3,\"name\":\"Chiffres du photovolta\u00efque\"}]},{\"@type\":\"WebSite\",\"@id\":\"https:\\\/\\\/batijournal.com\\\/#website\",\"url\":\"https:\\\/\\\/batijournal.com\\\/\",\"name\":\"Batijournal\",\"description\":\"L&#039;actualit\u00e9 du b\u00e2timent\",\"potentialAction\":[{\"@type\":\"SearchAction\",\"target\":{\"@type\":\"EntryPoint\",\"urlTemplate\":\"https:\\\/\\\/batijournal.com\\\/?s={search_term_string}\"},\"query-input\":{\"@type\":\"PropertyValueSpecification\",\"valueRequired\":true,\"valueName\":\"search_term_string\"}}],\"inLanguage\":\"fr-FR\"},{\"@type\":\"Person\",\"@id\":\"https:\\\/\\\/batijournal.com\\\/#\\\/schema\\\/person\\\/1dc96ec6957aa1ccb25ebe78bb19f100\",\"name\":\"St\u00e9phane Miget\",\"image\":{\"@type\":\"ImageObject\",\"inLanguage\":\"fr-FR\",\"@id\":\"https:\\\/\\\/secure.gravatar.com\\\/avatar\\\/89915563d925342126b8ef0281b93d9d7fc337043e8df017f780908eb9644451?s=96&d=mm&r=g\",\"url\":\"https:\\\/\\\/secure.gravatar.com\\\/avatar\\\/89915563d925342126b8ef0281b93d9d7fc337043e8df017f780908eb9644451?s=96&d=mm&r=g\",\"contentUrl\":\"https:\\\/\\\/secure.gravatar.com\\\/avatar\\\/89915563d925342126b8ef0281b93d9d7fc337043e8df017f780908eb9644451?s=96&d=mm&r=g\",\"caption\":\"St\u00e9phane Miget\"},\"url\":\"https:\\\/\\\/batijournal.com\\\/index.php\\\/author\\\/stephane\\\/\"}]}<\/script>\n<!-- \/ Yoast SEO plugin. -->","yoast_head_json":{"title":"Chiffres du photovolta\u00efque","robots":{"index":"index","follow":"follow","max-snippet":"max-snippet:-1","max-image-preview":"max-image-preview:large","max-video-preview":"max-video-preview:-1"},"canonical":"https:\/\/batijournal.com\/index.php\/chiffres-du-photovoltaique\/96716\/","og_locale":"fr_FR","og_type":"article","og_title":"Chiffres du photovolta\u00efque","og_description":"Au 30 juin 2017, la puissance raccord\u00e9e du parc solaire photovolta\u00efque atteint 7,4\u00a0GW. Au cours du premier semestre 2017, 8 558 nouvelles installations ont \u00e9t\u00e9 mises en service, d\u2019une capacit\u00e9 totale de 233 MW. Le rythme de raccordement est plus faible que l\u2019an dernier (343 MW mis en service au premier semestre 2016). En revanche, [&hellip;]","og_url":"https:\/\/batijournal.com\/index.php\/chiffres-du-photovoltaique\/96716\/","og_site_name":"Batijournal","article_published_time":"2017-09-05T06:00:22+00:00","article_modified_time":"2019-07-15T10:22:00+00:00","og_image":[{"width":600,"height":316,"url":"https:\/\/batijournal.com\/wp-content\/uploads\/2015\/05\/98635406.jpg","type":"image\/jpeg"}],"author":"St\u00e9phane Miget","twitter_card":"summary_large_image","twitter_creator":"@bati_journal","twitter_site":"@bati_journal","twitter_misc":{"\u00c9crit par":"St\u00e9phane Miget","Dur\u00e9e de lecture estim\u00e9e":"1 minute"},"schema":{"@context":"https:\/\/schema.org","@graph":[{"@type":"Article","@id":"https:\/\/batijournal.com\/index.php\/chiffres-du-photovoltaique\/96716\/#article","isPartOf":{"@id":"https:\/\/batijournal.com\/index.php\/chiffres-du-photovoltaique\/96716\/"},"author":{"name":"St\u00e9phane Miget","@id":"https:\/\/batijournal.com\/#\/schema\/person\/1dc96ec6957aa1ccb25ebe78bb19f100"},"headline":"Chiffres du photovolta\u00efque","datePublished":"2017-09-05T06:00:22+00:00","dateModified":"2019-07-15T10:22:00+00:00","mainEntityOfPage":{"@id":"https:\/\/batijournal.com\/index.php\/chiffres-du-photovoltaique\/96716\/"},"wordCount":155,"image":{"@id":"https:\/\/batijournal.com\/index.php\/chiffres-du-photovoltaique\/96716\/#primaryimage"},"thumbnailUrl":"https:\/\/batijournal.com\/wp-content\/uploads\/2015\/05\/98635406.jpg","keywords":["\u00e9lectricit\u00e9 photovolta\u00efque"],"articleSection":["Actualit\u00e9s","\u00c9nergie &amp; Environnement"],"inLanguage":"fr-FR"},{"@type":"WebPage","@id":"https:\/\/batijournal.com\/index.php\/chiffres-du-photovoltaique\/96716\/","url":"https:\/\/batijournal.com\/index.php\/chiffres-du-photovoltaique\/96716\/","name":"Chiffres du photovolta\u00efque","isPartOf":{"@id":"https:\/\/batijournal.com\/#website"},"primaryImageOfPage":{"@id":"https:\/\/batijournal.com\/index.php\/chiffres-du-photovoltaique\/96716\/#primaryimage"},"image":{"@id":"https:\/\/batijournal.com\/index.php\/chiffres-du-photovoltaique\/96716\/#primaryimage"},"thumbnailUrl":"https:\/\/batijournal.com\/wp-content\/uploads\/2015\/05\/98635406.jpg","datePublished":"2017-09-05T06:00:22+00:00","dateModified":"2019-07-15T10:22:00+00:00","author":{"@id":"https:\/\/batijournal.com\/#\/schema\/person\/1dc96ec6957aa1ccb25ebe78bb19f100"},"breadcrumb":{"@id":"https:\/\/batijournal.com\/index.php\/chiffres-du-photovoltaique\/96716\/#breadcrumb"},"inLanguage":"fr-FR","potentialAction":[{"@type":"ReadAction","target":["https:\/\/batijournal.com\/index.php\/chiffres-du-photovoltaique\/96716\/"]}]},{"@type":"ImageObject","inLanguage":"fr-FR","@id":"https:\/\/batijournal.com\/index.php\/chiffres-du-photovoltaique\/96716\/#primaryimage","url":"https:\/\/batijournal.com\/wp-content\/uploads\/2015\/05\/98635406.jpg","contentUrl":"https:\/\/batijournal.com\/wp-content\/uploads\/2015\/05\/98635406.jpg","width":600,"height":316,"caption":"photovolta\u00efque"},{"@type":"BreadcrumbList","@id":"https:\/\/batijournal.com\/index.php\/chiffres-du-photovoltaique\/96716\/#breadcrumb","itemListElement":[{"@type":"ListItem","position":1,"name":"Accueil","item":"https:\/\/batijournal.com\/"},{"@type":"ListItem","position":2,"name":"Actualit\u00e9s","item":"https:\/\/batijournal.com\/index.php\/category\/actualites\/"},{"@type":"ListItem","position":3,"name":"Chiffres du photovolta\u00efque"}]},{"@type":"WebSite","@id":"https:\/\/batijournal.com\/#website","url":"https:\/\/batijournal.com\/","name":"Batijournal","description":"L&#039;actualit\u00e9 du b\u00e2timent","potentialAction":[{"@type":"SearchAction","target":{"@type":"EntryPoint","urlTemplate":"https:\/\/batijournal.com\/?s={search_term_string}"},"query-input":{"@type":"PropertyValueSpecification","valueRequired":true,"valueName":"search_term_string"}}],"inLanguage":"fr-FR"},{"@type":"Person","@id":"https:\/\/batijournal.com\/#\/schema\/person\/1dc96ec6957aa1ccb25ebe78bb19f100","name":"St\u00e9phane Miget","image":{"@type":"ImageObject","inLanguage":"fr-FR","@id":"https:\/\/secure.gravatar.com\/avatar\/89915563d925342126b8ef0281b93d9d7fc337043e8df017f780908eb9644451?s=96&d=mm&r=g","url":"https:\/\/secure.gravatar.com\/avatar\/89915563d925342126b8ef0281b93d9d7fc337043e8df017f780908eb9644451?s=96&d=mm&r=g","contentUrl":"https:\/\/secure.gravatar.com\/avatar\/89915563d925342126b8ef0281b93d9d7fc337043e8df017f780908eb9644451?s=96&d=mm&r=g","caption":"St\u00e9phane Miget"},"url":"https:\/\/batijournal.com\/index.php\/author\/stephane\/"}]}},"_links":{"self":[{"href":"https:\/\/batijournal.com\/index.php\/wp-json\/wp\/v2\/posts\/96716","targetHints":{"allow":["GET"]}}],"collection":[{"href":"https:\/\/batijournal.com\/index.php\/wp-json\/wp\/v2\/posts"}],"about":[{"href":"https:\/\/batijournal.com\/index.php\/wp-json\/wp\/v2\/types\/post"}],"author":[{"embeddable":true,"href":"https:\/\/batijournal.com\/index.php\/wp-json\/wp\/v2\/users\/17"}],"replies":[{"embeddable":true,"href":"https:\/\/batijournal.com\/index.php\/wp-json\/wp\/v2\/comments?post=96716"}],"version-history":[{"count":0,"href":"https:\/\/batijournal.com\/index.php\/wp-json\/wp\/v2\/posts\/96716\/revisions"}],"wp:featuredmedia":[{"embeddable":true,"href":"https:\/\/batijournal.com\/index.php\/wp-json\/wp\/v2\/media\/87010"}],"wp:attachment":[{"href":"https:\/\/batijournal.com\/index.php\/wp-json\/wp\/v2\/media?parent=96716"}],"wp:term":[{"taxonomy":"category","embeddable":true,"href":"https:\/\/batijournal.com\/index.php\/wp-json\/wp\/v2\/categories?post=96716"},{"taxonomy":"post_tag","embeddable":true,"href":"https:\/\/batijournal.com\/index.php\/wp-json\/wp\/v2\/tags?post=96716"}],"curies":[{"name":"wp","href":"https:\/\/api.w.org\/{rel}","templated":true}]}}